{"id":2905,"date":"2023-11-10T08:40:11","date_gmt":"2023-11-10T08:40:11","guid":{"rendered":"https:\/\/www.aridane.org\/city\/?p=2905"},"modified":"2023-11-10T08:40:11","modified_gmt":"2023-11-10T08:40:11","slug":"los-llanos-de-aridane-acoge-la-iii-liga-canaria-sin-limites-para-personas-con-discapacidad-intelectual-y-salud-mental","status":"publish","type":"post","link":"https:\/\/www.aridane.org\/city\/2023\/11\/10\/los-llanos-de-aridane-acoge-la-iii-liga-canaria-sin-limites-para-personas-con-discapacidad-intelectual-y-salud-mental\/","title":{"rendered":"Los Llanos de Aridane acoge la III Liga Canaria Sin L\u00edmites para personas con discapacidad intelectual y salud mental"},"content":{"rendered":"<p><i><span style=\"font-weight: 400;\">Se disputar\u00e1 este s\u00e1bado 11 de noviembre, y participar\u00e1n 200 deportistas de once clubes del archipi\u00e9lago<\/span><\/i><!--more--><\/p>\n<p><span style=\"font-weight: 400;\">El Ayuntamiento de Los Llanos de Aridane organiza la III Liga Canaria Sin L\u00edmites. Un evento de baloncesto destinado a personas con discapacidad intelectual y salud mental.<\/span><\/p>\n<p><span style=\"font-weight: 400;\">El primer teniente de alcalde y concejal de Deportes, V\u00edctor Gonz\u00e1lez, explica que \u201ces un proyecto con unos fines sociales muy importantes, y en el que una vez m\u00e1s los asistentes y participantes disfrutaremos de un d\u00eda muy bonito en el que el protagonista es el deporte. Al Ayuntamiento de Los Llanos de Aridane siempre lo van a encontrar con la mano tendida para trabajar por la igualdad y la inclusi\u00f3n\u00bb, a\u00f1ade.\u00a0<\/span><\/p>\n<p><span style=\"font-weight: 400;\">El alcalde, Javier Llamas, se\u00f1ala la relevancia de acoger este tipo de actos. \u201cPara el municipio es un honor ser la sede de estas competiciones, las cuales desempe\u00f1an una labor tan destacada en la vida social de los deportistas que participan en ellas\u201d, apunta, al tiempo que agrega que se trata de \u201cuna buena oportunidad para que vaya mucho p\u00fablico a animar y haga a\u00fan m\u00e1s inolvidable la experiencia\u00a0 para estas personas\u201d.\u00a0<\/span><\/p>\n<h2><b>Participan m\u00e1s de 200 deportistas<\/b><\/h2>\n<p><span style=\"font-weight: 400;\">El evento cuenta con la colaboraci\u00f3n de la Federaci\u00f3n Canaria de Baloncesto, del CB Aridane, y del Cabildo Insular de La Palma.\u00a0 Participar\u00e1n m\u00e1s de 200 deportistas de once clubes de distintas islas del archipi\u00e9lago.\u00a0<\/span><\/p>\n<p><span style=\"font-weight: 400;\">Por primera vez estar\u00e1n presentes dos conjuntos de la Isla, el Club de Baloncesto Aridane y el Club Baloncesto Isla Bonita. Los partidos se desarrollar\u00e1n en el Polideportivo Severo Rodr\u00edguez, en las canchas anexas al Camilo Le\u00f3n, y en dos pistas que se ubicar\u00e1n en la plaza Juan Pablo. Una vez se disputen los partidos, los participantes realizar\u00e1n unos tiros en las canchas ubicadas en la Plaza Juan Pablo II, y tras ello se proceder\u00e1 al ya tradicional pasacalles.\u00a0<\/span><\/p>\n<p><span style=\"font-weight: 400;\">Por \u00faltimo, desde el Ayuntamiento de Los Llanos de Aridane se invita a todos los vecinos del municipio y de la isla a disfrutar de este evento sin l\u00edmites.<\/span><\/p>\n<h2><b>Los clubes participantes<\/b><\/h2>\n<ul>\n<li style=\"font-weight: 400;\" aria-level=\"1\"><span style=\"font-weight: 400;\">CB Aridane\u00a0<\/span><\/li>\n<li style=\"font-weight: 400;\" aria-level=\"1\"><span style=\"font-weight: 400;\">CB Isla Bonita\u00a0<\/span><\/li>\n<li style=\"font-weight: 400;\" aria-level=\"1\"><span style=\"font-weight: 400;\">CB Magec Tias A<\/span><\/li>\n<li style=\"font-weight: 400;\" aria-level=\"1\"><span style=\"font-weight: 400;\">CB Magec Tias B<\/span><\/li>\n<li style=\"font-weight: 400;\" aria-level=\"1\"><span style=\"font-weight: 400;\">CB La Piruleta\u00a0<\/span><\/li>\n<li style=\"font-weight: 400;\" aria-level=\"1\"><span style=\"font-weight: 400;\">CB Tacoronte\u00a0<\/span><\/li>\n<li style=\"font-weight: 400;\" aria-level=\"1\"><span style=\"font-weight: 400;\">CB Adareva\u00a0<\/span><\/li>\n<li style=\"font-weight: 400;\" aria-level=\"1\"><span style=\"font-weight: 400;\">CB Saltamos Las Barreras<\/span><\/li>\n<li style=\"font-weight: 400;\" aria-level=\"1\"><span style=\"font-weight: 400;\">CB Clarinos\u00a0<\/span><\/li>\n<li style=\"font-weight: 400;\" aria-level=\"1\"><span style=\"font-weight: 400;\">CB Ravelo\u00a0<\/span><\/li>\n<li style=\"font-weight: 400;\" aria-level=\"1\"><span style=\"font-weight: 400;\">CB Proyecto Suma<\/span><\/li>\n<\/ul>\n","protected":false},"excerpt":{"rendered":"<p>Se disputar\u00e1 este s\u00e1bado 11 de noviembre, y participar\u00e1n 200 deportistas de once clubes del archipi\u00e9lago<\/p>\n","protected":false},"author":4,"featured_media":2906,"comment_status":"open","ping_status":"open","sticky":false,"template":"","format":"standard","meta":{"footnotes":""},"categories":[6],"tags":[],"class_list":["post-2905","post","type-post","status-publish","format-standard","has-post-thumbnail","hentry","category-prensa"],"yoast_head":"<!-- This site is optimized with the Yoast SEO plugin v22.7 - https:\/\/yoast.com\/wordpress\/plugins\/seo\/ -->\n<title>Los Llanos de Aridane acoge la III Liga Canaria Sin L\u00edmites para personas con discapacidad intelectual y salud mental - Ayuntamiento de Los Llanos de Aridane<\/title>\n<meta name=\"robots\" content=\"index, follow, max-snippet:-1, max-image-preview:large, max-video-preview:-1\" \/>\n<link rel=\"canonical\" href=\"https:\/\/www.aridane.org\/city\/2023\/11\/10\/los-llanos-de-aridane-acoge-la-iii-liga-canaria-sin-limites-para-personas-con-discapacidad-intelectual-y-salud-mental\/\" \/>\n<meta property=\"og:locale\" content=\"es_ES\" \/>\n<meta property=\"og:type\" content=\"article\" \/>\n<meta property=\"og:title\" content=\"Los Llanos de Aridane acoge la III Liga Canaria Sin L\u00edmites para personas con discapacidad intelectual y salud mental - Ayuntamiento de Los Llanos de Aridane\" \/>\n<meta property=\"og:description\" content=\"Se disputar\u00e1 este s\u00e1bado 11 de noviembre, y participar\u00e1n 200 deportistas de once clubes del archipi\u00e9lago\" \/>\n<meta property=\"og:url\" content=\"https:\/\/www.aridane.org\/city\/2023\/11\/10\/los-llanos-de-aridane-acoge-la-iii-liga-canaria-sin-limites-para-personas-con-discapacidad-intelectual-y-salud-mental\/\" \/>\n<meta property=\"og:site_name\" content=\"Ayuntamiento de Los Llanos de Aridane\" \/>\n<meta property=\"article:published_time\" content=\"2023-11-10T08:40:11+00:00\" \/>\n<meta property=\"og:image\" content=\"https:\/\/www.aridane.org\/city\/wp-content\/uploads\/2023\/11\/Liga-Canarias-Sin-Limites.jpeg\" \/>\n\t<meta property=\"og:image:width\" content=\"1024\" \/>\n\t<meta property=\"og:image:height\" content=\"683\" \/>\n\t<meta property=\"og:image:type\" content=\"image\/jpeg\" \/>\n<meta name=\"author\" content=\"Corresponsal\" \/>\n<meta name=\"twitter:card\" content=\"summary_large_image\" \/>\n<meta name=\"twitter:label1\" content=\"Escrito por\" \/>\n\t<meta name=\"twitter:data1\" content=\"Corresponsal\" \/>\n\t<meta name=\"twitter:label2\" content=\"Tiempo de lectura\" \/>\n\t<meta name=\"twitter:data2\" content=\"2 minutos\" \/>\n<script type=\"application\/ld+json\" class=\"yoast-schema-graph\">{\"@context\":\"https:\/\/schema.org\",\"@graph\":[{\"@type\":\"WebPage\",\"@id\":\"https:\/\/www.aridane.org\/city\/2023\/11\/10\/los-llanos-de-aridane-acoge-la-iii-liga-canaria-sin-limites-para-personas-con-discapacidad-intelectual-y-salud-mental\/\",\"url\":\"https:\/\/www.aridane.org\/city\/2023\/11\/10\/los-llanos-de-aridane-acoge-la-iii-liga-canaria-sin-limites-para-personas-con-discapacidad-intelectual-y-salud-mental\/\",\"name\":\"Los Llanos de Aridane acoge la III Liga Canaria Sin L\u00edmites para personas con discapacidad intelectual y salud mental - Ayuntamiento de Los Llanos de Aridane\",\"isPartOf\":{\"@id\":\"https:\/\/www.aridane.org\/city\/#website\"},\"primaryImageOfPage\":{\"@id\":\"https:\/\/www.aridane.org\/city\/2023\/11\/10\/los-llanos-de-aridane-acoge-la-iii-liga-canaria-sin-limites-para-personas-con-discapacidad-intelectual-y-salud-mental\/#primaryimage\"},\"image\":{\"@id\":\"https:\/\/www.aridane.org\/city\/2023\/11\/10\/los-llanos-de-aridane-acoge-la-iii-liga-canaria-sin-limites-para-personas-con-discapacidad-intelectual-y-salud-mental\/#primaryimage\"},\"thumbnailUrl\":\"https:\/\/www.aridane.org\/city\/wp-content\/uploads\/2023\/11\/Liga-Canarias-Sin-Limites.jpeg\",\"datePublished\":\"2023-11-10T08:40:11+00:00\",\"dateModified\":\"2023-11-10T08:40:11+00:00\",\"author\":{\"@id\":\"https:\/\/www.aridane.org\/city\/#\/schema\/person\/89ebd376b223dc94cc1dbcf200c8e6da\"},\"breadcrumb\":{\"@id\":\"https:\/\/www.aridane.org\/city\/2023\/11\/10\/los-llanos-de-aridane-acoge-la-iii-liga-canaria-sin-limites-para-personas-con-discapacidad-intelectual-y-salud-mental\/#breadcrumb\"},\"inLanguage\":\"es\",\"potentialAction\":[{\"@type\":\"ReadAction\",\"target\":[\"https:\/\/www.aridane.org\/city\/2023\/11\/10\/los-llanos-de-aridane-acoge-la-iii-liga-canaria-sin-limites-para-personas-con-discapacidad-intelectual-y-salud-mental\/\"]}]},{\"@type\":\"ImageObject\",\"inLanguage\":\"es\",\"@id\":\"https:\/\/www.aridane.org\/city\/2023\/11\/10\/los-llanos-de-aridane-acoge-la-iii-liga-canaria-sin-limites-para-personas-con-discapacidad-intelectual-y-salud-mental\/#primaryimage\",\"url\":\"https:\/\/www.aridane.org\/city\/wp-content\/uploads\/2023\/11\/Liga-Canarias-Sin-Limites.jpeg\",\"contentUrl\":\"https:\/\/www.aridane.org\/city\/wp-content\/uploads\/2023\/11\/Liga-Canarias-Sin-Limites.jpeg\",\"width\":1024,\"height\":683},{\"@type\":\"BreadcrumbList\",\"@id\":\"https:\/\/www.aridane.org\/city\/2023\/11\/10\/los-llanos-de-aridane-acoge-la-iii-liga-canaria-sin-limites-para-personas-con-discapacidad-intelectual-y-salud-mental\/#breadcrumb\",\"itemListElement\":[{\"@type\":\"ListItem\",\"position\":1,\"name\":\"Portada\",\"item\":\"https:\/\/www.aridane.org\/city\/\"},{\"@type\":\"ListItem\",\"position\":2,\"name\":\"Los Llanos de Aridane acoge la III Liga Canaria Sin L\u00edmites para personas con discapacidad intelectual y salud mental\"}]},{\"@type\":\"WebSite\",\"@id\":\"https:\/\/www.aridane.org\/city\/#website\",\"url\":\"https:\/\/www.aridane.org\/city\/\",\"name\":\"Ayuntamiento de Los Llanos de Aridane\",\"description\":\"\",\"potentialAction\":[{\"@type\":\"SearchAction\",\"target\":{\"@type\":\"EntryPoint\",\"urlTemplate\":\"https:\/\/www.aridane.org\/city\/?s={search_term_string}\"},\"query-input\":\"required name=search_term_string\"}],\"inLanguage\":\"es\"},{\"@type\":\"Person\",\"@id\":\"https:\/\/www.aridane.org\/city\/#\/schema\/person\/89ebd376b223dc94cc1dbcf200c8e6da\",\"name\":\"Corresponsal\",\"image\":{\"@type\":\"ImageObject\",\"inLanguage\":\"es\",\"@id\":\"https:\/\/www.aridane.org\/city\/#\/schema\/person\/image\/\",\"url\":\"https:\/\/secure.gravatar.com\/avatar\/1c476992411e4ccf153da63b2b2f5ea0bb4cb1c85f3ceab8512f04325ad5579c?s=96&d=mm&r=g\",\"contentUrl\":\"https:\/\/secure.gravatar.com\/avatar\/1c476992411e4ccf153da63b2b2f5ea0bb4cb1c85f3ceab8512f04325ad5579c?s=96&d=mm&r=g\",\"caption\":\"Corresponsal\"},\"url\":\"https:\/\/www.aridane.org\/city\/author\/corresponsal\/\"}]}<\/script>\n<!-- \/ Yoast SEO plugin. -->","yoast_head_json":{"title":"Los Llanos de Aridane acoge la III Liga Canaria Sin L\u00edmites para personas con discapacidad intelectual y salud mental - Ayuntamiento de Los Llanos de Aridane","robots":{"index":"index","follow":"follow","max-snippet":"max-snippet:-1","max-image-preview":"max-image-preview:large","max-video-preview":"max-video-preview:-1"},"canonical":"https:\/\/www.aridane.org\/city\/2023\/11\/10\/los-llanos-de-aridane-acoge-la-iii-liga-canaria-sin-limites-para-personas-con-discapacidad-intelectual-y-salud-mental\/","og_locale":"es_ES","og_type":"article","og_title":"Los Llanos de Aridane acoge la III Liga Canaria Sin L\u00edmites para personas con discapacidad intelectual y salud mental - Ayuntamiento de Los Llanos de Aridane","og_description":"Se disputar\u00e1 este s\u00e1bado 11 de noviembre, y participar\u00e1n 200 deportistas de once clubes del archipi\u00e9lago","og_url":"https:\/\/www.aridane.org\/city\/2023\/11\/10\/los-llanos-de-aridane-acoge-la-iii-liga-canaria-sin-limites-para-personas-con-discapacidad-intelectual-y-salud-mental\/","og_site_name":"Ayuntamiento de Los Llanos de Aridane","article_published_time":"2023-11-10T08:40:11+00:00","og_image":[{"width":1024,"height":683,"url":"https:\/\/www.aridane.org\/city\/wp-content\/uploads\/2023\/11\/Liga-Canarias-Sin-Limites.jpeg","type":"image\/jpeg"}],"author":"Corresponsal","twitter_card":"summary_large_image","twitter_misc":{"Escrito por":"Corresponsal","Tiempo de lectura":"2 minutos"},"schema":{"@context":"https:\/\/schema.org","@graph":[{"@type":"WebPage","@id":"https:\/\/www.aridane.org\/city\/2023\/11\/10\/los-llanos-de-aridane-acoge-la-iii-liga-canaria-sin-limites-para-personas-con-discapacidad-intelectual-y-salud-mental\/","url":"https:\/\/www.aridane.org\/city\/2023\/11\/10\/los-llanos-de-aridane-acoge-la-iii-liga-canaria-sin-limites-para-personas-con-discapacidad-intelectual-y-salud-mental\/","name":"Los Llanos de Aridane acoge la III Liga Canaria Sin L\u00edmites para personas con discapacidad intelectual y salud mental - Ayuntamiento de Los Llanos de Aridane","isPartOf":{"@id":"https:\/\/www.aridane.org\/city\/#website"},"primaryImageOfPage":{"@id":"https:\/\/www.aridane.org\/city\/2023\/11\/10\/los-llanos-de-aridane-acoge-la-iii-liga-canaria-sin-limites-para-personas-con-discapacidad-intelectual-y-salud-mental\/#primaryimage"},"image":{"@id":"https:\/\/www.aridane.org\/city\/2023\/11\/10\/los-llanos-de-aridane-acoge-la-iii-liga-canaria-sin-limites-para-personas-con-discapacidad-intelectual-y-salud-mental\/#primaryimage"},"thumbnailUrl":"https:\/\/www.aridane.org\/city\/wp-content\/uploads\/2023\/11\/Liga-Canarias-Sin-Limites.jpeg","datePublished":"2023-11-10T08:40:11+00:00","dateModified":"2023-11-10T08:40:11+00:00","author":{"@id":"https:\/\/www.aridane.org\/city\/#\/schema\/person\/89ebd376b223dc94cc1dbcf200c8e6da"},"breadcrumb":{"@id":"https:\/\/www.aridane.org\/city\/2023\/11\/10\/los-llanos-de-aridane-acoge-la-iii-liga-canaria-sin-limites-para-personas-con-discapacidad-intelectual-y-salud-mental\/#breadcrumb"},"inLanguage":"es","potentialAction":[{"@type":"ReadAction","target":["https:\/\/www.aridane.org\/city\/2023\/11\/10\/los-llanos-de-aridane-acoge-la-iii-liga-canaria-sin-limites-para-personas-con-discapacidad-intelectual-y-salud-mental\/"]}]},{"@type":"ImageObject","inLanguage":"es","@id":"https:\/\/www.aridane.org\/city\/2023\/11\/10\/los-llanos-de-aridane-acoge-la-iii-liga-canaria-sin-limites-para-personas-con-discapacidad-intelectual-y-salud-mental\/#primaryimage","url":"https:\/\/www.aridane.org\/city\/wp-content\/uploads\/2023\/11\/Liga-Canarias-Sin-Limites.jpeg","contentUrl":"https:\/\/www.aridane.org\/city\/wp-content\/uploads\/2023\/11\/Liga-Canarias-Sin-Limites.jpeg","width":1024,"height":683},{"@type":"BreadcrumbList","@id":"https:\/\/www.aridane.org\/city\/2023\/11\/10\/los-llanos-de-aridane-acoge-la-iii-liga-canaria-sin-limites-para-personas-con-discapacidad-intelectual-y-salud-mental\/#breadcrumb","itemListElement":[{"@type":"ListItem","position":1,"name":"Portada","item":"https:\/\/www.aridane.org\/city\/"},{"@type":"ListItem","position":2,"name":"Los Llanos de Aridane acoge la III Liga Canaria Sin L\u00edmites para personas con discapacidad intelectual y salud mental"}]},{"@type":"WebSite","@id":"https:\/\/www.aridane.org\/city\/#website","url":"https:\/\/www.aridane.org\/city\/","name":"Ayuntamiento de Los Llanos de Aridane","description":"","potentialAction":[{"@type":"SearchAction","target":{"@type":"EntryPoint","urlTemplate":"https:\/\/www.aridane.org\/city\/?s={search_term_string}"},"query-input":"required name=search_term_string"}],"inLanguage":"es"},{"@type":"Person","@id":"https:\/\/www.aridane.org\/city\/#\/schema\/person\/89ebd376b223dc94cc1dbcf200c8e6da","name":"Corresponsal","image":{"@type":"ImageObject","inLanguage":"es","@id":"https:\/\/www.aridane.org\/city\/#\/schema\/person\/image\/","url":"https:\/\/secure.gravatar.com\/avatar\/1c476992411e4ccf153da63b2b2f5ea0bb4cb1c85f3ceab8512f04325ad5579c?s=96&d=mm&r=g","contentUrl":"https:\/\/secure.gravatar.com\/avatar\/1c476992411e4ccf153da63b2b2f5ea0bb4cb1c85f3ceab8512f04325ad5579c?s=96&d=mm&r=g","caption":"Corresponsal"},"url":"https:\/\/www.aridane.org\/city\/author\/corresponsal\/"}]}},"_links":{"self":[{"href":"https:\/\/www.aridane.org\/city\/wp-json\/wp\/v2\/posts\/2905","targetHints":{"allow":["GET"]}}],"collection":[{"href":"https:\/\/www.aridane.org\/city\/wp-json\/wp\/v2\/posts"}],"about":[{"href":"https:\/\/www.aridane.org\/city\/wp-json\/wp\/v2\/types\/post"}],"author":[{"embeddable":true,"href":"https:\/\/www.aridane.org\/city\/wp-json\/wp\/v2\/users\/4"}],"replies":[{"embeddable":true,"href":"https:\/\/www.aridane.org\/city\/wp-json\/wp\/v2\/comments?post=2905"}],"version-history":[{"count":1,"href":"https:\/\/www.aridane.org\/city\/wp-json\/wp\/v2\/posts\/2905\/revisions"}],"predecessor-version":[{"id":2907,"href":"https:\/\/www.aridane.org\/city\/wp-json\/wp\/v2\/posts\/2905\/revisions\/2907"}],"wp:featuredmedia":[{"embeddable":true,"href":"https:\/\/www.aridane.org\/city\/wp-json\/wp\/v2\/media\/2906"}],"wp:attachment":[{"href":"https:\/\/www.aridane.org\/city\/wp-json\/wp\/v2\/media?parent=2905"}],"wp:term":[{"taxonomy":"category","embeddable":true,"href":"https:\/\/www.aridane.org\/city\/wp-json\/wp\/v2\/categories?post=2905"},{"taxonomy":"post_tag","embeddable":true,"href":"https:\/\/www.aridane.org\/city\/wp-json\/wp\/v2\/tags?post=2905"}],"curies":[{"name":"wp","href":"https:\/\/api.w.org\/{rel}","templated":true}]}}