{"id":2912,"date":"2023-11-10T12:29:37","date_gmt":"2023-11-10T12:29:37","guid":{"rendered":"https:\/\/www.aridane.org\/city\/?p=2912"},"modified":"2023-11-10T12:30:19","modified_gmt":"2023-11-10T12:30:19","slug":"los-llanos-de-aridane-invierte-mas-de-130-000-euros-en-adecuar-tres-caminos-rurales-del-municipio","status":"publish","type":"post","link":"https:\/\/www.aridane.org\/city\/2023\/11\/10\/los-llanos-de-aridane-invierte-mas-de-130-000-euros-en-adecuar-tres-caminos-rurales-del-municipio\/","title":{"rendered":"Los Llanos de Aridane invierte m\u00e1s de 130.000 euros en adecuar tres caminos rurales del municipio"},"content":{"rendered":"<p><i><span style=\"font-weight: 400;\">El proyecto se desarrollar\u00e1 con el apoyo de la subvenci\u00f3n otorgada por el Servicio P\u00fablico de Empleo Estatal<\/span><\/i><!--more--><\/p>\n<p><span style=\"font-weight: 400;\">El Ayuntamiento de Los Llanos de Aridane pone en marcha un proyecto de conservaci\u00f3n y adecuaci\u00f3n de caminos rurales con el apoyo de la subvenci\u00f3n del Servicio P\u00fablico de Empleo Estatal (SPEE). Las actuaciones se centrar\u00e1n concretamente en tres caminos rurales con una situaci\u00f3n especial de deterioro: El Camino Los Picachos, el Camino Los Dragos y el Camino Las Playas.\u00a0<\/span><\/p>\n<p><span style=\"font-weight: 400;\">En total, se destinar\u00e1n al proyecto 144.931,79 euros,\u00a0 divididos en 131.410,09 euros de la subvenci\u00f3n del Servicio P\u00fablico de Empleo Estatal, una aportaci\u00f3n de la entidad de 4.021,70 euros y una aportaci\u00f3n de la corporaci\u00f3n local a materiales de 9.500 euros.\u00a0<\/span><\/p>\n<p><span style=\"font-weight: 400;\">Las intervenciones se desarrollar\u00e1n en un plazo aproximado de tres meses con el objetivo de acondicionar los caminos, as\u00ed como de mejorar el acceso rodado, creando muros de contenci\u00f3n y otras instalaciones que mejoren la seguridad de los usuarios en estos tres caminos.<\/span><\/p>\n<p><span style=\"font-weight: 400;\">La concejala de Empleo, Ver\u00f3nica Gonz\u00e1lez, destaca que \u201cgracias a la puesta en marcha de este proyecto podremos dar trabajo a 21 personas, 16 de ellas peones agr\u00edcolas, dos oficiales de primera y tres peones del sector de la construcci\u00f3n\u201d. Recalca que estas actuaciones \u201cmejorar\u00e1n los caminos de nuestro municipio mientras se fomenta el empleo del mismo\u201d.\u00a0<\/span><\/p>\n<p><span style=\"font-weight: 400;\">Por su parte, el alcalde, Javier Llamas, destaca la coordinaci\u00f3n entre las diferentes administraciones para impulsar este proyecto, as\u00ed como entre las \u00e1reas de Comercio, Obras y Servicios Municipales. \u201cEntre todos impulsamos acciones para mantener limpio el municipio y damos oportunidades a los y las trabajadoras de Los Llanos de Aridane\u201d, apunta.<\/span><\/p>\n<h2><b>Cu\u00e1les son los trabajos previstos<\/b><\/h2>\n<p><span style=\"font-weight: 400;\">Los trabajos comenzaron el lunes, y est\u00e1 previsto que finalicen en febrero. Se realizar\u00e1n tareas de limpieza como barrer y recoger residuos y\/o hojas, arrancar especies invasoras que puedan dificultar el crecimiento de la vegetaci\u00f3n aut\u00f3ctona, retirar la basura acumulada en las papeleras y acondicionar las plantas situadas en las cunetas.<\/span><\/p>\n<p><span style=\"font-weight: 400;\">Adem\u00e1s, tambi\u00e9n se pretende llevar a cabo la realizaci\u00f3n de peque\u00f1as obras de mantenimiento, mediante arreglos de mobiliario y de elementos de se\u00f1alizaci\u00f3n, as\u00ed como reparaciones de bordillos y de peque\u00f1os muros de mamposter\u00eda de piedra. <\/span><\/p>\n","protected":false},"excerpt":{"rendered":"<p>El proyecto se desarrollar\u00e1 con el apoyo de la subvenci\u00f3n otorgada por el Servicio P\u00fablico de Empleo Estatal<\/p>\n","protected":false},"author":4,"featured_media":2659,"comment_status":"open","ping_status":"open","sticky":false,"template":"","format":"standard","meta":{"footnotes":""},"categories":[6],"tags":[],"class_list":["post-2912","post","type-post","status-publish","format-standard","has-post-thumbnail","hentry","category-prensa"],"yoast_head":"<!-- This site is optimized with the Yoast SEO plugin v22.7 - https:\/\/yoast.com\/wordpress\/plugins\/seo\/ -->\n<title>Los Llanos de Aridane invierte m\u00e1s de 130.000 euros en adecuar tres caminos rurales del municipio - Ayuntamiento de Los Llanos de Aridane<\/title>\n<meta name=\"robots\" content=\"index, follow, max-snippet:-1, max-image-preview:large, max-video-preview:-1\" \/>\n<link rel=\"canonical\" href=\"https:\/\/www.aridane.org\/city\/2023\/11\/10\/los-llanos-de-aridane-invierte-mas-de-130-000-euros-en-adecuar-tres-caminos-rurales-del-municipio\/\" \/>\n<meta property=\"og:locale\" content=\"es_ES\" \/>\n<meta property=\"og:type\" content=\"article\" \/>\n<meta property=\"og:title\" content=\"Los Llanos de Aridane invierte m\u00e1s de 130.000 euros en adecuar tres caminos rurales del municipio - Ayuntamiento de Los Llanos de Aridane\" \/>\n<meta property=\"og:description\" content=\"El proyecto se desarrollar\u00e1 con el apoyo de la subvenci\u00f3n otorgada por el Servicio P\u00fablico de Empleo Estatal\" \/>\n<meta property=\"og:url\" content=\"https:\/\/www.aridane.org\/city\/2023\/11\/10\/los-llanos-de-aridane-invierte-mas-de-130-000-euros-en-adecuar-tres-caminos-rurales-del-municipio\/\" \/>\n<meta property=\"og:site_name\" content=\"Ayuntamiento de Los Llanos de Aridane\" \/>\n<meta property=\"article:published_time\" content=\"2023-11-10T12:29:37+00:00\" \/>\n<meta property=\"article:modified_time\" content=\"2023-11-10T12:30:19+00:00\" \/>\n<meta property=\"og:image\" content=\"https:\/\/www.aridane.org\/city\/wp-content\/uploads\/2023\/07\/turismo_aridane_36.jpg\" \/>\n\t<meta property=\"og:image:width\" content=\"1000\" \/>\n\t<meta property=\"og:image:height\" content=\"667\" \/>\n\t<meta property=\"og:image:type\" content=\"image\/jpeg\" \/>\n<meta name=\"author\" content=\"Corresponsal\" \/>\n<meta name=\"twitter:card\" content=\"summary_large_image\" \/>\n<meta name=\"twitter:label1\" content=\"Escrito por\" \/>\n\t<meta name=\"twitter:data1\" content=\"Corresponsal\" \/>\n\t<meta name=\"twitter:label2\" content=\"Tiempo de lectura\" \/>\n\t<meta name=\"twitter:data2\" content=\"2 minutos\" \/>\n<script type=\"application\/ld+json\" class=\"yoast-schema-graph\">{\"@context\":\"https:\/\/schema.org\",\"@graph\":[{\"@type\":\"WebPage\",\"@id\":\"https:\/\/www.aridane.org\/city\/2023\/11\/10\/los-llanos-de-aridane-invierte-mas-de-130-000-euros-en-adecuar-tres-caminos-rurales-del-municipio\/\",\"url\":\"https:\/\/www.aridane.org\/city\/2023\/11\/10\/los-llanos-de-aridane-invierte-mas-de-130-000-euros-en-adecuar-tres-caminos-rurales-del-municipio\/\",\"name\":\"Los Llanos de Aridane invierte m\u00e1s de 130.000 euros en adecuar tres caminos rurales del municipio - Ayuntamiento de Los Llanos de Aridane\",\"isPartOf\":{\"@id\":\"https:\/\/www.aridane.org\/city\/#website\"},\"primaryImageOfPage\":{\"@id\":\"https:\/\/www.aridane.org\/city\/2023\/11\/10\/los-llanos-de-aridane-invierte-mas-de-130-000-euros-en-adecuar-tres-caminos-rurales-del-municipio\/#primaryimage\"},\"image\":{\"@id\":\"https:\/\/www.aridane.org\/city\/2023\/11\/10\/los-llanos-de-aridane-invierte-mas-de-130-000-euros-en-adecuar-tres-caminos-rurales-del-municipio\/#primaryimage\"},\"thumbnailUrl\":\"https:\/\/www.aridane.org\/city\/wp-content\/uploads\/2023\/07\/turismo_aridane_36.jpg\",\"datePublished\":\"2023-11-10T12:29:37+00:00\",\"dateModified\":\"2023-11-10T12:30:19+00:00\",\"author\":{\"@id\":\"https:\/\/www.aridane.org\/city\/#\/schema\/person\/89ebd376b223dc94cc1dbcf200c8e6da\"},\"breadcrumb\":{\"@id\":\"https:\/\/www.aridane.org\/city\/2023\/11\/10\/los-llanos-de-aridane-invierte-mas-de-130-000-euros-en-adecuar-tres-caminos-rurales-del-municipio\/#breadcrumb\"},\"inLanguage\":\"es\",\"potentialAction\":[{\"@type\":\"ReadAction\",\"target\":[\"https:\/\/www.aridane.org\/city\/2023\/11\/10\/los-llanos-de-aridane-invierte-mas-de-130-000-euros-en-adecuar-tres-caminos-rurales-del-municipio\/\"]}]},{\"@type\":\"ImageObject\",\"inLanguage\":\"es\",\"@id\":\"https:\/\/www.aridane.org\/city\/2023\/11\/10\/los-llanos-de-aridane-invierte-mas-de-130-000-euros-en-adecuar-tres-caminos-rurales-del-municipio\/#primaryimage\",\"url\":\"https:\/\/www.aridane.org\/city\/wp-content\/uploads\/2023\/07\/turismo_aridane_36.jpg\",\"contentUrl\":\"https:\/\/www.aridane.org\/city\/wp-content\/uploads\/2023\/07\/turismo_aridane_36.jpg\",\"width\":1000,\"height\":667},{\"@type\":\"BreadcrumbList\",\"@id\":\"https:\/\/www.aridane.org\/city\/2023\/11\/10\/los-llanos-de-aridane-invierte-mas-de-130-000-euros-en-adecuar-tres-caminos-rurales-del-municipio\/#breadcrumb\",\"itemListElement\":[{\"@type\":\"ListItem\",\"position\":1,\"name\":\"Portada\",\"item\":\"https:\/\/www.aridane.org\/city\/\"},{\"@type\":\"ListItem\",\"position\":2,\"name\":\"Los Llanos de Aridane invierte m\u00e1s de 130.000 euros en adecuar tres caminos rurales del municipio\"}]},{\"@type\":\"WebSite\",\"@id\":\"https:\/\/www.aridane.org\/city\/#website\",\"url\":\"https:\/\/www.aridane.org\/city\/\",\"name\":\"Ayuntamiento de Los Llanos de Aridane\",\"description\":\"\",\"potentialAction\":[{\"@type\":\"SearchAction\",\"target\":{\"@type\":\"EntryPoint\",\"urlTemplate\":\"https:\/\/www.aridane.org\/city\/?s={search_term_string}\"},\"query-input\":\"required name=search_term_string\"}],\"inLanguage\":\"es\"},{\"@type\":\"Person\",\"@id\":\"https:\/\/www.aridane.org\/city\/#\/schema\/person\/89ebd376b223dc94cc1dbcf200c8e6da\",\"name\":\"Corresponsal\",\"image\":{\"@type\":\"ImageObject\",\"inLanguage\":\"es\",\"@id\":\"https:\/\/www.aridane.org\/city\/#\/schema\/person\/image\/\",\"url\":\"https:\/\/secure.gravatar.com\/avatar\/1c476992411e4ccf153da63b2b2f5ea0bb4cb1c85f3ceab8512f04325ad5579c?s=96&d=mm&r=g\",\"contentUrl\":\"https:\/\/secure.gravatar.com\/avatar\/1c476992411e4ccf153da63b2b2f5ea0bb4cb1c85f3ceab8512f04325ad5579c?s=96&d=mm&r=g\",\"caption\":\"Corresponsal\"},\"url\":\"https:\/\/www.aridane.org\/city\/author\/corresponsal\/\"}]}<\/script>\n<!-- \/ Yoast SEO plugin. -->","yoast_head_json":{"title":"Los Llanos de Aridane invierte m\u00e1s de 130.000 euros en adecuar tres caminos rurales del municipio - Ayuntamiento de Los Llanos de Aridane","robots":{"index":"index","follow":"follow","max-snippet":"max-snippet:-1","max-image-preview":"max-image-preview:large","max-video-preview":"max-video-preview:-1"},"canonical":"https:\/\/www.aridane.org\/city\/2023\/11\/10\/los-llanos-de-aridane-invierte-mas-de-130-000-euros-en-adecuar-tres-caminos-rurales-del-municipio\/","og_locale":"es_ES","og_type":"article","og_title":"Los Llanos de Aridane invierte m\u00e1s de 130.000 euros en adecuar tres caminos rurales del municipio - Ayuntamiento de Los Llanos de Aridane","og_description":"El proyecto se desarrollar\u00e1 con el apoyo de la subvenci\u00f3n otorgada por el Servicio P\u00fablico de Empleo Estatal","og_url":"https:\/\/www.aridane.org\/city\/2023\/11\/10\/los-llanos-de-aridane-invierte-mas-de-130-000-euros-en-adecuar-tres-caminos-rurales-del-municipio\/","og_site_name":"Ayuntamiento de Los Llanos de Aridane","article_published_time":"2023-11-10T12:29:37+00:00","article_modified_time":"2023-11-10T12:30:19+00:00","og_image":[{"width":1000,"height":667,"url":"https:\/\/www.aridane.org\/city\/wp-content\/uploads\/2023\/07\/turismo_aridane_36.jpg","type":"image\/jpeg"}],"author":"Corresponsal","twitter_card":"summary_large_image","twitter_misc":{"Escrito por":"Corresponsal","Tiempo de lectura":"2 minutos"},"schema":{"@context":"https:\/\/schema.org","@graph":[{"@type":"WebPage","@id":"https:\/\/www.aridane.org\/city\/2023\/11\/10\/los-llanos-de-aridane-invierte-mas-de-130-000-euros-en-adecuar-tres-caminos-rurales-del-municipio\/","url":"https:\/\/www.aridane.org\/city\/2023\/11\/10\/los-llanos-de-aridane-invierte-mas-de-130-000-euros-en-adecuar-tres-caminos-rurales-del-municipio\/","name":"Los Llanos de Aridane invierte m\u00e1s de 130.000 euros en adecuar tres caminos rurales del municipio - Ayuntamiento de Los Llanos de Aridane","isPartOf":{"@id":"https:\/\/www.aridane.org\/city\/#website"},"primaryImageOfPage":{"@id":"https:\/\/www.aridane.org\/city\/2023\/11\/10\/los-llanos-de-aridane-invierte-mas-de-130-000-euros-en-adecuar-tres-caminos-rurales-del-municipio\/#primaryimage"},"image":{"@id":"https:\/\/www.aridane.org\/city\/2023\/11\/10\/los-llanos-de-aridane-invierte-mas-de-130-000-euros-en-adecuar-tres-caminos-rurales-del-municipio\/#primaryimage"},"thumbnailUrl":"https:\/\/www.aridane.org\/city\/wp-content\/uploads\/2023\/07\/turismo_aridane_36.jpg","datePublished":"2023-11-10T12:29:37+00:00","dateModified":"2023-11-10T12:30:19+00:00","author":{"@id":"https:\/\/www.aridane.org\/city\/#\/schema\/person\/89ebd376b223dc94cc1dbcf200c8e6da"},"breadcrumb":{"@id":"https:\/\/www.aridane.org\/city\/2023\/11\/10\/los-llanos-de-aridane-invierte-mas-de-130-000-euros-en-adecuar-tres-caminos-rurales-del-municipio\/#breadcrumb"},"inLanguage":"es","potentialAction":[{"@type":"ReadAction","target":["https:\/\/www.aridane.org\/city\/2023\/11\/10\/los-llanos-de-aridane-invierte-mas-de-130-000-euros-en-adecuar-tres-caminos-rurales-del-municipio\/"]}]},{"@type":"ImageObject","inLanguage":"es","@id":"https:\/\/www.aridane.org\/city\/2023\/11\/10\/los-llanos-de-aridane-invierte-mas-de-130-000-euros-en-adecuar-tres-caminos-rurales-del-municipio\/#primaryimage","url":"https:\/\/www.aridane.org\/city\/wp-content\/uploads\/2023\/07\/turismo_aridane_36.jpg","contentUrl":"https:\/\/www.aridane.org\/city\/wp-content\/uploads\/2023\/07\/turismo_aridane_36.jpg","width":1000,"height":667},{"@type":"BreadcrumbList","@id":"https:\/\/www.aridane.org\/city\/2023\/11\/10\/los-llanos-de-aridane-invierte-mas-de-130-000-euros-en-adecuar-tres-caminos-rurales-del-municipio\/#breadcrumb","itemListElement":[{"@type":"ListItem","position":1,"name":"Portada","item":"https:\/\/www.aridane.org\/city\/"},{"@type":"ListItem","position":2,"name":"Los Llanos de Aridane invierte m\u00e1s de 130.000 euros en adecuar tres caminos rurales del municipio"}]},{"@type":"WebSite","@id":"https:\/\/www.aridane.org\/city\/#website","url":"https:\/\/www.aridane.org\/city\/","name":"Ayuntamiento de Los Llanos de Aridane","description":"","potentialAction":[{"@type":"SearchAction","target":{"@type":"EntryPoint","urlTemplate":"https:\/\/www.aridane.org\/city\/?s={search_term_string}"},"query-input":"required name=search_term_string"}],"inLanguage":"es"},{"@type":"Person","@id":"https:\/\/www.aridane.org\/city\/#\/schema\/person\/89ebd376b223dc94cc1dbcf200c8e6da","name":"Corresponsal","image":{"@type":"ImageObject","inLanguage":"es","@id":"https:\/\/www.aridane.org\/city\/#\/schema\/person\/image\/","url":"https:\/\/secure.gravatar.com\/avatar\/1c476992411e4ccf153da63b2b2f5ea0bb4cb1c85f3ceab8512f04325ad5579c?s=96&d=mm&r=g","contentUrl":"https:\/\/secure.gravatar.com\/avatar\/1c476992411e4ccf153da63b2b2f5ea0bb4cb1c85f3ceab8512f04325ad5579c?s=96&d=mm&r=g","caption":"Corresponsal"},"url":"https:\/\/www.aridane.org\/city\/author\/corresponsal\/"}]}},"_links":{"self":[{"href":"https:\/\/www.aridane.org\/city\/wp-json\/wp\/v2\/posts\/2912","targetHints":{"allow":["GET"]}}],"collection":[{"href":"https:\/\/www.aridane.org\/city\/wp-json\/wp\/v2\/posts"}],"about":[{"href":"https:\/\/www.aridane.org\/city\/wp-json\/wp\/v2\/types\/post"}],"author":[{"embeddable":true,"href":"https:\/\/www.aridane.org\/city\/wp-json\/wp\/v2\/users\/4"}],"replies":[{"embeddable":true,"href":"https:\/\/www.aridane.org\/city\/wp-json\/wp\/v2\/comments?post=2912"}],"version-history":[{"count":1,"href":"https:\/\/www.aridane.org\/city\/wp-json\/wp\/v2\/posts\/2912\/revisions"}],"predecessor-version":[{"id":2914,"href":"https:\/\/www.aridane.org\/city\/wp-json\/wp\/v2\/posts\/2912\/revisions\/2914"}],"wp:featuredmedia":[{"embeddable":true,"href":"https:\/\/www.aridane.org\/city\/wp-json\/wp\/v2\/media\/2659"}],"wp:attachment":[{"href":"https:\/\/www.aridane.org\/city\/wp-json\/wp\/v2\/media?parent=2912"}],"wp:term":[{"taxonomy":"category","embeddable":true,"href":"https:\/\/www.aridane.org\/city\/wp-json\/wp\/v2\/categories?post=2912"},{"taxonomy":"post_tag","embeddable":true,"href":"https:\/\/www.aridane.org\/city\/wp-json\/wp\/v2\/tags?post=2912"}],"curies":[{"name":"wp","href":"https:\/\/api.w.org\/{rel}","templated":true}]}}