{"id":2915,"date":"2023-11-13T14:54:41","date_gmt":"2023-11-13T14:54:41","guid":{"rendered":"https:\/\/www.aridane.org\/city\/?p=2915"},"modified":"2023-11-13T14:54:41","modified_gmt":"2023-11-13T14:54:41","slug":"mas-de-medio-centenar-de-deportistas-participan-en-la-vii-tamanca-trail-by-club-bayana-que-acoge-los-llanos-de-aridane","status":"publish","type":"post","link":"https:\/\/www.aridane.org\/city\/2023\/11\/13\/mas-de-medio-centenar-de-deportistas-participan-en-la-vii-tamanca-trail-by-club-bayana-que-acoge-los-llanos-de-aridane\/","title":{"rendered":"M\u00e1s de medio centenar de deportistas participan en la VII Tamanca Trail by Club Bayana que acoge Los Llanos de Aridane"},"content":{"rendered":"<p>Esta nueva edici\u00f3n llega tras varios a\u00f1os de par\u00f3n y supone un revulsivo para el barrio de Las Manchas<!--more--><\/p>\n<p>El Ayuntamiento de Los Llanos de Aridane acoge la VII Tamanca Trail by Club Bayala. Se celebrar\u00e1 el pr\u00f3ximo domingo, 19 de noviembre, a partir de las 10:00 horas y contar\u00e1 con dos recorridos de distintas distancias. M\u00e1s de medio centenar de personas ya est\u00e1n inscritas.<\/p>\n<p>El primer teniente de alcalde y concejal de Deportes, V\u00edctor Gonz\u00e1lez, ratifica que \u201cedici\u00f3n tras edici\u00f3n la Tamanca Trail by Club Bayana se est\u00e1 convirtiendo en una cita ineludible para los amantes del trail\u201d. Sostiene que la VII edici\u00f3n ser\u00e1 \u201cuna vez m\u00e1s todo un \u00e9xito de participaci\u00f3n, que tambi\u00e9n dejar\u00e1 importantes victorias para el municipio\u201d, al tiempo que pone en valor el trabajo de la organizaci\u00f3n y las empresas e instituciones que apoyan la prueba.<\/p>\n<p>Gonz\u00e1lez tambi\u00e9n recuerda que Tamanca Trail regresa tras varios a\u00f1os de par\u00f3n por la pandemia y por el volc\u00e1n. \u201cNo s\u00f3lo es importante la recuperaci\u00f3n de este evento por lo que supone para el ocio y el deporte, sino que supone un empuj\u00f3n para la actividad en Las Manchas. Estamos seguros que ser\u00e1 un \u00e9xito y que nos dejar\u00e1 momentos para el recuerdo\u201d, apunta.<\/p>\n<p>En este sentido, el alcalde, Javier Llamas, pone en valor la apuesta de este grupo de gobierno por la celebraci\u00f3n de eventos deportivos y su impacto socioecon\u00f3mico. \u201cLos Llanos de Aridane es un municipio asociado al deporte y a los valores que transmite. Nuestros atletas y nuestras pruebas son aut\u00e9nticos embajadores de un municipio din\u00e1mico, alegre y que apuesta por el bienestar de la ciudadan\u00eda. Estos valores contagian a nuestros barrios, comercios y emprendedores\u201d, a\u00f1ade.<\/p>\n<h2>Dos recorridos de distintas distancias<\/h2>\n<p>El primer recorrido de Tamanca Trail ser\u00e1 de 10 kil\u00f3metros. Tiene un car\u00e1cter no competitivo. Contar\u00e1 con 400 metros desnivel positivo realizando una circular hasta meta, siendo su \u00fanico requisito la diversi\u00f3n y llegar a meta, donde lo menos importante es el tiempo.<\/p>\n<p>El segundo recorrido ser\u00e1 de 16 kil\u00f3metros, y constar\u00e1 de 1.146 metros desnivel positivo, subiendo por los m\u00edticos campanarios continuando la circular hasta meta tambi\u00e9n.<\/p>\n<p>En estos momentos ya se han inscrito m\u00e1s de medio centenar de participantes. Las personas interesadas pueden a\u00fan apuntarse mediante el <a href=\"https:\/\/inscripciones.islabonitatiming.com\/inscripcion\/tamanca-trail-2023\/inscripcion_descuento\/\">siguiente link<\/a>.<\/p>\n","protected":false},"excerpt":{"rendered":"<p>Esta nueva edici\u00f3n llega tras varios a\u00f1os de par\u00f3n y supone un revulsivo para el barrio de Las Manchas<\/p>\n","protected":false},"author":4,"featured_media":2916,"comment_status":"open","ping_status":"open","sticky":false,"template":"","format":"standard","meta":{"footnotes":""},"categories":[6],"tags":[],"class_list":["post-2915","post","type-post","status-publish","format-standard","has-post-thumbnail","hentry","category-prensa"],"yoast_head":"<!-- This site is optimized with the Yoast SEO plugin v22.7 - https:\/\/yoast.com\/wordpress\/plugins\/seo\/ -->\n<title>M\u00e1s de medio centenar de deportistas participan en la VII Tamanca Trail by Club Bayana que acoge Los Llanos de Aridane - Ayuntamiento de Los Llanos de Aridane<\/title>\n<meta name=\"robots\" content=\"index, follow, max-snippet:-1, max-image-preview:large, max-video-preview:-1\" \/>\n<link rel=\"canonical\" href=\"https:\/\/www.aridane.org\/city\/2023\/11\/13\/mas-de-medio-centenar-de-deportistas-participan-en-la-vii-tamanca-trail-by-club-bayana-que-acoge-los-llanos-de-aridane\/\" \/>\n<meta property=\"og:locale\" content=\"es_ES\" \/>\n<meta property=\"og:type\" content=\"article\" \/>\n<meta property=\"og:title\" content=\"M\u00e1s de medio centenar de deportistas participan en la VII Tamanca Trail by Club Bayana que acoge Los Llanos de Aridane - Ayuntamiento de Los Llanos de Aridane\" \/>\n<meta property=\"og:description\" content=\"Esta nueva edici\u00f3n llega tras varios a\u00f1os de par\u00f3n y supone un revulsivo para el barrio de Las Manchas\" \/>\n<meta property=\"og:url\" content=\"https:\/\/www.aridane.org\/city\/2023\/11\/13\/mas-de-medio-centenar-de-deportistas-participan-en-la-vii-tamanca-trail-by-club-bayana-que-acoge-los-llanos-de-aridane\/\" \/>\n<meta property=\"og:site_name\" content=\"Ayuntamiento de Los Llanos de Aridane\" \/>\n<meta property=\"article:published_time\" content=\"2023-11-13T14:54:41+00:00\" \/>\n<meta property=\"og:image\" content=\"https:\/\/www.aridane.org\/city\/wp-content\/uploads\/2023\/11\/Victor-Gonzalez.jpeg\" \/>\n\t<meta property=\"og:image:width\" content=\"1024\" \/>\n\t<meta property=\"og:image:height\" content=\"683\" \/>\n\t<meta property=\"og:image:type\" content=\"image\/jpeg\" \/>\n<meta name=\"author\" content=\"Corresponsal\" \/>\n<meta name=\"twitter:card\" content=\"summary_large_image\" \/>\n<meta name=\"twitter:label1\" content=\"Escrito por\" \/>\n\t<meta name=\"twitter:data1\" content=\"Corresponsal\" \/>\n\t<meta name=\"twitter:label2\" content=\"Tiempo de lectura\" \/>\n\t<meta name=\"twitter:data2\" content=\"2 minutos\" \/>\n<script type=\"application\/ld+json\" class=\"yoast-schema-graph\">{\"@context\":\"https:\/\/schema.org\",\"@graph\":[{\"@type\":\"WebPage\",\"@id\":\"https:\/\/www.aridane.org\/city\/2023\/11\/13\/mas-de-medio-centenar-de-deportistas-participan-en-la-vii-tamanca-trail-by-club-bayana-que-acoge-los-llanos-de-aridane\/\",\"url\":\"https:\/\/www.aridane.org\/city\/2023\/11\/13\/mas-de-medio-centenar-de-deportistas-participan-en-la-vii-tamanca-trail-by-club-bayana-que-acoge-los-llanos-de-aridane\/\",\"name\":\"M\u00e1s de medio centenar de deportistas participan en la VII Tamanca Trail by Club Bayana que acoge Los Llanos de Aridane - Ayuntamiento de Los Llanos de Aridane\",\"isPartOf\":{\"@id\":\"https:\/\/www.aridane.org\/city\/#website\"},\"primaryImageOfPage\":{\"@id\":\"https:\/\/www.aridane.org\/city\/2023\/11\/13\/mas-de-medio-centenar-de-deportistas-participan-en-la-vii-tamanca-trail-by-club-bayana-que-acoge-los-llanos-de-aridane\/#primaryimage\"},\"image\":{\"@id\":\"https:\/\/www.aridane.org\/city\/2023\/11\/13\/mas-de-medio-centenar-de-deportistas-participan-en-la-vii-tamanca-trail-by-club-bayana-que-acoge-los-llanos-de-aridane\/#primaryimage\"},\"thumbnailUrl\":\"https:\/\/www.aridane.org\/city\/wp-content\/uploads\/2023\/11\/Victor-Gonzalez.jpeg\",\"datePublished\":\"2023-11-13T14:54:41+00:00\",\"dateModified\":\"2023-11-13T14:54:41+00:00\",\"author\":{\"@id\":\"https:\/\/www.aridane.org\/city\/#\/schema\/person\/89ebd376b223dc94cc1dbcf200c8e6da\"},\"breadcrumb\":{\"@id\":\"https:\/\/www.aridane.org\/city\/2023\/11\/13\/mas-de-medio-centenar-de-deportistas-participan-en-la-vii-tamanca-trail-by-club-bayana-que-acoge-los-llanos-de-aridane\/#breadcrumb\"},\"inLanguage\":\"es\",\"potentialAction\":[{\"@type\":\"ReadAction\",\"target\":[\"https:\/\/www.aridane.org\/city\/2023\/11\/13\/mas-de-medio-centenar-de-deportistas-participan-en-la-vii-tamanca-trail-by-club-bayana-que-acoge-los-llanos-de-aridane\/\"]}]},{\"@type\":\"ImageObject\",\"inLanguage\":\"es\",\"@id\":\"https:\/\/www.aridane.org\/city\/2023\/11\/13\/mas-de-medio-centenar-de-deportistas-participan-en-la-vii-tamanca-trail-by-club-bayana-que-acoge-los-llanos-de-aridane\/#primaryimage\",\"url\":\"https:\/\/www.aridane.org\/city\/wp-content\/uploads\/2023\/11\/Victor-Gonzalez.jpeg\",\"contentUrl\":\"https:\/\/www.aridane.org\/city\/wp-content\/uploads\/2023\/11\/Victor-Gonzalez.jpeg\",\"width\":1024,\"height\":683},{\"@type\":\"BreadcrumbList\",\"@id\":\"https:\/\/www.aridane.org\/city\/2023\/11\/13\/mas-de-medio-centenar-de-deportistas-participan-en-la-vii-tamanca-trail-by-club-bayana-que-acoge-los-llanos-de-aridane\/#breadcrumb\",\"itemListElement\":[{\"@type\":\"ListItem\",\"position\":1,\"name\":\"Portada\",\"item\":\"https:\/\/www.aridane.org\/city\/\"},{\"@type\":\"ListItem\",\"position\":2,\"name\":\"M\u00e1s de medio centenar de deportistas participan en la VII Tamanca Trail by Club Bayana que acoge Los Llanos de Aridane\"}]},{\"@type\":\"WebSite\",\"@id\":\"https:\/\/www.aridane.org\/city\/#website\",\"url\":\"https:\/\/www.aridane.org\/city\/\",\"name\":\"Ayuntamiento de Los Llanos de Aridane\",\"description\":\"\",\"potentialAction\":[{\"@type\":\"SearchAction\",\"target\":{\"@type\":\"EntryPoint\",\"urlTemplate\":\"https:\/\/www.aridane.org\/city\/?s={search_term_string}\"},\"query-input\":\"required name=search_term_string\"}],\"inLanguage\":\"es\"},{\"@type\":\"Person\",\"@id\":\"https:\/\/www.aridane.org\/city\/#\/schema\/person\/89ebd376b223dc94cc1dbcf200c8e6da\",\"name\":\"Corresponsal\",\"image\":{\"@type\":\"ImageObject\",\"inLanguage\":\"es\",\"@id\":\"https:\/\/www.aridane.org\/city\/#\/schema\/person\/image\/\",\"url\":\"https:\/\/secure.gravatar.com\/avatar\/1c476992411e4ccf153da63b2b2f5ea0bb4cb1c85f3ceab8512f04325ad5579c?s=96&d=mm&r=g\",\"contentUrl\":\"https:\/\/secure.gravatar.com\/avatar\/1c476992411e4ccf153da63b2b2f5ea0bb4cb1c85f3ceab8512f04325ad5579c?s=96&d=mm&r=g\",\"caption\":\"Corresponsal\"},\"url\":\"https:\/\/www.aridane.org\/city\/author\/corresponsal\/\"}]}<\/script>\n<!-- \/ Yoast SEO plugin. -->","yoast_head_json":{"title":"M\u00e1s de medio centenar de deportistas participan en la VII Tamanca Trail by Club Bayana que acoge Los Llanos de Aridane - Ayuntamiento de Los Llanos de Aridane","robots":{"index":"index","follow":"follow","max-snippet":"max-snippet:-1","max-image-preview":"max-image-preview:large","max-video-preview":"max-video-preview:-1"},"canonical":"https:\/\/www.aridane.org\/city\/2023\/11\/13\/mas-de-medio-centenar-de-deportistas-participan-en-la-vii-tamanca-trail-by-club-bayana-que-acoge-los-llanos-de-aridane\/","og_locale":"es_ES","og_type":"article","og_title":"M\u00e1s de medio centenar de deportistas participan en la VII Tamanca Trail by Club Bayana que acoge Los Llanos de Aridane - Ayuntamiento de Los Llanos de Aridane","og_description":"Esta nueva edici\u00f3n llega tras varios a\u00f1os de par\u00f3n y supone un revulsivo para el barrio de Las Manchas","og_url":"https:\/\/www.aridane.org\/city\/2023\/11\/13\/mas-de-medio-centenar-de-deportistas-participan-en-la-vii-tamanca-trail-by-club-bayana-que-acoge-los-llanos-de-aridane\/","og_site_name":"Ayuntamiento de Los Llanos de Aridane","article_published_time":"2023-11-13T14:54:41+00:00","og_image":[{"width":1024,"height":683,"url":"https:\/\/www.aridane.org\/city\/wp-content\/uploads\/2023\/11\/Victor-Gonzalez.jpeg","type":"image\/jpeg"}],"author":"Corresponsal","twitter_card":"summary_large_image","twitter_misc":{"Escrito por":"Corresponsal","Tiempo de lectura":"2 minutos"},"schema":{"@context":"https:\/\/schema.org","@graph":[{"@type":"WebPage","@id":"https:\/\/www.aridane.org\/city\/2023\/11\/13\/mas-de-medio-centenar-de-deportistas-participan-en-la-vii-tamanca-trail-by-club-bayana-que-acoge-los-llanos-de-aridane\/","url":"https:\/\/www.aridane.org\/city\/2023\/11\/13\/mas-de-medio-centenar-de-deportistas-participan-en-la-vii-tamanca-trail-by-club-bayana-que-acoge-los-llanos-de-aridane\/","name":"M\u00e1s de medio centenar de deportistas participan en la VII Tamanca Trail by Club Bayana que acoge Los Llanos de Aridane - Ayuntamiento de Los Llanos de Aridane","isPartOf":{"@id":"https:\/\/www.aridane.org\/city\/#website"},"primaryImageOfPage":{"@id":"https:\/\/www.aridane.org\/city\/2023\/11\/13\/mas-de-medio-centenar-de-deportistas-participan-en-la-vii-tamanca-trail-by-club-bayana-que-acoge-los-llanos-de-aridane\/#primaryimage"},"image":{"@id":"https:\/\/www.aridane.org\/city\/2023\/11\/13\/mas-de-medio-centenar-de-deportistas-participan-en-la-vii-tamanca-trail-by-club-bayana-que-acoge-los-llanos-de-aridane\/#primaryimage"},"thumbnailUrl":"https:\/\/www.aridane.org\/city\/wp-content\/uploads\/2023\/11\/Victor-Gonzalez.jpeg","datePublished":"2023-11-13T14:54:41+00:00","dateModified":"2023-11-13T14:54:41+00:00","author":{"@id":"https:\/\/www.aridane.org\/city\/#\/schema\/person\/89ebd376b223dc94cc1dbcf200c8e6da"},"breadcrumb":{"@id":"https:\/\/www.aridane.org\/city\/2023\/11\/13\/mas-de-medio-centenar-de-deportistas-participan-en-la-vii-tamanca-trail-by-club-bayana-que-acoge-los-llanos-de-aridane\/#breadcrumb"},"inLanguage":"es","potentialAction":[{"@type":"ReadAction","target":["https:\/\/www.aridane.org\/city\/2023\/11\/13\/mas-de-medio-centenar-de-deportistas-participan-en-la-vii-tamanca-trail-by-club-bayana-que-acoge-los-llanos-de-aridane\/"]}]},{"@type":"ImageObject","inLanguage":"es","@id":"https:\/\/www.aridane.org\/city\/2023\/11\/13\/mas-de-medio-centenar-de-deportistas-participan-en-la-vii-tamanca-trail-by-club-bayana-que-acoge-los-llanos-de-aridane\/#primaryimage","url":"https:\/\/www.aridane.org\/city\/wp-content\/uploads\/2023\/11\/Victor-Gonzalez.jpeg","contentUrl":"https:\/\/www.aridane.org\/city\/wp-content\/uploads\/2023\/11\/Victor-Gonzalez.jpeg","width":1024,"height":683},{"@type":"BreadcrumbList","@id":"https:\/\/www.aridane.org\/city\/2023\/11\/13\/mas-de-medio-centenar-de-deportistas-participan-en-la-vii-tamanca-trail-by-club-bayana-que-acoge-los-llanos-de-aridane\/#breadcrumb","itemListElement":[{"@type":"ListItem","position":1,"name":"Portada","item":"https:\/\/www.aridane.org\/city\/"},{"@type":"ListItem","position":2,"name":"M\u00e1s de medio centenar de deportistas participan en la VII Tamanca Trail by Club Bayana que acoge Los Llanos de Aridane"}]},{"@type":"WebSite","@id":"https:\/\/www.aridane.org\/city\/#website","url":"https:\/\/www.aridane.org\/city\/","name":"Ayuntamiento de Los Llanos de Aridane","description":"","potentialAction":[{"@type":"SearchAction","target":{"@type":"EntryPoint","urlTemplate":"https:\/\/www.aridane.org\/city\/?s={search_term_string}"},"query-input":"required name=search_term_string"}],"inLanguage":"es"},{"@type":"Person","@id":"https:\/\/www.aridane.org\/city\/#\/schema\/person\/89ebd376b223dc94cc1dbcf200c8e6da","name":"Corresponsal","image":{"@type":"ImageObject","inLanguage":"es","@id":"https:\/\/www.aridane.org\/city\/#\/schema\/person\/image\/","url":"https:\/\/secure.gravatar.com\/avatar\/1c476992411e4ccf153da63b2b2f5ea0bb4cb1c85f3ceab8512f04325ad5579c?s=96&d=mm&r=g","contentUrl":"https:\/\/secure.gravatar.com\/avatar\/1c476992411e4ccf153da63b2b2f5ea0bb4cb1c85f3ceab8512f04325ad5579c?s=96&d=mm&r=g","caption":"Corresponsal"},"url":"https:\/\/www.aridane.org\/city\/author\/corresponsal\/"}]}},"_links":{"self":[{"href":"https:\/\/www.aridane.org\/city\/wp-json\/wp\/v2\/posts\/2915","targetHints":{"allow":["GET"]}}],"collection":[{"href":"https:\/\/www.aridane.org\/city\/wp-json\/wp\/v2\/posts"}],"about":[{"href":"https:\/\/www.aridane.org\/city\/wp-json\/wp\/v2\/types\/post"}],"author":[{"embeddable":true,"href":"https:\/\/www.aridane.org\/city\/wp-json\/wp\/v2\/users\/4"}],"replies":[{"embeddable":true,"href":"https:\/\/www.aridane.org\/city\/wp-json\/wp\/v2\/comments?post=2915"}],"version-history":[{"count":1,"href":"https:\/\/www.aridane.org\/city\/wp-json\/wp\/v2\/posts\/2915\/revisions"}],"predecessor-version":[{"id":2917,"href":"https:\/\/www.aridane.org\/city\/wp-json\/wp\/v2\/posts\/2915\/revisions\/2917"}],"wp:featuredmedia":[{"embeddable":true,"href":"https:\/\/www.aridane.org\/city\/wp-json\/wp\/v2\/media\/2916"}],"wp:attachment":[{"href":"https:\/\/www.aridane.org\/city\/wp-json\/wp\/v2\/media?parent=2915"}],"wp:term":[{"taxonomy":"category","embeddable":true,"href":"https:\/\/www.aridane.org\/city\/wp-json\/wp\/v2\/categories?post=2915"},{"taxonomy":"post_tag","embeddable":true,"href":"https:\/\/www.aridane.org\/city\/wp-json\/wp\/v2\/tags?post=2915"}],"curies":[{"name":"wp","href":"https:\/\/api.w.org\/{rel}","templated":true}]}}