{"id":2918,"date":"2023-11-13T16:06:32","date_gmt":"2023-11-13T16:06:32","guid":{"rendered":"https:\/\/www.aridane.org\/city\/?p=2918"},"modified":"2023-11-13T16:06:45","modified_gmt":"2023-11-13T16:06:45","slug":"los-llanos-de-aridane-suma-a-su-flota-nuevos-vehiculos-para-reforzar-la-ayuda-a-domicilio","status":"publish","type":"post","link":"https:\/\/www.aridane.org\/city\/2023\/11\/13\/los-llanos-de-aridane-suma-a-su-flota-nuevos-vehiculos-para-reforzar-la-ayuda-a-domicilio\/","title":{"rendered":"Los Llanos de Aridane suma a su flota nuevos veh\u00edculos para reforzar la ayuda a domicilio"},"content":{"rendered":"<p id=\"m_7514015772005185717h.30j0zll\"><em>Se\u00a0mejorar\u00e1 la atenci\u00f3n y\u00a0el servicio p\u00fablico social del municipio<\/em><!--more--><\/p>\n<p>El Ayuntamiento de Los Llanos de Aridane suma a la flota municipal nuevos veh\u00edculos para la ayuda a domicilio. Se trata de un renting contratado hasta final de a\u00f1o aprovechando un remanente de la Consejer\u00eda de Acci\u00f3n Social, con el objetivo de mejorar la atenci\u00f3n de las personas dependientes.<\/p>\n<p>La concejala de Acci\u00f3n Social, Idaira P\u00e9rez, asegura que \u201cpara el Ayuntamiento es una prioridad reforzar la ayuda a las personas dependientes y poner en valor los servicios de la ayuda a domicilio\u201d.<\/p>\n<p>P\u00e9rez\u00a0insiste en que la prioridad del grupo de gobierno es promover \u201cpol\u00edticas sociales destinadas a cuidar y a proteger a los m\u00e1s vulnerables por cuestiones de edad o de salud, proporcion\u00e1ndoles los mejores niveles de bienestar posible en sus propios domicilios\u201d.<\/p>\n<p>Por su parte, el alcalde, Javier Llamas, ratifica la apuesta del Ayuntamiento por atender y garantizar el bienestar de toda la ciudadan\u00eda. Especialmente de aquellas con problemas de dependencia.<\/p>\n<p>Para el a\u00f1o que viene, el Ayuntamiento impulsar\u00e1 un renting de veh\u00edculos para todo el a\u00f1o, para seguir brindando ayuda a domicilio.<\/p>\n<p>Por otro lado, es importante destacar los esfuerzos del Ayuntamiento a la hora de reforzar la atenci\u00f3n a personas dependientes, con el mayor contrato de prestaci\u00f3n de servicios, destinado a la atenci\u00f3n en domicilio de mayores dependientes. Adem\u00e1s,\u00a0la construcci\u00f3n de la residencia de mayores permitir\u00e1 devolver a Los Llanos de Aridane la capitalidad social de la isla de la mano con el Cabildo de La Palma.<\/p>\n<p>&nbsp;<\/p>\n<p>&nbsp;<\/p>\n<p>&nbsp;<\/p>\n","protected":false},"excerpt":{"rendered":"<p>Se\u00a0mejorar\u00e1 la atenci\u00f3n y\u00a0el servicio p\u00fablico social del municipio<\/p>\n","protected":false},"author":4,"featured_media":2919,"comment_status":"open","ping_status":"open","sticky":false,"template":"","format":"standard","meta":{"footnotes":""},"categories":[6],"tags":[],"class_list":["post-2918","post","type-post","status-publish","format-standard","has-post-thumbnail","hentry","category-prensa"],"yoast_head":"<!-- This site is optimized with the Yoast SEO plugin v22.7 - https:\/\/yoast.com\/wordpress\/plugins\/seo\/ -->\n<title>Los Llanos de Aridane suma a su flota nuevos veh\u00edculos para reforzar la ayuda a domicilio - Ayuntamiento de Los Llanos de Aridane<\/title>\n<meta name=\"robots\" content=\"index, follow, max-snippet:-1, max-image-preview:large, max-video-preview:-1\" \/>\n<link rel=\"canonical\" href=\"https:\/\/www.aridane.org\/city\/2023\/11\/13\/los-llanos-de-aridane-suma-a-su-flota-nuevos-vehiculos-para-reforzar-la-ayuda-a-domicilio\/\" \/>\n<meta property=\"og:locale\" content=\"es_ES\" \/>\n<meta property=\"og:type\" content=\"article\" \/>\n<meta property=\"og:title\" content=\"Los Llanos de Aridane suma a su flota nuevos veh\u00edculos para reforzar la ayuda a domicilio - Ayuntamiento de Los Llanos de Aridane\" \/>\n<meta property=\"og:description\" content=\"Se\u00a0mejorar\u00e1 la atenci\u00f3n y\u00a0el servicio p\u00fablico social del municipio\" \/>\n<meta property=\"og:url\" content=\"https:\/\/www.aridane.org\/city\/2023\/11\/13\/los-llanos-de-aridane-suma-a-su-flota-nuevos-vehiculos-para-reforzar-la-ayuda-a-domicilio\/\" \/>\n<meta property=\"og:site_name\" content=\"Ayuntamiento de Los Llanos de Aridane\" \/>\n<meta property=\"article:published_time\" content=\"2023-11-13T16:06:32+00:00\" \/>\n<meta property=\"article:modified_time\" content=\"2023-11-13T16:06:45+00:00\" \/>\n<meta property=\"og:image\" content=\"https:\/\/www.aridane.org\/city\/wp-content\/uploads\/2023\/11\/WhatsApp-Image-2023-11-13-at-12.16.42.jpeg\" \/>\n\t<meta property=\"og:image:width\" content=\"1290\" \/>\n\t<meta property=\"og:image:height\" content=\"1288\" \/>\n\t<meta property=\"og:image:type\" content=\"image\/jpeg\" \/>\n<meta name=\"author\" content=\"Corresponsal\" \/>\n<meta name=\"twitter:card\" content=\"summary_large_image\" \/>\n<meta name=\"twitter:label1\" content=\"Escrito por\" \/>\n\t<meta name=\"twitter:data1\" content=\"Corresponsal\" \/>\n\t<meta name=\"twitter:label2\" content=\"Tiempo de lectura\" \/>\n\t<meta name=\"twitter:data2\" content=\"2 minutos\" \/>\n<script type=\"application\/ld+json\" class=\"yoast-schema-graph\">{\"@context\":\"https:\/\/schema.org\",\"@graph\":[{\"@type\":\"WebPage\",\"@id\":\"https:\/\/www.aridane.org\/city\/2023\/11\/13\/los-llanos-de-aridane-suma-a-su-flota-nuevos-vehiculos-para-reforzar-la-ayuda-a-domicilio\/\",\"url\":\"https:\/\/www.aridane.org\/city\/2023\/11\/13\/los-llanos-de-aridane-suma-a-su-flota-nuevos-vehiculos-para-reforzar-la-ayuda-a-domicilio\/\",\"name\":\"Los Llanos de Aridane suma a su flota nuevos veh\u00edculos para reforzar la ayuda a domicilio - Ayuntamiento de Los Llanos de Aridane\",\"isPartOf\":{\"@id\":\"https:\/\/www.aridane.org\/city\/#website\"},\"primaryImageOfPage\":{\"@id\":\"https:\/\/www.aridane.org\/city\/2023\/11\/13\/los-llanos-de-aridane-suma-a-su-flota-nuevos-vehiculos-para-reforzar-la-ayuda-a-domicilio\/#primaryimage\"},\"image\":{\"@id\":\"https:\/\/www.aridane.org\/city\/2023\/11\/13\/los-llanos-de-aridane-suma-a-su-flota-nuevos-vehiculos-para-reforzar-la-ayuda-a-domicilio\/#primaryimage\"},\"thumbnailUrl\":\"https:\/\/www.aridane.org\/city\/wp-content\/uploads\/2023\/11\/WhatsApp-Image-2023-11-13-at-12.16.42.jpeg\",\"datePublished\":\"2023-11-13T16:06:32+00:00\",\"dateModified\":\"2023-11-13T16:06:45+00:00\",\"author\":{\"@id\":\"https:\/\/www.aridane.org\/city\/#\/schema\/person\/89ebd376b223dc94cc1dbcf200c8e6da\"},\"breadcrumb\":{\"@id\":\"https:\/\/www.aridane.org\/city\/2023\/11\/13\/los-llanos-de-aridane-suma-a-su-flota-nuevos-vehiculos-para-reforzar-la-ayuda-a-domicilio\/#breadcrumb\"},\"inLanguage\":\"es\",\"potentialAction\":[{\"@type\":\"ReadAction\",\"target\":[\"https:\/\/www.aridane.org\/city\/2023\/11\/13\/los-llanos-de-aridane-suma-a-su-flota-nuevos-vehiculos-para-reforzar-la-ayuda-a-domicilio\/\"]}]},{\"@type\":\"ImageObject\",\"inLanguage\":\"es\",\"@id\":\"https:\/\/www.aridane.org\/city\/2023\/11\/13\/los-llanos-de-aridane-suma-a-su-flota-nuevos-vehiculos-para-reforzar-la-ayuda-a-domicilio\/#primaryimage\",\"url\":\"https:\/\/www.aridane.org\/city\/wp-content\/uploads\/2023\/11\/WhatsApp-Image-2023-11-13-at-12.16.42.jpeg\",\"contentUrl\":\"https:\/\/www.aridane.org\/city\/wp-content\/uploads\/2023\/11\/WhatsApp-Image-2023-11-13-at-12.16.42.jpeg\",\"width\":1290,\"height\":1288},{\"@type\":\"BreadcrumbList\",\"@id\":\"https:\/\/www.aridane.org\/city\/2023\/11\/13\/los-llanos-de-aridane-suma-a-su-flota-nuevos-vehiculos-para-reforzar-la-ayuda-a-domicilio\/#breadcrumb\",\"itemListElement\":[{\"@type\":\"ListItem\",\"position\":1,\"name\":\"Portada\",\"item\":\"https:\/\/www.aridane.org\/city\/\"},{\"@type\":\"ListItem\",\"position\":2,\"name\":\"Los Llanos de Aridane suma a su flota nuevos veh\u00edculos para reforzar la ayuda a domicilio\"}]},{\"@type\":\"WebSite\",\"@id\":\"https:\/\/www.aridane.org\/city\/#website\",\"url\":\"https:\/\/www.aridane.org\/city\/\",\"name\":\"Ayuntamiento de Los Llanos de Aridane\",\"description\":\"\",\"potentialAction\":[{\"@type\":\"SearchAction\",\"target\":{\"@type\":\"EntryPoint\",\"urlTemplate\":\"https:\/\/www.aridane.org\/city\/?s={search_term_string}\"},\"query-input\":\"required name=search_term_string\"}],\"inLanguage\":\"es\"},{\"@type\":\"Person\",\"@id\":\"https:\/\/www.aridane.org\/city\/#\/schema\/person\/89ebd376b223dc94cc1dbcf200c8e6da\",\"name\":\"Corresponsal\",\"image\":{\"@type\":\"ImageObject\",\"inLanguage\":\"es\",\"@id\":\"https:\/\/www.aridane.org\/city\/#\/schema\/person\/image\/\",\"url\":\"https:\/\/secure.gravatar.com\/avatar\/1c476992411e4ccf153da63b2b2f5ea0bb4cb1c85f3ceab8512f04325ad5579c?s=96&d=mm&r=g\",\"contentUrl\":\"https:\/\/secure.gravatar.com\/avatar\/1c476992411e4ccf153da63b2b2f5ea0bb4cb1c85f3ceab8512f04325ad5579c?s=96&d=mm&r=g\",\"caption\":\"Corresponsal\"},\"url\":\"https:\/\/www.aridane.org\/city\/author\/corresponsal\/\"}]}<\/script>\n<!-- \/ Yoast SEO plugin. -->","yoast_head_json":{"title":"Los Llanos de Aridane suma a su flota nuevos veh\u00edculos para reforzar la ayuda a domicilio - Ayuntamiento de Los Llanos de Aridane","robots":{"index":"index","follow":"follow","max-snippet":"max-snippet:-1","max-image-preview":"max-image-preview:large","max-video-preview":"max-video-preview:-1"},"canonical":"https:\/\/www.aridane.org\/city\/2023\/11\/13\/los-llanos-de-aridane-suma-a-su-flota-nuevos-vehiculos-para-reforzar-la-ayuda-a-domicilio\/","og_locale":"es_ES","og_type":"article","og_title":"Los Llanos de Aridane suma a su flota nuevos veh\u00edculos para reforzar la ayuda a domicilio - Ayuntamiento de Los Llanos de Aridane","og_description":"Se\u00a0mejorar\u00e1 la atenci\u00f3n y\u00a0el servicio p\u00fablico social del municipio","og_url":"https:\/\/www.aridane.org\/city\/2023\/11\/13\/los-llanos-de-aridane-suma-a-su-flota-nuevos-vehiculos-para-reforzar-la-ayuda-a-domicilio\/","og_site_name":"Ayuntamiento de Los Llanos de Aridane","article_published_time":"2023-11-13T16:06:32+00:00","article_modified_time":"2023-11-13T16:06:45+00:00","og_image":[{"width":1290,"height":1288,"url":"https:\/\/www.aridane.org\/city\/wp-content\/uploads\/2023\/11\/WhatsApp-Image-2023-11-13-at-12.16.42.jpeg","type":"image\/jpeg"}],"author":"Corresponsal","twitter_card":"summary_large_image","twitter_misc":{"Escrito por":"Corresponsal","Tiempo de lectura":"2 minutos"},"schema":{"@context":"https:\/\/schema.org","@graph":[{"@type":"WebPage","@id":"https:\/\/www.aridane.org\/city\/2023\/11\/13\/los-llanos-de-aridane-suma-a-su-flota-nuevos-vehiculos-para-reforzar-la-ayuda-a-domicilio\/","url":"https:\/\/www.aridane.org\/city\/2023\/11\/13\/los-llanos-de-aridane-suma-a-su-flota-nuevos-vehiculos-para-reforzar-la-ayuda-a-domicilio\/","name":"Los Llanos de Aridane suma a su flota nuevos veh\u00edculos para reforzar la ayuda a domicilio - Ayuntamiento de Los Llanos de Aridane","isPartOf":{"@id":"https:\/\/www.aridane.org\/city\/#website"},"primaryImageOfPage":{"@id":"https:\/\/www.aridane.org\/city\/2023\/11\/13\/los-llanos-de-aridane-suma-a-su-flota-nuevos-vehiculos-para-reforzar-la-ayuda-a-domicilio\/#primaryimage"},"image":{"@id":"https:\/\/www.aridane.org\/city\/2023\/11\/13\/los-llanos-de-aridane-suma-a-su-flota-nuevos-vehiculos-para-reforzar-la-ayuda-a-domicilio\/#primaryimage"},"thumbnailUrl":"https:\/\/www.aridane.org\/city\/wp-content\/uploads\/2023\/11\/WhatsApp-Image-2023-11-13-at-12.16.42.jpeg","datePublished":"2023-11-13T16:06:32+00:00","dateModified":"2023-11-13T16:06:45+00:00","author":{"@id":"https:\/\/www.aridane.org\/city\/#\/schema\/person\/89ebd376b223dc94cc1dbcf200c8e6da"},"breadcrumb":{"@id":"https:\/\/www.aridane.org\/city\/2023\/11\/13\/los-llanos-de-aridane-suma-a-su-flota-nuevos-vehiculos-para-reforzar-la-ayuda-a-domicilio\/#breadcrumb"},"inLanguage":"es","potentialAction":[{"@type":"ReadAction","target":["https:\/\/www.aridane.org\/city\/2023\/11\/13\/los-llanos-de-aridane-suma-a-su-flota-nuevos-vehiculos-para-reforzar-la-ayuda-a-domicilio\/"]}]},{"@type":"ImageObject","inLanguage":"es","@id":"https:\/\/www.aridane.org\/city\/2023\/11\/13\/los-llanos-de-aridane-suma-a-su-flota-nuevos-vehiculos-para-reforzar-la-ayuda-a-domicilio\/#primaryimage","url":"https:\/\/www.aridane.org\/city\/wp-content\/uploads\/2023\/11\/WhatsApp-Image-2023-11-13-at-12.16.42.jpeg","contentUrl":"https:\/\/www.aridane.org\/city\/wp-content\/uploads\/2023\/11\/WhatsApp-Image-2023-11-13-at-12.16.42.jpeg","width":1290,"height":1288},{"@type":"BreadcrumbList","@id":"https:\/\/www.aridane.org\/city\/2023\/11\/13\/los-llanos-de-aridane-suma-a-su-flota-nuevos-vehiculos-para-reforzar-la-ayuda-a-domicilio\/#breadcrumb","itemListElement":[{"@type":"ListItem","position":1,"name":"Portada","item":"https:\/\/www.aridane.org\/city\/"},{"@type":"ListItem","position":2,"name":"Los Llanos de Aridane suma a su flota nuevos veh\u00edculos para reforzar la ayuda a domicilio"}]},{"@type":"WebSite","@id":"https:\/\/www.aridane.org\/city\/#website","url":"https:\/\/www.aridane.org\/city\/","name":"Ayuntamiento de Los Llanos de Aridane","description":"","potentialAction":[{"@type":"SearchAction","target":{"@type":"EntryPoint","urlTemplate":"https:\/\/www.aridane.org\/city\/?s={search_term_string}"},"query-input":"required name=search_term_string"}],"inLanguage":"es"},{"@type":"Person","@id":"https:\/\/www.aridane.org\/city\/#\/schema\/person\/89ebd376b223dc94cc1dbcf200c8e6da","name":"Corresponsal","image":{"@type":"ImageObject","inLanguage":"es","@id":"https:\/\/www.aridane.org\/city\/#\/schema\/person\/image\/","url":"https:\/\/secure.gravatar.com\/avatar\/1c476992411e4ccf153da63b2b2f5ea0bb4cb1c85f3ceab8512f04325ad5579c?s=96&d=mm&r=g","contentUrl":"https:\/\/secure.gravatar.com\/avatar\/1c476992411e4ccf153da63b2b2f5ea0bb4cb1c85f3ceab8512f04325ad5579c?s=96&d=mm&r=g","caption":"Corresponsal"},"url":"https:\/\/www.aridane.org\/city\/author\/corresponsal\/"}]}},"_links":{"self":[{"href":"https:\/\/www.aridane.org\/city\/wp-json\/wp\/v2\/posts\/2918","targetHints":{"allow":["GET"]}}],"collection":[{"href":"https:\/\/www.aridane.org\/city\/wp-json\/wp\/v2\/posts"}],"about":[{"href":"https:\/\/www.aridane.org\/city\/wp-json\/wp\/v2\/types\/post"}],"author":[{"embeddable":true,"href":"https:\/\/www.aridane.org\/city\/wp-json\/wp\/v2\/users\/4"}],"replies":[{"embeddable":true,"href":"https:\/\/www.aridane.org\/city\/wp-json\/wp\/v2\/comments?post=2918"}],"version-history":[{"count":1,"href":"https:\/\/www.aridane.org\/city\/wp-json\/wp\/v2\/posts\/2918\/revisions"}],"predecessor-version":[{"id":2920,"href":"https:\/\/www.aridane.org\/city\/wp-json\/wp\/v2\/posts\/2918\/revisions\/2920"}],"wp:featuredmedia":[{"embeddable":true,"href":"https:\/\/www.aridane.org\/city\/wp-json\/wp\/v2\/media\/2919"}],"wp:attachment":[{"href":"https:\/\/www.aridane.org\/city\/wp-json\/wp\/v2\/media?parent=2918"}],"wp:term":[{"taxonomy":"category","embeddable":true,"href":"https:\/\/www.aridane.org\/city\/wp-json\/wp\/v2\/categories?post=2918"},{"taxonomy":"post_tag","embeddable":true,"href":"https:\/\/www.aridane.org\/city\/wp-json\/wp\/v2\/tags?post=2918"}],"curies":[{"name":"wp","href":"https:\/\/api.w.org\/{rel}","templated":true}]}}