{"id":2921,"date":"2023-11-14T15:14:55","date_gmt":"2023-11-14T15:14:55","guid":{"rendered":"https:\/\/www.aridane.org\/city\/?p=2921"},"modified":"2023-11-14T15:15:03","modified_gmt":"2023-11-14T15:15:03","slug":"proteccion-civil-de-los-llanos-de-aridane-se-desplaza-a-el-hierro-para-colaborar-ante-la-crisis-migratoria","status":"publish","type":"post","link":"https:\/\/www.aridane.org\/city\/2023\/11\/14\/proteccion-civil-de-los-llanos-de-aridane-se-desplaza-a-el-hierro-para-colaborar-ante-la-crisis-migratoria\/","title":{"rendered":"Protecci\u00f3n Civil de Los Llanos de Aridane se desplaza a El Hierro para colaborar ante la crisis migratoria"},"content":{"rendered":"<p><i><span style=\"font-weight: 400;\">El Ayuntamiento agradece la predisposici\u00f3n y dedicaci\u00f3n de los voluntarios, que contin\u00faan en la isla vecina<\/span><\/i><!--more--><\/p>\n<p><span style=\"font-weight: 400;\">El Ayuntamiento de Los Llanos de Aridane ha destinado un total de seis efectivos y dos veh\u00edculos de Protecci\u00f3n Civil para colaborar con la isla de El Hierro ante la crisis migratoria.<\/span><\/p>\n<p><span style=\"font-weight: 400;\">En concreto, el consistorio ha destinado un total de seis efectivos y dos veh\u00edculos que, de forma escalonada, han estado trabajando en el municipio de Frontera, que en la \u00faltima semana ha alojado a m\u00e1s de 800 migrantes.<\/span><\/p>\n<p><span style=\"font-weight: 400;\">El concejal de Seguridad y Emergencias, Francisco Acosta, agradece la dedicaci\u00f3n de los voluntarios, que en las \u00faltimas jornadas se han acoplado a los trabajos coordinados por sus hom\u00f3logos en La Frontera. \u201cNuestros compa\u00f1eros de Protecci\u00f3n Civil hacen una labor fundamental, en primera l\u00ednea de la emergencia, que permite dar apoyo a los dem\u00e1s efectivos y repartir tareas para que los migrantes sean atendidos de la forma m\u00e1s eficiente posible\u201d, a\u00f1ade.<\/span><\/p>\n<p><span style=\"font-weight: 400;\">Por su parte, el alcalde Javier Llamas se\u00f1ala la importancia de apoyarse entre administraciones ante este tipo de situaciones. \u201cEstamos a disposici\u00f3n del Gobierno de Canarias y, por su puesto, del Cabildo de El Hierro y, en este caso concreto,del Ayuntamiento de Frontera, para aportar nuestra ayuda ante un momento cr\u00edtico, en el que la vida de much\u00edsimas personas est\u00e1 en riesgo\u201d, indica el alcalde.<\/span><\/p>\n<p>&nbsp;<\/p>\n","protected":false},"excerpt":{"rendered":"<p>El Ayuntamiento agradece la predisposici\u00f3n y dedicaci\u00f3n de los voluntarios, que contin\u00faan en la isla vecina<\/p>\n","protected":false},"author":4,"featured_media":2922,"comment_status":"open","ping_status":"open","sticky":false,"template":"","format":"standard","meta":{"footnotes":""},"categories":[6],"tags":[],"class_list":["post-2921","post","type-post","status-publish","format-standard","has-post-thumbnail","hentry","category-prensa"],"yoast_head":"<!-- This site is optimized with the Yoast SEO plugin v22.7 - https:\/\/yoast.com\/wordpress\/plugins\/seo\/ -->\n<title>Protecci\u00f3n Civil de Los Llanos de Aridane se desplaza a El Hierro para colaborar ante la crisis migratoria - Ayuntamiento de Los Llanos de Aridane<\/title>\n<meta name=\"robots\" content=\"index, follow, max-snippet:-1, max-image-preview:large, max-video-preview:-1\" \/>\n<link rel=\"canonical\" href=\"https:\/\/www.aridane.org\/city\/2023\/11\/14\/proteccion-civil-de-los-llanos-de-aridane-se-desplaza-a-el-hierro-para-colaborar-ante-la-crisis-migratoria\/\" \/>\n<meta property=\"og:locale\" content=\"es_ES\" \/>\n<meta property=\"og:type\" content=\"article\" \/>\n<meta property=\"og:title\" content=\"Protecci\u00f3n Civil de Los Llanos de Aridane se desplaza a El Hierro para colaborar ante la crisis migratoria - Ayuntamiento de Los Llanos de Aridane\" \/>\n<meta property=\"og:description\" content=\"El Ayuntamiento agradece la predisposici\u00f3n y dedicaci\u00f3n de los voluntarios, que contin\u00faan en la isla vecina\" \/>\n<meta property=\"og:url\" content=\"https:\/\/www.aridane.org\/city\/2023\/11\/14\/proteccion-civil-de-los-llanos-de-aridane-se-desplaza-a-el-hierro-para-colaborar-ante-la-crisis-migratoria\/\" \/>\n<meta property=\"og:site_name\" content=\"Ayuntamiento de Los Llanos de Aridane\" \/>\n<meta property=\"article:published_time\" content=\"2023-11-14T15:14:55+00:00\" \/>\n<meta property=\"article:modified_time\" content=\"2023-11-14T15:15:03+00:00\" \/>\n<meta property=\"og:image\" content=\"https:\/\/www.aridane.org\/city\/wp-content\/uploads\/2023\/11\/Proteccion-Civil-Los-Llanos-El-Hierro.jpeg\" \/>\n\t<meta property=\"og:image:width\" content=\"2000\" \/>\n\t<meta property=\"og:image:height\" content=\"1126\" \/>\n\t<meta property=\"og:image:type\" content=\"image\/jpeg\" \/>\n<meta name=\"author\" content=\"Corresponsal\" \/>\n<meta name=\"twitter:card\" content=\"summary_large_image\" \/>\n<meta name=\"twitter:label1\" content=\"Escrito por\" \/>\n\t<meta name=\"twitter:data1\" content=\"Corresponsal\" \/>\n\t<meta name=\"twitter:label2\" content=\"Tiempo de lectura\" \/>\n\t<meta name=\"twitter:data2\" content=\"2 minutos\" \/>\n<script type=\"application\/ld+json\" class=\"yoast-schema-graph\">{\"@context\":\"https:\/\/schema.org\",\"@graph\":[{\"@type\":\"WebPage\",\"@id\":\"https:\/\/www.aridane.org\/city\/2023\/11\/14\/proteccion-civil-de-los-llanos-de-aridane-se-desplaza-a-el-hierro-para-colaborar-ante-la-crisis-migratoria\/\",\"url\":\"https:\/\/www.aridane.org\/city\/2023\/11\/14\/proteccion-civil-de-los-llanos-de-aridane-se-desplaza-a-el-hierro-para-colaborar-ante-la-crisis-migratoria\/\",\"name\":\"Protecci\u00f3n Civil de Los Llanos de Aridane se desplaza a El Hierro para colaborar ante la crisis migratoria - Ayuntamiento de Los Llanos de Aridane\",\"isPartOf\":{\"@id\":\"https:\/\/www.aridane.org\/city\/#website\"},\"primaryImageOfPage\":{\"@id\":\"https:\/\/www.aridane.org\/city\/2023\/11\/14\/proteccion-civil-de-los-llanos-de-aridane-se-desplaza-a-el-hierro-para-colaborar-ante-la-crisis-migratoria\/#primaryimage\"},\"image\":{\"@id\":\"https:\/\/www.aridane.org\/city\/2023\/11\/14\/proteccion-civil-de-los-llanos-de-aridane-se-desplaza-a-el-hierro-para-colaborar-ante-la-crisis-migratoria\/#primaryimage\"},\"thumbnailUrl\":\"https:\/\/www.aridane.org\/city\/wp-content\/uploads\/2023\/11\/Proteccion-Civil-Los-Llanos-El-Hierro.jpeg\",\"datePublished\":\"2023-11-14T15:14:55+00:00\",\"dateModified\":\"2023-11-14T15:15:03+00:00\",\"author\":{\"@id\":\"https:\/\/www.aridane.org\/city\/#\/schema\/person\/89ebd376b223dc94cc1dbcf200c8e6da\"},\"breadcrumb\":{\"@id\":\"https:\/\/www.aridane.org\/city\/2023\/11\/14\/proteccion-civil-de-los-llanos-de-aridane-se-desplaza-a-el-hierro-para-colaborar-ante-la-crisis-migratoria\/#breadcrumb\"},\"inLanguage\":\"es\",\"potentialAction\":[{\"@type\":\"ReadAction\",\"target\":[\"https:\/\/www.aridane.org\/city\/2023\/11\/14\/proteccion-civil-de-los-llanos-de-aridane-se-desplaza-a-el-hierro-para-colaborar-ante-la-crisis-migratoria\/\"]}]},{\"@type\":\"ImageObject\",\"inLanguage\":\"es\",\"@id\":\"https:\/\/www.aridane.org\/city\/2023\/11\/14\/proteccion-civil-de-los-llanos-de-aridane-se-desplaza-a-el-hierro-para-colaborar-ante-la-crisis-migratoria\/#primaryimage\",\"url\":\"https:\/\/www.aridane.org\/city\/wp-content\/uploads\/2023\/11\/Proteccion-Civil-Los-Llanos-El-Hierro.jpeg\",\"contentUrl\":\"https:\/\/www.aridane.org\/city\/wp-content\/uploads\/2023\/11\/Proteccion-Civil-Los-Llanos-El-Hierro.jpeg\",\"width\":2000,\"height\":1126},{\"@type\":\"BreadcrumbList\",\"@id\":\"https:\/\/www.aridane.org\/city\/2023\/11\/14\/proteccion-civil-de-los-llanos-de-aridane-se-desplaza-a-el-hierro-para-colaborar-ante-la-crisis-migratoria\/#breadcrumb\",\"itemListElement\":[{\"@type\":\"ListItem\",\"position\":1,\"name\":\"Portada\",\"item\":\"https:\/\/www.aridane.org\/city\/\"},{\"@type\":\"ListItem\",\"position\":2,\"name\":\"Protecci\u00f3n Civil de Los Llanos de Aridane se desplaza a El Hierro para colaborar ante la crisis migratoria\"}]},{\"@type\":\"WebSite\",\"@id\":\"https:\/\/www.aridane.org\/city\/#website\",\"url\":\"https:\/\/www.aridane.org\/city\/\",\"name\":\"Ayuntamiento de Los Llanos de Aridane\",\"description\":\"\",\"potentialAction\":[{\"@type\":\"SearchAction\",\"target\":{\"@type\":\"EntryPoint\",\"urlTemplate\":\"https:\/\/www.aridane.org\/city\/?s={search_term_string}\"},\"query-input\":\"required name=search_term_string\"}],\"inLanguage\":\"es\"},{\"@type\":\"Person\",\"@id\":\"https:\/\/www.aridane.org\/city\/#\/schema\/person\/89ebd376b223dc94cc1dbcf200c8e6da\",\"name\":\"Corresponsal\",\"image\":{\"@type\":\"ImageObject\",\"inLanguage\":\"es\",\"@id\":\"https:\/\/www.aridane.org\/city\/#\/schema\/person\/image\/\",\"url\":\"https:\/\/secure.gravatar.com\/avatar\/1c476992411e4ccf153da63b2b2f5ea0bb4cb1c85f3ceab8512f04325ad5579c?s=96&d=mm&r=g\",\"contentUrl\":\"https:\/\/secure.gravatar.com\/avatar\/1c476992411e4ccf153da63b2b2f5ea0bb4cb1c85f3ceab8512f04325ad5579c?s=96&d=mm&r=g\",\"caption\":\"Corresponsal\"},\"url\":\"https:\/\/www.aridane.org\/city\/author\/corresponsal\/\"}]}<\/script>\n<!-- \/ Yoast SEO plugin. -->","yoast_head_json":{"title":"Protecci\u00f3n Civil de Los Llanos de Aridane se desplaza a El Hierro para colaborar ante la crisis migratoria - Ayuntamiento de Los Llanos de Aridane","robots":{"index":"index","follow":"follow","max-snippet":"max-snippet:-1","max-image-preview":"max-image-preview:large","max-video-preview":"max-video-preview:-1"},"canonical":"https:\/\/www.aridane.org\/city\/2023\/11\/14\/proteccion-civil-de-los-llanos-de-aridane-se-desplaza-a-el-hierro-para-colaborar-ante-la-crisis-migratoria\/","og_locale":"es_ES","og_type":"article","og_title":"Protecci\u00f3n Civil de Los Llanos de Aridane se desplaza a El Hierro para colaborar ante la crisis migratoria - Ayuntamiento de Los Llanos de Aridane","og_description":"El Ayuntamiento agradece la predisposici\u00f3n y dedicaci\u00f3n de los voluntarios, que contin\u00faan en la isla vecina","og_url":"https:\/\/www.aridane.org\/city\/2023\/11\/14\/proteccion-civil-de-los-llanos-de-aridane-se-desplaza-a-el-hierro-para-colaborar-ante-la-crisis-migratoria\/","og_site_name":"Ayuntamiento de Los Llanos de Aridane","article_published_time":"2023-11-14T15:14:55+00:00","article_modified_time":"2023-11-14T15:15:03+00:00","og_image":[{"width":2000,"height":1126,"url":"https:\/\/www.aridane.org\/city\/wp-content\/uploads\/2023\/11\/Proteccion-Civil-Los-Llanos-El-Hierro.jpeg","type":"image\/jpeg"}],"author":"Corresponsal","twitter_card":"summary_large_image","twitter_misc":{"Escrito por":"Corresponsal","Tiempo de lectura":"2 minutos"},"schema":{"@context":"https:\/\/schema.org","@graph":[{"@type":"WebPage","@id":"https:\/\/www.aridane.org\/city\/2023\/11\/14\/proteccion-civil-de-los-llanos-de-aridane-se-desplaza-a-el-hierro-para-colaborar-ante-la-crisis-migratoria\/","url":"https:\/\/www.aridane.org\/city\/2023\/11\/14\/proteccion-civil-de-los-llanos-de-aridane-se-desplaza-a-el-hierro-para-colaborar-ante-la-crisis-migratoria\/","name":"Protecci\u00f3n Civil de Los Llanos de Aridane se desplaza a El Hierro para colaborar ante la crisis migratoria - Ayuntamiento de Los Llanos de Aridane","isPartOf":{"@id":"https:\/\/www.aridane.org\/city\/#website"},"primaryImageOfPage":{"@id":"https:\/\/www.aridane.org\/city\/2023\/11\/14\/proteccion-civil-de-los-llanos-de-aridane-se-desplaza-a-el-hierro-para-colaborar-ante-la-crisis-migratoria\/#primaryimage"},"image":{"@id":"https:\/\/www.aridane.org\/city\/2023\/11\/14\/proteccion-civil-de-los-llanos-de-aridane-se-desplaza-a-el-hierro-para-colaborar-ante-la-crisis-migratoria\/#primaryimage"},"thumbnailUrl":"https:\/\/www.aridane.org\/city\/wp-content\/uploads\/2023\/11\/Proteccion-Civil-Los-Llanos-El-Hierro.jpeg","datePublished":"2023-11-14T15:14:55+00:00","dateModified":"2023-11-14T15:15:03+00:00","author":{"@id":"https:\/\/www.aridane.org\/city\/#\/schema\/person\/89ebd376b223dc94cc1dbcf200c8e6da"},"breadcrumb":{"@id":"https:\/\/www.aridane.org\/city\/2023\/11\/14\/proteccion-civil-de-los-llanos-de-aridane-se-desplaza-a-el-hierro-para-colaborar-ante-la-crisis-migratoria\/#breadcrumb"},"inLanguage":"es","potentialAction":[{"@type":"ReadAction","target":["https:\/\/www.aridane.org\/city\/2023\/11\/14\/proteccion-civil-de-los-llanos-de-aridane-se-desplaza-a-el-hierro-para-colaborar-ante-la-crisis-migratoria\/"]}]},{"@type":"ImageObject","inLanguage":"es","@id":"https:\/\/www.aridane.org\/city\/2023\/11\/14\/proteccion-civil-de-los-llanos-de-aridane-se-desplaza-a-el-hierro-para-colaborar-ante-la-crisis-migratoria\/#primaryimage","url":"https:\/\/www.aridane.org\/city\/wp-content\/uploads\/2023\/11\/Proteccion-Civil-Los-Llanos-El-Hierro.jpeg","contentUrl":"https:\/\/www.aridane.org\/city\/wp-content\/uploads\/2023\/11\/Proteccion-Civil-Los-Llanos-El-Hierro.jpeg","width":2000,"height":1126},{"@type":"BreadcrumbList","@id":"https:\/\/www.aridane.org\/city\/2023\/11\/14\/proteccion-civil-de-los-llanos-de-aridane-se-desplaza-a-el-hierro-para-colaborar-ante-la-crisis-migratoria\/#breadcrumb","itemListElement":[{"@type":"ListItem","position":1,"name":"Portada","item":"https:\/\/www.aridane.org\/city\/"},{"@type":"ListItem","position":2,"name":"Protecci\u00f3n Civil de Los Llanos de Aridane se desplaza a El Hierro para colaborar ante la crisis migratoria"}]},{"@type":"WebSite","@id":"https:\/\/www.aridane.org\/city\/#website","url":"https:\/\/www.aridane.org\/city\/","name":"Ayuntamiento de Los Llanos de Aridane","description":"","potentialAction":[{"@type":"SearchAction","target":{"@type":"EntryPoint","urlTemplate":"https:\/\/www.aridane.org\/city\/?s={search_term_string}"},"query-input":"required name=search_term_string"}],"inLanguage":"es"},{"@type":"Person","@id":"https:\/\/www.aridane.org\/city\/#\/schema\/person\/89ebd376b223dc94cc1dbcf200c8e6da","name":"Corresponsal","image":{"@type":"ImageObject","inLanguage":"es","@id":"https:\/\/www.aridane.org\/city\/#\/schema\/person\/image\/","url":"https:\/\/secure.gravatar.com\/avatar\/1c476992411e4ccf153da63b2b2f5ea0bb4cb1c85f3ceab8512f04325ad5579c?s=96&d=mm&r=g","contentUrl":"https:\/\/secure.gravatar.com\/avatar\/1c476992411e4ccf153da63b2b2f5ea0bb4cb1c85f3ceab8512f04325ad5579c?s=96&d=mm&r=g","caption":"Corresponsal"},"url":"https:\/\/www.aridane.org\/city\/author\/corresponsal\/"}]}},"_links":{"self":[{"href":"https:\/\/www.aridane.org\/city\/wp-json\/wp\/v2\/posts\/2921","targetHints":{"allow":["GET"]}}],"collection":[{"href":"https:\/\/www.aridane.org\/city\/wp-json\/wp\/v2\/posts"}],"about":[{"href":"https:\/\/www.aridane.org\/city\/wp-json\/wp\/v2\/types\/post"}],"author":[{"embeddable":true,"href":"https:\/\/www.aridane.org\/city\/wp-json\/wp\/v2\/users\/4"}],"replies":[{"embeddable":true,"href":"https:\/\/www.aridane.org\/city\/wp-json\/wp\/v2\/comments?post=2921"}],"version-history":[{"count":1,"href":"https:\/\/www.aridane.org\/city\/wp-json\/wp\/v2\/posts\/2921\/revisions"}],"predecessor-version":[{"id":2923,"href":"https:\/\/www.aridane.org\/city\/wp-json\/wp\/v2\/posts\/2921\/revisions\/2923"}],"wp:featuredmedia":[{"embeddable":true,"href":"https:\/\/www.aridane.org\/city\/wp-json\/wp\/v2\/media\/2922"}],"wp:attachment":[{"href":"https:\/\/www.aridane.org\/city\/wp-json\/wp\/v2\/media?parent=2921"}],"wp:term":[{"taxonomy":"category","embeddable":true,"href":"https:\/\/www.aridane.org\/city\/wp-json\/wp\/v2\/categories?post=2921"},{"taxonomy":"post_tag","embeddable":true,"href":"https:\/\/www.aridane.org\/city\/wp-json\/wp\/v2\/tags?post=2921"}],"curies":[{"name":"wp","href":"https:\/\/api.w.org\/{rel}","templated":true}]}}