{"id":2924,"date":"2023-11-15T10:26:40","date_gmt":"2023-11-15T10:26:40","guid":{"rendered":"https:\/\/www.aridane.org\/city\/?p=2924"},"modified":"2023-11-20T10:41:04","modified_gmt":"2023-11-20T10:41:04","slug":"los-llanos-de-aridane-celebra-la-noche-en-blanco-con-actividades-en-la-calle-y-musica-en-vivo","status":"publish","type":"post","link":"https:\/\/www.aridane.org\/city\/2023\/11\/15\/los-llanos-de-aridane-celebra-la-noche-en-blanco-con-actividades-en-la-calle-y-musica-en-vivo\/","title":{"rendered":"Los Llanos de Aridane celebra la Noche en Blanco con actividades en la calle y m\u00fasica en vivo"},"content":{"rendered":"<p id=\"m_2408202895065696086h.30j0zll\"><em>El Ayuntamiento destaca la coordinaci\u00f3n entre ACZA, ZCA, Club Ajedrez Isla Bonita y la C\u00e1mara de Comercio para impulsar las actividades<\/em><!--more--><\/p>\n<p>El Ayuntamiento de Los Llanos de Aridane, de la mano con Asociaci\u00f3n de Comerciantes Zona Abierta (ACZA) y la Zona Comercial Abierta de Los Llanos de Aridane (ZCA), organiza la Noche en Blanco, la cual tendr\u00e1 lugar el pr\u00f3ximo viernes, 24 de noviembre.<\/p>\n<p>Esta jornada contar\u00e1 con actividades desde primera hora de la ma\u00f1ana. Desde juegos de mesa, hasta actividades deportivas, pasando por m\u00fasica en la calle. Adem\u00e1s, como cierre, tendr\u00e1 lugar un concierto tributo a Pau Don\u00e9s que comenzar\u00e1 a las 22:00 horas.<\/p>\n<p>La concejala de Comercio, Ver\u00f3nica Gonz\u00e1lez, asegura que la Noche en Blanco es un evento \u201cmuy especial\u201d para Los Llanos de Aridane. \u201cMarca el comienzo de la campa\u00f1a de Navidad. Una fecha clave para comerciantes y hosteleros que afrontan uno de los periodos m\u00e1s importantes del a\u00f1o\u201d, apunta la concejala, poniendo en valor la coordinaci\u00f3n con ACZA y ZCA, as\u00ed como con el Club de Ajedrez Isla Bonita y la delegaci\u00f3n en La Palma de la C\u00e1mara de Comercio.<\/p>\n<p>\u201cConfiamos en que todo salga a pedir de boca y la ciudadan\u00eda se anime a visitar Los Llanos de Aridane y a consumir en nuestros locales, apunta\u201d.<\/p>\n<p>En este sentido, el alcalde, Javier Llamas, destaca el impacto que eventos como la Noche en Blanco tienen en la ciudad. \u201cEventos as\u00ed enriquecen y dinamizan el municipio, que es lo que buscamos en este periodo de reconstrucci\u00f3n. Es de valorar el compromiso del grupo de gobierno y la disposici\u00f3n de las diferentes asociaciones y comercios instalados en Los Llanos de Aridane para seguir consolidando el municipio como el motor de La Palma\u201d, apunta el alcalde.<\/p>\n<h2>La Noche en Blanco<\/h2>\n<p>La Noche en Blanco llenar\u00e1 de vida todos los rincones de Los Llanos de Aridane desde las 11:00 horas hasta la noche.<\/p>\n<p>Ese viernes, las tiendas estar\u00e1n abiertas hasta las 22:00 horas, y a esa hora, el grupo palmero Otro Palo har\u00e1 un homenaje a Paul Don\u00e9s, recordado por haber sido el vocalista del grupo musical Jarabe de Palo.<\/p>\n<p>Durante toda la jornada habr\u00e1 un campeonato de ajedrez, yoga y mu\u00f1ecos por todas las calles. Tambi\u00e9n caricaturistas, talleres de glitter, DJs, un violinista, un saxofonista, teatro, as\u00ed como las meriendas de Mari Carmen (meriendas y juegos de anta\u00f1o para ni\u00f1os), entre otras iniciativas.<\/p>\n","protected":false},"excerpt":{"rendered":"<p>El Ayuntamiento destaca la coordinaci\u00f3n entre ACZA, ZCA, Club Ajedrez Isla Bonita y la C\u00e1mara de Comercio para impulsar las actividades<\/p>\n","protected":false},"author":4,"featured_media":2925,"comment_status":"open","ping_status":"open","sticky":false,"template":"","format":"standard","meta":{"footnotes":""},"categories":[6],"tags":[],"class_list":["post-2924","post","type-post","status-publish","format-standard","has-post-thumbnail","hentry","category-prensa"],"yoast_head":"<!-- This site is optimized with the Yoast SEO plugin v22.7 - https:\/\/yoast.com\/wordpress\/plugins\/seo\/ -->\n<title>Los Llanos de Aridane celebra la Noche en Blanco con actividades en la calle y m\u00fasica en vivo - Ayuntamiento de Los Llanos de Aridane<\/title>\n<meta name=\"description\" content=\"La Noche en Blanco contar\u00e1 con con actividades desde primera hora de la ma\u00f1ana. Desde juegos de mesa, hasta actividades deportivas.\" \/>\n<meta name=\"robots\" content=\"index, follow, max-snippet:-1, max-image-preview:large, max-video-preview:-1\" \/>\n<link rel=\"canonical\" href=\"https:\/\/www.aridane.org\/city\/2023\/11\/15\/los-llanos-de-aridane-celebra-la-noche-en-blanco-con-actividades-en-la-calle-y-musica-en-vivo\/\" \/>\n<meta property=\"og:locale\" content=\"es_ES\" \/>\n<meta property=\"og:type\" content=\"article\" \/>\n<meta property=\"og:title\" content=\"Los Llanos de Aridane celebra la Noche en Blanco con actividades en la calle y m\u00fasica en vivo - Ayuntamiento de Los Llanos de Aridane\" \/>\n<meta property=\"og:description\" content=\"La Noche en Blanco contar\u00e1 con con actividades desde primera hora de la ma\u00f1ana. Desde juegos de mesa, hasta actividades deportivas.\" \/>\n<meta property=\"og:url\" content=\"https:\/\/www.aridane.org\/city\/2023\/11\/15\/los-llanos-de-aridane-celebra-la-noche-en-blanco-con-actividades-en-la-calle-y-musica-en-vivo\/\" \/>\n<meta property=\"og:site_name\" content=\"Ayuntamiento de Los Llanos de Aridane\" \/>\n<meta property=\"article:published_time\" content=\"2023-11-15T10:26:40+00:00\" \/>\n<meta property=\"article:modified_time\" content=\"2023-11-20T10:41:04+00:00\" \/>\n<meta property=\"og:image\" content=\"https:\/\/www.aridane.org\/city\/wp-content\/uploads\/2023\/11\/Noche-en-Blanco.jpeg\" \/>\n\t<meta property=\"og:image:width\" content=\"750\" \/>\n\t<meta property=\"og:image:height\" content=\"745\" \/>\n\t<meta property=\"og:image:type\" content=\"image\/jpeg\" \/>\n<meta name=\"author\" content=\"Corresponsal\" \/>\n<meta name=\"twitter:card\" content=\"summary_large_image\" \/>\n<meta name=\"twitter:label1\" content=\"Escrito por\" \/>\n\t<meta name=\"twitter:data1\" content=\"Corresponsal\" \/>\n\t<meta name=\"twitter:label2\" content=\"Tiempo de lectura\" \/>\n\t<meta name=\"twitter:data2\" content=\"2 minutos\" \/>\n<script type=\"application\/ld+json\" class=\"yoast-schema-graph\">{\"@context\":\"https:\/\/schema.org\",\"@graph\":[{\"@type\":\"WebPage\",\"@id\":\"https:\/\/www.aridane.org\/city\/2023\/11\/15\/los-llanos-de-aridane-celebra-la-noche-en-blanco-con-actividades-en-la-calle-y-musica-en-vivo\/\",\"url\":\"https:\/\/www.aridane.org\/city\/2023\/11\/15\/los-llanos-de-aridane-celebra-la-noche-en-blanco-con-actividades-en-la-calle-y-musica-en-vivo\/\",\"name\":\"Los Llanos de Aridane celebra la Noche en Blanco con actividades en la calle y m\u00fasica en vivo - Ayuntamiento de Los Llanos de Aridane\",\"isPartOf\":{\"@id\":\"https:\/\/www.aridane.org\/city\/#website\"},\"primaryImageOfPage\":{\"@id\":\"https:\/\/www.aridane.org\/city\/2023\/11\/15\/los-llanos-de-aridane-celebra-la-noche-en-blanco-con-actividades-en-la-calle-y-musica-en-vivo\/#primaryimage\"},\"image\":{\"@id\":\"https:\/\/www.aridane.org\/city\/2023\/11\/15\/los-llanos-de-aridane-celebra-la-noche-en-blanco-con-actividades-en-la-calle-y-musica-en-vivo\/#primaryimage\"},\"thumbnailUrl\":\"https:\/\/www.aridane.org\/city\/wp-content\/uploads\/2023\/11\/Noche-en-Blanco.jpeg\",\"datePublished\":\"2023-11-15T10:26:40+00:00\",\"dateModified\":\"2023-11-20T10:41:04+00:00\",\"author\":{\"@id\":\"https:\/\/www.aridane.org\/city\/#\/schema\/person\/89ebd376b223dc94cc1dbcf200c8e6da\"},\"description\":\"La Noche en Blanco contar\u00e1 con con actividades desde primera hora de la ma\u00f1ana. Desde juegos de mesa, hasta actividades deportivas.\",\"breadcrumb\":{\"@id\":\"https:\/\/www.aridane.org\/city\/2023\/11\/15\/los-llanos-de-aridane-celebra-la-noche-en-blanco-con-actividades-en-la-calle-y-musica-en-vivo\/#breadcrumb\"},\"inLanguage\":\"es\",\"potentialAction\":[{\"@type\":\"ReadAction\",\"target\":[\"https:\/\/www.aridane.org\/city\/2023\/11\/15\/los-llanos-de-aridane-celebra-la-noche-en-blanco-con-actividades-en-la-calle-y-musica-en-vivo\/\"]}]},{\"@type\":\"ImageObject\",\"inLanguage\":\"es\",\"@id\":\"https:\/\/www.aridane.org\/city\/2023\/11\/15\/los-llanos-de-aridane-celebra-la-noche-en-blanco-con-actividades-en-la-calle-y-musica-en-vivo\/#primaryimage\",\"url\":\"https:\/\/www.aridane.org\/city\/wp-content\/uploads\/2023\/11\/Noche-en-Blanco.jpeg\",\"contentUrl\":\"https:\/\/www.aridane.org\/city\/wp-content\/uploads\/2023\/11\/Noche-en-Blanco.jpeg\",\"width\":750,\"height\":745},{\"@type\":\"BreadcrumbList\",\"@id\":\"https:\/\/www.aridane.org\/city\/2023\/11\/15\/los-llanos-de-aridane-celebra-la-noche-en-blanco-con-actividades-en-la-calle-y-musica-en-vivo\/#breadcrumb\",\"itemListElement\":[{\"@type\":\"ListItem\",\"position\":1,\"name\":\"Portada\",\"item\":\"https:\/\/www.aridane.org\/city\/\"},{\"@type\":\"ListItem\",\"position\":2,\"name\":\"Los Llanos de Aridane celebra la Noche en Blanco con actividades en la calle y m\u00fasica en vivo\"}]},{\"@type\":\"WebSite\",\"@id\":\"https:\/\/www.aridane.org\/city\/#website\",\"url\":\"https:\/\/www.aridane.org\/city\/\",\"name\":\"Ayuntamiento de Los Llanos de Aridane\",\"description\":\"\",\"potentialAction\":[{\"@type\":\"SearchAction\",\"target\":{\"@type\":\"EntryPoint\",\"urlTemplate\":\"https:\/\/www.aridane.org\/city\/?s={search_term_string}\"},\"query-input\":\"required name=search_term_string\"}],\"inLanguage\":\"es\"},{\"@type\":\"Person\",\"@id\":\"https:\/\/www.aridane.org\/city\/#\/schema\/person\/89ebd376b223dc94cc1dbcf200c8e6da\",\"name\":\"Corresponsal\",\"image\":{\"@type\":\"ImageObject\",\"inLanguage\":\"es\",\"@id\":\"https:\/\/www.aridane.org\/city\/#\/schema\/person\/image\/\",\"url\":\"https:\/\/secure.gravatar.com\/avatar\/1c476992411e4ccf153da63b2b2f5ea0bb4cb1c85f3ceab8512f04325ad5579c?s=96&d=mm&r=g\",\"contentUrl\":\"https:\/\/secure.gravatar.com\/avatar\/1c476992411e4ccf153da63b2b2f5ea0bb4cb1c85f3ceab8512f04325ad5579c?s=96&d=mm&r=g\",\"caption\":\"Corresponsal\"},\"url\":\"https:\/\/www.aridane.org\/city\/author\/corresponsal\/\"}]}<\/script>\n<!-- \/ Yoast SEO plugin. -->","yoast_head_json":{"title":"Los Llanos de Aridane celebra la Noche en Blanco con actividades en la calle y m\u00fasica en vivo - Ayuntamiento de Los Llanos de Aridane","description":"La Noche en Blanco contar\u00e1 con con actividades desde primera hora de la ma\u00f1ana. Desde juegos de mesa, hasta actividades deportivas.","robots":{"index":"index","follow":"follow","max-snippet":"max-snippet:-1","max-image-preview":"max-image-preview:large","max-video-preview":"max-video-preview:-1"},"canonical":"https:\/\/www.aridane.org\/city\/2023\/11\/15\/los-llanos-de-aridane-celebra-la-noche-en-blanco-con-actividades-en-la-calle-y-musica-en-vivo\/","og_locale":"es_ES","og_type":"article","og_title":"Los Llanos de Aridane celebra la Noche en Blanco con actividades en la calle y m\u00fasica en vivo - Ayuntamiento de Los Llanos de Aridane","og_description":"La Noche en Blanco contar\u00e1 con con actividades desde primera hora de la ma\u00f1ana. Desde juegos de mesa, hasta actividades deportivas.","og_url":"https:\/\/www.aridane.org\/city\/2023\/11\/15\/los-llanos-de-aridane-celebra-la-noche-en-blanco-con-actividades-en-la-calle-y-musica-en-vivo\/","og_site_name":"Ayuntamiento de Los Llanos de Aridane","article_published_time":"2023-11-15T10:26:40+00:00","article_modified_time":"2023-11-20T10:41:04+00:00","og_image":[{"width":750,"height":745,"url":"https:\/\/www.aridane.org\/city\/wp-content\/uploads\/2023\/11\/Noche-en-Blanco.jpeg","type":"image\/jpeg"}],"author":"Corresponsal","twitter_card":"summary_large_image","twitter_misc":{"Escrito por":"Corresponsal","Tiempo de lectura":"2 minutos"},"schema":{"@context":"https:\/\/schema.org","@graph":[{"@type":"WebPage","@id":"https:\/\/www.aridane.org\/city\/2023\/11\/15\/los-llanos-de-aridane-celebra-la-noche-en-blanco-con-actividades-en-la-calle-y-musica-en-vivo\/","url":"https:\/\/www.aridane.org\/city\/2023\/11\/15\/los-llanos-de-aridane-celebra-la-noche-en-blanco-con-actividades-en-la-calle-y-musica-en-vivo\/","name":"Los Llanos de Aridane celebra la Noche en Blanco con actividades en la calle y m\u00fasica en vivo - Ayuntamiento de Los Llanos de Aridane","isPartOf":{"@id":"https:\/\/www.aridane.org\/city\/#website"},"primaryImageOfPage":{"@id":"https:\/\/www.aridane.org\/city\/2023\/11\/15\/los-llanos-de-aridane-celebra-la-noche-en-blanco-con-actividades-en-la-calle-y-musica-en-vivo\/#primaryimage"},"image":{"@id":"https:\/\/www.aridane.org\/city\/2023\/11\/15\/los-llanos-de-aridane-celebra-la-noche-en-blanco-con-actividades-en-la-calle-y-musica-en-vivo\/#primaryimage"},"thumbnailUrl":"https:\/\/www.aridane.org\/city\/wp-content\/uploads\/2023\/11\/Noche-en-Blanco.jpeg","datePublished":"2023-11-15T10:26:40+00:00","dateModified":"2023-11-20T10:41:04+00:00","author":{"@id":"https:\/\/www.aridane.org\/city\/#\/schema\/person\/89ebd376b223dc94cc1dbcf200c8e6da"},"description":"La Noche en Blanco contar\u00e1 con con actividades desde primera hora de la ma\u00f1ana. Desde juegos de mesa, hasta actividades deportivas.","breadcrumb":{"@id":"https:\/\/www.aridane.org\/city\/2023\/11\/15\/los-llanos-de-aridane-celebra-la-noche-en-blanco-con-actividades-en-la-calle-y-musica-en-vivo\/#breadcrumb"},"inLanguage":"es","potentialAction":[{"@type":"ReadAction","target":["https:\/\/www.aridane.org\/city\/2023\/11\/15\/los-llanos-de-aridane-celebra-la-noche-en-blanco-con-actividades-en-la-calle-y-musica-en-vivo\/"]}]},{"@type":"ImageObject","inLanguage":"es","@id":"https:\/\/www.aridane.org\/city\/2023\/11\/15\/los-llanos-de-aridane-celebra-la-noche-en-blanco-con-actividades-en-la-calle-y-musica-en-vivo\/#primaryimage","url":"https:\/\/www.aridane.org\/city\/wp-content\/uploads\/2023\/11\/Noche-en-Blanco.jpeg","contentUrl":"https:\/\/www.aridane.org\/city\/wp-content\/uploads\/2023\/11\/Noche-en-Blanco.jpeg","width":750,"height":745},{"@type":"BreadcrumbList","@id":"https:\/\/www.aridane.org\/city\/2023\/11\/15\/los-llanos-de-aridane-celebra-la-noche-en-blanco-con-actividades-en-la-calle-y-musica-en-vivo\/#breadcrumb","itemListElement":[{"@type":"ListItem","position":1,"name":"Portada","item":"https:\/\/www.aridane.org\/city\/"},{"@type":"ListItem","position":2,"name":"Los Llanos de Aridane celebra la Noche en Blanco con actividades en la calle y m\u00fasica en vivo"}]},{"@type":"WebSite","@id":"https:\/\/www.aridane.org\/city\/#website","url":"https:\/\/www.aridane.org\/city\/","name":"Ayuntamiento de Los Llanos de Aridane","description":"","potentialAction":[{"@type":"SearchAction","target":{"@type":"EntryPoint","urlTemplate":"https:\/\/www.aridane.org\/city\/?s={search_term_string}"},"query-input":"required name=search_term_string"}],"inLanguage":"es"},{"@type":"Person","@id":"https:\/\/www.aridane.org\/city\/#\/schema\/person\/89ebd376b223dc94cc1dbcf200c8e6da","name":"Corresponsal","image":{"@type":"ImageObject","inLanguage":"es","@id":"https:\/\/www.aridane.org\/city\/#\/schema\/person\/image\/","url":"https:\/\/secure.gravatar.com\/avatar\/1c476992411e4ccf153da63b2b2f5ea0bb4cb1c85f3ceab8512f04325ad5579c?s=96&d=mm&r=g","contentUrl":"https:\/\/secure.gravatar.com\/avatar\/1c476992411e4ccf153da63b2b2f5ea0bb4cb1c85f3ceab8512f04325ad5579c?s=96&d=mm&r=g","caption":"Corresponsal"},"url":"https:\/\/www.aridane.org\/city\/author\/corresponsal\/"}]}},"_links":{"self":[{"href":"https:\/\/www.aridane.org\/city\/wp-json\/wp\/v2\/posts\/2924","targetHints":{"allow":["GET"]}}],"collection":[{"href":"https:\/\/www.aridane.org\/city\/wp-json\/wp\/v2\/posts"}],"about":[{"href":"https:\/\/www.aridane.org\/city\/wp-json\/wp\/v2\/types\/post"}],"author":[{"embeddable":true,"href":"https:\/\/www.aridane.org\/city\/wp-json\/wp\/v2\/users\/4"}],"replies":[{"embeddable":true,"href":"https:\/\/www.aridane.org\/city\/wp-json\/wp\/v2\/comments?post=2924"}],"version-history":[{"count":3,"href":"https:\/\/www.aridane.org\/city\/wp-json\/wp\/v2\/posts\/2924\/revisions"}],"predecessor-version":[{"id":2938,"href":"https:\/\/www.aridane.org\/city\/wp-json\/wp\/v2\/posts\/2924\/revisions\/2938"}],"wp:featuredmedia":[{"embeddable":true,"href":"https:\/\/www.aridane.org\/city\/wp-json\/wp\/v2\/media\/2925"}],"wp:attachment":[{"href":"https:\/\/www.aridane.org\/city\/wp-json\/wp\/v2\/media?parent=2924"}],"wp:term":[{"taxonomy":"category","embeddable":true,"href":"https:\/\/www.aridane.org\/city\/wp-json\/wp\/v2\/categories?post=2924"},{"taxonomy":"post_tag","embeddable":true,"href":"https:\/\/www.aridane.org\/city\/wp-json\/wp\/v2\/tags?post=2924"}],"curies":[{"name":"wp","href":"https:\/\/api.w.org\/{rel}","templated":true}]}}