{"id":2928,"date":"2023-11-17T09:58:24","date_gmt":"2023-11-17T09:58:24","guid":{"rendered":"https:\/\/www.aridane.org\/city\/?p=2928"},"modified":"2023-11-20T10:40:11","modified_gmt":"2023-11-20T10:40:11","slug":"los-llanos-de-aridane-publica-un-diptico-sobre-lo-origenes-de-las-tradiciones-de-san-martin-y-el-vino-nuevo","status":"publish","type":"post","link":"https:\/\/www.aridane.org\/city\/2023\/11\/17\/los-llanos-de-aridane-publica-un-diptico-sobre-lo-origenes-de-las-tradiciones-de-san-martin-y-el-vino-nuevo\/","title":{"rendered":"Los Llanos de Aridane publica un d\u00edptico sobre lo or\u00edgenes de las tradiciones de \u2018San Mart\u00edn y el vino nuevo\u2019"},"content":{"rendered":"<p><i><span style=\"font-weight: 400;\">Desde el Ayuntamiento valoran este tipo de iniciativas para conservar la identidad cultural del municipio<\/span><\/i><!--more--><\/p>\n<p><span style=\"font-weight: 400;\">El Ayuntamiento de Los Llanos de Aridane publica un d\u00edptico -con texto de la cronista oficial, Mar\u00eda Victoria Hern\u00e1ndez- sobre los or\u00edgenes de las tradiciones de <\/span><i><span style=\"font-weight: 400;\">San Mart\u00edn y el vino nuevo<\/span><\/i><span style=\"font-weight: 400;\">. Las personas interesadas lo podr\u00e1n adquirir, gratuitamente, en la Casa de la Cultura y en el edificio del consistorio.<\/span><\/p>\n<p><span style=\"font-weight: 400;\">La concejala de Cultura, Marlene Gonz\u00e1lez, explica que desde su \u00c1rea han iniciado un canal de colaboraci\u00f3n con la cronista oficial. De hecho, ya se trabaja en otros folletos dedicados monogr\u00e1ficamente a Navidad y Carnaval.\u00a0\u00a0<\/span><\/p>\n<p><span style=\"font-weight: 400;\">Por su parte, el alcalde, Javier Llamas, destaca los esfuerzos de la Concejal\u00eda de Cultura y de Mar\u00eda Victoria Hern\u00e1ndez para conservar y recuperar las tradiciones del municipio. <\/span><\/p>\n<p><span style=\"font-weight: 400;\">\u201cEste tipo de acciones permiten cuidar nuestra identidad y mantener nuestro conocimiento con el paso del tiempo\u201d, apunta.\u00a0<\/span><\/p>\n<h2><b>San Mart\u00edn y la fiesta del vino nuevo<\/b><\/h2>\n<p><span style=\"font-weight: 400;\">La referencia m\u00e1s antigua que se conoce de la celebraci\u00f3n <\/span><i><span style=\"font-weight: 400;\">San Mart\u00edn y la fiesta del vino nuevo <\/span><\/i><span style=\"font-weight: 400;\">en Los Llanos de Aridane, la aporta el escritor y periodista lanzarote\u00f1o Isaac Viera y Viera (1858-1941), en <em>Costumbres canarias<\/em> (1916).\u00a0<\/span><\/p>\n<p><span style=\"font-weight: 400;\">El autor califica los festejos como una costumbre de tiempos inmemoriales. Seg\u00fan Viera, en aquellos tiempos: \u201cEl d\u00eda de San Mart\u00edn se abren las bodegas en la antigua Benahoare: suenan los populares guitarrillos y comienza la algazara de la gente alegre, desde que la noche tiende sus velos\u201d.\u00a0<\/span><\/p>\n<p><span style=\"font-weight: 400;\">Por su parte, Isaac Viera, quien vivi\u00f3 algunos a\u00f1os en Aridane, concluye sus vivencias personales de la noche de San Mart\u00edn, finales del XIX, aportando una redondilla que se cantaba por las calles de Los Llanos de Aridane:<\/span><\/p>\n<p><i><span style=\"font-weight: 400;\">Y se ven gui\u00f1os de ojos<\/span><\/i><\/p>\n<p><i><span style=\"font-weight: 400;\">de sanas, tuertas y mancas<\/span><\/i><\/p>\n<p><i><span style=\"font-weight: 400;\">y descomunales trancas<\/span><\/i><\/p>\n<p><i><span style=\"font-weight: 400;\">de sanos, tuertos y cojos<\/span><\/i><span style=\"font-weight: 400;\">.<\/span><\/p>\n","protected":false},"excerpt":{"rendered":"<p>Desde el Ayuntamiento valoran este tipo de iniciativas para conservar la identidad cultural del municipio<\/p>\n","protected":false},"author":4,"featured_media":2929,"comment_status":"open","ping_status":"open","sticky":false,"template":"","format":"standard","meta":{"footnotes":""},"categories":[1],"tags":[],"class_list":["post-2928","post","type-post","status-publish","format-standard","has-post-thumbnail","hentry","category-sin-categoria"],"yoast_head":"<!-- This site is optimized with the Yoast SEO plugin v22.7 - https:\/\/yoast.com\/wordpress\/plugins\/seo\/ -->\n<title>Los Llanos de Aridane publica un d\u00edptico sobre lo or\u00edgenes de las tradiciones de \u2018San Mart\u00edn y el vino nuevo\u2019 - Ayuntamiento de Los Llanos de Aridane<\/title>\n<meta name=\"description\" content=\"El texto sobre los or\u00edgenes de las tradiciones de San Mart\u00edn y el vino nuevo se puede adquirir gratuitamente en el Ayuntamiento.\" \/>\n<meta name=\"robots\" content=\"index, follow, max-snippet:-1, max-image-preview:large, max-video-preview:-1\" \/>\n<link rel=\"canonical\" href=\"https:\/\/www.aridane.org\/city\/2023\/11\/17\/los-llanos-de-aridane-publica-un-diptico-sobre-lo-origenes-de-las-tradiciones-de-san-martin-y-el-vino-nuevo\/\" \/>\n<meta property=\"og:locale\" content=\"es_ES\" \/>\n<meta property=\"og:type\" content=\"article\" \/>\n<meta property=\"og:title\" content=\"Los Llanos de Aridane publica un d\u00edptico sobre lo or\u00edgenes de las tradiciones de \u2018San Mart\u00edn y el vino nuevo\u2019 - Ayuntamiento de Los Llanos de Aridane\" \/>\n<meta property=\"og:description\" content=\"El texto sobre los or\u00edgenes de las tradiciones de San Mart\u00edn y el vino nuevo se puede adquirir gratuitamente en el Ayuntamiento.\" \/>\n<meta property=\"og:url\" content=\"https:\/\/www.aridane.org\/city\/2023\/11\/17\/los-llanos-de-aridane-publica-un-diptico-sobre-lo-origenes-de-las-tradiciones-de-san-martin-y-el-vino-nuevo\/\" \/>\n<meta property=\"og:site_name\" content=\"Ayuntamiento de Los Llanos de Aridane\" \/>\n<meta property=\"article:published_time\" content=\"2023-11-17T09:58:24+00:00\" \/>\n<meta property=\"article:modified_time\" content=\"2023-11-20T10:40:11+00:00\" \/>\n<meta property=\"og:image\" content=\"https:\/\/www.aridane.org\/city\/wp-content\/uploads\/2023\/11\/Portada-Diptico-San-Martin.jpg\" \/>\n\t<meta property=\"og:image:width\" content=\"1046\" \/>\n\t<meta property=\"og:image:height\" content=\"1319\" \/>\n\t<meta property=\"og:image:type\" content=\"image\/jpeg\" \/>\n<meta name=\"author\" content=\"Corresponsal\" \/>\n<meta name=\"twitter:card\" content=\"summary_large_image\" \/>\n<meta name=\"twitter:label1\" content=\"Escrito por\" \/>\n\t<meta name=\"twitter:data1\" content=\"Corresponsal\" \/>\n\t<meta name=\"twitter:label2\" content=\"Tiempo de lectura\" \/>\n\t<meta name=\"twitter:data2\" content=\"2 minutos\" \/>\n<script type=\"application\/ld+json\" class=\"yoast-schema-graph\">{\"@context\":\"https:\/\/schema.org\",\"@graph\":[{\"@type\":\"WebPage\",\"@id\":\"https:\/\/www.aridane.org\/city\/2023\/11\/17\/los-llanos-de-aridane-publica-un-diptico-sobre-lo-origenes-de-las-tradiciones-de-san-martin-y-el-vino-nuevo\/\",\"url\":\"https:\/\/www.aridane.org\/city\/2023\/11\/17\/los-llanos-de-aridane-publica-un-diptico-sobre-lo-origenes-de-las-tradiciones-de-san-martin-y-el-vino-nuevo\/\",\"name\":\"Los Llanos de Aridane publica un d\u00edptico sobre lo or\u00edgenes de las tradiciones de \u2018San Mart\u00edn y el vino nuevo\u2019 - Ayuntamiento de Los Llanos de Aridane\",\"isPartOf\":{\"@id\":\"https:\/\/www.aridane.org\/city\/#website\"},\"primaryImageOfPage\":{\"@id\":\"https:\/\/www.aridane.org\/city\/2023\/11\/17\/los-llanos-de-aridane-publica-un-diptico-sobre-lo-origenes-de-las-tradiciones-de-san-martin-y-el-vino-nuevo\/#primaryimage\"},\"image\":{\"@id\":\"https:\/\/www.aridane.org\/city\/2023\/11\/17\/los-llanos-de-aridane-publica-un-diptico-sobre-lo-origenes-de-las-tradiciones-de-san-martin-y-el-vino-nuevo\/#primaryimage\"},\"thumbnailUrl\":\"https:\/\/www.aridane.org\/city\/wp-content\/uploads\/2023\/11\/Portada-Diptico-San-Martin.jpg\",\"datePublished\":\"2023-11-17T09:58:24+00:00\",\"dateModified\":\"2023-11-20T10:40:11+00:00\",\"author\":{\"@id\":\"https:\/\/www.aridane.org\/city\/#\/schema\/person\/89ebd376b223dc94cc1dbcf200c8e6da\"},\"description\":\"El texto sobre los or\u00edgenes de las tradiciones de San Mart\u00edn y el vino nuevo se puede adquirir gratuitamente en el Ayuntamiento.\",\"breadcrumb\":{\"@id\":\"https:\/\/www.aridane.org\/city\/2023\/11\/17\/los-llanos-de-aridane-publica-un-diptico-sobre-lo-origenes-de-las-tradiciones-de-san-martin-y-el-vino-nuevo\/#breadcrumb\"},\"inLanguage\":\"es\",\"potentialAction\":[{\"@type\":\"ReadAction\",\"target\":[\"https:\/\/www.aridane.org\/city\/2023\/11\/17\/los-llanos-de-aridane-publica-un-diptico-sobre-lo-origenes-de-las-tradiciones-de-san-martin-y-el-vino-nuevo\/\"]}]},{\"@type\":\"ImageObject\",\"inLanguage\":\"es\",\"@id\":\"https:\/\/www.aridane.org\/city\/2023\/11\/17\/los-llanos-de-aridane-publica-un-diptico-sobre-lo-origenes-de-las-tradiciones-de-san-martin-y-el-vino-nuevo\/#primaryimage\",\"url\":\"https:\/\/www.aridane.org\/city\/wp-content\/uploads\/2023\/11\/Portada-Diptico-San-Martin.jpg\",\"contentUrl\":\"https:\/\/www.aridane.org\/city\/wp-content\/uploads\/2023\/11\/Portada-Diptico-San-Martin.jpg\",\"width\":1046,\"height\":1319},{\"@type\":\"BreadcrumbList\",\"@id\":\"https:\/\/www.aridane.org\/city\/2023\/11\/17\/los-llanos-de-aridane-publica-un-diptico-sobre-lo-origenes-de-las-tradiciones-de-san-martin-y-el-vino-nuevo\/#breadcrumb\",\"itemListElement\":[{\"@type\":\"ListItem\",\"position\":1,\"name\":\"Portada\",\"item\":\"https:\/\/www.aridane.org\/city\/\"},{\"@type\":\"ListItem\",\"position\":2,\"name\":\"Los Llanos de Aridane publica un d\u00edptico sobre lo or\u00edgenes de las tradiciones de \u2018San Mart\u00edn y el vino nuevo\u2019\"}]},{\"@type\":\"WebSite\",\"@id\":\"https:\/\/www.aridane.org\/city\/#website\",\"url\":\"https:\/\/www.aridane.org\/city\/\",\"name\":\"Ayuntamiento de Los Llanos de Aridane\",\"description\":\"\",\"potentialAction\":[{\"@type\":\"SearchAction\",\"target\":{\"@type\":\"EntryPoint\",\"urlTemplate\":\"https:\/\/www.aridane.org\/city\/?s={search_term_string}\"},\"query-input\":\"required name=search_term_string\"}],\"inLanguage\":\"es\"},{\"@type\":\"Person\",\"@id\":\"https:\/\/www.aridane.org\/city\/#\/schema\/person\/89ebd376b223dc94cc1dbcf200c8e6da\",\"name\":\"Corresponsal\",\"image\":{\"@type\":\"ImageObject\",\"inLanguage\":\"es\",\"@id\":\"https:\/\/www.aridane.org\/city\/#\/schema\/person\/image\/\",\"url\":\"https:\/\/secure.gravatar.com\/avatar\/1c476992411e4ccf153da63b2b2f5ea0bb4cb1c85f3ceab8512f04325ad5579c?s=96&d=mm&r=g\",\"contentUrl\":\"https:\/\/secure.gravatar.com\/avatar\/1c476992411e4ccf153da63b2b2f5ea0bb4cb1c85f3ceab8512f04325ad5579c?s=96&d=mm&r=g\",\"caption\":\"Corresponsal\"},\"url\":\"https:\/\/www.aridane.org\/city\/author\/corresponsal\/\"}]}<\/script>\n<!-- \/ Yoast SEO plugin. -->","yoast_head_json":{"title":"Los Llanos de Aridane publica un d\u00edptico sobre lo or\u00edgenes de las tradiciones de \u2018San Mart\u00edn y el vino nuevo\u2019 - Ayuntamiento de Los Llanos de Aridane","description":"El texto sobre los or\u00edgenes de las tradiciones de San Mart\u00edn y el vino nuevo se puede adquirir gratuitamente en el Ayuntamiento.","robots":{"index":"index","follow":"follow","max-snippet":"max-snippet:-1","max-image-preview":"max-image-preview:large","max-video-preview":"max-video-preview:-1"},"canonical":"https:\/\/www.aridane.org\/city\/2023\/11\/17\/los-llanos-de-aridane-publica-un-diptico-sobre-lo-origenes-de-las-tradiciones-de-san-martin-y-el-vino-nuevo\/","og_locale":"es_ES","og_type":"article","og_title":"Los Llanos de Aridane publica un d\u00edptico sobre lo or\u00edgenes de las tradiciones de \u2018San Mart\u00edn y el vino nuevo\u2019 - Ayuntamiento de Los Llanos de Aridane","og_description":"El texto sobre los or\u00edgenes de las tradiciones de San Mart\u00edn y el vino nuevo se puede adquirir gratuitamente en el Ayuntamiento.","og_url":"https:\/\/www.aridane.org\/city\/2023\/11\/17\/los-llanos-de-aridane-publica-un-diptico-sobre-lo-origenes-de-las-tradiciones-de-san-martin-y-el-vino-nuevo\/","og_site_name":"Ayuntamiento de Los Llanos de Aridane","article_published_time":"2023-11-17T09:58:24+00:00","article_modified_time":"2023-11-20T10:40:11+00:00","og_image":[{"width":1046,"height":1319,"url":"https:\/\/www.aridane.org\/city\/wp-content\/uploads\/2023\/11\/Portada-Diptico-San-Martin.jpg","type":"image\/jpeg"}],"author":"Corresponsal","twitter_card":"summary_large_image","twitter_misc":{"Escrito por":"Corresponsal","Tiempo de lectura":"2 minutos"},"schema":{"@context":"https:\/\/schema.org","@graph":[{"@type":"WebPage","@id":"https:\/\/www.aridane.org\/city\/2023\/11\/17\/los-llanos-de-aridane-publica-un-diptico-sobre-lo-origenes-de-las-tradiciones-de-san-martin-y-el-vino-nuevo\/","url":"https:\/\/www.aridane.org\/city\/2023\/11\/17\/los-llanos-de-aridane-publica-un-diptico-sobre-lo-origenes-de-las-tradiciones-de-san-martin-y-el-vino-nuevo\/","name":"Los Llanos de Aridane publica un d\u00edptico sobre lo or\u00edgenes de las tradiciones de \u2018San Mart\u00edn y el vino nuevo\u2019 - Ayuntamiento de Los Llanos de Aridane","isPartOf":{"@id":"https:\/\/www.aridane.org\/city\/#website"},"primaryImageOfPage":{"@id":"https:\/\/www.aridane.org\/city\/2023\/11\/17\/los-llanos-de-aridane-publica-un-diptico-sobre-lo-origenes-de-las-tradiciones-de-san-martin-y-el-vino-nuevo\/#primaryimage"},"image":{"@id":"https:\/\/www.aridane.org\/city\/2023\/11\/17\/los-llanos-de-aridane-publica-un-diptico-sobre-lo-origenes-de-las-tradiciones-de-san-martin-y-el-vino-nuevo\/#primaryimage"},"thumbnailUrl":"https:\/\/www.aridane.org\/city\/wp-content\/uploads\/2023\/11\/Portada-Diptico-San-Martin.jpg","datePublished":"2023-11-17T09:58:24+00:00","dateModified":"2023-11-20T10:40:11+00:00","author":{"@id":"https:\/\/www.aridane.org\/city\/#\/schema\/person\/89ebd376b223dc94cc1dbcf200c8e6da"},"description":"El texto sobre los or\u00edgenes de las tradiciones de San Mart\u00edn y el vino nuevo se puede adquirir gratuitamente en el Ayuntamiento.","breadcrumb":{"@id":"https:\/\/www.aridane.org\/city\/2023\/11\/17\/los-llanos-de-aridane-publica-un-diptico-sobre-lo-origenes-de-las-tradiciones-de-san-martin-y-el-vino-nuevo\/#breadcrumb"},"inLanguage":"es","potentialAction":[{"@type":"ReadAction","target":["https:\/\/www.aridane.org\/city\/2023\/11\/17\/los-llanos-de-aridane-publica-un-diptico-sobre-lo-origenes-de-las-tradiciones-de-san-martin-y-el-vino-nuevo\/"]}]},{"@type":"ImageObject","inLanguage":"es","@id":"https:\/\/www.aridane.org\/city\/2023\/11\/17\/los-llanos-de-aridane-publica-un-diptico-sobre-lo-origenes-de-las-tradiciones-de-san-martin-y-el-vino-nuevo\/#primaryimage","url":"https:\/\/www.aridane.org\/city\/wp-content\/uploads\/2023\/11\/Portada-Diptico-San-Martin.jpg","contentUrl":"https:\/\/www.aridane.org\/city\/wp-content\/uploads\/2023\/11\/Portada-Diptico-San-Martin.jpg","width":1046,"height":1319},{"@type":"BreadcrumbList","@id":"https:\/\/www.aridane.org\/city\/2023\/11\/17\/los-llanos-de-aridane-publica-un-diptico-sobre-lo-origenes-de-las-tradiciones-de-san-martin-y-el-vino-nuevo\/#breadcrumb","itemListElement":[{"@type":"ListItem","position":1,"name":"Portada","item":"https:\/\/www.aridane.org\/city\/"},{"@type":"ListItem","position":2,"name":"Los Llanos de Aridane publica un d\u00edptico sobre lo or\u00edgenes de las tradiciones de \u2018San Mart\u00edn y el vino nuevo\u2019"}]},{"@type":"WebSite","@id":"https:\/\/www.aridane.org\/city\/#website","url":"https:\/\/www.aridane.org\/city\/","name":"Ayuntamiento de Los Llanos de Aridane","description":"","potentialAction":[{"@type":"SearchAction","target":{"@type":"EntryPoint","urlTemplate":"https:\/\/www.aridane.org\/city\/?s={search_term_string}"},"query-input":"required name=search_term_string"}],"inLanguage":"es"},{"@type":"Person","@id":"https:\/\/www.aridane.org\/city\/#\/schema\/person\/89ebd376b223dc94cc1dbcf200c8e6da","name":"Corresponsal","image":{"@type":"ImageObject","inLanguage":"es","@id":"https:\/\/www.aridane.org\/city\/#\/schema\/person\/image\/","url":"https:\/\/secure.gravatar.com\/avatar\/1c476992411e4ccf153da63b2b2f5ea0bb4cb1c85f3ceab8512f04325ad5579c?s=96&d=mm&r=g","contentUrl":"https:\/\/secure.gravatar.com\/avatar\/1c476992411e4ccf153da63b2b2f5ea0bb4cb1c85f3ceab8512f04325ad5579c?s=96&d=mm&r=g","caption":"Corresponsal"},"url":"https:\/\/www.aridane.org\/city\/author\/corresponsal\/"}]}},"_links":{"self":[{"href":"https:\/\/www.aridane.org\/city\/wp-json\/wp\/v2\/posts\/2928","targetHints":{"allow":["GET"]}}],"collection":[{"href":"https:\/\/www.aridane.org\/city\/wp-json\/wp\/v2\/posts"}],"about":[{"href":"https:\/\/www.aridane.org\/city\/wp-json\/wp\/v2\/types\/post"}],"author":[{"embeddable":true,"href":"https:\/\/www.aridane.org\/city\/wp-json\/wp\/v2\/users\/4"}],"replies":[{"embeddable":true,"href":"https:\/\/www.aridane.org\/city\/wp-json\/wp\/v2\/comments?post=2928"}],"version-history":[{"count":3,"href":"https:\/\/www.aridane.org\/city\/wp-json\/wp\/v2\/posts\/2928\/revisions"}],"predecessor-version":[{"id":2937,"href":"https:\/\/www.aridane.org\/city\/wp-json\/wp\/v2\/posts\/2928\/revisions\/2937"}],"wp:featuredmedia":[{"embeddable":true,"href":"https:\/\/www.aridane.org\/city\/wp-json\/wp\/v2\/media\/2929"}],"wp:attachment":[{"href":"https:\/\/www.aridane.org\/city\/wp-json\/wp\/v2\/media?parent=2928"}],"wp:term":[{"taxonomy":"category","embeddable":true,"href":"https:\/\/www.aridane.org\/city\/wp-json\/wp\/v2\/categories?post=2928"},{"taxonomy":"post_tag","embeddable":true,"href":"https:\/\/www.aridane.org\/city\/wp-json\/wp\/v2\/tags?post=2928"}],"curies":[{"name":"wp","href":"https:\/\/api.w.org\/{rel}","templated":true}]}}