{"id":2931,"date":"2023-11-17T10:10:12","date_gmt":"2023-11-17T10:10:12","guid":{"rendered":"https:\/\/www.aridane.org\/city\/?p=2931"},"modified":"2023-11-20T10:38:06","modified_gmt":"2023-11-20T10:38:06","slug":"los-llanos-de-aridane-coordina-con-el-icavi-los-arreglos-de-las-casas-modulares","status":"publish","type":"post","link":"https:\/\/www.aridane.org\/city\/2023\/11\/17\/los-llanos-de-aridane-coordina-con-el-icavi-los-arreglos-de-las-casas-modulares\/","title":{"rendered":"Los Llanos de Aridane coordina con el Icavi los arreglos de las casas modulares"},"content":{"rendered":"<p><em>El alcalde insiste en que la prioridad es realojar a las familias afectadas por el volc\u00e1n en viviendas definitivas<\/em><!--more--><\/p>\n<p>El Ayuntamiento de Los Llanos de Aridane coordina con el Instituto Canario de Vivienda (Icavi) el arreglo de las casas modulares en las que residen las personas afectadas por el volc\u00e1n. Ya se entreg\u00f3 la relaci\u00f3n de desperfectos y la empresa responsable de las viviendas est\u00e1 avisada para que acometa las reformas con urgencia.<\/p>\n<p>El alcalde, Javier Llamas, insiste en que este grupo de gobierno est\u00e1 haciendo todo lo posible para mejorar la calidad de vida de las personas damnificadas. \u201cEllos no eligieron tener un volc\u00e1n. Ellos no eligieron vivir en la casa en la que ahora se encuentran. En nuestras manos est\u00e1 que tengan las mejores condiciones de vida posibles. Tenemos que dar nuestra mejor versi\u00f3n\u201d, apunta.<\/p>\n<p>El alcalde reitera que la prioridad es que las personas afectadas puedan tener \u201cuna vivienda definitiva y un lugar realmente digno en el que vivir\u201d. En esta l\u00ednea, desde el Ayuntamiento se agiliza la puesta a punto de las tres parcelas cedidas al Icavi yque sirvan de terreno para iniciar la reconstrucci\u00f3n.<\/p>\n<p>Por \u00faltimo, Javier Llamas agradece al Icavi y a su director general, Antonio Ortega, la coordinaci\u00f3n y comprensi\u00f3n con las familias de Los Llanos de Aridane. \u201cEl objetivo est\u00e1 claro y todos remamos en la misma direcci\u00f3n para que, de verdad, las familias damnificadas puedan recuperar sus proyectos de vida\u201d, a\u00f1ade.<\/p>\n","protected":false},"excerpt":{"rendered":"<p>El alcalde insiste en que la prioridad es realojar a las familias afectadas por el volc\u00e1n en viviendas definitivas<\/p>\n","protected":false},"author":4,"featured_media":2932,"comment_status":"open","ping_status":"open","sticky":false,"template":"","format":"standard","meta":{"footnotes":""},"categories":[6],"tags":[],"class_list":["post-2931","post","type-post","status-publish","format-standard","has-post-thumbnail","hentry","category-prensa"],"yoast_head":"<!-- This site is optimized with the Yoast SEO plugin v22.7 - https:\/\/yoast.com\/wordpress\/plugins\/seo\/ -->\n<title>Los Llanos de Aridane coordina con el Icavi los arreglos de las casas modulares - Ayuntamiento de Los Llanos de Aridane<\/title>\n<meta name=\"description\" content=\"El Ayuntamiento de Los Llanos de Aridane coordina con el Instituto Canario de Vivienda (Icavi) el arreglo de las casas modulares\" \/>\n<meta name=\"robots\" content=\"index, follow, max-snippet:-1, max-image-preview:large, max-video-preview:-1\" \/>\n<link rel=\"canonical\" href=\"https:\/\/www.aridane.org\/city\/2023\/11\/17\/los-llanos-de-aridane-coordina-con-el-icavi-los-arreglos-de-las-casas-modulares\/\" \/>\n<meta property=\"og:locale\" content=\"es_ES\" \/>\n<meta property=\"og:type\" content=\"article\" \/>\n<meta property=\"og:title\" content=\"Los Llanos de Aridane coordina con el Icavi los arreglos de las casas modulares - Ayuntamiento de Los Llanos de Aridane\" \/>\n<meta property=\"og:description\" content=\"El Ayuntamiento de Los Llanos de Aridane coordina con el Instituto Canario de Vivienda (Icavi) el arreglo de las casas modulares\" \/>\n<meta property=\"og:url\" content=\"https:\/\/www.aridane.org\/city\/2023\/11\/17\/los-llanos-de-aridane-coordina-con-el-icavi-los-arreglos-de-las-casas-modulares\/\" \/>\n<meta property=\"og:site_name\" content=\"Ayuntamiento de Los Llanos de Aridane\" \/>\n<meta property=\"article:published_time\" content=\"2023-11-17T10:10:12+00:00\" \/>\n<meta property=\"article:modified_time\" content=\"2023-11-20T10:38:06+00:00\" \/>\n<meta property=\"og:image\" content=\"https:\/\/www.aridane.org\/city\/wp-content\/uploads\/2023\/11\/Javier-Llamas-161123.jpeg\" \/>\n\t<meta property=\"og:image:width\" content=\"1024\" \/>\n\t<meta property=\"og:image:height\" content=\"683\" \/>\n\t<meta property=\"og:image:type\" content=\"image\/jpeg\" \/>\n<meta name=\"author\" content=\"Corresponsal\" \/>\n<meta name=\"twitter:card\" content=\"summary_large_image\" \/>\n<meta name=\"twitter:label1\" content=\"Escrito por\" \/>\n\t<meta name=\"twitter:data1\" content=\"Corresponsal\" \/>\n\t<meta name=\"twitter:label2\" content=\"Tiempo de lectura\" \/>\n\t<meta name=\"twitter:data2\" content=\"2 minutos\" \/>\n<script type=\"application\/ld+json\" class=\"yoast-schema-graph\">{\"@context\":\"https:\/\/schema.org\",\"@graph\":[{\"@type\":\"WebPage\",\"@id\":\"https:\/\/www.aridane.org\/city\/2023\/11\/17\/los-llanos-de-aridane-coordina-con-el-icavi-los-arreglos-de-las-casas-modulares\/\",\"url\":\"https:\/\/www.aridane.org\/city\/2023\/11\/17\/los-llanos-de-aridane-coordina-con-el-icavi-los-arreglos-de-las-casas-modulares\/\",\"name\":\"Los Llanos de Aridane coordina con el Icavi los arreglos de las casas modulares - Ayuntamiento de Los Llanos de Aridane\",\"isPartOf\":{\"@id\":\"https:\/\/www.aridane.org\/city\/#website\"},\"primaryImageOfPage\":{\"@id\":\"https:\/\/www.aridane.org\/city\/2023\/11\/17\/los-llanos-de-aridane-coordina-con-el-icavi-los-arreglos-de-las-casas-modulares\/#primaryimage\"},\"image\":{\"@id\":\"https:\/\/www.aridane.org\/city\/2023\/11\/17\/los-llanos-de-aridane-coordina-con-el-icavi-los-arreglos-de-las-casas-modulares\/#primaryimage\"},\"thumbnailUrl\":\"https:\/\/www.aridane.org\/city\/wp-content\/uploads\/2023\/11\/Javier-Llamas-161123.jpeg\",\"datePublished\":\"2023-11-17T10:10:12+00:00\",\"dateModified\":\"2023-11-20T10:38:06+00:00\",\"author\":{\"@id\":\"https:\/\/www.aridane.org\/city\/#\/schema\/person\/89ebd376b223dc94cc1dbcf200c8e6da\"},\"description\":\"El Ayuntamiento de Los Llanos de Aridane coordina con el Instituto Canario de Vivienda (Icavi) el arreglo de las casas modulares\",\"breadcrumb\":{\"@id\":\"https:\/\/www.aridane.org\/city\/2023\/11\/17\/los-llanos-de-aridane-coordina-con-el-icavi-los-arreglos-de-las-casas-modulares\/#breadcrumb\"},\"inLanguage\":\"es\",\"potentialAction\":[{\"@type\":\"ReadAction\",\"target\":[\"https:\/\/www.aridane.org\/city\/2023\/11\/17\/los-llanos-de-aridane-coordina-con-el-icavi-los-arreglos-de-las-casas-modulares\/\"]}]},{\"@type\":\"ImageObject\",\"inLanguage\":\"es\",\"@id\":\"https:\/\/www.aridane.org\/city\/2023\/11\/17\/los-llanos-de-aridane-coordina-con-el-icavi-los-arreglos-de-las-casas-modulares\/#primaryimage\",\"url\":\"https:\/\/www.aridane.org\/city\/wp-content\/uploads\/2023\/11\/Javier-Llamas-161123.jpeg\",\"contentUrl\":\"https:\/\/www.aridane.org\/city\/wp-content\/uploads\/2023\/11\/Javier-Llamas-161123.jpeg\",\"width\":1024,\"height\":683},{\"@type\":\"BreadcrumbList\",\"@id\":\"https:\/\/www.aridane.org\/city\/2023\/11\/17\/los-llanos-de-aridane-coordina-con-el-icavi-los-arreglos-de-las-casas-modulares\/#breadcrumb\",\"itemListElement\":[{\"@type\":\"ListItem\",\"position\":1,\"name\":\"Portada\",\"item\":\"https:\/\/www.aridane.org\/city\/\"},{\"@type\":\"ListItem\",\"position\":2,\"name\":\"Los Llanos de Aridane coordina con el Icavi los arreglos de las casas modulares\"}]},{\"@type\":\"WebSite\",\"@id\":\"https:\/\/www.aridane.org\/city\/#website\",\"url\":\"https:\/\/www.aridane.org\/city\/\",\"name\":\"Ayuntamiento de Los Llanos de Aridane\",\"description\":\"\",\"potentialAction\":[{\"@type\":\"SearchAction\",\"target\":{\"@type\":\"EntryPoint\",\"urlTemplate\":\"https:\/\/www.aridane.org\/city\/?s={search_term_string}\"},\"query-input\":\"required name=search_term_string\"}],\"inLanguage\":\"es\"},{\"@type\":\"Person\",\"@id\":\"https:\/\/www.aridane.org\/city\/#\/schema\/person\/89ebd376b223dc94cc1dbcf200c8e6da\",\"name\":\"Corresponsal\",\"image\":{\"@type\":\"ImageObject\",\"inLanguage\":\"es\",\"@id\":\"https:\/\/www.aridane.org\/city\/#\/schema\/person\/image\/\",\"url\":\"https:\/\/secure.gravatar.com\/avatar\/1c476992411e4ccf153da63b2b2f5ea0bb4cb1c85f3ceab8512f04325ad5579c?s=96&d=mm&r=g\",\"contentUrl\":\"https:\/\/secure.gravatar.com\/avatar\/1c476992411e4ccf153da63b2b2f5ea0bb4cb1c85f3ceab8512f04325ad5579c?s=96&d=mm&r=g\",\"caption\":\"Corresponsal\"},\"url\":\"https:\/\/www.aridane.org\/city\/author\/corresponsal\/\"}]}<\/script>\n<!-- \/ Yoast SEO plugin. -->","yoast_head_json":{"title":"Los Llanos de Aridane coordina con el Icavi los arreglos de las casas modulares - Ayuntamiento de Los Llanos de Aridane","description":"El Ayuntamiento de Los Llanos de Aridane coordina con el Instituto Canario de Vivienda (Icavi) el arreglo de las casas modulares","robots":{"index":"index","follow":"follow","max-snippet":"max-snippet:-1","max-image-preview":"max-image-preview:large","max-video-preview":"max-video-preview:-1"},"canonical":"https:\/\/www.aridane.org\/city\/2023\/11\/17\/los-llanos-de-aridane-coordina-con-el-icavi-los-arreglos-de-las-casas-modulares\/","og_locale":"es_ES","og_type":"article","og_title":"Los Llanos de Aridane coordina con el Icavi los arreglos de las casas modulares - Ayuntamiento de Los Llanos de Aridane","og_description":"El Ayuntamiento de Los Llanos de Aridane coordina con el Instituto Canario de Vivienda (Icavi) el arreglo de las casas modulares","og_url":"https:\/\/www.aridane.org\/city\/2023\/11\/17\/los-llanos-de-aridane-coordina-con-el-icavi-los-arreglos-de-las-casas-modulares\/","og_site_name":"Ayuntamiento de Los Llanos de Aridane","article_published_time":"2023-11-17T10:10:12+00:00","article_modified_time":"2023-11-20T10:38:06+00:00","og_image":[{"width":1024,"height":683,"url":"https:\/\/www.aridane.org\/city\/wp-content\/uploads\/2023\/11\/Javier-Llamas-161123.jpeg","type":"image\/jpeg"}],"author":"Corresponsal","twitter_card":"summary_large_image","twitter_misc":{"Escrito por":"Corresponsal","Tiempo de lectura":"2 minutos"},"schema":{"@context":"https:\/\/schema.org","@graph":[{"@type":"WebPage","@id":"https:\/\/www.aridane.org\/city\/2023\/11\/17\/los-llanos-de-aridane-coordina-con-el-icavi-los-arreglos-de-las-casas-modulares\/","url":"https:\/\/www.aridane.org\/city\/2023\/11\/17\/los-llanos-de-aridane-coordina-con-el-icavi-los-arreglos-de-las-casas-modulares\/","name":"Los Llanos de Aridane coordina con el Icavi los arreglos de las casas modulares - Ayuntamiento de Los Llanos de Aridane","isPartOf":{"@id":"https:\/\/www.aridane.org\/city\/#website"},"primaryImageOfPage":{"@id":"https:\/\/www.aridane.org\/city\/2023\/11\/17\/los-llanos-de-aridane-coordina-con-el-icavi-los-arreglos-de-las-casas-modulares\/#primaryimage"},"image":{"@id":"https:\/\/www.aridane.org\/city\/2023\/11\/17\/los-llanos-de-aridane-coordina-con-el-icavi-los-arreglos-de-las-casas-modulares\/#primaryimage"},"thumbnailUrl":"https:\/\/www.aridane.org\/city\/wp-content\/uploads\/2023\/11\/Javier-Llamas-161123.jpeg","datePublished":"2023-11-17T10:10:12+00:00","dateModified":"2023-11-20T10:38:06+00:00","author":{"@id":"https:\/\/www.aridane.org\/city\/#\/schema\/person\/89ebd376b223dc94cc1dbcf200c8e6da"},"description":"El Ayuntamiento de Los Llanos de Aridane coordina con el Instituto Canario de Vivienda (Icavi) el arreglo de las casas modulares","breadcrumb":{"@id":"https:\/\/www.aridane.org\/city\/2023\/11\/17\/los-llanos-de-aridane-coordina-con-el-icavi-los-arreglos-de-las-casas-modulares\/#breadcrumb"},"inLanguage":"es","potentialAction":[{"@type":"ReadAction","target":["https:\/\/www.aridane.org\/city\/2023\/11\/17\/los-llanos-de-aridane-coordina-con-el-icavi-los-arreglos-de-las-casas-modulares\/"]}]},{"@type":"ImageObject","inLanguage":"es","@id":"https:\/\/www.aridane.org\/city\/2023\/11\/17\/los-llanos-de-aridane-coordina-con-el-icavi-los-arreglos-de-las-casas-modulares\/#primaryimage","url":"https:\/\/www.aridane.org\/city\/wp-content\/uploads\/2023\/11\/Javier-Llamas-161123.jpeg","contentUrl":"https:\/\/www.aridane.org\/city\/wp-content\/uploads\/2023\/11\/Javier-Llamas-161123.jpeg","width":1024,"height":683},{"@type":"BreadcrumbList","@id":"https:\/\/www.aridane.org\/city\/2023\/11\/17\/los-llanos-de-aridane-coordina-con-el-icavi-los-arreglos-de-las-casas-modulares\/#breadcrumb","itemListElement":[{"@type":"ListItem","position":1,"name":"Portada","item":"https:\/\/www.aridane.org\/city\/"},{"@type":"ListItem","position":2,"name":"Los Llanos de Aridane coordina con el Icavi los arreglos de las casas modulares"}]},{"@type":"WebSite","@id":"https:\/\/www.aridane.org\/city\/#website","url":"https:\/\/www.aridane.org\/city\/","name":"Ayuntamiento de Los Llanos de Aridane","description":"","potentialAction":[{"@type":"SearchAction","target":{"@type":"EntryPoint","urlTemplate":"https:\/\/www.aridane.org\/city\/?s={search_term_string}"},"query-input":"required name=search_term_string"}],"inLanguage":"es"},{"@type":"Person","@id":"https:\/\/www.aridane.org\/city\/#\/schema\/person\/89ebd376b223dc94cc1dbcf200c8e6da","name":"Corresponsal","image":{"@type":"ImageObject","inLanguage":"es","@id":"https:\/\/www.aridane.org\/city\/#\/schema\/person\/image\/","url":"https:\/\/secure.gravatar.com\/avatar\/1c476992411e4ccf153da63b2b2f5ea0bb4cb1c85f3ceab8512f04325ad5579c?s=96&d=mm&r=g","contentUrl":"https:\/\/secure.gravatar.com\/avatar\/1c476992411e4ccf153da63b2b2f5ea0bb4cb1c85f3ceab8512f04325ad5579c?s=96&d=mm&r=g","caption":"Corresponsal"},"url":"https:\/\/www.aridane.org\/city\/author\/corresponsal\/"}]}},"_links":{"self":[{"href":"https:\/\/www.aridane.org\/city\/wp-json\/wp\/v2\/posts\/2931","targetHints":{"allow":["GET"]}}],"collection":[{"href":"https:\/\/www.aridane.org\/city\/wp-json\/wp\/v2\/posts"}],"about":[{"href":"https:\/\/www.aridane.org\/city\/wp-json\/wp\/v2\/types\/post"}],"author":[{"embeddable":true,"href":"https:\/\/www.aridane.org\/city\/wp-json\/wp\/v2\/users\/4"}],"replies":[{"embeddable":true,"href":"https:\/\/www.aridane.org\/city\/wp-json\/wp\/v2\/comments?post=2931"}],"version-history":[{"count":1,"href":"https:\/\/www.aridane.org\/city\/wp-json\/wp\/v2\/posts\/2931\/revisions"}],"predecessor-version":[{"id":2933,"href":"https:\/\/www.aridane.org\/city\/wp-json\/wp\/v2\/posts\/2931\/revisions\/2933"}],"wp:featuredmedia":[{"embeddable":true,"href":"https:\/\/www.aridane.org\/city\/wp-json\/wp\/v2\/media\/2932"}],"wp:attachment":[{"href":"https:\/\/www.aridane.org\/city\/wp-json\/wp\/v2\/media?parent=2931"}],"wp:term":[{"taxonomy":"category","embeddable":true,"href":"https:\/\/www.aridane.org\/city\/wp-json\/wp\/v2\/categories?post=2931"},{"taxonomy":"post_tag","embeddable":true,"href":"https:\/\/www.aridane.org\/city\/wp-json\/wp\/v2\/tags?post=2931"}],"curies":[{"name":"wp","href":"https:\/\/api.w.org\/{rel}","templated":true}]}}