{"id":2945,"date":"2023-11-22T08:33:14","date_gmt":"2023-11-22T08:33:14","guid":{"rendered":"https:\/\/www.aridane.org\/city\/?p=2945"},"modified":"2023-11-22T08:34:27","modified_gmt":"2023-11-22T08:34:27","slug":"el-museo-en-la-calle-de-los-llanos-de-aridane-suma-una-nueva-obra","status":"publish","type":"post","link":"https:\/\/www.aridane.org\/city\/2023\/11\/22\/el-museo-en-la-calle-de-los-llanos-de-aridane-suma-una-nueva-obra\/","title":{"rendered":"El museo en la calle de Los Llanos de Aridane suma una nueva obra"},"content":{"rendered":"<p><em>Se trata de una creaci\u00f3n de la artista Ele.Zissou en la que retrata de forma colorida sus experiencias en La Palma<\/em><\/p>\n<div id=\"v1forwardbody1\">\n<p>El Ayuntamiento de Los Llanos de Aridane incorpora una nueva obra a la CEMFAC (La Ciudad en el Museo, Foro de Arte Contempor\u00e1neo). Se trata de una creaci\u00f3n de la artista Elena Gonz\u00e1lez -m\u00e1s conocida como Ele.Zissou- titulada\u00a0<em>La Palma Treasures<\/em>. Se sit\u00faa en el muro exterior de las canchas entre los pabellones Severo Rodr\u00edguez y Camilo Le\u00f3n en la Calle Ram\u00f3n Pol.<\/p>\n<p>La concejala de Cultura, Marlene Gonz\u00e1lez, sostiene la importancia de seguir potenciando la Ciudad en el Museo, iniciativa que considera clave. \u201cLlenar de arte nuestra calles no s\u00f3lo embellece nuestro entorno, sino que estimula el talento, la cultura y la creatividad\u201d, apunta.<\/p>\n<p>En este sentido, el alcalde, Javier Llamas, reitera la apuesta de este grupo de gobierno a la hora de consolidar la CEMFAC como referente cultural, art\u00edstico y patrimonial. \u201cEstas obras de arte son un sello distintivo que nos ayudan a hacer de Los Llanos de Aridane un municipio m\u00e1s contempor\u00e1neo y din\u00e1mico\u201d, apunta.<\/p>\n<p>Cabe recordar que el pasado 5 de octubre, en l\u00ednea con el compromiso de potenciar la Ciudad en el Museo, el Ayuntamiento present\u00f3\u00a0<a href=\"https:\/\/cemfac.com\/\" target=\"_blank\" rel=\"noopener noreferrer\">una nueva web de la CEMFAC<\/a>\u00a0y un libro cat\u00e1logo que cuenta con textos cr\u00edticos, rese\u00f1as, descripciones, y an\u00e1lisis formal de las piezas que componen esta singular y \u00fanica pinacoteca.<\/p>\n<h2><strong>\u2018La Palma Treasures\u2019<\/strong><\/h2>\n<p>En la obra para la CEMFAC, La Palma Treasures, podemos adentrarnos en su visi\u00f3n personal de la isla por parte de la autora, as\u00ed como un recorrido por los lugares que transit\u00f3 en una visita previa.<\/p>\n<p>Se trata de una mezcla entre monta\u00f1a, mar y cielo; vegetaci\u00f3n exuberante, el Roque de los Muchachos y su mar de nubes, La Caldera de Taburiente y sus bosques de pinos, los cielos estrellados, una tierra marcada y cicatrizada por volcanes.<\/p>\n<p>Todo ello acompa\u00f1ado de personajes de la factor\u00eda de esta pintora que pasean (o bucean) por los \u201cmil y un rincones\u201d que componen esta isla. Un nuevo para\u00edso natural que esta joven creadora pl\u00e1stica ha querido transmitir de esta forma tan colorida, aportando a su vez alegr\u00eda y luz a un entorno donde predominan las arquitecturas y espacios grises y neutros.<\/p>\n<p>Con este mural de casi setenta metros cuadrados de superficie, Ele.Zissou regala una parte de su colorido imaginario en el que podemos discernir sobre la psicolog\u00eda de color, en la que se llega a sentir que cada color tiene una poderosa influencia sobre el estado de \u00e1nimo y mental del observador.<\/p>\n<h2><strong>Detalles de la autora<\/strong><\/h2>\n<p>Cabe apuntar que Ele.Zissou es una joven ilustradora y muralista procedente de un peque\u00f1o pueblo de Salamanca y que reside en la actualidad en Barcelona.<\/p>\n<p>Su obra se inspira en la naturaleza, en vivencias de su infancia, en series de animaci\u00f3n y en otros artistas contempor\u00e1neos a los que admira, creando, de esta manera, su propio universo lleno de personajes alegres, m\u00e1gicos y llenos de color siempre rodeados por elementos inspirados en la naturaleza, siendo esta su mayor inspiraci\u00f3n ya que se siente muy unida a ella desde peque\u00f1a.<\/p>\n<p>A nivel t\u00e9cnico, destaca por el uso de una paleta limitada de colores planos y vivos que distribuye de manera equilibrada en sus composiciones. Al crear sus obras, espera que el espectador pueda transportarse a ese universo y vivir en \u00e9l por un momento. Su trabajo abarca desde la ilustraci\u00f3n y el dise\u00f1o de personajes hasta la pintura mural, desde su peque\u00f1a pantalla de ordenador a grandes muros. Pintar murales le permite llevar su trabajo como ilustradora a un soporte vivo donde involucrar todo su cuerpo, donde poder transformar espacios y conectar con las personas.<\/p>\n<\/div>\n","protected":false},"excerpt":{"rendered":"<p>Se trata de una creaci\u00f3n de la artista Ele.Zissou en la que retrata de forma colorida sus experiencias en La Palma El Ayuntamiento de Los Llanos de Aridane incorpora una nueva obra a la CEMFAC (La Ciudad en el Museo, Foro de Arte Contempor\u00e1neo). Se&#8230;<\/p>\n","protected":false},"author":4,"featured_media":2947,"comment_status":"open","ping_status":"open","sticky":false,"template":"","format":"standard","meta":{"footnotes":""},"categories":[1],"tags":[],"class_list":["post-2945","post","type-post","status-publish","format-standard","has-post-thumbnail","hentry","category-sin-categoria"],"yoast_head":"<!-- This site is optimized with the Yoast SEO plugin v22.7 - https:\/\/yoast.com\/wordpress\/plugins\/seo\/ -->\n<title>El museo en la calle de Los Llanos de Aridane suma una nueva obra - Ayuntamiento de Los Llanos de Aridane<\/title>\n<meta name=\"robots\" content=\"index, follow, max-snippet:-1, max-image-preview:large, max-video-preview:-1\" \/>\n<link rel=\"canonical\" href=\"https:\/\/www.aridane.org\/city\/2023\/11\/22\/el-museo-en-la-calle-de-los-llanos-de-aridane-suma-una-nueva-obra\/\" \/>\n<meta property=\"og:locale\" content=\"es_ES\" \/>\n<meta property=\"og:type\" content=\"article\" \/>\n<meta property=\"og:title\" content=\"El museo en la calle de Los Llanos de Aridane suma una nueva obra - Ayuntamiento de Los Llanos de Aridane\" \/>\n<meta property=\"og:description\" content=\"Se trata de una creaci\u00f3n de la artista Ele.Zissou en la que retrata de forma colorida sus experiencias en La Palma El Ayuntamiento de Los Llanos de Aridane incorpora una nueva obra a la CEMFAC (La Ciudad en el Museo, Foro de Arte Contempor\u00e1neo). Se...\" \/>\n<meta property=\"og:url\" content=\"https:\/\/www.aridane.org\/city\/2023\/11\/22\/el-museo-en-la-calle-de-los-llanos-de-aridane-suma-una-nueva-obra\/\" \/>\n<meta property=\"og:site_name\" content=\"Ayuntamiento de Los Llanos de Aridane\" \/>\n<meta property=\"article:published_time\" content=\"2023-11-22T08:33:14+00:00\" \/>\n<meta property=\"article:modified_time\" content=\"2023-11-22T08:34:27+00:00\" \/>\n<meta property=\"og:image\" content=\"https:\/\/www.aridane.org\/city\/wp-content\/uploads\/2023\/11\/Mural-Ele.Zissou.jpg\" \/>\n\t<meta property=\"og:image:width\" content=\"1600\" \/>\n\t<meta property=\"og:image:height\" content=\"1069\" \/>\n\t<meta property=\"og:image:type\" content=\"image\/jpeg\" \/>\n<meta name=\"author\" content=\"Corresponsal\" \/>\n<meta name=\"twitter:card\" content=\"summary_large_image\" \/>\n<meta name=\"twitter:label1\" content=\"Escrito por\" \/>\n\t<meta name=\"twitter:data1\" content=\"Corresponsal\" \/>\n\t<meta name=\"twitter:label2\" content=\"Tiempo de lectura\" \/>\n\t<meta name=\"twitter:data2\" content=\"3 minutos\" \/>\n<script type=\"application\/ld+json\" class=\"yoast-schema-graph\">{\"@context\":\"https:\/\/schema.org\",\"@graph\":[{\"@type\":\"WebPage\",\"@id\":\"https:\/\/www.aridane.org\/city\/2023\/11\/22\/el-museo-en-la-calle-de-los-llanos-de-aridane-suma-una-nueva-obra\/\",\"url\":\"https:\/\/www.aridane.org\/city\/2023\/11\/22\/el-museo-en-la-calle-de-los-llanos-de-aridane-suma-una-nueva-obra\/\",\"name\":\"El museo en la calle de Los Llanos de Aridane suma una nueva obra - Ayuntamiento de Los Llanos de Aridane\",\"isPartOf\":{\"@id\":\"https:\/\/www.aridane.org\/city\/#website\"},\"primaryImageOfPage\":{\"@id\":\"https:\/\/www.aridane.org\/city\/2023\/11\/22\/el-museo-en-la-calle-de-los-llanos-de-aridane-suma-una-nueva-obra\/#primaryimage\"},\"image\":{\"@id\":\"https:\/\/www.aridane.org\/city\/2023\/11\/22\/el-museo-en-la-calle-de-los-llanos-de-aridane-suma-una-nueva-obra\/#primaryimage\"},\"thumbnailUrl\":\"https:\/\/www.aridane.org\/city\/wp-content\/uploads\/2023\/11\/Mural-Ele.Zissou.jpg\",\"datePublished\":\"2023-11-22T08:33:14+00:00\",\"dateModified\":\"2023-11-22T08:34:27+00:00\",\"author\":{\"@id\":\"https:\/\/www.aridane.org\/city\/#\/schema\/person\/89ebd376b223dc94cc1dbcf200c8e6da\"},\"breadcrumb\":{\"@id\":\"https:\/\/www.aridane.org\/city\/2023\/11\/22\/el-museo-en-la-calle-de-los-llanos-de-aridane-suma-una-nueva-obra\/#breadcrumb\"},\"inLanguage\":\"es\",\"potentialAction\":[{\"@type\":\"ReadAction\",\"target\":[\"https:\/\/www.aridane.org\/city\/2023\/11\/22\/el-museo-en-la-calle-de-los-llanos-de-aridane-suma-una-nueva-obra\/\"]}]},{\"@type\":\"ImageObject\",\"inLanguage\":\"es\",\"@id\":\"https:\/\/www.aridane.org\/city\/2023\/11\/22\/el-museo-en-la-calle-de-los-llanos-de-aridane-suma-una-nueva-obra\/#primaryimage\",\"url\":\"https:\/\/www.aridane.org\/city\/wp-content\/uploads\/2023\/11\/Mural-Ele.Zissou.jpg\",\"contentUrl\":\"https:\/\/www.aridane.org\/city\/wp-content\/uploads\/2023\/11\/Mural-Ele.Zissou.jpg\",\"width\":1600,\"height\":1069},{\"@type\":\"BreadcrumbList\",\"@id\":\"https:\/\/www.aridane.org\/city\/2023\/11\/22\/el-museo-en-la-calle-de-los-llanos-de-aridane-suma-una-nueva-obra\/#breadcrumb\",\"itemListElement\":[{\"@type\":\"ListItem\",\"position\":1,\"name\":\"Portada\",\"item\":\"https:\/\/www.aridane.org\/city\/\"},{\"@type\":\"ListItem\",\"position\":2,\"name\":\"El museo en la calle de Los Llanos de Aridane suma una nueva obra\"}]},{\"@type\":\"WebSite\",\"@id\":\"https:\/\/www.aridane.org\/city\/#website\",\"url\":\"https:\/\/www.aridane.org\/city\/\",\"name\":\"Ayuntamiento de Los Llanos de Aridane\",\"description\":\"\",\"potentialAction\":[{\"@type\":\"SearchAction\",\"target\":{\"@type\":\"EntryPoint\",\"urlTemplate\":\"https:\/\/www.aridane.org\/city\/?s={search_term_string}\"},\"query-input\":\"required name=search_term_string\"}],\"inLanguage\":\"es\"},{\"@type\":\"Person\",\"@id\":\"https:\/\/www.aridane.org\/city\/#\/schema\/person\/89ebd376b223dc94cc1dbcf200c8e6da\",\"name\":\"Corresponsal\",\"image\":{\"@type\":\"ImageObject\",\"inLanguage\":\"es\",\"@id\":\"https:\/\/www.aridane.org\/city\/#\/schema\/person\/image\/\",\"url\":\"https:\/\/secure.gravatar.com\/avatar\/1c476992411e4ccf153da63b2b2f5ea0bb4cb1c85f3ceab8512f04325ad5579c?s=96&d=mm&r=g\",\"contentUrl\":\"https:\/\/secure.gravatar.com\/avatar\/1c476992411e4ccf153da63b2b2f5ea0bb4cb1c85f3ceab8512f04325ad5579c?s=96&d=mm&r=g\",\"caption\":\"Corresponsal\"},\"url\":\"https:\/\/www.aridane.org\/city\/author\/corresponsal\/\"}]}<\/script>\n<!-- \/ Yoast SEO plugin. -->","yoast_head_json":{"title":"El museo en la calle de Los Llanos de Aridane suma una nueva obra - Ayuntamiento de Los Llanos de Aridane","robots":{"index":"index","follow":"follow","max-snippet":"max-snippet:-1","max-image-preview":"max-image-preview:large","max-video-preview":"max-video-preview:-1"},"canonical":"https:\/\/www.aridane.org\/city\/2023\/11\/22\/el-museo-en-la-calle-de-los-llanos-de-aridane-suma-una-nueva-obra\/","og_locale":"es_ES","og_type":"article","og_title":"El museo en la calle de Los Llanos de Aridane suma una nueva obra - Ayuntamiento de Los Llanos de Aridane","og_description":"Se trata de una creaci\u00f3n de la artista Ele.Zissou en la que retrata de forma colorida sus experiencias en La Palma El Ayuntamiento de Los Llanos de Aridane incorpora una nueva obra a la CEMFAC (La Ciudad en el Museo, Foro de Arte Contempor\u00e1neo). Se...","og_url":"https:\/\/www.aridane.org\/city\/2023\/11\/22\/el-museo-en-la-calle-de-los-llanos-de-aridane-suma-una-nueva-obra\/","og_site_name":"Ayuntamiento de Los Llanos de Aridane","article_published_time":"2023-11-22T08:33:14+00:00","article_modified_time":"2023-11-22T08:34:27+00:00","og_image":[{"width":1600,"height":1069,"url":"https:\/\/www.aridane.org\/city\/wp-content\/uploads\/2023\/11\/Mural-Ele.Zissou.jpg","type":"image\/jpeg"}],"author":"Corresponsal","twitter_card":"summary_large_image","twitter_misc":{"Escrito por":"Corresponsal","Tiempo de lectura":"3 minutos"},"schema":{"@context":"https:\/\/schema.org","@graph":[{"@type":"WebPage","@id":"https:\/\/www.aridane.org\/city\/2023\/11\/22\/el-museo-en-la-calle-de-los-llanos-de-aridane-suma-una-nueva-obra\/","url":"https:\/\/www.aridane.org\/city\/2023\/11\/22\/el-museo-en-la-calle-de-los-llanos-de-aridane-suma-una-nueva-obra\/","name":"El museo en la calle de Los Llanos de Aridane suma una nueva obra - Ayuntamiento de Los Llanos de Aridane","isPartOf":{"@id":"https:\/\/www.aridane.org\/city\/#website"},"primaryImageOfPage":{"@id":"https:\/\/www.aridane.org\/city\/2023\/11\/22\/el-museo-en-la-calle-de-los-llanos-de-aridane-suma-una-nueva-obra\/#primaryimage"},"image":{"@id":"https:\/\/www.aridane.org\/city\/2023\/11\/22\/el-museo-en-la-calle-de-los-llanos-de-aridane-suma-una-nueva-obra\/#primaryimage"},"thumbnailUrl":"https:\/\/www.aridane.org\/city\/wp-content\/uploads\/2023\/11\/Mural-Ele.Zissou.jpg","datePublished":"2023-11-22T08:33:14+00:00","dateModified":"2023-11-22T08:34:27+00:00","author":{"@id":"https:\/\/www.aridane.org\/city\/#\/schema\/person\/89ebd376b223dc94cc1dbcf200c8e6da"},"breadcrumb":{"@id":"https:\/\/www.aridane.org\/city\/2023\/11\/22\/el-museo-en-la-calle-de-los-llanos-de-aridane-suma-una-nueva-obra\/#breadcrumb"},"inLanguage":"es","potentialAction":[{"@type":"ReadAction","target":["https:\/\/www.aridane.org\/city\/2023\/11\/22\/el-museo-en-la-calle-de-los-llanos-de-aridane-suma-una-nueva-obra\/"]}]},{"@type":"ImageObject","inLanguage":"es","@id":"https:\/\/www.aridane.org\/city\/2023\/11\/22\/el-museo-en-la-calle-de-los-llanos-de-aridane-suma-una-nueva-obra\/#primaryimage","url":"https:\/\/www.aridane.org\/city\/wp-content\/uploads\/2023\/11\/Mural-Ele.Zissou.jpg","contentUrl":"https:\/\/www.aridane.org\/city\/wp-content\/uploads\/2023\/11\/Mural-Ele.Zissou.jpg","width":1600,"height":1069},{"@type":"BreadcrumbList","@id":"https:\/\/www.aridane.org\/city\/2023\/11\/22\/el-museo-en-la-calle-de-los-llanos-de-aridane-suma-una-nueva-obra\/#breadcrumb","itemListElement":[{"@type":"ListItem","position":1,"name":"Portada","item":"https:\/\/www.aridane.org\/city\/"},{"@type":"ListItem","position":2,"name":"El museo en la calle de Los Llanos de Aridane suma una nueva obra"}]},{"@type":"WebSite","@id":"https:\/\/www.aridane.org\/city\/#website","url":"https:\/\/www.aridane.org\/city\/","name":"Ayuntamiento de Los Llanos de Aridane","description":"","potentialAction":[{"@type":"SearchAction","target":{"@type":"EntryPoint","urlTemplate":"https:\/\/www.aridane.org\/city\/?s={search_term_string}"},"query-input":"required name=search_term_string"}],"inLanguage":"es"},{"@type":"Person","@id":"https:\/\/www.aridane.org\/city\/#\/schema\/person\/89ebd376b223dc94cc1dbcf200c8e6da","name":"Corresponsal","image":{"@type":"ImageObject","inLanguage":"es","@id":"https:\/\/www.aridane.org\/city\/#\/schema\/person\/image\/","url":"https:\/\/secure.gravatar.com\/avatar\/1c476992411e4ccf153da63b2b2f5ea0bb4cb1c85f3ceab8512f04325ad5579c?s=96&d=mm&r=g","contentUrl":"https:\/\/secure.gravatar.com\/avatar\/1c476992411e4ccf153da63b2b2f5ea0bb4cb1c85f3ceab8512f04325ad5579c?s=96&d=mm&r=g","caption":"Corresponsal"},"url":"https:\/\/www.aridane.org\/city\/author\/corresponsal\/"}]}},"_links":{"self":[{"href":"https:\/\/www.aridane.org\/city\/wp-json\/wp\/v2\/posts\/2945","targetHints":{"allow":["GET"]}}],"collection":[{"href":"https:\/\/www.aridane.org\/city\/wp-json\/wp\/v2\/posts"}],"about":[{"href":"https:\/\/www.aridane.org\/city\/wp-json\/wp\/v2\/types\/post"}],"author":[{"embeddable":true,"href":"https:\/\/www.aridane.org\/city\/wp-json\/wp\/v2\/users\/4"}],"replies":[{"embeddable":true,"href":"https:\/\/www.aridane.org\/city\/wp-json\/wp\/v2\/comments?post=2945"}],"version-history":[{"count":2,"href":"https:\/\/www.aridane.org\/city\/wp-json\/wp\/v2\/posts\/2945\/revisions"}],"predecessor-version":[{"id":2948,"href":"https:\/\/www.aridane.org\/city\/wp-json\/wp\/v2\/posts\/2945\/revisions\/2948"}],"wp:featuredmedia":[{"embeddable":true,"href":"https:\/\/www.aridane.org\/city\/wp-json\/wp\/v2\/media\/2947"}],"wp:attachment":[{"href":"https:\/\/www.aridane.org\/city\/wp-json\/wp\/v2\/media?parent=2945"}],"wp:term":[{"taxonomy":"category","embeddable":true,"href":"https:\/\/www.aridane.org\/city\/wp-json\/wp\/v2\/categories?post=2945"},{"taxonomy":"post_tag","embeddable":true,"href":"https:\/\/www.aridane.org\/city\/wp-json\/wp\/v2\/tags?post=2945"}],"curies":[{"name":"wp","href":"https:\/\/api.w.org\/{rel}","templated":true}]}}