{"id":2957,"date":"2023-11-24T15:30:34","date_gmt":"2023-11-24T15:30:34","guid":{"rendered":"https:\/\/www.aridane.org\/city\/?p=2957"},"modified":"2023-11-24T15:30:34","modified_gmt":"2023-11-24T15:30:34","slug":"los-llanos-de-aridane-homenajea-la-diversidad-con-un-mural-en-el-ies-jose-maria-perez-pulido","status":"publish","type":"post","link":"https:\/\/www.aridane.org\/city\/2023\/11\/24\/los-llanos-de-aridane-homenajea-la-diversidad-con-un-mural-en-el-ies-jose-maria-perez-pulido\/","title":{"rendered":"Los Llanos de Aridane homenajea la diversidad con un mural en el IES Jos\u00e9 Mar\u00eda P\u00e9rez Pulido"},"content":{"rendered":"<p><em>Se trata de una acci\u00f3n enmarcada dentro de los actos del Ayuntamiento con motivo del 25N<\/em><!--more--><\/p>\n<p>El Ayuntamiento de Los Llanos de Aridane, en el marco de los actos con motivo del 25N (D\u00eda de la Eliminaci\u00f3n de la Violencia contra la Mujer), inaugura -junto a la directiva del IES Jos\u00e9 Mar\u00eda P\u00e9rez Pulido- el mural\u00a0<em>El color de la diversidad.\u00a0<\/em><\/p>\n<p>Se trata de<em>\u00a0<\/em>una obra<em>\u00a0<\/em>de la artista Andrea Trigos, tambi\u00e9n conocida como \u2018andreamitaniart\u2019, que persigue \u201cunificar, mediante la herramienta art\u00edstica, la igualdad, la integraci\u00f3n y la diversidad en toda su extensi\u00f3n posible\u201d, explica.<\/p>\n<p>La concejala de Igualdad, Idaira P\u00e9rez, resalta el impacto del arte a la hora de transmitir valores. \u201cEn estos d\u00edas m\u00e1s que nunca promocionamos el respeto y el feminismo. El poder visual de este mural es una herramienta poderosa para lograr esa sociedad que tanto ansiamos\u201d, a\u00f1ade, incidiendo en la importancia que tiene sensibilizar a las nuevas generaciones en estos valores.<\/p>\n<p>En esta l\u00ednea, el alcalde, Javier Llamas, destaca el compromiso del grupo de gobierno a la hora de promover la inclusi\u00f3n y la diversidad, al tiempo que se desaf\u00edan estereotipos y se construye un municipio m\u00e1s tolerante.<\/p>\n<h2><strong>\u2018El color de la diversidad\u2019<\/strong><\/h2>\n<p><em>El color de la diversidad\u00a0<\/em>es una composici\u00f3n pict\u00f3rica en formato mural con un paisaje de color con distintos elementos alusivos a la diversidad humana.<\/p>\n<p>Algunos de ellos, explica Andrea Trigos, \u201cson manos de diferentes tonos de piel entre naturaleza, formando parte de la flora del paisaje, un paisaje diverso, conjunto y en fusi\u00f3n, representado por elementos org\u00e1nicos a modo de integraci\u00f3n est\u00e9tica, con mensajes referentes a la unidad de causas reivindicativas entre naturaleza y color, tal cual es la variedad de la diversidad\u201d.<\/p>\n","protected":false},"excerpt":{"rendered":"<p>Se trata de una acci\u00f3n enmarcada dentro de los actos del Ayuntamiento con motivo del 25N<\/p>\n","protected":false},"author":4,"featured_media":2958,"comment_status":"open","ping_status":"open","sticky":false,"template":"","format":"standard","meta":{"footnotes":""},"categories":[6],"tags":[],"class_list":["post-2957","post","type-post","status-publish","format-standard","has-post-thumbnail","hentry","category-prensa"],"yoast_head":"<!-- This site is optimized with the Yoast SEO plugin v22.7 - https:\/\/yoast.com\/wordpress\/plugins\/seo\/ -->\n<title>Los Llanos de Aridane homenajea la diversidad con un mural en el IES Jos\u00e9 Mar\u00eda P\u00e9rez Pulido - Ayuntamiento de Los Llanos de Aridane<\/title>\n<meta name=\"robots\" content=\"index, follow, max-snippet:-1, max-image-preview:large, max-video-preview:-1\" \/>\n<link rel=\"canonical\" href=\"https:\/\/www.aridane.org\/city\/2023\/11\/24\/los-llanos-de-aridane-homenajea-la-diversidad-con-un-mural-en-el-ies-jose-maria-perez-pulido\/\" \/>\n<meta property=\"og:locale\" content=\"es_ES\" \/>\n<meta property=\"og:type\" content=\"article\" \/>\n<meta property=\"og:title\" content=\"Los Llanos de Aridane homenajea la diversidad con un mural en el IES Jos\u00e9 Mar\u00eda P\u00e9rez Pulido - Ayuntamiento de Los Llanos de Aridane\" \/>\n<meta property=\"og:description\" content=\"Se trata de una acci\u00f3n enmarcada dentro de los actos del Ayuntamiento con motivo del 25N\" \/>\n<meta property=\"og:url\" content=\"https:\/\/www.aridane.org\/city\/2023\/11\/24\/los-llanos-de-aridane-homenajea-la-diversidad-con-un-mural-en-el-ies-jose-maria-perez-pulido\/\" \/>\n<meta property=\"og:site_name\" content=\"Ayuntamiento de Los Llanos de Aridane\" \/>\n<meta property=\"article:published_time\" content=\"2023-11-24T15:30:34+00:00\" \/>\n<meta property=\"og:image\" content=\"https:\/\/www.aridane.org\/city\/wp-content\/uploads\/2023\/11\/WhatsApp-Image-2023-11-24-at-11.17.50.jpeg\" \/>\n\t<meta property=\"og:image:width\" content=\"1600\" \/>\n\t<meta property=\"og:image:height\" content=\"1200\" \/>\n\t<meta property=\"og:image:type\" content=\"image\/jpeg\" \/>\n<meta name=\"author\" content=\"Corresponsal\" \/>\n<meta name=\"twitter:card\" content=\"summary_large_image\" \/>\n<meta name=\"twitter:label1\" content=\"Escrito por\" \/>\n\t<meta name=\"twitter:data1\" content=\"Corresponsal\" \/>\n\t<meta name=\"twitter:label2\" content=\"Tiempo de lectura\" \/>\n\t<meta name=\"twitter:data2\" content=\"2 minutos\" \/>\n<script type=\"application\/ld+json\" class=\"yoast-schema-graph\">{\"@context\":\"https:\/\/schema.org\",\"@graph\":[{\"@type\":\"WebPage\",\"@id\":\"https:\/\/www.aridane.org\/city\/2023\/11\/24\/los-llanos-de-aridane-homenajea-la-diversidad-con-un-mural-en-el-ies-jose-maria-perez-pulido\/\",\"url\":\"https:\/\/www.aridane.org\/city\/2023\/11\/24\/los-llanos-de-aridane-homenajea-la-diversidad-con-un-mural-en-el-ies-jose-maria-perez-pulido\/\",\"name\":\"Los Llanos de Aridane homenajea la diversidad con un mural en el IES Jos\u00e9 Mar\u00eda P\u00e9rez Pulido - Ayuntamiento de Los Llanos de Aridane\",\"isPartOf\":{\"@id\":\"https:\/\/www.aridane.org\/city\/#website\"},\"primaryImageOfPage\":{\"@id\":\"https:\/\/www.aridane.org\/city\/2023\/11\/24\/los-llanos-de-aridane-homenajea-la-diversidad-con-un-mural-en-el-ies-jose-maria-perez-pulido\/#primaryimage\"},\"image\":{\"@id\":\"https:\/\/www.aridane.org\/city\/2023\/11\/24\/los-llanos-de-aridane-homenajea-la-diversidad-con-un-mural-en-el-ies-jose-maria-perez-pulido\/#primaryimage\"},\"thumbnailUrl\":\"https:\/\/www.aridane.org\/city\/wp-content\/uploads\/2023\/11\/WhatsApp-Image-2023-11-24-at-11.17.50.jpeg\",\"datePublished\":\"2023-11-24T15:30:34+00:00\",\"dateModified\":\"2023-11-24T15:30:34+00:00\",\"author\":{\"@id\":\"https:\/\/www.aridane.org\/city\/#\/schema\/person\/89ebd376b223dc94cc1dbcf200c8e6da\"},\"breadcrumb\":{\"@id\":\"https:\/\/www.aridane.org\/city\/2023\/11\/24\/los-llanos-de-aridane-homenajea-la-diversidad-con-un-mural-en-el-ies-jose-maria-perez-pulido\/#breadcrumb\"},\"inLanguage\":\"es\",\"potentialAction\":[{\"@type\":\"ReadAction\",\"target\":[\"https:\/\/www.aridane.org\/city\/2023\/11\/24\/los-llanos-de-aridane-homenajea-la-diversidad-con-un-mural-en-el-ies-jose-maria-perez-pulido\/\"]}]},{\"@type\":\"ImageObject\",\"inLanguage\":\"es\",\"@id\":\"https:\/\/www.aridane.org\/city\/2023\/11\/24\/los-llanos-de-aridane-homenajea-la-diversidad-con-un-mural-en-el-ies-jose-maria-perez-pulido\/#primaryimage\",\"url\":\"https:\/\/www.aridane.org\/city\/wp-content\/uploads\/2023\/11\/WhatsApp-Image-2023-11-24-at-11.17.50.jpeg\",\"contentUrl\":\"https:\/\/www.aridane.org\/city\/wp-content\/uploads\/2023\/11\/WhatsApp-Image-2023-11-24-at-11.17.50.jpeg\",\"width\":1600,\"height\":1200},{\"@type\":\"BreadcrumbList\",\"@id\":\"https:\/\/www.aridane.org\/city\/2023\/11\/24\/los-llanos-de-aridane-homenajea-la-diversidad-con-un-mural-en-el-ies-jose-maria-perez-pulido\/#breadcrumb\",\"itemListElement\":[{\"@type\":\"ListItem\",\"position\":1,\"name\":\"Portada\",\"item\":\"https:\/\/www.aridane.org\/city\/\"},{\"@type\":\"ListItem\",\"position\":2,\"name\":\"Los Llanos de Aridane homenajea la diversidad con un mural en el IES Jos\u00e9 Mar\u00eda P\u00e9rez Pulido\"}]},{\"@type\":\"WebSite\",\"@id\":\"https:\/\/www.aridane.org\/city\/#website\",\"url\":\"https:\/\/www.aridane.org\/city\/\",\"name\":\"Ayuntamiento de Los Llanos de Aridane\",\"description\":\"\",\"potentialAction\":[{\"@type\":\"SearchAction\",\"target\":{\"@type\":\"EntryPoint\",\"urlTemplate\":\"https:\/\/www.aridane.org\/city\/?s={search_term_string}\"},\"query-input\":\"required name=search_term_string\"}],\"inLanguage\":\"es\"},{\"@type\":\"Person\",\"@id\":\"https:\/\/www.aridane.org\/city\/#\/schema\/person\/89ebd376b223dc94cc1dbcf200c8e6da\",\"name\":\"Corresponsal\",\"image\":{\"@type\":\"ImageObject\",\"inLanguage\":\"es\",\"@id\":\"https:\/\/www.aridane.org\/city\/#\/schema\/person\/image\/\",\"url\":\"https:\/\/secure.gravatar.com\/avatar\/1c476992411e4ccf153da63b2b2f5ea0bb4cb1c85f3ceab8512f04325ad5579c?s=96&d=mm&r=g\",\"contentUrl\":\"https:\/\/secure.gravatar.com\/avatar\/1c476992411e4ccf153da63b2b2f5ea0bb4cb1c85f3ceab8512f04325ad5579c?s=96&d=mm&r=g\",\"caption\":\"Corresponsal\"},\"url\":\"https:\/\/www.aridane.org\/city\/author\/corresponsal\/\"}]}<\/script>\n<!-- \/ Yoast SEO plugin. -->","yoast_head_json":{"title":"Los Llanos de Aridane homenajea la diversidad con un mural en el IES Jos\u00e9 Mar\u00eda P\u00e9rez Pulido - Ayuntamiento de Los Llanos de Aridane","robots":{"index":"index","follow":"follow","max-snippet":"max-snippet:-1","max-image-preview":"max-image-preview:large","max-video-preview":"max-video-preview:-1"},"canonical":"https:\/\/www.aridane.org\/city\/2023\/11\/24\/los-llanos-de-aridane-homenajea-la-diversidad-con-un-mural-en-el-ies-jose-maria-perez-pulido\/","og_locale":"es_ES","og_type":"article","og_title":"Los Llanos de Aridane homenajea la diversidad con un mural en el IES Jos\u00e9 Mar\u00eda P\u00e9rez Pulido - Ayuntamiento de Los Llanos de Aridane","og_description":"Se trata de una acci\u00f3n enmarcada dentro de los actos del Ayuntamiento con motivo del 25N","og_url":"https:\/\/www.aridane.org\/city\/2023\/11\/24\/los-llanos-de-aridane-homenajea-la-diversidad-con-un-mural-en-el-ies-jose-maria-perez-pulido\/","og_site_name":"Ayuntamiento de Los Llanos de Aridane","article_published_time":"2023-11-24T15:30:34+00:00","og_image":[{"width":1600,"height":1200,"url":"https:\/\/www.aridane.org\/city\/wp-content\/uploads\/2023\/11\/WhatsApp-Image-2023-11-24-at-11.17.50.jpeg","type":"image\/jpeg"}],"author":"Corresponsal","twitter_card":"summary_large_image","twitter_misc":{"Escrito por":"Corresponsal","Tiempo de lectura":"2 minutos"},"schema":{"@context":"https:\/\/schema.org","@graph":[{"@type":"WebPage","@id":"https:\/\/www.aridane.org\/city\/2023\/11\/24\/los-llanos-de-aridane-homenajea-la-diversidad-con-un-mural-en-el-ies-jose-maria-perez-pulido\/","url":"https:\/\/www.aridane.org\/city\/2023\/11\/24\/los-llanos-de-aridane-homenajea-la-diversidad-con-un-mural-en-el-ies-jose-maria-perez-pulido\/","name":"Los Llanos de Aridane homenajea la diversidad con un mural en el IES Jos\u00e9 Mar\u00eda P\u00e9rez Pulido - Ayuntamiento de Los Llanos de Aridane","isPartOf":{"@id":"https:\/\/www.aridane.org\/city\/#website"},"primaryImageOfPage":{"@id":"https:\/\/www.aridane.org\/city\/2023\/11\/24\/los-llanos-de-aridane-homenajea-la-diversidad-con-un-mural-en-el-ies-jose-maria-perez-pulido\/#primaryimage"},"image":{"@id":"https:\/\/www.aridane.org\/city\/2023\/11\/24\/los-llanos-de-aridane-homenajea-la-diversidad-con-un-mural-en-el-ies-jose-maria-perez-pulido\/#primaryimage"},"thumbnailUrl":"https:\/\/www.aridane.org\/city\/wp-content\/uploads\/2023\/11\/WhatsApp-Image-2023-11-24-at-11.17.50.jpeg","datePublished":"2023-11-24T15:30:34+00:00","dateModified":"2023-11-24T15:30:34+00:00","author":{"@id":"https:\/\/www.aridane.org\/city\/#\/schema\/person\/89ebd376b223dc94cc1dbcf200c8e6da"},"breadcrumb":{"@id":"https:\/\/www.aridane.org\/city\/2023\/11\/24\/los-llanos-de-aridane-homenajea-la-diversidad-con-un-mural-en-el-ies-jose-maria-perez-pulido\/#breadcrumb"},"inLanguage":"es","potentialAction":[{"@type":"ReadAction","target":["https:\/\/www.aridane.org\/city\/2023\/11\/24\/los-llanos-de-aridane-homenajea-la-diversidad-con-un-mural-en-el-ies-jose-maria-perez-pulido\/"]}]},{"@type":"ImageObject","inLanguage":"es","@id":"https:\/\/www.aridane.org\/city\/2023\/11\/24\/los-llanos-de-aridane-homenajea-la-diversidad-con-un-mural-en-el-ies-jose-maria-perez-pulido\/#primaryimage","url":"https:\/\/www.aridane.org\/city\/wp-content\/uploads\/2023\/11\/WhatsApp-Image-2023-11-24-at-11.17.50.jpeg","contentUrl":"https:\/\/www.aridane.org\/city\/wp-content\/uploads\/2023\/11\/WhatsApp-Image-2023-11-24-at-11.17.50.jpeg","width":1600,"height":1200},{"@type":"BreadcrumbList","@id":"https:\/\/www.aridane.org\/city\/2023\/11\/24\/los-llanos-de-aridane-homenajea-la-diversidad-con-un-mural-en-el-ies-jose-maria-perez-pulido\/#breadcrumb","itemListElement":[{"@type":"ListItem","position":1,"name":"Portada","item":"https:\/\/www.aridane.org\/city\/"},{"@type":"ListItem","position":2,"name":"Los Llanos de Aridane homenajea la diversidad con un mural en el IES Jos\u00e9 Mar\u00eda P\u00e9rez Pulido"}]},{"@type":"WebSite","@id":"https:\/\/www.aridane.org\/city\/#website","url":"https:\/\/www.aridane.org\/city\/","name":"Ayuntamiento de Los Llanos de Aridane","description":"","potentialAction":[{"@type":"SearchAction","target":{"@type":"EntryPoint","urlTemplate":"https:\/\/www.aridane.org\/city\/?s={search_term_string}"},"query-input":"required name=search_term_string"}],"inLanguage":"es"},{"@type":"Person","@id":"https:\/\/www.aridane.org\/city\/#\/schema\/person\/89ebd376b223dc94cc1dbcf200c8e6da","name":"Corresponsal","image":{"@type":"ImageObject","inLanguage":"es","@id":"https:\/\/www.aridane.org\/city\/#\/schema\/person\/image\/","url":"https:\/\/secure.gravatar.com\/avatar\/1c476992411e4ccf153da63b2b2f5ea0bb4cb1c85f3ceab8512f04325ad5579c?s=96&d=mm&r=g","contentUrl":"https:\/\/secure.gravatar.com\/avatar\/1c476992411e4ccf153da63b2b2f5ea0bb4cb1c85f3ceab8512f04325ad5579c?s=96&d=mm&r=g","caption":"Corresponsal"},"url":"https:\/\/www.aridane.org\/city\/author\/corresponsal\/"}]}},"_links":{"self":[{"href":"https:\/\/www.aridane.org\/city\/wp-json\/wp\/v2\/posts\/2957","targetHints":{"allow":["GET"]}}],"collection":[{"href":"https:\/\/www.aridane.org\/city\/wp-json\/wp\/v2\/posts"}],"about":[{"href":"https:\/\/www.aridane.org\/city\/wp-json\/wp\/v2\/types\/post"}],"author":[{"embeddable":true,"href":"https:\/\/www.aridane.org\/city\/wp-json\/wp\/v2\/users\/4"}],"replies":[{"embeddable":true,"href":"https:\/\/www.aridane.org\/city\/wp-json\/wp\/v2\/comments?post=2957"}],"version-history":[{"count":1,"href":"https:\/\/www.aridane.org\/city\/wp-json\/wp\/v2\/posts\/2957\/revisions"}],"predecessor-version":[{"id":2959,"href":"https:\/\/www.aridane.org\/city\/wp-json\/wp\/v2\/posts\/2957\/revisions\/2959"}],"wp:featuredmedia":[{"embeddable":true,"href":"https:\/\/www.aridane.org\/city\/wp-json\/wp\/v2\/media\/2958"}],"wp:attachment":[{"href":"https:\/\/www.aridane.org\/city\/wp-json\/wp\/v2\/media?parent=2957"}],"wp:term":[{"taxonomy":"category","embeddable":true,"href":"https:\/\/www.aridane.org\/city\/wp-json\/wp\/v2\/categories?post=2957"},{"taxonomy":"post_tag","embeddable":true,"href":"https:\/\/www.aridane.org\/city\/wp-json\/wp\/v2\/tags?post=2957"}],"curies":[{"name":"wp","href":"https:\/\/api.w.org\/{rel}","templated":true}]}}