{"id":2971,"date":"2023-11-29T18:01:57","date_gmt":"2023-11-29T18:01:57","guid":{"rendered":"https:\/\/www.aridane.org\/city\/?p=2971"},"modified":"2023-11-29T18:01:57","modified_gmt":"2023-11-29T18:01:57","slug":"los-avances-del-pgo-de-los-llanos-de-aridane-se-someten-a-informacion-publica","status":"publish","type":"post","link":"https:\/\/www.aridane.org\/city\/2023\/11\/29\/los-avances-del-pgo-de-los-llanos-de-aridane-se-someten-a-informacion-publica\/","title":{"rendered":"Los avances del PGO de Los Llanos de Aridane se someten a informaci\u00f3n p\u00fablica"},"content":{"rendered":"<p><em>Las personas interesadas lo podr\u00e1n hacer f\u00edsicamente desde la oficina ubicada en la Casa de la Cultura<\/em><br \/>\n<!--more--><\/p>\n<div id=\"v1forwardbody1\">\n<p>El Ayuntamiento de Los Llanos de Aridane somete a informaci\u00f3n p\u00fablica el avance del Plan General de Ordenaci\u00f3n (PGO) del municipio, el cual se encuentra en su segunda fase, denominada de Avance y Estudio Ambiental Estrat\u00e9gico.<\/p>\n<p>El documento de esta segunda fase se someter\u00e1 a informaci\u00f3n p\u00fablica por un plazo de 45 d\u00edas h\u00e1biles a partir de hoy. Durante este periodo, las personas y entidades podr\u00e1n formular y presentar las alegaciones que consideren oportunas.<\/p>\n<p>La documentaci\u00f3n del PGO estar\u00e1 disponible para su consulta en la p\u00e1gina web municipal (<a href=\"https:\/\/eadmin.aridane.org\/publico\/procedimiento\/PSMP\" target=\"_blank\" rel=\"noopener noreferrer\">https:\/\/eadmin.aridane.org\/publico\/procedimiento\/PSMP<\/a>) y en la Oficina T\u00e9cnica, situada en el Edificio Casa de la Cultura, en la primera planta.<\/p>\n<p>El horario presencial de consulta ser\u00e1 de lunes a viernes de 9:00 a 14:00 horas. Para m\u00e1s informaci\u00f3n, se puede contactar a trav\u00e9s del tel\u00e9fono 922 460111 (Ext. 245) o por fax al 922 461264.<\/p>\n<p>La presentaci\u00f3n de alegaciones se llevar\u00e1 a cabo en el registro de la sede del Excmo. Ayuntamiento de Los Llanos de Aridane. Asimismo, se aceptar\u00e1n alegaciones en el resto de registros y oficinas enumerados en el art\u00edculo 16.4 de la Ley 39\/2015, de 1 de octubre, del Procedimiento Administrativo Com\u00fan de las Administraciones P\u00fablicas.<\/p>\n<p>El alcalde, Javier Llamas, reitera la importancia del Plan General de Ordenaci\u00f3n para planificar el futuro del municipio. \u201cEs nuestra hoja de ruta para construir un municipio m\u00e1s pr\u00f3spero, pujante y sostenible. Haremos todo lo posible para agilizar el PGO ya que nos jugamos nuestro futuro\u201d, a\u00f1ade.<\/p>\n<p>En este sentido, la concejala de Urbanismo, Tamara Acosta, se\u00f1ala que desde el grupo de gobierno municipio trabajan de la mano con el resto de administraciones para que el PGO sea una realidad lo antes posible. \u201cEs fundamental avanzar con paso firme y cumplir con todas las garant\u00edas exigidas\u201d, apunta.<\/p>\n<\/div>\n","protected":false},"excerpt":{"rendered":"<p>Las personas interesadas lo podr\u00e1n hacer f\u00edsicamente desde la oficina ubicada en la Casa de la Cultura<\/p>\n","protected":false},"author":4,"featured_media":2972,"comment_status":"open","ping_status":"open","sticky":false,"template":"","format":"standard","meta":{"footnotes":""},"categories":[6],"tags":[],"class_list":["post-2971","post","type-post","status-publish","format-standard","has-post-thumbnail","hentry","category-prensa"],"yoast_head":"<!-- This site is optimized with the Yoast SEO plugin v22.7 - https:\/\/yoast.com\/wordpress\/plugins\/seo\/ -->\n<title>Los avances del PGO de Los Llanos de Aridane se someten a informaci\u00f3n p\u00fablica - Ayuntamiento de Los Llanos de Aridane<\/title>\n<meta name=\"robots\" content=\"index, follow, max-snippet:-1, max-image-preview:large, max-video-preview:-1\" \/>\n<link rel=\"canonical\" href=\"https:\/\/www.aridane.org\/city\/2023\/11\/29\/los-avances-del-pgo-de-los-llanos-de-aridane-se-someten-a-informacion-publica\/\" \/>\n<meta property=\"og:locale\" content=\"es_ES\" \/>\n<meta property=\"og:type\" content=\"article\" \/>\n<meta property=\"og:title\" content=\"Los avances del PGO de Los Llanos de Aridane se someten a informaci\u00f3n p\u00fablica - Ayuntamiento de Los Llanos de Aridane\" \/>\n<meta property=\"og:description\" content=\"Las personas interesadas lo podr\u00e1n hacer f\u00edsicamente desde la oficina ubicada en la Casa de la Cultura\" \/>\n<meta property=\"og:url\" content=\"https:\/\/www.aridane.org\/city\/2023\/11\/29\/los-avances-del-pgo-de-los-llanos-de-aridane-se-someten-a-informacion-publica\/\" \/>\n<meta property=\"og:site_name\" content=\"Ayuntamiento de Los Llanos de Aridane\" \/>\n<meta property=\"article:published_time\" content=\"2023-11-29T18:01:57+00:00\" \/>\n<meta property=\"og:image\" content=\"https:\/\/www.aridane.org\/city\/wp-content\/uploads\/2023\/11\/Oficina-PGO.jpeg\" \/>\n\t<meta property=\"og:image:width\" content=\"2048\" \/>\n\t<meta property=\"og:image:height\" content=\"1536\" \/>\n\t<meta property=\"og:image:type\" content=\"image\/jpeg\" \/>\n<meta name=\"author\" content=\"Corresponsal\" \/>\n<meta name=\"twitter:card\" content=\"summary_large_image\" \/>\n<meta name=\"twitter:label1\" content=\"Escrito por\" \/>\n\t<meta name=\"twitter:data1\" content=\"Corresponsal\" \/>\n\t<meta name=\"twitter:label2\" content=\"Tiempo de lectura\" \/>\n\t<meta name=\"twitter:data2\" content=\"2 minutos\" \/>\n<script type=\"application\/ld+json\" class=\"yoast-schema-graph\">{\"@context\":\"https:\/\/schema.org\",\"@graph\":[{\"@type\":\"WebPage\",\"@id\":\"https:\/\/www.aridane.org\/city\/2023\/11\/29\/los-avances-del-pgo-de-los-llanos-de-aridane-se-someten-a-informacion-publica\/\",\"url\":\"https:\/\/www.aridane.org\/city\/2023\/11\/29\/los-avances-del-pgo-de-los-llanos-de-aridane-se-someten-a-informacion-publica\/\",\"name\":\"Los avances del PGO de Los Llanos de Aridane se someten a informaci\u00f3n p\u00fablica - Ayuntamiento de Los Llanos de Aridane\",\"isPartOf\":{\"@id\":\"https:\/\/www.aridane.org\/city\/#website\"},\"primaryImageOfPage\":{\"@id\":\"https:\/\/www.aridane.org\/city\/2023\/11\/29\/los-avances-del-pgo-de-los-llanos-de-aridane-se-someten-a-informacion-publica\/#primaryimage\"},\"image\":{\"@id\":\"https:\/\/www.aridane.org\/city\/2023\/11\/29\/los-avances-del-pgo-de-los-llanos-de-aridane-se-someten-a-informacion-publica\/#primaryimage\"},\"thumbnailUrl\":\"https:\/\/www.aridane.org\/city\/wp-content\/uploads\/2023\/11\/Oficina-PGO.jpeg\",\"datePublished\":\"2023-11-29T18:01:57+00:00\",\"dateModified\":\"2023-11-29T18:01:57+00:00\",\"author\":{\"@id\":\"https:\/\/www.aridane.org\/city\/#\/schema\/person\/89ebd376b223dc94cc1dbcf200c8e6da\"},\"breadcrumb\":{\"@id\":\"https:\/\/www.aridane.org\/city\/2023\/11\/29\/los-avances-del-pgo-de-los-llanos-de-aridane-se-someten-a-informacion-publica\/#breadcrumb\"},\"inLanguage\":\"es\",\"potentialAction\":[{\"@type\":\"ReadAction\",\"target\":[\"https:\/\/www.aridane.org\/city\/2023\/11\/29\/los-avances-del-pgo-de-los-llanos-de-aridane-se-someten-a-informacion-publica\/\"]}]},{\"@type\":\"ImageObject\",\"inLanguage\":\"es\",\"@id\":\"https:\/\/www.aridane.org\/city\/2023\/11\/29\/los-avances-del-pgo-de-los-llanos-de-aridane-se-someten-a-informacion-publica\/#primaryimage\",\"url\":\"https:\/\/www.aridane.org\/city\/wp-content\/uploads\/2023\/11\/Oficina-PGO.jpeg\",\"contentUrl\":\"https:\/\/www.aridane.org\/city\/wp-content\/uploads\/2023\/11\/Oficina-PGO.jpeg\",\"width\":2048,\"height\":1536},{\"@type\":\"BreadcrumbList\",\"@id\":\"https:\/\/www.aridane.org\/city\/2023\/11\/29\/los-avances-del-pgo-de-los-llanos-de-aridane-se-someten-a-informacion-publica\/#breadcrumb\",\"itemListElement\":[{\"@type\":\"ListItem\",\"position\":1,\"name\":\"Portada\",\"item\":\"https:\/\/www.aridane.org\/city\/\"},{\"@type\":\"ListItem\",\"position\":2,\"name\":\"Los avances del PGO de Los Llanos de Aridane se someten a informaci\u00f3n p\u00fablica\"}]},{\"@type\":\"WebSite\",\"@id\":\"https:\/\/www.aridane.org\/city\/#website\",\"url\":\"https:\/\/www.aridane.org\/city\/\",\"name\":\"Ayuntamiento de Los Llanos de Aridane\",\"description\":\"\",\"potentialAction\":[{\"@type\":\"SearchAction\",\"target\":{\"@type\":\"EntryPoint\",\"urlTemplate\":\"https:\/\/www.aridane.org\/city\/?s={search_term_string}\"},\"query-input\":\"required name=search_term_string\"}],\"inLanguage\":\"es\"},{\"@type\":\"Person\",\"@id\":\"https:\/\/www.aridane.org\/city\/#\/schema\/person\/89ebd376b223dc94cc1dbcf200c8e6da\",\"name\":\"Corresponsal\",\"image\":{\"@type\":\"ImageObject\",\"inLanguage\":\"es\",\"@id\":\"https:\/\/www.aridane.org\/city\/#\/schema\/person\/image\/\",\"url\":\"https:\/\/secure.gravatar.com\/avatar\/1c476992411e4ccf153da63b2b2f5ea0bb4cb1c85f3ceab8512f04325ad5579c?s=96&d=mm&r=g\",\"contentUrl\":\"https:\/\/secure.gravatar.com\/avatar\/1c476992411e4ccf153da63b2b2f5ea0bb4cb1c85f3ceab8512f04325ad5579c?s=96&d=mm&r=g\",\"caption\":\"Corresponsal\"},\"url\":\"https:\/\/www.aridane.org\/city\/author\/corresponsal\/\"}]}<\/script>\n<!-- \/ Yoast SEO plugin. -->","yoast_head_json":{"title":"Los avances del PGO de Los Llanos de Aridane se someten a informaci\u00f3n p\u00fablica - Ayuntamiento de Los Llanos de Aridane","robots":{"index":"index","follow":"follow","max-snippet":"max-snippet:-1","max-image-preview":"max-image-preview:large","max-video-preview":"max-video-preview:-1"},"canonical":"https:\/\/www.aridane.org\/city\/2023\/11\/29\/los-avances-del-pgo-de-los-llanos-de-aridane-se-someten-a-informacion-publica\/","og_locale":"es_ES","og_type":"article","og_title":"Los avances del PGO de Los Llanos de Aridane se someten a informaci\u00f3n p\u00fablica - Ayuntamiento de Los Llanos de Aridane","og_description":"Las personas interesadas lo podr\u00e1n hacer f\u00edsicamente desde la oficina ubicada en la Casa de la Cultura","og_url":"https:\/\/www.aridane.org\/city\/2023\/11\/29\/los-avances-del-pgo-de-los-llanos-de-aridane-se-someten-a-informacion-publica\/","og_site_name":"Ayuntamiento de Los Llanos de Aridane","article_published_time":"2023-11-29T18:01:57+00:00","og_image":[{"width":2048,"height":1536,"url":"https:\/\/www.aridane.org\/city\/wp-content\/uploads\/2023\/11\/Oficina-PGO.jpeg","type":"image\/jpeg"}],"author":"Corresponsal","twitter_card":"summary_large_image","twitter_misc":{"Escrito por":"Corresponsal","Tiempo de lectura":"2 minutos"},"schema":{"@context":"https:\/\/schema.org","@graph":[{"@type":"WebPage","@id":"https:\/\/www.aridane.org\/city\/2023\/11\/29\/los-avances-del-pgo-de-los-llanos-de-aridane-se-someten-a-informacion-publica\/","url":"https:\/\/www.aridane.org\/city\/2023\/11\/29\/los-avances-del-pgo-de-los-llanos-de-aridane-se-someten-a-informacion-publica\/","name":"Los avances del PGO de Los Llanos de Aridane se someten a informaci\u00f3n p\u00fablica - Ayuntamiento de Los Llanos de Aridane","isPartOf":{"@id":"https:\/\/www.aridane.org\/city\/#website"},"primaryImageOfPage":{"@id":"https:\/\/www.aridane.org\/city\/2023\/11\/29\/los-avances-del-pgo-de-los-llanos-de-aridane-se-someten-a-informacion-publica\/#primaryimage"},"image":{"@id":"https:\/\/www.aridane.org\/city\/2023\/11\/29\/los-avances-del-pgo-de-los-llanos-de-aridane-se-someten-a-informacion-publica\/#primaryimage"},"thumbnailUrl":"https:\/\/www.aridane.org\/city\/wp-content\/uploads\/2023\/11\/Oficina-PGO.jpeg","datePublished":"2023-11-29T18:01:57+00:00","dateModified":"2023-11-29T18:01:57+00:00","author":{"@id":"https:\/\/www.aridane.org\/city\/#\/schema\/person\/89ebd376b223dc94cc1dbcf200c8e6da"},"breadcrumb":{"@id":"https:\/\/www.aridane.org\/city\/2023\/11\/29\/los-avances-del-pgo-de-los-llanos-de-aridane-se-someten-a-informacion-publica\/#breadcrumb"},"inLanguage":"es","potentialAction":[{"@type":"ReadAction","target":["https:\/\/www.aridane.org\/city\/2023\/11\/29\/los-avances-del-pgo-de-los-llanos-de-aridane-se-someten-a-informacion-publica\/"]}]},{"@type":"ImageObject","inLanguage":"es","@id":"https:\/\/www.aridane.org\/city\/2023\/11\/29\/los-avances-del-pgo-de-los-llanos-de-aridane-se-someten-a-informacion-publica\/#primaryimage","url":"https:\/\/www.aridane.org\/city\/wp-content\/uploads\/2023\/11\/Oficina-PGO.jpeg","contentUrl":"https:\/\/www.aridane.org\/city\/wp-content\/uploads\/2023\/11\/Oficina-PGO.jpeg","width":2048,"height":1536},{"@type":"BreadcrumbList","@id":"https:\/\/www.aridane.org\/city\/2023\/11\/29\/los-avances-del-pgo-de-los-llanos-de-aridane-se-someten-a-informacion-publica\/#breadcrumb","itemListElement":[{"@type":"ListItem","position":1,"name":"Portada","item":"https:\/\/www.aridane.org\/city\/"},{"@type":"ListItem","position":2,"name":"Los avances del PGO de Los Llanos de Aridane se someten a informaci\u00f3n p\u00fablica"}]},{"@type":"WebSite","@id":"https:\/\/www.aridane.org\/city\/#website","url":"https:\/\/www.aridane.org\/city\/","name":"Ayuntamiento de Los Llanos de Aridane","description":"","potentialAction":[{"@type":"SearchAction","target":{"@type":"EntryPoint","urlTemplate":"https:\/\/www.aridane.org\/city\/?s={search_term_string}"},"query-input":"required name=search_term_string"}],"inLanguage":"es"},{"@type":"Person","@id":"https:\/\/www.aridane.org\/city\/#\/schema\/person\/89ebd376b223dc94cc1dbcf200c8e6da","name":"Corresponsal","image":{"@type":"ImageObject","inLanguage":"es","@id":"https:\/\/www.aridane.org\/city\/#\/schema\/person\/image\/","url":"https:\/\/secure.gravatar.com\/avatar\/1c476992411e4ccf153da63b2b2f5ea0bb4cb1c85f3ceab8512f04325ad5579c?s=96&d=mm&r=g","contentUrl":"https:\/\/secure.gravatar.com\/avatar\/1c476992411e4ccf153da63b2b2f5ea0bb4cb1c85f3ceab8512f04325ad5579c?s=96&d=mm&r=g","caption":"Corresponsal"},"url":"https:\/\/www.aridane.org\/city\/author\/corresponsal\/"}]}},"_links":{"self":[{"href":"https:\/\/www.aridane.org\/city\/wp-json\/wp\/v2\/posts\/2971","targetHints":{"allow":["GET"]}}],"collection":[{"href":"https:\/\/www.aridane.org\/city\/wp-json\/wp\/v2\/posts"}],"about":[{"href":"https:\/\/www.aridane.org\/city\/wp-json\/wp\/v2\/types\/post"}],"author":[{"embeddable":true,"href":"https:\/\/www.aridane.org\/city\/wp-json\/wp\/v2\/users\/4"}],"replies":[{"embeddable":true,"href":"https:\/\/www.aridane.org\/city\/wp-json\/wp\/v2\/comments?post=2971"}],"version-history":[{"count":1,"href":"https:\/\/www.aridane.org\/city\/wp-json\/wp\/v2\/posts\/2971\/revisions"}],"predecessor-version":[{"id":2973,"href":"https:\/\/www.aridane.org\/city\/wp-json\/wp\/v2\/posts\/2971\/revisions\/2973"}],"wp:featuredmedia":[{"embeddable":true,"href":"https:\/\/www.aridane.org\/city\/wp-json\/wp\/v2\/media\/2972"}],"wp:attachment":[{"href":"https:\/\/www.aridane.org\/city\/wp-json\/wp\/v2\/media?parent=2971"}],"wp:term":[{"taxonomy":"category","embeddable":true,"href":"https:\/\/www.aridane.org\/city\/wp-json\/wp\/v2\/categories?post=2971"},{"taxonomy":"post_tag","embeddable":true,"href":"https:\/\/www.aridane.org\/city\/wp-json\/wp\/v2\/tags?post=2971"}],"curies":[{"name":"wp","href":"https:\/\/api.w.org\/{rel}","templated":true}]}}