{"id":2974,"date":"2023-11-29T18:03:22","date_gmt":"2023-11-29T18:03:22","guid":{"rendered":"https:\/\/www.aridane.org\/city\/?p=2974"},"modified":"2023-11-29T18:03:22","modified_gmt":"2023-11-29T18:03:22","slug":"el-mercadillo-navideno-de-los-llanos-de-aridane-regresa-este-viernes","status":"publish","type":"post","link":"https:\/\/www.aridane.org\/city\/2023\/11\/29\/el-mercadillo-navideno-de-los-llanos-de-aridane-regresa-este-viernes\/","title":{"rendered":"El Mercadillo Navide\u00f1o de Los Llanos de Aridane regresa este viernes"},"content":{"rendered":"<p><em>Desde el viernes hasta el domingo la Plaza de Espa\u00f1a ser\u00e1 un gran centro comercial navide\u00f1o con m\u00fasica y talleres<\/em><!--more--><\/p>\n<p>El Mercadillo Navide\u00f1o de Los Llanos de Aridane regresar\u00e1 a la Plaza de Espa\u00f1a desde el viernes, 1 de diciembre, hasta el domingo, d\u00eda 3. El \u00c1rea de Comercio del Ayuntamiento -de la mano con la Asociaci\u00f3n de Comerciantes Zona Abierta (ACZA) y la Zona Comercial Abierta (ZCA)- ha preparado un programa repleto de actividades, m\u00fasica y esp\u00edritu navide\u00f1o.<\/p>\n<p>La concejala de Comercio y Desarrollo Local, Ver\u00f3nica Gonz\u00e1lez, destaca la importancia de dinamizar el municipio en las fechas navide\u00f1as. \u201cEste per\u00edodo es un momento clave para los comerciantes y los hosteleros. Queremos que nuestras calles se llenen de vida y de ese esp\u00edritu navide\u00f1o que tanto contagia\u201d, apunta.<\/p>\n<p>Este viernes y s\u00e1bado el Mercadillo Navide\u00f1o estar\u00e1 abierto de 10:00 a 21:00 horas, mientras que el domingo cerrar\u00e1 a las 14:00 horas. Adem\u00e1s, la celebraci\u00f3n del Mercadillo coincidir\u00e1 con\u00a0<a href=\"https:\/\/www.aridane.org\/city\/2023\/11\/28\/los-llanos-de-aridane-inaugura-la-navidad-este-viernes-con-el-encendido-de-luces\/\" target=\"_blank\" rel=\"noopener noreferrer\">el tradicional encendido<\/a>, previsto para el viernes, a las 20:00 horas.<\/p>\n<h2><strong>Talleres para toda la familia y m\u00fasica\u00a0<\/strong><\/h2>\n<p>En el Mercadillo Navide\u00f1o no s\u00f3lo habr\u00e1 puestos de venta con productos t\u00edpicos de estas fiestas. Tambi\u00e9n se celebrar\u00e1n talleres y m\u00fasica, destacando las sesiones de piano libre y la visita de Pap\u00e1 Noel, quien estar\u00e1 encantado de recibir a todos los ni\u00f1os y las ni\u00f1as.<\/p>\n<p>Otra de las sorpresas es el espect\u00e1culo\u00a0<em>Mi Voz en Tus Manos<\/em>, una actuaci\u00f3n especial con lengua de signos en pro de fomentar la inclusi\u00f3n y la diversidad.<\/p>\n<p>Los talleres previstos ofrecer\u00e1n opciones tanto para adultos como para los m\u00e1s peque\u00f1os. Desde manualidades hasta juegos, que permitir\u00e1n a todos y a todas sumergirse en la alegr\u00eda de la temporada.<\/p>\n<p>Adem\u00e1s, desde el viernes se instalar\u00e1 un piano para que cualquiera que se sienta inspirado pueda animar las calles. Las personas interesadas en participar en las sesiones de piano libre pueden apuntarse mediante este formulario https:\/\/forms.gle\/ymHBWjZXYCMSAiWA7<\/p>\n","protected":false},"excerpt":{"rendered":"<p>Desde el viernes hasta el domingo la Plaza de Espa\u00f1a ser\u00e1 un gran centro comercial navide\u00f1o con m\u00fasica y talleres<\/p>\n","protected":false},"author":4,"featured_media":2975,"comment_status":"open","ping_status":"open","sticky":false,"template":"","format":"standard","meta":{"footnotes":""},"categories":[6],"tags":[],"class_list":["post-2974","post","type-post","status-publish","format-standard","has-post-thumbnail","hentry","category-prensa"],"yoast_head":"<!-- This site is optimized with the Yoast SEO plugin v22.7 - https:\/\/yoast.com\/wordpress\/plugins\/seo\/ -->\n<title>El Mercadillo Navide\u00f1o de Los Llanos de Aridane regresa este viernes - Ayuntamiento de Los Llanos de Aridane<\/title>\n<meta name=\"robots\" content=\"index, follow, max-snippet:-1, max-image-preview:large, max-video-preview:-1\" \/>\n<link rel=\"canonical\" href=\"https:\/\/www.aridane.org\/city\/2023\/11\/29\/el-mercadillo-navideno-de-los-llanos-de-aridane-regresa-este-viernes\/\" \/>\n<meta property=\"og:locale\" content=\"es_ES\" \/>\n<meta property=\"og:type\" content=\"article\" \/>\n<meta property=\"og:title\" content=\"El Mercadillo Navide\u00f1o de Los Llanos de Aridane regresa este viernes - Ayuntamiento de Los Llanos de Aridane\" \/>\n<meta property=\"og:description\" content=\"Desde el viernes hasta el domingo la Plaza de Espa\u00f1a ser\u00e1 un gran centro comercial navide\u00f1o con m\u00fasica y talleres\" \/>\n<meta property=\"og:url\" content=\"https:\/\/www.aridane.org\/city\/2023\/11\/29\/el-mercadillo-navideno-de-los-llanos-de-aridane-regresa-este-viernes\/\" \/>\n<meta property=\"og:site_name\" content=\"Ayuntamiento de Los Llanos de Aridane\" \/>\n<meta property=\"article:published_time\" content=\"2023-11-29T18:03:22+00:00\" \/>\n<meta property=\"og:image\" content=\"https:\/\/www.aridane.org\/city\/wp-content\/uploads\/2023\/11\/Mercadillo-Navideno-scaled.jpeg\" \/>\n\t<meta property=\"og:image:width\" content=\"2560\" \/>\n\t<meta property=\"og:image:height\" content=\"1707\" \/>\n\t<meta property=\"og:image:type\" content=\"image\/jpeg\" \/>\n<meta name=\"author\" content=\"Corresponsal\" \/>\n<meta name=\"twitter:card\" content=\"summary_large_image\" \/>\n<meta name=\"twitter:label1\" content=\"Escrito por\" \/>\n\t<meta name=\"twitter:data1\" content=\"Corresponsal\" \/>\n\t<meta name=\"twitter:label2\" content=\"Tiempo de lectura\" \/>\n\t<meta name=\"twitter:data2\" content=\"2 minutos\" \/>\n<script type=\"application\/ld+json\" class=\"yoast-schema-graph\">{\"@context\":\"https:\/\/schema.org\",\"@graph\":[{\"@type\":\"WebPage\",\"@id\":\"https:\/\/www.aridane.org\/city\/2023\/11\/29\/el-mercadillo-navideno-de-los-llanos-de-aridane-regresa-este-viernes\/\",\"url\":\"https:\/\/www.aridane.org\/city\/2023\/11\/29\/el-mercadillo-navideno-de-los-llanos-de-aridane-regresa-este-viernes\/\",\"name\":\"El Mercadillo Navide\u00f1o de Los Llanos de Aridane regresa este viernes - Ayuntamiento de Los Llanos de Aridane\",\"isPartOf\":{\"@id\":\"https:\/\/www.aridane.org\/city\/#website\"},\"primaryImageOfPage\":{\"@id\":\"https:\/\/www.aridane.org\/city\/2023\/11\/29\/el-mercadillo-navideno-de-los-llanos-de-aridane-regresa-este-viernes\/#primaryimage\"},\"image\":{\"@id\":\"https:\/\/www.aridane.org\/city\/2023\/11\/29\/el-mercadillo-navideno-de-los-llanos-de-aridane-regresa-este-viernes\/#primaryimage\"},\"thumbnailUrl\":\"https:\/\/www.aridane.org\/city\/wp-content\/uploads\/2023\/11\/Mercadillo-Navideno-scaled.jpeg\",\"datePublished\":\"2023-11-29T18:03:22+00:00\",\"dateModified\":\"2023-11-29T18:03:22+00:00\",\"author\":{\"@id\":\"https:\/\/www.aridane.org\/city\/#\/schema\/person\/89ebd376b223dc94cc1dbcf200c8e6da\"},\"breadcrumb\":{\"@id\":\"https:\/\/www.aridane.org\/city\/2023\/11\/29\/el-mercadillo-navideno-de-los-llanos-de-aridane-regresa-este-viernes\/#breadcrumb\"},\"inLanguage\":\"es\",\"potentialAction\":[{\"@type\":\"ReadAction\",\"target\":[\"https:\/\/www.aridane.org\/city\/2023\/11\/29\/el-mercadillo-navideno-de-los-llanos-de-aridane-regresa-este-viernes\/\"]}]},{\"@type\":\"ImageObject\",\"inLanguage\":\"es\",\"@id\":\"https:\/\/www.aridane.org\/city\/2023\/11\/29\/el-mercadillo-navideno-de-los-llanos-de-aridane-regresa-este-viernes\/#primaryimage\",\"url\":\"https:\/\/www.aridane.org\/city\/wp-content\/uploads\/2023\/11\/Mercadillo-Navideno-scaled.jpeg\",\"contentUrl\":\"https:\/\/www.aridane.org\/city\/wp-content\/uploads\/2023\/11\/Mercadillo-Navideno-scaled.jpeg\",\"width\":2560,\"height\":1707},{\"@type\":\"BreadcrumbList\",\"@id\":\"https:\/\/www.aridane.org\/city\/2023\/11\/29\/el-mercadillo-navideno-de-los-llanos-de-aridane-regresa-este-viernes\/#breadcrumb\",\"itemListElement\":[{\"@type\":\"ListItem\",\"position\":1,\"name\":\"Portada\",\"item\":\"https:\/\/www.aridane.org\/city\/\"},{\"@type\":\"ListItem\",\"position\":2,\"name\":\"El Mercadillo Navide\u00f1o de Los Llanos de Aridane regresa este viernes\"}]},{\"@type\":\"WebSite\",\"@id\":\"https:\/\/www.aridane.org\/city\/#website\",\"url\":\"https:\/\/www.aridane.org\/city\/\",\"name\":\"Ayuntamiento de Los Llanos de Aridane\",\"description\":\"\",\"potentialAction\":[{\"@type\":\"SearchAction\",\"target\":{\"@type\":\"EntryPoint\",\"urlTemplate\":\"https:\/\/www.aridane.org\/city\/?s={search_term_string}\"},\"query-input\":\"required name=search_term_string\"}],\"inLanguage\":\"es\"},{\"@type\":\"Person\",\"@id\":\"https:\/\/www.aridane.org\/city\/#\/schema\/person\/89ebd376b223dc94cc1dbcf200c8e6da\",\"name\":\"Corresponsal\",\"image\":{\"@type\":\"ImageObject\",\"inLanguage\":\"es\",\"@id\":\"https:\/\/www.aridane.org\/city\/#\/schema\/person\/image\/\",\"url\":\"https:\/\/secure.gravatar.com\/avatar\/1c476992411e4ccf153da63b2b2f5ea0bb4cb1c85f3ceab8512f04325ad5579c?s=96&d=mm&r=g\",\"contentUrl\":\"https:\/\/secure.gravatar.com\/avatar\/1c476992411e4ccf153da63b2b2f5ea0bb4cb1c85f3ceab8512f04325ad5579c?s=96&d=mm&r=g\",\"caption\":\"Corresponsal\"},\"url\":\"https:\/\/www.aridane.org\/city\/author\/corresponsal\/\"}]}<\/script>\n<!-- \/ Yoast SEO plugin. -->","yoast_head_json":{"title":"El Mercadillo Navide\u00f1o de Los Llanos de Aridane regresa este viernes - Ayuntamiento de Los Llanos de Aridane","robots":{"index":"index","follow":"follow","max-snippet":"max-snippet:-1","max-image-preview":"max-image-preview:large","max-video-preview":"max-video-preview:-1"},"canonical":"https:\/\/www.aridane.org\/city\/2023\/11\/29\/el-mercadillo-navideno-de-los-llanos-de-aridane-regresa-este-viernes\/","og_locale":"es_ES","og_type":"article","og_title":"El Mercadillo Navide\u00f1o de Los Llanos de Aridane regresa este viernes - Ayuntamiento de Los Llanos de Aridane","og_description":"Desde el viernes hasta el domingo la Plaza de Espa\u00f1a ser\u00e1 un gran centro comercial navide\u00f1o con m\u00fasica y talleres","og_url":"https:\/\/www.aridane.org\/city\/2023\/11\/29\/el-mercadillo-navideno-de-los-llanos-de-aridane-regresa-este-viernes\/","og_site_name":"Ayuntamiento de Los Llanos de Aridane","article_published_time":"2023-11-29T18:03:22+00:00","og_image":[{"width":2560,"height":1707,"url":"https:\/\/www.aridane.org\/city\/wp-content\/uploads\/2023\/11\/Mercadillo-Navideno-scaled.jpeg","type":"image\/jpeg"}],"author":"Corresponsal","twitter_card":"summary_large_image","twitter_misc":{"Escrito por":"Corresponsal","Tiempo de lectura":"2 minutos"},"schema":{"@context":"https:\/\/schema.org","@graph":[{"@type":"WebPage","@id":"https:\/\/www.aridane.org\/city\/2023\/11\/29\/el-mercadillo-navideno-de-los-llanos-de-aridane-regresa-este-viernes\/","url":"https:\/\/www.aridane.org\/city\/2023\/11\/29\/el-mercadillo-navideno-de-los-llanos-de-aridane-regresa-este-viernes\/","name":"El Mercadillo Navide\u00f1o de Los Llanos de Aridane regresa este viernes - Ayuntamiento de Los Llanos de Aridane","isPartOf":{"@id":"https:\/\/www.aridane.org\/city\/#website"},"primaryImageOfPage":{"@id":"https:\/\/www.aridane.org\/city\/2023\/11\/29\/el-mercadillo-navideno-de-los-llanos-de-aridane-regresa-este-viernes\/#primaryimage"},"image":{"@id":"https:\/\/www.aridane.org\/city\/2023\/11\/29\/el-mercadillo-navideno-de-los-llanos-de-aridane-regresa-este-viernes\/#primaryimage"},"thumbnailUrl":"https:\/\/www.aridane.org\/city\/wp-content\/uploads\/2023\/11\/Mercadillo-Navideno-scaled.jpeg","datePublished":"2023-11-29T18:03:22+00:00","dateModified":"2023-11-29T18:03:22+00:00","author":{"@id":"https:\/\/www.aridane.org\/city\/#\/schema\/person\/89ebd376b223dc94cc1dbcf200c8e6da"},"breadcrumb":{"@id":"https:\/\/www.aridane.org\/city\/2023\/11\/29\/el-mercadillo-navideno-de-los-llanos-de-aridane-regresa-este-viernes\/#breadcrumb"},"inLanguage":"es","potentialAction":[{"@type":"ReadAction","target":["https:\/\/www.aridane.org\/city\/2023\/11\/29\/el-mercadillo-navideno-de-los-llanos-de-aridane-regresa-este-viernes\/"]}]},{"@type":"ImageObject","inLanguage":"es","@id":"https:\/\/www.aridane.org\/city\/2023\/11\/29\/el-mercadillo-navideno-de-los-llanos-de-aridane-regresa-este-viernes\/#primaryimage","url":"https:\/\/www.aridane.org\/city\/wp-content\/uploads\/2023\/11\/Mercadillo-Navideno-scaled.jpeg","contentUrl":"https:\/\/www.aridane.org\/city\/wp-content\/uploads\/2023\/11\/Mercadillo-Navideno-scaled.jpeg","width":2560,"height":1707},{"@type":"BreadcrumbList","@id":"https:\/\/www.aridane.org\/city\/2023\/11\/29\/el-mercadillo-navideno-de-los-llanos-de-aridane-regresa-este-viernes\/#breadcrumb","itemListElement":[{"@type":"ListItem","position":1,"name":"Portada","item":"https:\/\/www.aridane.org\/city\/"},{"@type":"ListItem","position":2,"name":"El Mercadillo Navide\u00f1o de Los Llanos de Aridane regresa este viernes"}]},{"@type":"WebSite","@id":"https:\/\/www.aridane.org\/city\/#website","url":"https:\/\/www.aridane.org\/city\/","name":"Ayuntamiento de Los Llanos de Aridane","description":"","potentialAction":[{"@type":"SearchAction","target":{"@type":"EntryPoint","urlTemplate":"https:\/\/www.aridane.org\/city\/?s={search_term_string}"},"query-input":"required name=search_term_string"}],"inLanguage":"es"},{"@type":"Person","@id":"https:\/\/www.aridane.org\/city\/#\/schema\/person\/89ebd376b223dc94cc1dbcf200c8e6da","name":"Corresponsal","image":{"@type":"ImageObject","inLanguage":"es","@id":"https:\/\/www.aridane.org\/city\/#\/schema\/person\/image\/","url":"https:\/\/secure.gravatar.com\/avatar\/1c476992411e4ccf153da63b2b2f5ea0bb4cb1c85f3ceab8512f04325ad5579c?s=96&d=mm&r=g","contentUrl":"https:\/\/secure.gravatar.com\/avatar\/1c476992411e4ccf153da63b2b2f5ea0bb4cb1c85f3ceab8512f04325ad5579c?s=96&d=mm&r=g","caption":"Corresponsal"},"url":"https:\/\/www.aridane.org\/city\/author\/corresponsal\/"}]}},"_links":{"self":[{"href":"https:\/\/www.aridane.org\/city\/wp-json\/wp\/v2\/posts\/2974","targetHints":{"allow":["GET"]}}],"collection":[{"href":"https:\/\/www.aridane.org\/city\/wp-json\/wp\/v2\/posts"}],"about":[{"href":"https:\/\/www.aridane.org\/city\/wp-json\/wp\/v2\/types\/post"}],"author":[{"embeddable":true,"href":"https:\/\/www.aridane.org\/city\/wp-json\/wp\/v2\/users\/4"}],"replies":[{"embeddable":true,"href":"https:\/\/www.aridane.org\/city\/wp-json\/wp\/v2\/comments?post=2974"}],"version-history":[{"count":1,"href":"https:\/\/www.aridane.org\/city\/wp-json\/wp\/v2\/posts\/2974\/revisions"}],"predecessor-version":[{"id":2976,"href":"https:\/\/www.aridane.org\/city\/wp-json\/wp\/v2\/posts\/2974\/revisions\/2976"}],"wp:featuredmedia":[{"embeddable":true,"href":"https:\/\/www.aridane.org\/city\/wp-json\/wp\/v2\/media\/2975"}],"wp:attachment":[{"href":"https:\/\/www.aridane.org\/city\/wp-json\/wp\/v2\/media?parent=2974"}],"wp:term":[{"taxonomy":"category","embeddable":true,"href":"https:\/\/www.aridane.org\/city\/wp-json\/wp\/v2\/categories?post=2974"},{"taxonomy":"post_tag","embeddable":true,"href":"https:\/\/www.aridane.org\/city\/wp-json\/wp\/v2\/tags?post=2974"}],"curies":[{"name":"wp","href":"https:\/\/api.w.org\/{rel}","templated":true}]}}