{"id":2986,"date":"2023-12-04T19:23:23","date_gmt":"2023-12-04T19:23:23","guid":{"rendered":"https:\/\/www.aridane.org\/city\/?p=2986"},"modified":"2023-12-04T19:23:23","modified_gmt":"2023-12-04T19:23:23","slug":"los-llanos-de-aridane-coordina-con-el-gobierno-de-canarias-soluciones-inmediatas-para-el-ceip-mariela-caceres","status":"publish","type":"post","link":"https:\/\/www.aridane.org\/city\/2023\/12\/04\/los-llanos-de-aridane-coordina-con-el-gobierno-de-canarias-soluciones-inmediatas-para-el-ceip-mariela-caceres\/","title":{"rendered":"Los Llanos de Aridane coordina con el Gobierno de Canarias soluciones inmediatas para el CEIP Mariela C\u00e1ceres\u00a0"},"content":{"rendered":"<p><i><span style=\"font-weight: 400;\">Mientras se buscan soluciones para el centro, el personal municipal arregla los desperfectos ocasionado por las \u00faltimas lluvias<\/span><\/i><\/p>\n<p><!--more--><\/p>\n<p><span style=\"font-weight: 400;\">El Ayuntamiento de Los Llanos de Aridane arregla los desperfectos del CEIP Mariela C\u00e1ceres provocados por las \u00faltimas lluvias. En paralelo, coordina con la Consejer\u00eda de Educaci\u00f3n del Gobierno de Canarias -responsable directa del centro- soluciones de futuro para un edificio que arrastra problemas estructurales desde su inauguraci\u00f3n, en 2013.\u00a0<\/span><\/p>\n<p><span style=\"font-weight: 400;\">Para ello, este lunes, 4 de diciembre, la directora insular de Educaci\u00f3n, Cristina Mart\u00edn, y el arquitecto de la Consejer\u00eda, Bernard Mill\u00e1n, visitaron el CEIP Mariela C\u00e1ceres junto al alcalde de Los Llanos de Aridane, Javier Llamas; el concejal de Educaci\u00f3n, Eduardo P\u00e9rez; la directora del centro, Nieves Mar\u00eda Remedios Mart\u00edn, y la representante de la AMPA .<\/span><\/p>\n<p><span style=\"font-weight: 400;\">El alcalde explica que una vez identificados los problemas, movilizaron a todo el personal municipal disponible para resolver los desperfectos de manera inmediata y garantizar que \u201cel\u00a0 alumnado y el profesorado regresen a las aulas con plenas garant\u00edas de seguridad\u201d.\u00a0<\/span><\/p>\n<p><span style=\"font-weight: 400;\">No obstante, matiza Javier Llamas, \u201cla soluci\u00f3n verdadera para el Mariela C\u00e1ceres pasa por atajar de ra\u00edz sus problemas estructurales\u201d.<\/span><\/p>\n<p><span style=\"font-weight: 400;\">En este sentido, el concejal de Educaci\u00f3n pone en valor la coordinaci\u00f3n entre los diferentes actores involucrados con el CEIP Mariela C\u00e1ceres para buscar \u201cuna respuesta eficaz y duradera\u201d.<\/span><\/p>\n<p><span style=\"font-weight: 400;\">Eduardo P\u00e9rez recalca que el Ayuntamiento est\u00e1 \u201cen estrecho contacto con la direcci\u00f3n, el profesorado y la AMPA para conocer de primera mano sus necesidades y agilizar soluciones\u201d.<\/span><\/p>\n<p><span style=\"font-weight: 400;\">Asimismo, el concejal detalla que la coordinaci\u00f3n con el Gobierno canario es extensible a otras escuelas e institutos de Los Llanos de Aridane. \u201cLos canales de comunicaci\u00f3n siempre est\u00e1n abiertos, y eso es clave para buscar las soluciones de futuro que tanto ansiamos\u201d, apunta.<\/span><\/p>\n","protected":false},"excerpt":{"rendered":"<p>Mientras se buscan soluciones para el centro, el personal municipal arregla los desperfectos ocasionado por las \u00faltimas lluvias<\/p>\n","protected":false},"author":4,"featured_media":2988,"comment_status":"open","ping_status":"open","sticky":false,"template":"","format":"standard","meta":{"footnotes":""},"categories":[6],"tags":[],"class_list":["post-2986","post","type-post","status-publish","format-standard","has-post-thumbnail","hentry","category-prensa"],"yoast_head":"<!-- This site is optimized with the Yoast SEO plugin v22.7 - https:\/\/yoast.com\/wordpress\/plugins\/seo\/ -->\n<title>Los Llanos de Aridane coordina con el Gobierno de Canarias soluciones inmediatas para el CEIP Mariela C\u00e1ceres\u00a0 - Ayuntamiento de Los Llanos de Aridane<\/title>\n<meta name=\"robots\" content=\"index, follow, max-snippet:-1, max-image-preview:large, max-video-preview:-1\" \/>\n<link rel=\"canonical\" href=\"https:\/\/www.aridane.org\/city\/2023\/12\/04\/los-llanos-de-aridane-coordina-con-el-gobierno-de-canarias-soluciones-inmediatas-para-el-ceip-mariela-caceres\/\" \/>\n<meta property=\"og:locale\" content=\"es_ES\" \/>\n<meta property=\"og:type\" content=\"article\" \/>\n<meta property=\"og:title\" content=\"Los Llanos de Aridane coordina con el Gobierno de Canarias soluciones inmediatas para el CEIP Mariela C\u00e1ceres\u00a0 - Ayuntamiento de Los Llanos de Aridane\" \/>\n<meta property=\"og:description\" content=\"Mientras se buscan soluciones para el centro, el personal municipal arregla los desperfectos ocasionado por las \u00faltimas lluvias\" \/>\n<meta property=\"og:url\" content=\"https:\/\/www.aridane.org\/city\/2023\/12\/04\/los-llanos-de-aridane-coordina-con-el-gobierno-de-canarias-soluciones-inmediatas-para-el-ceip-mariela-caceres\/\" \/>\n<meta property=\"og:site_name\" content=\"Ayuntamiento de Los Llanos de Aridane\" \/>\n<meta property=\"article:published_time\" content=\"2023-12-04T19:23:23+00:00\" \/>\n<meta property=\"og:image\" content=\"https:\/\/www.aridane.org\/city\/wp-content\/uploads\/2023\/12\/Mariela-Caceres.jpeg\" \/>\n\t<meta property=\"og:image:width\" content=\"1600\" \/>\n\t<meta property=\"og:image:height\" content=\"1066\" \/>\n\t<meta property=\"og:image:type\" content=\"image\/jpeg\" \/>\n<meta name=\"author\" content=\"Corresponsal\" \/>\n<meta name=\"twitter:card\" content=\"summary_large_image\" \/>\n<meta name=\"twitter:label1\" content=\"Escrito por\" \/>\n\t<meta name=\"twitter:data1\" content=\"Corresponsal\" \/>\n\t<meta name=\"twitter:label2\" content=\"Tiempo de lectura\" \/>\n\t<meta name=\"twitter:data2\" content=\"2 minutos\" \/>\n<script type=\"application\/ld+json\" class=\"yoast-schema-graph\">{\"@context\":\"https:\/\/schema.org\",\"@graph\":[{\"@type\":\"WebPage\",\"@id\":\"https:\/\/www.aridane.org\/city\/2023\/12\/04\/los-llanos-de-aridane-coordina-con-el-gobierno-de-canarias-soluciones-inmediatas-para-el-ceip-mariela-caceres\/\",\"url\":\"https:\/\/www.aridane.org\/city\/2023\/12\/04\/los-llanos-de-aridane-coordina-con-el-gobierno-de-canarias-soluciones-inmediatas-para-el-ceip-mariela-caceres\/\",\"name\":\"Los Llanos de Aridane coordina con el Gobierno de Canarias soluciones inmediatas para el CEIP Mariela C\u00e1ceres\u00a0 - Ayuntamiento de Los Llanos de Aridane\",\"isPartOf\":{\"@id\":\"https:\/\/www.aridane.org\/city\/#website\"},\"primaryImageOfPage\":{\"@id\":\"https:\/\/www.aridane.org\/city\/2023\/12\/04\/los-llanos-de-aridane-coordina-con-el-gobierno-de-canarias-soluciones-inmediatas-para-el-ceip-mariela-caceres\/#primaryimage\"},\"image\":{\"@id\":\"https:\/\/www.aridane.org\/city\/2023\/12\/04\/los-llanos-de-aridane-coordina-con-el-gobierno-de-canarias-soluciones-inmediatas-para-el-ceip-mariela-caceres\/#primaryimage\"},\"thumbnailUrl\":\"https:\/\/www.aridane.org\/city\/wp-content\/uploads\/2023\/12\/Mariela-Caceres.jpeg\",\"datePublished\":\"2023-12-04T19:23:23+00:00\",\"dateModified\":\"2023-12-04T19:23:23+00:00\",\"author\":{\"@id\":\"https:\/\/www.aridane.org\/city\/#\/schema\/person\/89ebd376b223dc94cc1dbcf200c8e6da\"},\"breadcrumb\":{\"@id\":\"https:\/\/www.aridane.org\/city\/2023\/12\/04\/los-llanos-de-aridane-coordina-con-el-gobierno-de-canarias-soluciones-inmediatas-para-el-ceip-mariela-caceres\/#breadcrumb\"},\"inLanguage\":\"es\",\"potentialAction\":[{\"@type\":\"ReadAction\",\"target\":[\"https:\/\/www.aridane.org\/city\/2023\/12\/04\/los-llanos-de-aridane-coordina-con-el-gobierno-de-canarias-soluciones-inmediatas-para-el-ceip-mariela-caceres\/\"]}]},{\"@type\":\"ImageObject\",\"inLanguage\":\"es\",\"@id\":\"https:\/\/www.aridane.org\/city\/2023\/12\/04\/los-llanos-de-aridane-coordina-con-el-gobierno-de-canarias-soluciones-inmediatas-para-el-ceip-mariela-caceres\/#primaryimage\",\"url\":\"https:\/\/www.aridane.org\/city\/wp-content\/uploads\/2023\/12\/Mariela-Caceres.jpeg\",\"contentUrl\":\"https:\/\/www.aridane.org\/city\/wp-content\/uploads\/2023\/12\/Mariela-Caceres.jpeg\",\"width\":1600,\"height\":1066},{\"@type\":\"BreadcrumbList\",\"@id\":\"https:\/\/www.aridane.org\/city\/2023\/12\/04\/los-llanos-de-aridane-coordina-con-el-gobierno-de-canarias-soluciones-inmediatas-para-el-ceip-mariela-caceres\/#breadcrumb\",\"itemListElement\":[{\"@type\":\"ListItem\",\"position\":1,\"name\":\"Portada\",\"item\":\"https:\/\/www.aridane.org\/city\/\"},{\"@type\":\"ListItem\",\"position\":2,\"name\":\"Los Llanos de Aridane coordina con el Gobierno de Canarias soluciones inmediatas para el CEIP Mariela C\u00e1ceres\u00a0\"}]},{\"@type\":\"WebSite\",\"@id\":\"https:\/\/www.aridane.org\/city\/#website\",\"url\":\"https:\/\/www.aridane.org\/city\/\",\"name\":\"Ayuntamiento de Los Llanos de Aridane\",\"description\":\"\",\"potentialAction\":[{\"@type\":\"SearchAction\",\"target\":{\"@type\":\"EntryPoint\",\"urlTemplate\":\"https:\/\/www.aridane.org\/city\/?s={search_term_string}\"},\"query-input\":\"required name=search_term_string\"}],\"inLanguage\":\"es\"},{\"@type\":\"Person\",\"@id\":\"https:\/\/www.aridane.org\/city\/#\/schema\/person\/89ebd376b223dc94cc1dbcf200c8e6da\",\"name\":\"Corresponsal\",\"image\":{\"@type\":\"ImageObject\",\"inLanguage\":\"es\",\"@id\":\"https:\/\/www.aridane.org\/city\/#\/schema\/person\/image\/\",\"url\":\"https:\/\/secure.gravatar.com\/avatar\/1c476992411e4ccf153da63b2b2f5ea0bb4cb1c85f3ceab8512f04325ad5579c?s=96&d=mm&r=g\",\"contentUrl\":\"https:\/\/secure.gravatar.com\/avatar\/1c476992411e4ccf153da63b2b2f5ea0bb4cb1c85f3ceab8512f04325ad5579c?s=96&d=mm&r=g\",\"caption\":\"Corresponsal\"},\"url\":\"https:\/\/www.aridane.org\/city\/author\/corresponsal\/\"}]}<\/script>\n<!-- \/ Yoast SEO plugin. -->","yoast_head_json":{"title":"Los Llanos de Aridane coordina con el Gobierno de Canarias soluciones inmediatas para el CEIP Mariela C\u00e1ceres\u00a0 - Ayuntamiento de Los Llanos de Aridane","robots":{"index":"index","follow":"follow","max-snippet":"max-snippet:-1","max-image-preview":"max-image-preview:large","max-video-preview":"max-video-preview:-1"},"canonical":"https:\/\/www.aridane.org\/city\/2023\/12\/04\/los-llanos-de-aridane-coordina-con-el-gobierno-de-canarias-soluciones-inmediatas-para-el-ceip-mariela-caceres\/","og_locale":"es_ES","og_type":"article","og_title":"Los Llanos de Aridane coordina con el Gobierno de Canarias soluciones inmediatas para el CEIP Mariela C\u00e1ceres\u00a0 - Ayuntamiento de Los Llanos de Aridane","og_description":"Mientras se buscan soluciones para el centro, el personal municipal arregla los desperfectos ocasionado por las \u00faltimas lluvias","og_url":"https:\/\/www.aridane.org\/city\/2023\/12\/04\/los-llanos-de-aridane-coordina-con-el-gobierno-de-canarias-soluciones-inmediatas-para-el-ceip-mariela-caceres\/","og_site_name":"Ayuntamiento de Los Llanos de Aridane","article_published_time":"2023-12-04T19:23:23+00:00","og_image":[{"width":1600,"height":1066,"url":"https:\/\/www.aridane.org\/city\/wp-content\/uploads\/2023\/12\/Mariela-Caceres.jpeg","type":"image\/jpeg"}],"author":"Corresponsal","twitter_card":"summary_large_image","twitter_misc":{"Escrito por":"Corresponsal","Tiempo de lectura":"2 minutos"},"schema":{"@context":"https:\/\/schema.org","@graph":[{"@type":"WebPage","@id":"https:\/\/www.aridane.org\/city\/2023\/12\/04\/los-llanos-de-aridane-coordina-con-el-gobierno-de-canarias-soluciones-inmediatas-para-el-ceip-mariela-caceres\/","url":"https:\/\/www.aridane.org\/city\/2023\/12\/04\/los-llanos-de-aridane-coordina-con-el-gobierno-de-canarias-soluciones-inmediatas-para-el-ceip-mariela-caceres\/","name":"Los Llanos de Aridane coordina con el Gobierno de Canarias soluciones inmediatas para el CEIP Mariela C\u00e1ceres\u00a0 - Ayuntamiento de Los Llanos de Aridane","isPartOf":{"@id":"https:\/\/www.aridane.org\/city\/#website"},"primaryImageOfPage":{"@id":"https:\/\/www.aridane.org\/city\/2023\/12\/04\/los-llanos-de-aridane-coordina-con-el-gobierno-de-canarias-soluciones-inmediatas-para-el-ceip-mariela-caceres\/#primaryimage"},"image":{"@id":"https:\/\/www.aridane.org\/city\/2023\/12\/04\/los-llanos-de-aridane-coordina-con-el-gobierno-de-canarias-soluciones-inmediatas-para-el-ceip-mariela-caceres\/#primaryimage"},"thumbnailUrl":"https:\/\/www.aridane.org\/city\/wp-content\/uploads\/2023\/12\/Mariela-Caceres.jpeg","datePublished":"2023-12-04T19:23:23+00:00","dateModified":"2023-12-04T19:23:23+00:00","author":{"@id":"https:\/\/www.aridane.org\/city\/#\/schema\/person\/89ebd376b223dc94cc1dbcf200c8e6da"},"breadcrumb":{"@id":"https:\/\/www.aridane.org\/city\/2023\/12\/04\/los-llanos-de-aridane-coordina-con-el-gobierno-de-canarias-soluciones-inmediatas-para-el-ceip-mariela-caceres\/#breadcrumb"},"inLanguage":"es","potentialAction":[{"@type":"ReadAction","target":["https:\/\/www.aridane.org\/city\/2023\/12\/04\/los-llanos-de-aridane-coordina-con-el-gobierno-de-canarias-soluciones-inmediatas-para-el-ceip-mariela-caceres\/"]}]},{"@type":"ImageObject","inLanguage":"es","@id":"https:\/\/www.aridane.org\/city\/2023\/12\/04\/los-llanos-de-aridane-coordina-con-el-gobierno-de-canarias-soluciones-inmediatas-para-el-ceip-mariela-caceres\/#primaryimage","url":"https:\/\/www.aridane.org\/city\/wp-content\/uploads\/2023\/12\/Mariela-Caceres.jpeg","contentUrl":"https:\/\/www.aridane.org\/city\/wp-content\/uploads\/2023\/12\/Mariela-Caceres.jpeg","width":1600,"height":1066},{"@type":"BreadcrumbList","@id":"https:\/\/www.aridane.org\/city\/2023\/12\/04\/los-llanos-de-aridane-coordina-con-el-gobierno-de-canarias-soluciones-inmediatas-para-el-ceip-mariela-caceres\/#breadcrumb","itemListElement":[{"@type":"ListItem","position":1,"name":"Portada","item":"https:\/\/www.aridane.org\/city\/"},{"@type":"ListItem","position":2,"name":"Los Llanos de Aridane coordina con el Gobierno de Canarias soluciones inmediatas para el CEIP Mariela C\u00e1ceres\u00a0"}]},{"@type":"WebSite","@id":"https:\/\/www.aridane.org\/city\/#website","url":"https:\/\/www.aridane.org\/city\/","name":"Ayuntamiento de Los Llanos de Aridane","description":"","potentialAction":[{"@type":"SearchAction","target":{"@type":"EntryPoint","urlTemplate":"https:\/\/www.aridane.org\/city\/?s={search_term_string}"},"query-input":"required name=search_term_string"}],"inLanguage":"es"},{"@type":"Person","@id":"https:\/\/www.aridane.org\/city\/#\/schema\/person\/89ebd376b223dc94cc1dbcf200c8e6da","name":"Corresponsal","image":{"@type":"ImageObject","inLanguage":"es","@id":"https:\/\/www.aridane.org\/city\/#\/schema\/person\/image\/","url":"https:\/\/secure.gravatar.com\/avatar\/1c476992411e4ccf153da63b2b2f5ea0bb4cb1c85f3ceab8512f04325ad5579c?s=96&d=mm&r=g","contentUrl":"https:\/\/secure.gravatar.com\/avatar\/1c476992411e4ccf153da63b2b2f5ea0bb4cb1c85f3ceab8512f04325ad5579c?s=96&d=mm&r=g","caption":"Corresponsal"},"url":"https:\/\/www.aridane.org\/city\/author\/corresponsal\/"}]}},"_links":{"self":[{"href":"https:\/\/www.aridane.org\/city\/wp-json\/wp\/v2\/posts\/2986","targetHints":{"allow":["GET"]}}],"collection":[{"href":"https:\/\/www.aridane.org\/city\/wp-json\/wp\/v2\/posts"}],"about":[{"href":"https:\/\/www.aridane.org\/city\/wp-json\/wp\/v2\/types\/post"}],"author":[{"embeddable":true,"href":"https:\/\/www.aridane.org\/city\/wp-json\/wp\/v2\/users\/4"}],"replies":[{"embeddable":true,"href":"https:\/\/www.aridane.org\/city\/wp-json\/wp\/v2\/comments?post=2986"}],"version-history":[{"count":1,"href":"https:\/\/www.aridane.org\/city\/wp-json\/wp\/v2\/posts\/2986\/revisions"}],"predecessor-version":[{"id":2987,"href":"https:\/\/www.aridane.org\/city\/wp-json\/wp\/v2\/posts\/2986\/revisions\/2987"}],"wp:featuredmedia":[{"embeddable":true,"href":"https:\/\/www.aridane.org\/city\/wp-json\/wp\/v2\/media\/2988"}],"wp:attachment":[{"href":"https:\/\/www.aridane.org\/city\/wp-json\/wp\/v2\/media?parent=2986"}],"wp:term":[{"taxonomy":"category","embeddable":true,"href":"https:\/\/www.aridane.org\/city\/wp-json\/wp\/v2\/categories?post=2986"},{"taxonomy":"post_tag","embeddable":true,"href":"https:\/\/www.aridane.org\/city\/wp-json\/wp\/v2\/tags?post=2986"}],"curies":[{"name":"wp","href":"https:\/\/api.w.org\/{rel}","templated":true}]}}