{"id":2990,"date":"2023-12-12T09:15:44","date_gmt":"2023-12-12T09:15:44","guid":{"rendered":"https:\/\/www.aridane.org\/city\/?p=2990"},"modified":"2023-12-12T09:15:44","modified_gmt":"2023-12-12T09:15:44","slug":"los-llanos-de-aridane-conecta-a-la-juventud-palmera-con-eventud","status":"publish","type":"post","link":"https:\/\/www.aridane.org\/city\/2023\/12\/12\/los-llanos-de-aridane-conecta-a-la-juventud-palmera-con-eventud\/","title":{"rendered":"Los Llanos de Aridane conecta a la juventud palmera con \u2018Eventud\u2019"},"content":{"rendered":"<p><em>\u2018Eventud\u2019, que tendr\u00e1 lugar este viernes en la Casa de La Cultura, promociona valores como el esfuerzo y la constancia\u00a0<\/em><!--more--><\/p>\n<p>El Ayuntamiento de Los Llanos de Aridane congrega a la juventud palmera en\u00a0<em>Eventud<\/em>, que se celebra este viernes, 15 de diciembre, a las 20:00 horas, en la Casa de La Cultura. El foro no s\u00f3lo ser\u00e1 un punto de encuentro para j\u00f3venes de todas las edades, sino que estimular\u00e1 la formaci\u00f3n y el emprendimiento con conferencias, teatro, m\u00fasica y dem\u00e1s sorpresas.<\/p>\n<p>El concejal de Juventud, Eduardo P\u00e9rez, afirma que el objetivo del evento \u201ces inculcar valores como el sacrificio, esfuerzo y constancia\u201d entre la juventud. Esto se har\u00e1, a\u00f1ade, \u201ca trav\u00e9s de actividades de dinamizaci\u00f3n que desarrollen el pensamiento cr\u00edtico, el emprendimiento y el trabajo en equipo\u201d.<\/p>\n<p>Participar en\u00a0<em>Eventud<\/em>\u00a0es gratuito, pero requiere inscripci\u00f3n ya que el aforo es limitado. Las personas interesadas deben registrarse a trav\u00e9s de este enlace\u00a0<a href=\"https:\/\/entradium.com\/events\/eventud\" target=\"_blank\" rel=\"noopener noreferrer\">https:\/\/entradium.com\/events\/eventud<\/a><\/p>\n<p>El acto contar\u00e1 con la proyecci\u00f3n de un cortometraje, entrevistas, sesiones de v\u00eddeo, acciones de interacci\u00f3n, charlas, un mon\u00f3logo y un constante toque de humor para animar la actividad.<\/p>\n","protected":false},"excerpt":{"rendered":"<p>\u2018Eventud\u2019, que tendr\u00e1 lugar este viernes en la Casa de La Cultura, promociona valores como el esfuerzo y la constancia\u00a0<\/p>\n","protected":false},"author":4,"featured_media":2991,"comment_status":"open","ping_status":"open","sticky":false,"template":"","format":"standard","meta":{"footnotes":""},"categories":[6],"tags":[],"class_list":["post-2990","post","type-post","status-publish","format-standard","has-post-thumbnail","hentry","category-prensa"],"yoast_head":"<!-- This site is optimized with the Yoast SEO plugin v22.7 - https:\/\/yoast.com\/wordpress\/plugins\/seo\/ -->\n<title>Los Llanos de Aridane conecta a la juventud palmera con \u2018Eventud\u2019 - Ayuntamiento de Los Llanos de Aridane<\/title>\n<meta name=\"robots\" content=\"index, follow, max-snippet:-1, max-image-preview:large, max-video-preview:-1\" \/>\n<link rel=\"canonical\" href=\"https:\/\/www.aridane.org\/city\/2023\/12\/12\/los-llanos-de-aridane-conecta-a-la-juventud-palmera-con-eventud\/\" \/>\n<meta property=\"og:locale\" content=\"es_ES\" \/>\n<meta property=\"og:type\" content=\"article\" \/>\n<meta property=\"og:title\" content=\"Los Llanos de Aridane conecta a la juventud palmera con \u2018Eventud\u2019 - Ayuntamiento de Los Llanos de Aridane\" \/>\n<meta property=\"og:description\" content=\"\u2018Eventud\u2019, que tendr\u00e1 lugar este viernes en la Casa de La Cultura, promociona valores como el esfuerzo y la constancia\u00a0\" \/>\n<meta property=\"og:url\" content=\"https:\/\/www.aridane.org\/city\/2023\/12\/12\/los-llanos-de-aridane-conecta-a-la-juventud-palmera-con-eventud\/\" \/>\n<meta property=\"og:site_name\" content=\"Ayuntamiento de Los Llanos de Aridane\" \/>\n<meta property=\"article:published_time\" content=\"2023-12-12T09:15:44+00:00\" \/>\n<meta property=\"og:image\" content=\"https:\/\/www.aridane.org\/city\/wp-content\/uploads\/2023\/12\/Eventud.jpeg\" \/>\n\t<meta property=\"og:image:width\" content=\"1130\" \/>\n\t<meta property=\"og:image:height\" content=\"1600\" \/>\n\t<meta property=\"og:image:type\" content=\"image\/jpeg\" \/>\n<meta name=\"author\" content=\"Corresponsal\" \/>\n<meta name=\"twitter:card\" content=\"summary_large_image\" \/>\n<meta name=\"twitter:label1\" content=\"Escrito por\" \/>\n\t<meta name=\"twitter:data1\" content=\"Corresponsal\" \/>\n\t<meta name=\"twitter:label2\" content=\"Tiempo de lectura\" \/>\n\t<meta name=\"twitter:data2\" content=\"1 minuto\" \/>\n<script type=\"application\/ld+json\" class=\"yoast-schema-graph\">{\"@context\":\"https:\/\/schema.org\",\"@graph\":[{\"@type\":\"WebPage\",\"@id\":\"https:\/\/www.aridane.org\/city\/2023\/12\/12\/los-llanos-de-aridane-conecta-a-la-juventud-palmera-con-eventud\/\",\"url\":\"https:\/\/www.aridane.org\/city\/2023\/12\/12\/los-llanos-de-aridane-conecta-a-la-juventud-palmera-con-eventud\/\",\"name\":\"Los Llanos de Aridane conecta a la juventud palmera con \u2018Eventud\u2019 - Ayuntamiento de Los Llanos de Aridane\",\"isPartOf\":{\"@id\":\"https:\/\/www.aridane.org\/city\/#website\"},\"primaryImageOfPage\":{\"@id\":\"https:\/\/www.aridane.org\/city\/2023\/12\/12\/los-llanos-de-aridane-conecta-a-la-juventud-palmera-con-eventud\/#primaryimage\"},\"image\":{\"@id\":\"https:\/\/www.aridane.org\/city\/2023\/12\/12\/los-llanos-de-aridane-conecta-a-la-juventud-palmera-con-eventud\/#primaryimage\"},\"thumbnailUrl\":\"https:\/\/www.aridane.org\/city\/wp-content\/uploads\/2023\/12\/Eventud.jpeg\",\"datePublished\":\"2023-12-12T09:15:44+00:00\",\"dateModified\":\"2023-12-12T09:15:44+00:00\",\"author\":{\"@id\":\"https:\/\/www.aridane.org\/city\/#\/schema\/person\/89ebd376b223dc94cc1dbcf200c8e6da\"},\"breadcrumb\":{\"@id\":\"https:\/\/www.aridane.org\/city\/2023\/12\/12\/los-llanos-de-aridane-conecta-a-la-juventud-palmera-con-eventud\/#breadcrumb\"},\"inLanguage\":\"es\",\"potentialAction\":[{\"@type\":\"ReadAction\",\"target\":[\"https:\/\/www.aridane.org\/city\/2023\/12\/12\/los-llanos-de-aridane-conecta-a-la-juventud-palmera-con-eventud\/\"]}]},{\"@type\":\"ImageObject\",\"inLanguage\":\"es\",\"@id\":\"https:\/\/www.aridane.org\/city\/2023\/12\/12\/los-llanos-de-aridane-conecta-a-la-juventud-palmera-con-eventud\/#primaryimage\",\"url\":\"https:\/\/www.aridane.org\/city\/wp-content\/uploads\/2023\/12\/Eventud.jpeg\",\"contentUrl\":\"https:\/\/www.aridane.org\/city\/wp-content\/uploads\/2023\/12\/Eventud.jpeg\",\"width\":1130,\"height\":1600},{\"@type\":\"BreadcrumbList\",\"@id\":\"https:\/\/www.aridane.org\/city\/2023\/12\/12\/los-llanos-de-aridane-conecta-a-la-juventud-palmera-con-eventud\/#breadcrumb\",\"itemListElement\":[{\"@type\":\"ListItem\",\"position\":1,\"name\":\"Portada\",\"item\":\"https:\/\/www.aridane.org\/city\/\"},{\"@type\":\"ListItem\",\"position\":2,\"name\":\"Los Llanos de Aridane conecta a la juventud palmera con \u2018Eventud\u2019\"}]},{\"@type\":\"WebSite\",\"@id\":\"https:\/\/www.aridane.org\/city\/#website\",\"url\":\"https:\/\/www.aridane.org\/city\/\",\"name\":\"Ayuntamiento de Los Llanos de Aridane\",\"description\":\"\",\"potentialAction\":[{\"@type\":\"SearchAction\",\"target\":{\"@type\":\"EntryPoint\",\"urlTemplate\":\"https:\/\/www.aridane.org\/city\/?s={search_term_string}\"},\"query-input\":\"required name=search_term_string\"}],\"inLanguage\":\"es\"},{\"@type\":\"Person\",\"@id\":\"https:\/\/www.aridane.org\/city\/#\/schema\/person\/89ebd376b223dc94cc1dbcf200c8e6da\",\"name\":\"Corresponsal\",\"image\":{\"@type\":\"ImageObject\",\"inLanguage\":\"es\",\"@id\":\"https:\/\/www.aridane.org\/city\/#\/schema\/person\/image\/\",\"url\":\"https:\/\/secure.gravatar.com\/avatar\/1c476992411e4ccf153da63b2b2f5ea0bb4cb1c85f3ceab8512f04325ad5579c?s=96&d=mm&r=g\",\"contentUrl\":\"https:\/\/secure.gravatar.com\/avatar\/1c476992411e4ccf153da63b2b2f5ea0bb4cb1c85f3ceab8512f04325ad5579c?s=96&d=mm&r=g\",\"caption\":\"Corresponsal\"},\"url\":\"https:\/\/www.aridane.org\/city\/author\/corresponsal\/\"}]}<\/script>\n<!-- \/ Yoast SEO plugin. -->","yoast_head_json":{"title":"Los Llanos de Aridane conecta a la juventud palmera con \u2018Eventud\u2019 - Ayuntamiento de Los Llanos de Aridane","robots":{"index":"index","follow":"follow","max-snippet":"max-snippet:-1","max-image-preview":"max-image-preview:large","max-video-preview":"max-video-preview:-1"},"canonical":"https:\/\/www.aridane.org\/city\/2023\/12\/12\/los-llanos-de-aridane-conecta-a-la-juventud-palmera-con-eventud\/","og_locale":"es_ES","og_type":"article","og_title":"Los Llanos de Aridane conecta a la juventud palmera con \u2018Eventud\u2019 - Ayuntamiento de Los Llanos de Aridane","og_description":"\u2018Eventud\u2019, que tendr\u00e1 lugar este viernes en la Casa de La Cultura, promociona valores como el esfuerzo y la constancia\u00a0","og_url":"https:\/\/www.aridane.org\/city\/2023\/12\/12\/los-llanos-de-aridane-conecta-a-la-juventud-palmera-con-eventud\/","og_site_name":"Ayuntamiento de Los Llanos de Aridane","article_published_time":"2023-12-12T09:15:44+00:00","og_image":[{"width":1130,"height":1600,"url":"https:\/\/www.aridane.org\/city\/wp-content\/uploads\/2023\/12\/Eventud.jpeg","type":"image\/jpeg"}],"author":"Corresponsal","twitter_card":"summary_large_image","twitter_misc":{"Escrito por":"Corresponsal","Tiempo de lectura":"1 minuto"},"schema":{"@context":"https:\/\/schema.org","@graph":[{"@type":"WebPage","@id":"https:\/\/www.aridane.org\/city\/2023\/12\/12\/los-llanos-de-aridane-conecta-a-la-juventud-palmera-con-eventud\/","url":"https:\/\/www.aridane.org\/city\/2023\/12\/12\/los-llanos-de-aridane-conecta-a-la-juventud-palmera-con-eventud\/","name":"Los Llanos de Aridane conecta a la juventud palmera con \u2018Eventud\u2019 - Ayuntamiento de Los Llanos de Aridane","isPartOf":{"@id":"https:\/\/www.aridane.org\/city\/#website"},"primaryImageOfPage":{"@id":"https:\/\/www.aridane.org\/city\/2023\/12\/12\/los-llanos-de-aridane-conecta-a-la-juventud-palmera-con-eventud\/#primaryimage"},"image":{"@id":"https:\/\/www.aridane.org\/city\/2023\/12\/12\/los-llanos-de-aridane-conecta-a-la-juventud-palmera-con-eventud\/#primaryimage"},"thumbnailUrl":"https:\/\/www.aridane.org\/city\/wp-content\/uploads\/2023\/12\/Eventud.jpeg","datePublished":"2023-12-12T09:15:44+00:00","dateModified":"2023-12-12T09:15:44+00:00","author":{"@id":"https:\/\/www.aridane.org\/city\/#\/schema\/person\/89ebd376b223dc94cc1dbcf200c8e6da"},"breadcrumb":{"@id":"https:\/\/www.aridane.org\/city\/2023\/12\/12\/los-llanos-de-aridane-conecta-a-la-juventud-palmera-con-eventud\/#breadcrumb"},"inLanguage":"es","potentialAction":[{"@type":"ReadAction","target":["https:\/\/www.aridane.org\/city\/2023\/12\/12\/los-llanos-de-aridane-conecta-a-la-juventud-palmera-con-eventud\/"]}]},{"@type":"ImageObject","inLanguage":"es","@id":"https:\/\/www.aridane.org\/city\/2023\/12\/12\/los-llanos-de-aridane-conecta-a-la-juventud-palmera-con-eventud\/#primaryimage","url":"https:\/\/www.aridane.org\/city\/wp-content\/uploads\/2023\/12\/Eventud.jpeg","contentUrl":"https:\/\/www.aridane.org\/city\/wp-content\/uploads\/2023\/12\/Eventud.jpeg","width":1130,"height":1600},{"@type":"BreadcrumbList","@id":"https:\/\/www.aridane.org\/city\/2023\/12\/12\/los-llanos-de-aridane-conecta-a-la-juventud-palmera-con-eventud\/#breadcrumb","itemListElement":[{"@type":"ListItem","position":1,"name":"Portada","item":"https:\/\/www.aridane.org\/city\/"},{"@type":"ListItem","position":2,"name":"Los Llanos de Aridane conecta a la juventud palmera con \u2018Eventud\u2019"}]},{"@type":"WebSite","@id":"https:\/\/www.aridane.org\/city\/#website","url":"https:\/\/www.aridane.org\/city\/","name":"Ayuntamiento de Los Llanos de Aridane","description":"","potentialAction":[{"@type":"SearchAction","target":{"@type":"EntryPoint","urlTemplate":"https:\/\/www.aridane.org\/city\/?s={search_term_string}"},"query-input":"required name=search_term_string"}],"inLanguage":"es"},{"@type":"Person","@id":"https:\/\/www.aridane.org\/city\/#\/schema\/person\/89ebd376b223dc94cc1dbcf200c8e6da","name":"Corresponsal","image":{"@type":"ImageObject","inLanguage":"es","@id":"https:\/\/www.aridane.org\/city\/#\/schema\/person\/image\/","url":"https:\/\/secure.gravatar.com\/avatar\/1c476992411e4ccf153da63b2b2f5ea0bb4cb1c85f3ceab8512f04325ad5579c?s=96&d=mm&r=g","contentUrl":"https:\/\/secure.gravatar.com\/avatar\/1c476992411e4ccf153da63b2b2f5ea0bb4cb1c85f3ceab8512f04325ad5579c?s=96&d=mm&r=g","caption":"Corresponsal"},"url":"https:\/\/www.aridane.org\/city\/author\/corresponsal\/"}]}},"_links":{"self":[{"href":"https:\/\/www.aridane.org\/city\/wp-json\/wp\/v2\/posts\/2990","targetHints":{"allow":["GET"]}}],"collection":[{"href":"https:\/\/www.aridane.org\/city\/wp-json\/wp\/v2\/posts"}],"about":[{"href":"https:\/\/www.aridane.org\/city\/wp-json\/wp\/v2\/types\/post"}],"author":[{"embeddable":true,"href":"https:\/\/www.aridane.org\/city\/wp-json\/wp\/v2\/users\/4"}],"replies":[{"embeddable":true,"href":"https:\/\/www.aridane.org\/city\/wp-json\/wp\/v2\/comments?post=2990"}],"version-history":[{"count":1,"href":"https:\/\/www.aridane.org\/city\/wp-json\/wp\/v2\/posts\/2990\/revisions"}],"predecessor-version":[{"id":2992,"href":"https:\/\/www.aridane.org\/city\/wp-json\/wp\/v2\/posts\/2990\/revisions\/2992"}],"wp:featuredmedia":[{"embeddable":true,"href":"https:\/\/www.aridane.org\/city\/wp-json\/wp\/v2\/media\/2991"}],"wp:attachment":[{"href":"https:\/\/www.aridane.org\/city\/wp-json\/wp\/v2\/media?parent=2990"}],"wp:term":[{"taxonomy":"category","embeddable":true,"href":"https:\/\/www.aridane.org\/city\/wp-json\/wp\/v2\/categories?post=2990"},{"taxonomy":"post_tag","embeddable":true,"href":"https:\/\/www.aridane.org\/city\/wp-json\/wp\/v2\/tags?post=2990"}],"curies":[{"name":"wp","href":"https:\/\/api.w.org\/{rel}","templated":true}]}}