{"id":2999,"date":"2023-12-13T10:48:48","date_gmt":"2023-12-13T10:48:48","guid":{"rendered":"https:\/\/www.aridane.org\/city\/?p=2999"},"modified":"2023-12-13T10:48:48","modified_gmt":"2023-12-13T10:48:48","slug":"el-ayuntamiento-de-los-llanos-de-aridane-organiza-una-cata-de-chocolate-caliente-en-las-manchas","status":"publish","type":"post","link":"https:\/\/www.aridane.org\/city\/2023\/12\/13\/el-ayuntamiento-de-los-llanos-de-aridane-organiza-una-cata-de-chocolate-caliente-en-las-manchas\/","title":{"rendered":"El Ayuntamiento de Los Llanos de Aridane organiza una cata de chocolate caliente en Las Manchas"},"content":{"rendered":"<p><i><span style=\"font-weight: 400;\">Las personas interesadas pueden adquirir sus entradas en la Oficina de Turismo\u00a0 de Los Llanos de Aridane<\/span><\/i><!--more--><\/p>\n<p><span style=\"font-weight: 400;\">El Ayuntamiento de Los Llanos de Aridane, de la mano con la pasteler\u00eda Zulay, organiza una cata de chocolate caliente en el Museo del Vino de Las Manchas. Tendr\u00e1 lugar el pr\u00f3ximo jueves, 21 de diciembre, a las 19:00 horas.\u00a0<\/span><\/p>\n<p><span style=\"font-weight: 400;\">La concejala de Turismo y Participaci\u00f3n Ciudadana, Inmaculada Fern\u00e1ndez, asegura que el evento es \u201cuna excelente oportunidad de seguir dinamizando el Museo del Vino\u201d y celebrar la Navidad en comunidad.\u00a0<\/span><\/p>\n<p><span style=\"font-weight: 400;\">\u201cAdem\u00e1s de disfrutar de una experiencia culinaria excepcional, esta cata ser\u00e1 un espacio para el encuentro y la conversaci\u00f3n\u201d, a\u00f1ade la concejala.<\/span><\/p>\n<p><span style=\"font-weight: 400;\">Cabe apuntar que el evento contar\u00e1 con 20 plazas limitadas. Las personas interesadas en participar pueden adquirir sus entradas en la Oficina de Turismo de Los Llanos de Aridane, a la altura del reloj en la Avenida Doctor Fleming.\u00a0<\/span><\/p>\n<p><span style=\"font-weight: 400;\">La Oficina est\u00e1 abierta en horario de 9:00 a 19:00 horas de lunes a viernes, y de 9:00 a 14:00 horas los s\u00e1bados y domingos. El plazo l\u00edmite para inscribirse es el mi\u00e9rcoles, d\u00eda 20.<\/span><\/p>\n","protected":false},"excerpt":{"rendered":"<p>Las personas interesadas pueden adquirir sus entradas en la Oficina de Turismo\u00a0 de Los Llanos de Aridane<\/p>\n","protected":false},"author":4,"featured_media":3000,"comment_status":"open","ping_status":"open","sticky":false,"template":"","format":"standard","meta":{"footnotes":""},"categories":[6],"tags":[],"class_list":["post-2999","post","type-post","status-publish","format-standard","has-post-thumbnail","hentry","category-prensa"],"yoast_head":"<!-- This site is optimized with the Yoast SEO plugin v22.7 - https:\/\/yoast.com\/wordpress\/plugins\/seo\/ -->\n<title>El Ayuntamiento de Los Llanos de Aridane organiza una cata de chocolate caliente en Las Manchas - Ayuntamiento de Los Llanos de Aridane<\/title>\n<meta name=\"robots\" content=\"index, follow, max-snippet:-1, max-image-preview:large, max-video-preview:-1\" \/>\n<link rel=\"canonical\" href=\"https:\/\/www.aridane.org\/city\/2023\/12\/13\/el-ayuntamiento-de-los-llanos-de-aridane-organiza-una-cata-de-chocolate-caliente-en-las-manchas\/\" \/>\n<meta property=\"og:locale\" content=\"es_ES\" \/>\n<meta property=\"og:type\" content=\"article\" \/>\n<meta property=\"og:title\" content=\"El Ayuntamiento de Los Llanos de Aridane organiza una cata de chocolate caliente en Las Manchas - Ayuntamiento de Los Llanos de Aridane\" \/>\n<meta property=\"og:description\" content=\"Las personas interesadas pueden adquirir sus entradas en la Oficina de Turismo\u00a0 de Los Llanos de Aridane\" \/>\n<meta property=\"og:url\" content=\"https:\/\/www.aridane.org\/city\/2023\/12\/13\/el-ayuntamiento-de-los-llanos-de-aridane-organiza-una-cata-de-chocolate-caliente-en-las-manchas\/\" \/>\n<meta property=\"og:site_name\" content=\"Ayuntamiento de Los Llanos de Aridane\" \/>\n<meta property=\"article:published_time\" content=\"2023-12-13T10:48:48+00:00\" \/>\n<meta property=\"og:image\" content=\"https:\/\/www.aridane.org\/city\/wp-content\/uploads\/2023\/12\/Inmaculada-Fernandez.jpg\" \/>\n\t<meta property=\"og:image:width\" content=\"1200\" \/>\n\t<meta property=\"og:image:height\" content=\"675\" \/>\n\t<meta property=\"og:image:type\" content=\"image\/jpeg\" \/>\n<meta name=\"author\" content=\"Corresponsal\" \/>\n<meta name=\"twitter:card\" content=\"summary_large_image\" \/>\n<meta name=\"twitter:label1\" content=\"Escrito por\" \/>\n\t<meta name=\"twitter:data1\" content=\"Corresponsal\" \/>\n\t<meta name=\"twitter:label2\" content=\"Tiempo de lectura\" \/>\n\t<meta name=\"twitter:data2\" content=\"1 minuto\" \/>\n<script type=\"application\/ld+json\" class=\"yoast-schema-graph\">{\"@context\":\"https:\/\/schema.org\",\"@graph\":[{\"@type\":\"WebPage\",\"@id\":\"https:\/\/www.aridane.org\/city\/2023\/12\/13\/el-ayuntamiento-de-los-llanos-de-aridane-organiza-una-cata-de-chocolate-caliente-en-las-manchas\/\",\"url\":\"https:\/\/www.aridane.org\/city\/2023\/12\/13\/el-ayuntamiento-de-los-llanos-de-aridane-organiza-una-cata-de-chocolate-caliente-en-las-manchas\/\",\"name\":\"El Ayuntamiento de Los Llanos de Aridane organiza una cata de chocolate caliente en Las Manchas - Ayuntamiento de Los Llanos de Aridane\",\"isPartOf\":{\"@id\":\"https:\/\/www.aridane.org\/city\/#website\"},\"primaryImageOfPage\":{\"@id\":\"https:\/\/www.aridane.org\/city\/2023\/12\/13\/el-ayuntamiento-de-los-llanos-de-aridane-organiza-una-cata-de-chocolate-caliente-en-las-manchas\/#primaryimage\"},\"image\":{\"@id\":\"https:\/\/www.aridane.org\/city\/2023\/12\/13\/el-ayuntamiento-de-los-llanos-de-aridane-organiza-una-cata-de-chocolate-caliente-en-las-manchas\/#primaryimage\"},\"thumbnailUrl\":\"https:\/\/www.aridane.org\/city\/wp-content\/uploads\/2023\/12\/Inmaculada-Fernandez.jpg\",\"datePublished\":\"2023-12-13T10:48:48+00:00\",\"dateModified\":\"2023-12-13T10:48:48+00:00\",\"author\":{\"@id\":\"https:\/\/www.aridane.org\/city\/#\/schema\/person\/89ebd376b223dc94cc1dbcf200c8e6da\"},\"breadcrumb\":{\"@id\":\"https:\/\/www.aridane.org\/city\/2023\/12\/13\/el-ayuntamiento-de-los-llanos-de-aridane-organiza-una-cata-de-chocolate-caliente-en-las-manchas\/#breadcrumb\"},\"inLanguage\":\"es\",\"potentialAction\":[{\"@type\":\"ReadAction\",\"target\":[\"https:\/\/www.aridane.org\/city\/2023\/12\/13\/el-ayuntamiento-de-los-llanos-de-aridane-organiza-una-cata-de-chocolate-caliente-en-las-manchas\/\"]}]},{\"@type\":\"ImageObject\",\"inLanguage\":\"es\",\"@id\":\"https:\/\/www.aridane.org\/city\/2023\/12\/13\/el-ayuntamiento-de-los-llanos-de-aridane-organiza-una-cata-de-chocolate-caliente-en-las-manchas\/#primaryimage\",\"url\":\"https:\/\/www.aridane.org\/city\/wp-content\/uploads\/2023\/12\/Inmaculada-Fernandez.jpg\",\"contentUrl\":\"https:\/\/www.aridane.org\/city\/wp-content\/uploads\/2023\/12\/Inmaculada-Fernandez.jpg\",\"width\":1200,\"height\":675},{\"@type\":\"BreadcrumbList\",\"@id\":\"https:\/\/www.aridane.org\/city\/2023\/12\/13\/el-ayuntamiento-de-los-llanos-de-aridane-organiza-una-cata-de-chocolate-caliente-en-las-manchas\/#breadcrumb\",\"itemListElement\":[{\"@type\":\"ListItem\",\"position\":1,\"name\":\"Portada\",\"item\":\"https:\/\/www.aridane.org\/city\/\"},{\"@type\":\"ListItem\",\"position\":2,\"name\":\"El Ayuntamiento de Los Llanos de Aridane organiza una cata de chocolate caliente en Las Manchas\"}]},{\"@type\":\"WebSite\",\"@id\":\"https:\/\/www.aridane.org\/city\/#website\",\"url\":\"https:\/\/www.aridane.org\/city\/\",\"name\":\"Ayuntamiento de Los Llanos de Aridane\",\"description\":\"\",\"potentialAction\":[{\"@type\":\"SearchAction\",\"target\":{\"@type\":\"EntryPoint\",\"urlTemplate\":\"https:\/\/www.aridane.org\/city\/?s={search_term_string}\"},\"query-input\":\"required name=search_term_string\"}],\"inLanguage\":\"es\"},{\"@type\":\"Person\",\"@id\":\"https:\/\/www.aridane.org\/city\/#\/schema\/person\/89ebd376b223dc94cc1dbcf200c8e6da\",\"name\":\"Corresponsal\",\"image\":{\"@type\":\"ImageObject\",\"inLanguage\":\"es\",\"@id\":\"https:\/\/www.aridane.org\/city\/#\/schema\/person\/image\/\",\"url\":\"https:\/\/secure.gravatar.com\/avatar\/1c476992411e4ccf153da63b2b2f5ea0bb4cb1c85f3ceab8512f04325ad5579c?s=96&d=mm&r=g\",\"contentUrl\":\"https:\/\/secure.gravatar.com\/avatar\/1c476992411e4ccf153da63b2b2f5ea0bb4cb1c85f3ceab8512f04325ad5579c?s=96&d=mm&r=g\",\"caption\":\"Corresponsal\"},\"url\":\"https:\/\/www.aridane.org\/city\/author\/corresponsal\/\"}]}<\/script>\n<!-- \/ Yoast SEO plugin. -->","yoast_head_json":{"title":"El Ayuntamiento de Los Llanos de Aridane organiza una cata de chocolate caliente en Las Manchas - Ayuntamiento de Los Llanos de Aridane","robots":{"index":"index","follow":"follow","max-snippet":"max-snippet:-1","max-image-preview":"max-image-preview:large","max-video-preview":"max-video-preview:-1"},"canonical":"https:\/\/www.aridane.org\/city\/2023\/12\/13\/el-ayuntamiento-de-los-llanos-de-aridane-organiza-una-cata-de-chocolate-caliente-en-las-manchas\/","og_locale":"es_ES","og_type":"article","og_title":"El Ayuntamiento de Los Llanos de Aridane organiza una cata de chocolate caliente en Las Manchas - Ayuntamiento de Los Llanos de Aridane","og_description":"Las personas interesadas pueden adquirir sus entradas en la Oficina de Turismo\u00a0 de Los Llanos de Aridane","og_url":"https:\/\/www.aridane.org\/city\/2023\/12\/13\/el-ayuntamiento-de-los-llanos-de-aridane-organiza-una-cata-de-chocolate-caliente-en-las-manchas\/","og_site_name":"Ayuntamiento de Los Llanos de Aridane","article_published_time":"2023-12-13T10:48:48+00:00","og_image":[{"width":1200,"height":675,"url":"https:\/\/www.aridane.org\/city\/wp-content\/uploads\/2023\/12\/Inmaculada-Fernandez.jpg","type":"image\/jpeg"}],"author":"Corresponsal","twitter_card":"summary_large_image","twitter_misc":{"Escrito por":"Corresponsal","Tiempo de lectura":"1 minuto"},"schema":{"@context":"https:\/\/schema.org","@graph":[{"@type":"WebPage","@id":"https:\/\/www.aridane.org\/city\/2023\/12\/13\/el-ayuntamiento-de-los-llanos-de-aridane-organiza-una-cata-de-chocolate-caliente-en-las-manchas\/","url":"https:\/\/www.aridane.org\/city\/2023\/12\/13\/el-ayuntamiento-de-los-llanos-de-aridane-organiza-una-cata-de-chocolate-caliente-en-las-manchas\/","name":"El Ayuntamiento de Los Llanos de Aridane organiza una cata de chocolate caliente en Las Manchas - Ayuntamiento de Los Llanos de Aridane","isPartOf":{"@id":"https:\/\/www.aridane.org\/city\/#website"},"primaryImageOfPage":{"@id":"https:\/\/www.aridane.org\/city\/2023\/12\/13\/el-ayuntamiento-de-los-llanos-de-aridane-organiza-una-cata-de-chocolate-caliente-en-las-manchas\/#primaryimage"},"image":{"@id":"https:\/\/www.aridane.org\/city\/2023\/12\/13\/el-ayuntamiento-de-los-llanos-de-aridane-organiza-una-cata-de-chocolate-caliente-en-las-manchas\/#primaryimage"},"thumbnailUrl":"https:\/\/www.aridane.org\/city\/wp-content\/uploads\/2023\/12\/Inmaculada-Fernandez.jpg","datePublished":"2023-12-13T10:48:48+00:00","dateModified":"2023-12-13T10:48:48+00:00","author":{"@id":"https:\/\/www.aridane.org\/city\/#\/schema\/person\/89ebd376b223dc94cc1dbcf200c8e6da"},"breadcrumb":{"@id":"https:\/\/www.aridane.org\/city\/2023\/12\/13\/el-ayuntamiento-de-los-llanos-de-aridane-organiza-una-cata-de-chocolate-caliente-en-las-manchas\/#breadcrumb"},"inLanguage":"es","potentialAction":[{"@type":"ReadAction","target":["https:\/\/www.aridane.org\/city\/2023\/12\/13\/el-ayuntamiento-de-los-llanos-de-aridane-organiza-una-cata-de-chocolate-caliente-en-las-manchas\/"]}]},{"@type":"ImageObject","inLanguage":"es","@id":"https:\/\/www.aridane.org\/city\/2023\/12\/13\/el-ayuntamiento-de-los-llanos-de-aridane-organiza-una-cata-de-chocolate-caliente-en-las-manchas\/#primaryimage","url":"https:\/\/www.aridane.org\/city\/wp-content\/uploads\/2023\/12\/Inmaculada-Fernandez.jpg","contentUrl":"https:\/\/www.aridane.org\/city\/wp-content\/uploads\/2023\/12\/Inmaculada-Fernandez.jpg","width":1200,"height":675},{"@type":"BreadcrumbList","@id":"https:\/\/www.aridane.org\/city\/2023\/12\/13\/el-ayuntamiento-de-los-llanos-de-aridane-organiza-una-cata-de-chocolate-caliente-en-las-manchas\/#breadcrumb","itemListElement":[{"@type":"ListItem","position":1,"name":"Portada","item":"https:\/\/www.aridane.org\/city\/"},{"@type":"ListItem","position":2,"name":"El Ayuntamiento de Los Llanos de Aridane organiza una cata de chocolate caliente en Las Manchas"}]},{"@type":"WebSite","@id":"https:\/\/www.aridane.org\/city\/#website","url":"https:\/\/www.aridane.org\/city\/","name":"Ayuntamiento de Los Llanos de Aridane","description":"","potentialAction":[{"@type":"SearchAction","target":{"@type":"EntryPoint","urlTemplate":"https:\/\/www.aridane.org\/city\/?s={search_term_string}"},"query-input":"required name=search_term_string"}],"inLanguage":"es"},{"@type":"Person","@id":"https:\/\/www.aridane.org\/city\/#\/schema\/person\/89ebd376b223dc94cc1dbcf200c8e6da","name":"Corresponsal","image":{"@type":"ImageObject","inLanguage":"es","@id":"https:\/\/www.aridane.org\/city\/#\/schema\/person\/image\/","url":"https:\/\/secure.gravatar.com\/avatar\/1c476992411e4ccf153da63b2b2f5ea0bb4cb1c85f3ceab8512f04325ad5579c?s=96&d=mm&r=g","contentUrl":"https:\/\/secure.gravatar.com\/avatar\/1c476992411e4ccf153da63b2b2f5ea0bb4cb1c85f3ceab8512f04325ad5579c?s=96&d=mm&r=g","caption":"Corresponsal"},"url":"https:\/\/www.aridane.org\/city\/author\/corresponsal\/"}]}},"_links":{"self":[{"href":"https:\/\/www.aridane.org\/city\/wp-json\/wp\/v2\/posts\/2999","targetHints":{"allow":["GET"]}}],"collection":[{"href":"https:\/\/www.aridane.org\/city\/wp-json\/wp\/v2\/posts"}],"about":[{"href":"https:\/\/www.aridane.org\/city\/wp-json\/wp\/v2\/types\/post"}],"author":[{"embeddable":true,"href":"https:\/\/www.aridane.org\/city\/wp-json\/wp\/v2\/users\/4"}],"replies":[{"embeddable":true,"href":"https:\/\/www.aridane.org\/city\/wp-json\/wp\/v2\/comments?post=2999"}],"version-history":[{"count":1,"href":"https:\/\/www.aridane.org\/city\/wp-json\/wp\/v2\/posts\/2999\/revisions"}],"predecessor-version":[{"id":3001,"href":"https:\/\/www.aridane.org\/city\/wp-json\/wp\/v2\/posts\/2999\/revisions\/3001"}],"wp:featuredmedia":[{"embeddable":true,"href":"https:\/\/www.aridane.org\/city\/wp-json\/wp\/v2\/media\/3000"}],"wp:attachment":[{"href":"https:\/\/www.aridane.org\/city\/wp-json\/wp\/v2\/media?parent=2999"}],"wp:term":[{"taxonomy":"category","embeddable":true,"href":"https:\/\/www.aridane.org\/city\/wp-json\/wp\/v2\/categories?post=2999"},{"taxonomy":"post_tag","embeddable":true,"href":"https:\/\/www.aridane.org\/city\/wp-json\/wp\/v2\/tags?post=2999"}],"curies":[{"name":"wp","href":"https:\/\/api.w.org\/{rel}","templated":true}]}}