{"id":3003,"date":"2023-12-16T15:01:37","date_gmt":"2023-12-16T15:01:37","guid":{"rendered":"https:\/\/www.aridane.org\/city\/?p=3003"},"modified":"2023-12-19T15:04:31","modified_gmt":"2023-12-19T15:04:31","slug":"mas-de-30-ongs-participan-en-la-xix-feria-del-voluntariado-de-los-llanos-de-aridane","status":"publish","type":"post","link":"https:\/\/www.aridane.org\/city\/2023\/12\/16\/mas-de-30-ongs-participan-en-la-xix-feria-del-voluntariado-de-los-llanos-de-aridane\/","title":{"rendered":"M\u00e1s de 30 ONGs participan en la XIX Feria del Voluntariado de Los Llanos de Aridane"},"content":{"rendered":"<p><em>La concejala de Servicios Sociales, Idaira P\u00e9rez, destaca el trabajo de estas asociaciones para mejorar el d\u00eda a d\u00eda de las personas m\u00e1s vulnerables\u00a0<\/em><!--more--><\/p>\n<p>El Ayuntamiento de Los Llanos de Aridane organiza la XIX Feria del Voluntariado, que tendr\u00e1 lugar este s\u00e1bado, 16 de diciembre, en la Plaza de Espa\u00f1a. M\u00e1s de 30 ONGs y entidades palmeras sin \u00e1nimo de lucro ser\u00e1n las protagonistas de un evento que conectar\u00e1, visibilizar\u00e1 y sensibilizar\u00e1 a la ciudadan\u00eda con estas asociaciones y sus causas.<\/p>\n<p>La concejala de Servicios Sociales, Idaira P\u00e9rez, destaca la importancia de estas organizaciones en el d\u00eda a d\u00eda del municipio. \u201cGracias a su apoyo podemos dar una cobertura m\u00e1s amplia y eficiente. Seguir\u00e1 siendo una parte fundamental en el escudo social de esta administraci\u00f3n\u201d, apunta.<\/p>\n<p>La concejala recuerda que durante el volc\u00e1n, toda la sociedad comprob\u00f3 hasta d\u00f3nde pueden llegar estas asociaciones y su impacto a la hora de atender a personas vulnerables, mascotas abandonadas, o trabajos de colaboraci\u00f3n y coordinaci\u00f3n en una emergencia.<\/p>\n<p>\u201cSin embargo, y sobre todo, en esta feria queremos poner en valor ese trabajo m\u00e1s invisible que realizan cada d\u00eda las entidades y que sirve para mejorar la calidad de vida de muchas familias\u201d, apunta.<\/p>\n<p>Alrededor de las 12:30 horas est\u00e1 prevista la lectura del manifiesto institucional para poner en valor el trabajo del voluntariado, fomentar el asociacionismo y reivindicar una sociedad m\u00e1s justa e igualitaria.<\/p>\n<h2><strong>Entidades que participan en la feria<\/strong><\/h2>\n<p>Las entidades participantes en la feria son: AFA La Palma, Cruz Roja Espa\u00f1ola, NEP, Indispal, AHETE, Benawara, Asociaci\u00f3n Acomp\u00e1\u00f1ame, Fasican, Funcasor, C\u00e1ritas, ACAPS, Plena Inclusi\u00f3n, Asociaci\u00f3n Mojo de Ca\u00f1a, Asocide, Colectivo Violetas LGTBI+, Mantay, Fundaci\u00f3n Solidaridad, Fundaci\u00f3n Isonorte, Adfilpa, AECC, Iglesia Evang\u00e9lica Bautista, \u00c1mate, Asociaci\u00f3n Psic\u00f3logos para Tod@s, Asociaci\u00f3n Kalen, Fundaci\u00f3n Peque\u00f1o Valiente, AFEM La Palma, Protecci\u00f3n Civil, ICHN, Bomberos La Palma, Asociaci\u00f3n Feminista Jacaranda y Asociaci\u00f3n SOS La Palma.<\/p>\n","protected":false},"excerpt":{"rendered":"<p>La concejala de Servicios Sociales, Idaira P\u00e9rez, destaca el trabajo de estas asociaciones para mejorar el d\u00eda a d\u00eda de las personas m\u00e1s vulnerables\u00a0<\/p>\n","protected":false},"author":4,"featured_media":3004,"comment_status":"open","ping_status":"open","sticky":false,"template":"","format":"standard","meta":{"footnotes":""},"categories":[6],"tags":[],"class_list":["post-3003","post","type-post","status-publish","format-standard","has-post-thumbnail","hentry","category-prensa"],"yoast_head":"<!-- This site is optimized with the Yoast SEO plugin v22.7 - https:\/\/yoast.com\/wordpress\/plugins\/seo\/ -->\n<title>M\u00e1s de 30 ONGs participan en la XIX Feria del Voluntariado de Los Llanos de Aridane - Ayuntamiento de Los Llanos de Aridane<\/title>\n<meta name=\"robots\" content=\"index, follow, max-snippet:-1, max-image-preview:large, max-video-preview:-1\" \/>\n<link rel=\"canonical\" href=\"https:\/\/www.aridane.org\/city\/2023\/12\/16\/mas-de-30-ongs-participan-en-la-xix-feria-del-voluntariado-de-los-llanos-de-aridane\/\" \/>\n<meta property=\"og:locale\" content=\"es_ES\" \/>\n<meta property=\"og:type\" content=\"article\" \/>\n<meta property=\"og:title\" content=\"M\u00e1s de 30 ONGs participan en la XIX Feria del Voluntariado de Los Llanos de Aridane - Ayuntamiento de Los Llanos de Aridane\" \/>\n<meta property=\"og:description\" content=\"La concejala de Servicios Sociales, Idaira P\u00e9rez, destaca el trabajo de estas asociaciones para mejorar el d\u00eda a d\u00eda de las personas m\u00e1s vulnerables\u00a0\" \/>\n<meta property=\"og:url\" content=\"https:\/\/www.aridane.org\/city\/2023\/12\/16\/mas-de-30-ongs-participan-en-la-xix-feria-del-voluntariado-de-los-llanos-de-aridane\/\" \/>\n<meta property=\"og:site_name\" content=\"Ayuntamiento de Los Llanos de Aridane\" \/>\n<meta property=\"article:published_time\" content=\"2023-12-16T15:01:37+00:00\" \/>\n<meta property=\"article:modified_time\" content=\"2023-12-19T15:04:31+00:00\" \/>\n<meta property=\"og:image\" content=\"https:\/\/www.aridane.org\/city\/wp-content\/uploads\/2023\/12\/Lectura-manifiesto-solidaridad.jpeg\" \/>\n\t<meta property=\"og:image:width\" content=\"1620\" \/>\n\t<meta property=\"og:image:height\" content=\"1080\" \/>\n\t<meta property=\"og:image:type\" content=\"image\/jpeg\" \/>\n<meta name=\"author\" content=\"Corresponsal\" \/>\n<meta name=\"twitter:card\" content=\"summary_large_image\" \/>\n<meta name=\"twitter:label1\" content=\"Escrito por\" \/>\n\t<meta name=\"twitter:data1\" content=\"Corresponsal\" \/>\n\t<meta name=\"twitter:label2\" content=\"Tiempo de lectura\" \/>\n\t<meta name=\"twitter:data2\" content=\"2 minutos\" \/>\n<script type=\"application\/ld+json\" class=\"yoast-schema-graph\">{\"@context\":\"https:\/\/schema.org\",\"@graph\":[{\"@type\":\"WebPage\",\"@id\":\"https:\/\/www.aridane.org\/city\/2023\/12\/16\/mas-de-30-ongs-participan-en-la-xix-feria-del-voluntariado-de-los-llanos-de-aridane\/\",\"url\":\"https:\/\/www.aridane.org\/city\/2023\/12\/16\/mas-de-30-ongs-participan-en-la-xix-feria-del-voluntariado-de-los-llanos-de-aridane\/\",\"name\":\"M\u00e1s de 30 ONGs participan en la XIX Feria del Voluntariado de Los Llanos de Aridane - Ayuntamiento de Los Llanos de Aridane\",\"isPartOf\":{\"@id\":\"https:\/\/www.aridane.org\/city\/#website\"},\"primaryImageOfPage\":{\"@id\":\"https:\/\/www.aridane.org\/city\/2023\/12\/16\/mas-de-30-ongs-participan-en-la-xix-feria-del-voluntariado-de-los-llanos-de-aridane\/#primaryimage\"},\"image\":{\"@id\":\"https:\/\/www.aridane.org\/city\/2023\/12\/16\/mas-de-30-ongs-participan-en-la-xix-feria-del-voluntariado-de-los-llanos-de-aridane\/#primaryimage\"},\"thumbnailUrl\":\"https:\/\/www.aridane.org\/city\/wp-content\/uploads\/2023\/12\/Lectura-manifiesto-solidaridad.jpeg\",\"datePublished\":\"2023-12-16T15:01:37+00:00\",\"dateModified\":\"2023-12-19T15:04:31+00:00\",\"author\":{\"@id\":\"https:\/\/www.aridane.org\/city\/#\/schema\/person\/89ebd376b223dc94cc1dbcf200c8e6da\"},\"breadcrumb\":{\"@id\":\"https:\/\/www.aridane.org\/city\/2023\/12\/16\/mas-de-30-ongs-participan-en-la-xix-feria-del-voluntariado-de-los-llanos-de-aridane\/#breadcrumb\"},\"inLanguage\":\"es\",\"potentialAction\":[{\"@type\":\"ReadAction\",\"target\":[\"https:\/\/www.aridane.org\/city\/2023\/12\/16\/mas-de-30-ongs-participan-en-la-xix-feria-del-voluntariado-de-los-llanos-de-aridane\/\"]}]},{\"@type\":\"ImageObject\",\"inLanguage\":\"es\",\"@id\":\"https:\/\/www.aridane.org\/city\/2023\/12\/16\/mas-de-30-ongs-participan-en-la-xix-feria-del-voluntariado-de-los-llanos-de-aridane\/#primaryimage\",\"url\":\"https:\/\/www.aridane.org\/city\/wp-content\/uploads\/2023\/12\/Lectura-manifiesto-solidaridad.jpeg\",\"contentUrl\":\"https:\/\/www.aridane.org\/city\/wp-content\/uploads\/2023\/12\/Lectura-manifiesto-solidaridad.jpeg\",\"width\":1620,\"height\":1080},{\"@type\":\"BreadcrumbList\",\"@id\":\"https:\/\/www.aridane.org\/city\/2023\/12\/16\/mas-de-30-ongs-participan-en-la-xix-feria-del-voluntariado-de-los-llanos-de-aridane\/#breadcrumb\",\"itemListElement\":[{\"@type\":\"ListItem\",\"position\":1,\"name\":\"Portada\",\"item\":\"https:\/\/www.aridane.org\/city\/\"},{\"@type\":\"ListItem\",\"position\":2,\"name\":\"M\u00e1s de 30 ONGs participan en la XIX Feria del Voluntariado de Los Llanos de Aridane\"}]},{\"@type\":\"WebSite\",\"@id\":\"https:\/\/www.aridane.org\/city\/#website\",\"url\":\"https:\/\/www.aridane.org\/city\/\",\"name\":\"Ayuntamiento de Los Llanos de Aridane\",\"description\":\"\",\"potentialAction\":[{\"@type\":\"SearchAction\",\"target\":{\"@type\":\"EntryPoint\",\"urlTemplate\":\"https:\/\/www.aridane.org\/city\/?s={search_term_string}\"},\"query-input\":\"required name=search_term_string\"}],\"inLanguage\":\"es\"},{\"@type\":\"Person\",\"@id\":\"https:\/\/www.aridane.org\/city\/#\/schema\/person\/89ebd376b223dc94cc1dbcf200c8e6da\",\"name\":\"Corresponsal\",\"image\":{\"@type\":\"ImageObject\",\"inLanguage\":\"es\",\"@id\":\"https:\/\/www.aridane.org\/city\/#\/schema\/person\/image\/\",\"url\":\"https:\/\/secure.gravatar.com\/avatar\/1c476992411e4ccf153da63b2b2f5ea0bb4cb1c85f3ceab8512f04325ad5579c?s=96&d=mm&r=g\",\"contentUrl\":\"https:\/\/secure.gravatar.com\/avatar\/1c476992411e4ccf153da63b2b2f5ea0bb4cb1c85f3ceab8512f04325ad5579c?s=96&d=mm&r=g\",\"caption\":\"Corresponsal\"},\"url\":\"https:\/\/www.aridane.org\/city\/author\/corresponsal\/\"}]}<\/script>\n<!-- \/ Yoast SEO plugin. -->","yoast_head_json":{"title":"M\u00e1s de 30 ONGs participan en la XIX Feria del Voluntariado de Los Llanos de Aridane - Ayuntamiento de Los Llanos de Aridane","robots":{"index":"index","follow":"follow","max-snippet":"max-snippet:-1","max-image-preview":"max-image-preview:large","max-video-preview":"max-video-preview:-1"},"canonical":"https:\/\/www.aridane.org\/city\/2023\/12\/16\/mas-de-30-ongs-participan-en-la-xix-feria-del-voluntariado-de-los-llanos-de-aridane\/","og_locale":"es_ES","og_type":"article","og_title":"M\u00e1s de 30 ONGs participan en la XIX Feria del Voluntariado de Los Llanos de Aridane - Ayuntamiento de Los Llanos de Aridane","og_description":"La concejala de Servicios Sociales, Idaira P\u00e9rez, destaca el trabajo de estas asociaciones para mejorar el d\u00eda a d\u00eda de las personas m\u00e1s vulnerables\u00a0","og_url":"https:\/\/www.aridane.org\/city\/2023\/12\/16\/mas-de-30-ongs-participan-en-la-xix-feria-del-voluntariado-de-los-llanos-de-aridane\/","og_site_name":"Ayuntamiento de Los Llanos de Aridane","article_published_time":"2023-12-16T15:01:37+00:00","article_modified_time":"2023-12-19T15:04:31+00:00","og_image":[{"width":1620,"height":1080,"url":"https:\/\/www.aridane.org\/city\/wp-content\/uploads\/2023\/12\/Lectura-manifiesto-solidaridad.jpeg","type":"image\/jpeg"}],"author":"Corresponsal","twitter_card":"summary_large_image","twitter_misc":{"Escrito por":"Corresponsal","Tiempo de lectura":"2 minutos"},"schema":{"@context":"https:\/\/schema.org","@graph":[{"@type":"WebPage","@id":"https:\/\/www.aridane.org\/city\/2023\/12\/16\/mas-de-30-ongs-participan-en-la-xix-feria-del-voluntariado-de-los-llanos-de-aridane\/","url":"https:\/\/www.aridane.org\/city\/2023\/12\/16\/mas-de-30-ongs-participan-en-la-xix-feria-del-voluntariado-de-los-llanos-de-aridane\/","name":"M\u00e1s de 30 ONGs participan en la XIX Feria del Voluntariado de Los Llanos de Aridane - Ayuntamiento de Los Llanos de Aridane","isPartOf":{"@id":"https:\/\/www.aridane.org\/city\/#website"},"primaryImageOfPage":{"@id":"https:\/\/www.aridane.org\/city\/2023\/12\/16\/mas-de-30-ongs-participan-en-la-xix-feria-del-voluntariado-de-los-llanos-de-aridane\/#primaryimage"},"image":{"@id":"https:\/\/www.aridane.org\/city\/2023\/12\/16\/mas-de-30-ongs-participan-en-la-xix-feria-del-voluntariado-de-los-llanos-de-aridane\/#primaryimage"},"thumbnailUrl":"https:\/\/www.aridane.org\/city\/wp-content\/uploads\/2023\/12\/Lectura-manifiesto-solidaridad.jpeg","datePublished":"2023-12-16T15:01:37+00:00","dateModified":"2023-12-19T15:04:31+00:00","author":{"@id":"https:\/\/www.aridane.org\/city\/#\/schema\/person\/89ebd376b223dc94cc1dbcf200c8e6da"},"breadcrumb":{"@id":"https:\/\/www.aridane.org\/city\/2023\/12\/16\/mas-de-30-ongs-participan-en-la-xix-feria-del-voluntariado-de-los-llanos-de-aridane\/#breadcrumb"},"inLanguage":"es","potentialAction":[{"@type":"ReadAction","target":["https:\/\/www.aridane.org\/city\/2023\/12\/16\/mas-de-30-ongs-participan-en-la-xix-feria-del-voluntariado-de-los-llanos-de-aridane\/"]}]},{"@type":"ImageObject","inLanguage":"es","@id":"https:\/\/www.aridane.org\/city\/2023\/12\/16\/mas-de-30-ongs-participan-en-la-xix-feria-del-voluntariado-de-los-llanos-de-aridane\/#primaryimage","url":"https:\/\/www.aridane.org\/city\/wp-content\/uploads\/2023\/12\/Lectura-manifiesto-solidaridad.jpeg","contentUrl":"https:\/\/www.aridane.org\/city\/wp-content\/uploads\/2023\/12\/Lectura-manifiesto-solidaridad.jpeg","width":1620,"height":1080},{"@type":"BreadcrumbList","@id":"https:\/\/www.aridane.org\/city\/2023\/12\/16\/mas-de-30-ongs-participan-en-la-xix-feria-del-voluntariado-de-los-llanos-de-aridane\/#breadcrumb","itemListElement":[{"@type":"ListItem","position":1,"name":"Portada","item":"https:\/\/www.aridane.org\/city\/"},{"@type":"ListItem","position":2,"name":"M\u00e1s de 30 ONGs participan en la XIX Feria del Voluntariado de Los Llanos de Aridane"}]},{"@type":"WebSite","@id":"https:\/\/www.aridane.org\/city\/#website","url":"https:\/\/www.aridane.org\/city\/","name":"Ayuntamiento de Los Llanos de Aridane","description":"","potentialAction":[{"@type":"SearchAction","target":{"@type":"EntryPoint","urlTemplate":"https:\/\/www.aridane.org\/city\/?s={search_term_string}"},"query-input":"required name=search_term_string"}],"inLanguage":"es"},{"@type":"Person","@id":"https:\/\/www.aridane.org\/city\/#\/schema\/person\/89ebd376b223dc94cc1dbcf200c8e6da","name":"Corresponsal","image":{"@type":"ImageObject","inLanguage":"es","@id":"https:\/\/www.aridane.org\/city\/#\/schema\/person\/image\/","url":"https:\/\/secure.gravatar.com\/avatar\/1c476992411e4ccf153da63b2b2f5ea0bb4cb1c85f3ceab8512f04325ad5579c?s=96&d=mm&r=g","contentUrl":"https:\/\/secure.gravatar.com\/avatar\/1c476992411e4ccf153da63b2b2f5ea0bb4cb1c85f3ceab8512f04325ad5579c?s=96&d=mm&r=g","caption":"Corresponsal"},"url":"https:\/\/www.aridane.org\/city\/author\/corresponsal\/"}]}},"_links":{"self":[{"href":"https:\/\/www.aridane.org\/city\/wp-json\/wp\/v2\/posts\/3003","targetHints":{"allow":["GET"]}}],"collection":[{"href":"https:\/\/www.aridane.org\/city\/wp-json\/wp\/v2\/posts"}],"about":[{"href":"https:\/\/www.aridane.org\/city\/wp-json\/wp\/v2\/types\/post"}],"author":[{"embeddable":true,"href":"https:\/\/www.aridane.org\/city\/wp-json\/wp\/v2\/users\/4"}],"replies":[{"embeddable":true,"href":"https:\/\/www.aridane.org\/city\/wp-json\/wp\/v2\/comments?post=3003"}],"version-history":[{"count":1,"href":"https:\/\/www.aridane.org\/city\/wp-json\/wp\/v2\/posts\/3003\/revisions"}],"predecessor-version":[{"id":3005,"href":"https:\/\/www.aridane.org\/city\/wp-json\/wp\/v2\/posts\/3003\/revisions\/3005"}],"wp:featuredmedia":[{"embeddable":true,"href":"https:\/\/www.aridane.org\/city\/wp-json\/wp\/v2\/media\/3004"}],"wp:attachment":[{"href":"https:\/\/www.aridane.org\/city\/wp-json\/wp\/v2\/media?parent=3003"}],"wp:term":[{"taxonomy":"category","embeddable":true,"href":"https:\/\/www.aridane.org\/city\/wp-json\/wp\/v2\/categories?post=3003"},{"taxonomy":"post_tag","embeddable":true,"href":"https:\/\/www.aridane.org\/city\/wp-json\/wp\/v2\/tags?post=3003"}],"curies":[{"name":"wp","href":"https:\/\/api.w.org\/{rel}","templated":true}]}}