{"id":3006,"date":"2023-12-16T15:04:36","date_gmt":"2023-12-16T15:04:36","guid":{"rendered":"https:\/\/www.aridane.org\/city\/?p=3006"},"modified":"2023-12-19T15:07:51","modified_gmt":"2023-12-19T15:07:51","slug":"el-ayuntamiento-nombra-hijo-predilecto-de-los-llanos-de-aridane-a-hugo-castro","status":"publish","type":"post","link":"https:\/\/www.aridane.org\/city\/2023\/12\/16\/el-ayuntamiento-nombra-hijo-predilecto-de-los-llanos-de-aridane-a-hugo-castro\/","title":{"rendered":"El Ayuntamiento nombra Hijo Predilecto de Los Llanos de Aridane a Hugo Castro"},"content":{"rendered":"<p><em>Desde el Ayuntamiento destacan su contribuci\u00f3n en la cultura y las tradiciones del municipio y de la isla durante m\u00e1s de 50 a\u00f1os<\/em><!--more--><\/p>\n<p>El Ayuntamiento de Los Llanos de Aridane nombra Hijo Predilecto a Hugo Castro Bethencourt. Un homenaje a su trayectoria vital, social y profesional en diferentes \u00e1mbitos de la vida sociocultural del municipio durante m\u00e1s de 50 a\u00f1os.<\/p>\n<p>En el acto de nombramiento celebrado este s\u00e1bado, 16 de diciembre, el propio Hugo Castro asegura que ha trabajado por su pueblo de manera desinteresada, mostrando cari\u00f1o y gratitud. Adem\u00e1s de agradecer el nombramiento, desea felices fiestas y salud a toda la ciudadan\u00eda recordando a Nuestra Se\u00f1ora La Virgen de Los Remedios.<\/p>\n<p>Por su parte, el alcalde, Javier Llamas, reconoce en nombre de toda la instituci\u00f3n \u201clas valiosas y considerables acciones, que concurren en su figura como activo hombre en pro de la cultura y tradiciones de un pueblo\u201d.<\/p>\n<p>En este sentido, el alcalde destaca su papel al frente de la Real Sociedad Aridane y de la Asociaci\u00f3n Cultural Tagoror 2 de julio, sus andanzas en la conocida Base de los Americanos en Puerto Naos, as\u00ed como su destacado rol entre los aficionados a la radiofon\u00eda en Canarias, entre otras inquietudes, como su etapa como destacado jugador de baloncesto y contribuci\u00f3n al \u00e1mbito sociocultural del municipio.<\/p>\n<p>Cabe recordar que el pleno del Ayuntamiento de Los Llanos de Aridane aprob\u00f3 el 29 de septiembre y por unanimidad el nombramiento de Hugo Castro como hijo predilecto.<\/p>\n<h2><strong>Hugo Castro y la Base de Los Americanos<\/strong><\/h2>\n<p>Hugo Castro Bethencourt naci\u00f3 en Los Llanos de Aridane en 1940. Estudi\u00f3, como muchos de sus vecinos, en la conocida escuela de Don To\u00f1\u00edn y en la renombrada Academia de Pepe Lavers.<\/p>\n<p>Su periplo m\u00e1s conocido fueron sus quince a\u00f1os trabajando en la base hidrof\u00f3nica The Puerto de Naos Sofar Station, m\u00e1s conocida como Base de los Americanos. De aqu\u00ed nacen sus relatos sobre las primeras escuchas del proceso eruptivo del Volc\u00e1n Tenegu\u00eda y trabajos de b\u00fasqueda y localizaci\u00f3n del submarino americano USS Scorpio hundido durante la Guerra Fr\u00eda en aguas del Atl\u00e1ntico.<\/p>\n<p>Hugo Castro tambi\u00e9n es un nombre propio del deporte en Los Llanos de Aridane, aunque quiz\u00e1 sea esta una faceta m\u00e1s desconocida.<\/p>\n<p>Jug\u00f3 en el Club Baloncesto Aridane durante los a\u00f1os 1957 y 1961, siendo m\u00e1ximo anotador en las ligas insulares de 1959-1960 y 1960-1961. Llega incluso a entrenar con el Club N\u00e1utico de Tenerife, equipo que se interesa por su versatilidad en la cancha.<\/p>\n<p>En 1977, con 37 a\u00f1os, y como otros tantos palmeros, emigra a Venezuela y se convierte en un orgulloso embajador de la cultura de La Palma y, por supuesto, de su municipio, Los Llanos de Aridane.<\/p>\n<h2><strong>Presidente de los Radioaficionados de Canarias<\/strong><\/h2>\n<p>En 1980 retoma su afinidad y casi devoci\u00f3n por la radioafici\u00f3n, hasta la actualidad. En esta faceta destacan no s\u00f3lo la participaci\u00f3n sino la conquista de trece campeonatos consecutivos del Concurso Euroamericano, as\u00ed como la organizaci\u00f3n en la creaci\u00f3n de la URA en Los Llanos de Aridane, y llegando a ser presidente regional de los Radioaficionados de Canarias.<\/p>\n<p>Un a\u00f1o despu\u00e9s, en 1993, recibe el Premio Especial Idafe por su quehacer social y cultural, adem\u00e1s de inquietudes en pro de su terru\u00f1o, concedido por Radio La Palma Cadena Ser.<\/p>\n<h2><strong>Su pasi\u00f3n por la m\u00fasica<\/strong><\/h2>\n<p>Al mismo tiempo que desarrolla estas singulares facetas tambi\u00e9n su pasi\u00f3n e inquietudes musicales le hacen crear en las denominadas por aquel entonces como Fiestas de Invierno, en el a\u00f1o 1962.<\/p>\n<p>Por ese entonces tambi\u00e9n se produce el debut en las calles de su ciudad de la murga\u00a0<em>\u00a1A m\u00ed plin!<\/em>, fundada junto a Ar\u00edcido Meli\u00e1n y que constituy\u00f3 el germen y punto de partida de la Agrupaci\u00f3n Folcl\u00f3rica Los Arrieros.<\/p>\n<p>Cabe destacar tambi\u00e9n su participaci\u00f3n en el grupo musical Los Aridane, en la\u00a0<em>Salve a la Virgen de Los Remedios<\/em>, con el coro de la Real Sociedad Aridane, m\u00e1s conocida como El Casino, y la composici\u00f3n del Himno de esta instituci\u00f3n, el cual se produce con la ayuda y colaboraci\u00f3n del m\u00fasico y compositor Garcimar Juan Garc\u00eda.<\/p>\n<h2><strong>Presidente de El Casino<\/strong><\/h2>\n<p>Enlazando con esto \u00faltimo podemos destacar la que pudiera ser la etapa m\u00e1s activa y popular de Hugo Castro Bethencourt, durante 1997 y 2007, como presidente de la Real Sociedad Aridane.<\/p>\n<p>Durante esta d\u00e9cada fueron muchos actos los desarrollados: homenajes a cargos precedentes, hermanamientos, a\u00f1os de actividad cultural (como en los inicios de esta instituci\u00f3n), a\u00f1os de t\u00edtulos y premios, a\u00f1os de conocer y rescatar tradiciones, a\u00f1os para la cultura, para el encuentro, para crear un espacio de y para Los Llanos de Aridane (Medalla de Oro del Ayuntamiento de Los Llanos de Aridane; Medalla de Oro del Gobierno de Canarias; t\u00edtulo de Real Sociedad de Instrucci\u00f3n y Recreo Aridane, por parte de la Casa Real).<\/p>\n<h2><strong>Asociaci\u00f3n Cultural Tagoror 2 de julio<\/strong><\/h2>\n<p>Despu\u00e9s de esta etapa al frente de El Casino forma parte, como iniciador e inspirador de la Asociaci\u00f3n Cultural Tagoror 2 de julio. Desde aqu\u00ed crean el Premio Domingo Gonz\u00e1lez Ferrera, el impulso para denominar una calle en el barrio de El Retamar con el nombre de este insigne m\u00fasico, el reconocimiento a Do\u00f1a Florencia Nieves Jim\u00e9nez, artesana de la seda, y apoyo al expediente de su nombramiento como Hija Predilecta.<\/p>\n<p>Desde la Asociaci\u00f3n Cultural Tagoror 2 de julio tambi\u00e9n se produce el hermanamiento con la European Ros, de la que es Miembro de Honor, la promoci\u00f3n para grabar la Loa a la Virgen de Los Remedios, la designaci\u00f3n del propio Hugo Castro como representante de la ciudadan\u00eda del municipio en el Homenaje a los servicios p\u00fablicos durante la pandemia, el homenaje recordando a los afectados por el volc\u00e1n Tajogaite, entre otros hitos.<\/p>\n<p>Por no hablar de la celebraci\u00f3n de exposiciones, conferencias y presentaciones desde que en 2009 fundara la Asociaci\u00f3n Cultural Tagoror 2 de julio.<\/p>\n","protected":false},"excerpt":{"rendered":"<p>Desde el Ayuntamiento destacan su contribuci\u00f3n en la cultura y las tradiciones del municipio y de la isla durante m\u00e1s de 50 a\u00f1os<\/p>\n","protected":false},"author":4,"featured_media":3007,"comment_status":"open","ping_status":"open","sticky":false,"template":"","format":"standard","meta":{"footnotes":""},"categories":[6,1],"tags":[],"class_list":["post-3006","post","type-post","status-publish","format-standard","has-post-thumbnail","hentry","category-prensa","category-sin-categoria"],"yoast_head":"<!-- This site is optimized with the Yoast SEO plugin v22.7 - https:\/\/yoast.com\/wordpress\/plugins\/seo\/ -->\n<title>El Ayuntamiento nombra Hijo Predilecto de Los Llanos de Aridane a Hugo Castro - Ayuntamiento de Los Llanos de Aridane<\/title>\n<meta name=\"robots\" content=\"index, follow, max-snippet:-1, max-image-preview:large, max-video-preview:-1\" \/>\n<link rel=\"canonical\" href=\"https:\/\/www.aridane.org\/city\/2023\/12\/16\/el-ayuntamiento-nombra-hijo-predilecto-de-los-llanos-de-aridane-a-hugo-castro\/\" \/>\n<meta property=\"og:locale\" content=\"es_ES\" \/>\n<meta property=\"og:type\" content=\"article\" \/>\n<meta property=\"og:title\" content=\"El Ayuntamiento nombra Hijo Predilecto de Los Llanos de Aridane a Hugo Castro - Ayuntamiento de Los Llanos de Aridane\" \/>\n<meta property=\"og:description\" content=\"Desde el Ayuntamiento destacan su contribuci\u00f3n en la cultura y las tradiciones del municipio y de la isla durante m\u00e1s de 50 a\u00f1os\" \/>\n<meta property=\"og:url\" content=\"https:\/\/www.aridane.org\/city\/2023\/12\/16\/el-ayuntamiento-nombra-hijo-predilecto-de-los-llanos-de-aridane-a-hugo-castro\/\" \/>\n<meta property=\"og:site_name\" content=\"Ayuntamiento de Los Llanos de Aridane\" \/>\n<meta property=\"article:published_time\" content=\"2023-12-16T15:04:36+00:00\" \/>\n<meta property=\"article:modified_time\" content=\"2023-12-19T15:07:51+00:00\" \/>\n<meta property=\"og:image\" content=\"https:\/\/www.aridane.org\/city\/wp-content\/uploads\/2023\/12\/Hugo-Castro-hijo-predilecto-scaled.jpeg\" \/>\n\t<meta property=\"og:image:width\" content=\"2560\" \/>\n\t<meta property=\"og:image:height\" content=\"1707\" \/>\n\t<meta property=\"og:image:type\" content=\"image\/jpeg\" \/>\n<meta name=\"author\" content=\"Corresponsal\" \/>\n<meta name=\"twitter:card\" content=\"summary_large_image\" \/>\n<meta name=\"twitter:label1\" content=\"Escrito por\" \/>\n\t<meta name=\"twitter:data1\" content=\"Corresponsal\" \/>\n\t<meta name=\"twitter:label2\" content=\"Tiempo de lectura\" \/>\n\t<meta name=\"twitter:data2\" content=\"5 minutos\" \/>\n<script type=\"application\/ld+json\" class=\"yoast-schema-graph\">{\"@context\":\"https:\/\/schema.org\",\"@graph\":[{\"@type\":\"WebPage\",\"@id\":\"https:\/\/www.aridane.org\/city\/2023\/12\/16\/el-ayuntamiento-nombra-hijo-predilecto-de-los-llanos-de-aridane-a-hugo-castro\/\",\"url\":\"https:\/\/www.aridane.org\/city\/2023\/12\/16\/el-ayuntamiento-nombra-hijo-predilecto-de-los-llanos-de-aridane-a-hugo-castro\/\",\"name\":\"El Ayuntamiento nombra Hijo Predilecto de Los Llanos de Aridane a Hugo Castro - Ayuntamiento de Los Llanos de Aridane\",\"isPartOf\":{\"@id\":\"https:\/\/www.aridane.org\/city\/#website\"},\"primaryImageOfPage\":{\"@id\":\"https:\/\/www.aridane.org\/city\/2023\/12\/16\/el-ayuntamiento-nombra-hijo-predilecto-de-los-llanos-de-aridane-a-hugo-castro\/#primaryimage\"},\"image\":{\"@id\":\"https:\/\/www.aridane.org\/city\/2023\/12\/16\/el-ayuntamiento-nombra-hijo-predilecto-de-los-llanos-de-aridane-a-hugo-castro\/#primaryimage\"},\"thumbnailUrl\":\"https:\/\/www.aridane.org\/city\/wp-content\/uploads\/2023\/12\/Hugo-Castro-hijo-predilecto-scaled.jpeg\",\"datePublished\":\"2023-12-16T15:04:36+00:00\",\"dateModified\":\"2023-12-19T15:07:51+00:00\",\"author\":{\"@id\":\"https:\/\/www.aridane.org\/city\/#\/schema\/person\/89ebd376b223dc94cc1dbcf200c8e6da\"},\"breadcrumb\":{\"@id\":\"https:\/\/www.aridane.org\/city\/2023\/12\/16\/el-ayuntamiento-nombra-hijo-predilecto-de-los-llanos-de-aridane-a-hugo-castro\/#breadcrumb\"},\"inLanguage\":\"es\",\"potentialAction\":[{\"@type\":\"ReadAction\",\"target\":[\"https:\/\/www.aridane.org\/city\/2023\/12\/16\/el-ayuntamiento-nombra-hijo-predilecto-de-los-llanos-de-aridane-a-hugo-castro\/\"]}]},{\"@type\":\"ImageObject\",\"inLanguage\":\"es\",\"@id\":\"https:\/\/www.aridane.org\/city\/2023\/12\/16\/el-ayuntamiento-nombra-hijo-predilecto-de-los-llanos-de-aridane-a-hugo-castro\/#primaryimage\",\"url\":\"https:\/\/www.aridane.org\/city\/wp-content\/uploads\/2023\/12\/Hugo-Castro-hijo-predilecto-scaled.jpeg\",\"contentUrl\":\"https:\/\/www.aridane.org\/city\/wp-content\/uploads\/2023\/12\/Hugo-Castro-hijo-predilecto-scaled.jpeg\",\"width\":2560,\"height\":1707},{\"@type\":\"BreadcrumbList\",\"@id\":\"https:\/\/www.aridane.org\/city\/2023\/12\/16\/el-ayuntamiento-nombra-hijo-predilecto-de-los-llanos-de-aridane-a-hugo-castro\/#breadcrumb\",\"itemListElement\":[{\"@type\":\"ListItem\",\"position\":1,\"name\":\"Portada\",\"item\":\"https:\/\/www.aridane.org\/city\/\"},{\"@type\":\"ListItem\",\"position\":2,\"name\":\"El Ayuntamiento nombra Hijo Predilecto de Los Llanos de Aridane a Hugo Castro\"}]},{\"@type\":\"WebSite\",\"@id\":\"https:\/\/www.aridane.org\/city\/#website\",\"url\":\"https:\/\/www.aridane.org\/city\/\",\"name\":\"Ayuntamiento de Los Llanos de Aridane\",\"description\":\"\",\"potentialAction\":[{\"@type\":\"SearchAction\",\"target\":{\"@type\":\"EntryPoint\",\"urlTemplate\":\"https:\/\/www.aridane.org\/city\/?s={search_term_string}\"},\"query-input\":\"required name=search_term_string\"}],\"inLanguage\":\"es\"},{\"@type\":\"Person\",\"@id\":\"https:\/\/www.aridane.org\/city\/#\/schema\/person\/89ebd376b223dc94cc1dbcf200c8e6da\",\"name\":\"Corresponsal\",\"image\":{\"@type\":\"ImageObject\",\"inLanguage\":\"es\",\"@id\":\"https:\/\/www.aridane.org\/city\/#\/schema\/person\/image\/\",\"url\":\"https:\/\/secure.gravatar.com\/avatar\/1c476992411e4ccf153da63b2b2f5ea0bb4cb1c85f3ceab8512f04325ad5579c?s=96&d=mm&r=g\",\"contentUrl\":\"https:\/\/secure.gravatar.com\/avatar\/1c476992411e4ccf153da63b2b2f5ea0bb4cb1c85f3ceab8512f04325ad5579c?s=96&d=mm&r=g\",\"caption\":\"Corresponsal\"},\"url\":\"https:\/\/www.aridane.org\/city\/author\/corresponsal\/\"}]}<\/script>\n<!-- \/ Yoast SEO plugin. -->","yoast_head_json":{"title":"El Ayuntamiento nombra Hijo Predilecto de Los Llanos de Aridane a Hugo Castro - Ayuntamiento de Los Llanos de Aridane","robots":{"index":"index","follow":"follow","max-snippet":"max-snippet:-1","max-image-preview":"max-image-preview:large","max-video-preview":"max-video-preview:-1"},"canonical":"https:\/\/www.aridane.org\/city\/2023\/12\/16\/el-ayuntamiento-nombra-hijo-predilecto-de-los-llanos-de-aridane-a-hugo-castro\/","og_locale":"es_ES","og_type":"article","og_title":"El Ayuntamiento nombra Hijo Predilecto de Los Llanos de Aridane a Hugo Castro - Ayuntamiento de Los Llanos de Aridane","og_description":"Desde el Ayuntamiento destacan su contribuci\u00f3n en la cultura y las tradiciones del municipio y de la isla durante m\u00e1s de 50 a\u00f1os","og_url":"https:\/\/www.aridane.org\/city\/2023\/12\/16\/el-ayuntamiento-nombra-hijo-predilecto-de-los-llanos-de-aridane-a-hugo-castro\/","og_site_name":"Ayuntamiento de Los Llanos de Aridane","article_published_time":"2023-12-16T15:04:36+00:00","article_modified_time":"2023-12-19T15:07:51+00:00","og_image":[{"width":2560,"height":1707,"url":"https:\/\/www.aridane.org\/city\/wp-content\/uploads\/2023\/12\/Hugo-Castro-hijo-predilecto-scaled.jpeg","type":"image\/jpeg"}],"author":"Corresponsal","twitter_card":"summary_large_image","twitter_misc":{"Escrito por":"Corresponsal","Tiempo de lectura":"5 minutos"},"schema":{"@context":"https:\/\/schema.org","@graph":[{"@type":"WebPage","@id":"https:\/\/www.aridane.org\/city\/2023\/12\/16\/el-ayuntamiento-nombra-hijo-predilecto-de-los-llanos-de-aridane-a-hugo-castro\/","url":"https:\/\/www.aridane.org\/city\/2023\/12\/16\/el-ayuntamiento-nombra-hijo-predilecto-de-los-llanos-de-aridane-a-hugo-castro\/","name":"El Ayuntamiento nombra Hijo Predilecto de Los Llanos de Aridane a Hugo Castro - Ayuntamiento de Los Llanos de Aridane","isPartOf":{"@id":"https:\/\/www.aridane.org\/city\/#website"},"primaryImageOfPage":{"@id":"https:\/\/www.aridane.org\/city\/2023\/12\/16\/el-ayuntamiento-nombra-hijo-predilecto-de-los-llanos-de-aridane-a-hugo-castro\/#primaryimage"},"image":{"@id":"https:\/\/www.aridane.org\/city\/2023\/12\/16\/el-ayuntamiento-nombra-hijo-predilecto-de-los-llanos-de-aridane-a-hugo-castro\/#primaryimage"},"thumbnailUrl":"https:\/\/www.aridane.org\/city\/wp-content\/uploads\/2023\/12\/Hugo-Castro-hijo-predilecto-scaled.jpeg","datePublished":"2023-12-16T15:04:36+00:00","dateModified":"2023-12-19T15:07:51+00:00","author":{"@id":"https:\/\/www.aridane.org\/city\/#\/schema\/person\/89ebd376b223dc94cc1dbcf200c8e6da"},"breadcrumb":{"@id":"https:\/\/www.aridane.org\/city\/2023\/12\/16\/el-ayuntamiento-nombra-hijo-predilecto-de-los-llanos-de-aridane-a-hugo-castro\/#breadcrumb"},"inLanguage":"es","potentialAction":[{"@type":"ReadAction","target":["https:\/\/www.aridane.org\/city\/2023\/12\/16\/el-ayuntamiento-nombra-hijo-predilecto-de-los-llanos-de-aridane-a-hugo-castro\/"]}]},{"@type":"ImageObject","inLanguage":"es","@id":"https:\/\/www.aridane.org\/city\/2023\/12\/16\/el-ayuntamiento-nombra-hijo-predilecto-de-los-llanos-de-aridane-a-hugo-castro\/#primaryimage","url":"https:\/\/www.aridane.org\/city\/wp-content\/uploads\/2023\/12\/Hugo-Castro-hijo-predilecto-scaled.jpeg","contentUrl":"https:\/\/www.aridane.org\/city\/wp-content\/uploads\/2023\/12\/Hugo-Castro-hijo-predilecto-scaled.jpeg","width":2560,"height":1707},{"@type":"BreadcrumbList","@id":"https:\/\/www.aridane.org\/city\/2023\/12\/16\/el-ayuntamiento-nombra-hijo-predilecto-de-los-llanos-de-aridane-a-hugo-castro\/#breadcrumb","itemListElement":[{"@type":"ListItem","position":1,"name":"Portada","item":"https:\/\/www.aridane.org\/city\/"},{"@type":"ListItem","position":2,"name":"El Ayuntamiento nombra Hijo Predilecto de Los Llanos de Aridane a Hugo Castro"}]},{"@type":"WebSite","@id":"https:\/\/www.aridane.org\/city\/#website","url":"https:\/\/www.aridane.org\/city\/","name":"Ayuntamiento de Los Llanos de Aridane","description":"","potentialAction":[{"@type":"SearchAction","target":{"@type":"EntryPoint","urlTemplate":"https:\/\/www.aridane.org\/city\/?s={search_term_string}"},"query-input":"required name=search_term_string"}],"inLanguage":"es"},{"@type":"Person","@id":"https:\/\/www.aridane.org\/city\/#\/schema\/person\/89ebd376b223dc94cc1dbcf200c8e6da","name":"Corresponsal","image":{"@type":"ImageObject","inLanguage":"es","@id":"https:\/\/www.aridane.org\/city\/#\/schema\/person\/image\/","url":"https:\/\/secure.gravatar.com\/avatar\/1c476992411e4ccf153da63b2b2f5ea0bb4cb1c85f3ceab8512f04325ad5579c?s=96&d=mm&r=g","contentUrl":"https:\/\/secure.gravatar.com\/avatar\/1c476992411e4ccf153da63b2b2f5ea0bb4cb1c85f3ceab8512f04325ad5579c?s=96&d=mm&r=g","caption":"Corresponsal"},"url":"https:\/\/www.aridane.org\/city\/author\/corresponsal\/"}]}},"_links":{"self":[{"href":"https:\/\/www.aridane.org\/city\/wp-json\/wp\/v2\/posts\/3006","targetHints":{"allow":["GET"]}}],"collection":[{"href":"https:\/\/www.aridane.org\/city\/wp-json\/wp\/v2\/posts"}],"about":[{"href":"https:\/\/www.aridane.org\/city\/wp-json\/wp\/v2\/types\/post"}],"author":[{"embeddable":true,"href":"https:\/\/www.aridane.org\/city\/wp-json\/wp\/v2\/users\/4"}],"replies":[{"embeddable":true,"href":"https:\/\/www.aridane.org\/city\/wp-json\/wp\/v2\/comments?post=3006"}],"version-history":[{"count":1,"href":"https:\/\/www.aridane.org\/city\/wp-json\/wp\/v2\/posts\/3006\/revisions"}],"predecessor-version":[{"id":3008,"href":"https:\/\/www.aridane.org\/city\/wp-json\/wp\/v2\/posts\/3006\/revisions\/3008"}],"wp:featuredmedia":[{"embeddable":true,"href":"https:\/\/www.aridane.org\/city\/wp-json\/wp\/v2\/media\/3007"}],"wp:attachment":[{"href":"https:\/\/www.aridane.org\/city\/wp-json\/wp\/v2\/media?parent=3006"}],"wp:term":[{"taxonomy":"category","embeddable":true,"href":"https:\/\/www.aridane.org\/city\/wp-json\/wp\/v2\/categories?post=3006"},{"taxonomy":"post_tag","embeddable":true,"href":"https:\/\/www.aridane.org\/city\/wp-json\/wp\/v2\/tags?post=3006"}],"curies":[{"name":"wp","href":"https:\/\/api.w.org\/{rel}","templated":true}]}}