{"id":3009,"date":"2023-12-19T15:08:55","date_gmt":"2023-12-19T15:08:55","guid":{"rendered":"https:\/\/www.aridane.org\/city\/?p=3009"},"modified":"2023-12-19T15:08:55","modified_gmt":"2023-12-19T15:08:55","slug":"los-llanos-de-aridane-abona-mas-de-600-000-euros-para-seguir-cumpliendo-con-proveedores","status":"publish","type":"post","link":"https:\/\/www.aridane.org\/city\/2023\/12\/19\/los-llanos-de-aridane-abona-mas-de-600-000-euros-para-seguir-cumpliendo-con-proveedores\/","title":{"rendered":"Los Llanos de Aridane abona m\u00e1s de 600.000 euros para seguir cumpliendo con proveedores"},"content":{"rendered":"<p><em>Desde el Ayuntamiento destacan que buena parte de estos fondos van a parar a empresas del municipio y de la isla<\/em><!--more--><\/p>\n<p>El Ayuntamiento de Los Llanos de Aridane abona m\u00e1s de 600.000 euros a 156 empresas y aut\u00f3nomos que prestan servicio al municipio. De esta manera, el Consistorio sigue cumpliendo con los proveedores y reafirmando la reputaci\u00f3n financiera de la administraci\u00f3n.<\/p>\n<p>El concejal de Hacienda, Pablo Almeida, insiste en la importancia de estar al d\u00eda con las obligaciones financieras. \u201cBuena parte de las compa\u00f1\u00edas con las que trabajamos son del municipio o de la isla. Nuestro compromiso con la comunidad empresarial local es total. Ellos son parte fundamental en la generaci\u00f3n de econom\u00eda y empleo\u201d, afirma.<\/p>\n<p>Almeida explica que estos pagos se han podido ejecutar gracias al cr\u00e9dito extrajudicial de 790.076,31 euros aprobado hace un mes en el pleno de la corporaci\u00f3n municipal.<\/p>\n<p>En concreto, estos fondos provienen de una partida que el Cabildo de La Palma destin\u00f3 en su presupuesto de 2023 para ayudar a los tres municipios afectados por el volc\u00e1n.<\/p>\n<p>El concejal confirma que hasta la fecha se han movilizado 607.000 euros de dicho cr\u00e9dito extrajudicial para cumplir con los proveedores y, que de aqu\u00ed a final de a\u00f1o, continuar\u00e1n abonando las facturas pendientes.<\/p>\n","protected":false},"excerpt":{"rendered":"<p>Desde el Ayuntamiento destacan que buena parte de estos fondos van a parar a empresas del municipio y de la isla<\/p>\n","protected":false},"author":4,"featured_media":3010,"comment_status":"open","ping_status":"open","sticky":false,"template":"","format":"standard","meta":{"footnotes":""},"categories":[6],"tags":[],"class_list":["post-3009","post","type-post","status-publish","format-standard","has-post-thumbnail","hentry","category-prensa"],"yoast_head":"<!-- This site is optimized with the Yoast SEO plugin v22.7 - https:\/\/yoast.com\/wordpress\/plugins\/seo\/ -->\n<title>Los Llanos de Aridane abona m\u00e1s de 600.000 euros para seguir cumpliendo con proveedores - Ayuntamiento de Los Llanos de Aridane<\/title>\n<meta name=\"robots\" content=\"index, follow, max-snippet:-1, max-image-preview:large, max-video-preview:-1\" \/>\n<link rel=\"canonical\" href=\"https:\/\/www.aridane.org\/city\/2023\/12\/19\/los-llanos-de-aridane-abona-mas-de-600-000-euros-para-seguir-cumpliendo-con-proveedores\/\" \/>\n<meta property=\"og:locale\" content=\"es_ES\" \/>\n<meta property=\"og:type\" content=\"article\" \/>\n<meta property=\"og:title\" content=\"Los Llanos de Aridane abona m\u00e1s de 600.000 euros para seguir cumpliendo con proveedores - Ayuntamiento de Los Llanos de Aridane\" \/>\n<meta property=\"og:description\" content=\"Desde el Ayuntamiento destacan que buena parte de estos fondos van a parar a empresas del municipio y de la isla\" \/>\n<meta property=\"og:url\" content=\"https:\/\/www.aridane.org\/city\/2023\/12\/19\/los-llanos-de-aridane-abona-mas-de-600-000-euros-para-seguir-cumpliendo-con-proveedores\/\" \/>\n<meta property=\"og:site_name\" content=\"Ayuntamiento de Los Llanos de Aridane\" \/>\n<meta property=\"article:published_time\" content=\"2023-12-19T15:08:55+00:00\" \/>\n<meta property=\"og:image\" content=\"https:\/\/www.aridane.org\/city\/wp-content\/uploads\/2023\/12\/8e784c86-f779-472c-9a39-c4a60d6431f2.jpeg\" \/>\n\t<meta property=\"og:image:width\" content=\"1600\" \/>\n\t<meta property=\"og:image:height\" content=\"1066\" \/>\n\t<meta property=\"og:image:type\" content=\"image\/jpeg\" \/>\n<meta name=\"author\" content=\"Corresponsal\" \/>\n<meta name=\"twitter:card\" content=\"summary_large_image\" \/>\n<meta name=\"twitter:label1\" content=\"Escrito por\" \/>\n\t<meta name=\"twitter:data1\" content=\"Corresponsal\" \/>\n\t<meta name=\"twitter:label2\" content=\"Tiempo de lectura\" \/>\n\t<meta name=\"twitter:data2\" content=\"2 minutos\" \/>\n<script type=\"application\/ld+json\" class=\"yoast-schema-graph\">{\"@context\":\"https:\/\/schema.org\",\"@graph\":[{\"@type\":\"WebPage\",\"@id\":\"https:\/\/www.aridane.org\/city\/2023\/12\/19\/los-llanos-de-aridane-abona-mas-de-600-000-euros-para-seguir-cumpliendo-con-proveedores\/\",\"url\":\"https:\/\/www.aridane.org\/city\/2023\/12\/19\/los-llanos-de-aridane-abona-mas-de-600-000-euros-para-seguir-cumpliendo-con-proveedores\/\",\"name\":\"Los Llanos de Aridane abona m\u00e1s de 600.000 euros para seguir cumpliendo con proveedores - Ayuntamiento de Los Llanos de Aridane\",\"isPartOf\":{\"@id\":\"https:\/\/www.aridane.org\/city\/#website\"},\"primaryImageOfPage\":{\"@id\":\"https:\/\/www.aridane.org\/city\/2023\/12\/19\/los-llanos-de-aridane-abona-mas-de-600-000-euros-para-seguir-cumpliendo-con-proveedores\/#primaryimage\"},\"image\":{\"@id\":\"https:\/\/www.aridane.org\/city\/2023\/12\/19\/los-llanos-de-aridane-abona-mas-de-600-000-euros-para-seguir-cumpliendo-con-proveedores\/#primaryimage\"},\"thumbnailUrl\":\"https:\/\/www.aridane.org\/city\/wp-content\/uploads\/2023\/12\/8e784c86-f779-472c-9a39-c4a60d6431f2.jpeg\",\"datePublished\":\"2023-12-19T15:08:55+00:00\",\"dateModified\":\"2023-12-19T15:08:55+00:00\",\"author\":{\"@id\":\"https:\/\/www.aridane.org\/city\/#\/schema\/person\/89ebd376b223dc94cc1dbcf200c8e6da\"},\"breadcrumb\":{\"@id\":\"https:\/\/www.aridane.org\/city\/2023\/12\/19\/los-llanos-de-aridane-abona-mas-de-600-000-euros-para-seguir-cumpliendo-con-proveedores\/#breadcrumb\"},\"inLanguage\":\"es\",\"potentialAction\":[{\"@type\":\"ReadAction\",\"target\":[\"https:\/\/www.aridane.org\/city\/2023\/12\/19\/los-llanos-de-aridane-abona-mas-de-600-000-euros-para-seguir-cumpliendo-con-proveedores\/\"]}]},{\"@type\":\"ImageObject\",\"inLanguage\":\"es\",\"@id\":\"https:\/\/www.aridane.org\/city\/2023\/12\/19\/los-llanos-de-aridane-abona-mas-de-600-000-euros-para-seguir-cumpliendo-con-proveedores\/#primaryimage\",\"url\":\"https:\/\/www.aridane.org\/city\/wp-content\/uploads\/2023\/12\/8e784c86-f779-472c-9a39-c4a60d6431f2.jpeg\",\"contentUrl\":\"https:\/\/www.aridane.org\/city\/wp-content\/uploads\/2023\/12\/8e784c86-f779-472c-9a39-c4a60d6431f2.jpeg\",\"width\":1600,\"height\":1066},{\"@type\":\"BreadcrumbList\",\"@id\":\"https:\/\/www.aridane.org\/city\/2023\/12\/19\/los-llanos-de-aridane-abona-mas-de-600-000-euros-para-seguir-cumpliendo-con-proveedores\/#breadcrumb\",\"itemListElement\":[{\"@type\":\"ListItem\",\"position\":1,\"name\":\"Portada\",\"item\":\"https:\/\/www.aridane.org\/city\/\"},{\"@type\":\"ListItem\",\"position\":2,\"name\":\"Los Llanos de Aridane abona m\u00e1s de 600.000 euros para seguir cumpliendo con proveedores\"}]},{\"@type\":\"WebSite\",\"@id\":\"https:\/\/www.aridane.org\/city\/#website\",\"url\":\"https:\/\/www.aridane.org\/city\/\",\"name\":\"Ayuntamiento de Los Llanos de Aridane\",\"description\":\"\",\"potentialAction\":[{\"@type\":\"SearchAction\",\"target\":{\"@type\":\"EntryPoint\",\"urlTemplate\":\"https:\/\/www.aridane.org\/city\/?s={search_term_string}\"},\"query-input\":\"required name=search_term_string\"}],\"inLanguage\":\"es\"},{\"@type\":\"Person\",\"@id\":\"https:\/\/www.aridane.org\/city\/#\/schema\/person\/89ebd376b223dc94cc1dbcf200c8e6da\",\"name\":\"Corresponsal\",\"image\":{\"@type\":\"ImageObject\",\"inLanguage\":\"es\",\"@id\":\"https:\/\/www.aridane.org\/city\/#\/schema\/person\/image\/\",\"url\":\"https:\/\/secure.gravatar.com\/avatar\/1c476992411e4ccf153da63b2b2f5ea0bb4cb1c85f3ceab8512f04325ad5579c?s=96&d=mm&r=g\",\"contentUrl\":\"https:\/\/secure.gravatar.com\/avatar\/1c476992411e4ccf153da63b2b2f5ea0bb4cb1c85f3ceab8512f04325ad5579c?s=96&d=mm&r=g\",\"caption\":\"Corresponsal\"},\"url\":\"https:\/\/www.aridane.org\/city\/author\/corresponsal\/\"}]}<\/script>\n<!-- \/ Yoast SEO plugin. -->","yoast_head_json":{"title":"Los Llanos de Aridane abona m\u00e1s de 600.000 euros para seguir cumpliendo con proveedores - Ayuntamiento de Los Llanos de Aridane","robots":{"index":"index","follow":"follow","max-snippet":"max-snippet:-1","max-image-preview":"max-image-preview:large","max-video-preview":"max-video-preview:-1"},"canonical":"https:\/\/www.aridane.org\/city\/2023\/12\/19\/los-llanos-de-aridane-abona-mas-de-600-000-euros-para-seguir-cumpliendo-con-proveedores\/","og_locale":"es_ES","og_type":"article","og_title":"Los Llanos de Aridane abona m\u00e1s de 600.000 euros para seguir cumpliendo con proveedores - Ayuntamiento de Los Llanos de Aridane","og_description":"Desde el Ayuntamiento destacan que buena parte de estos fondos van a parar a empresas del municipio y de la isla","og_url":"https:\/\/www.aridane.org\/city\/2023\/12\/19\/los-llanos-de-aridane-abona-mas-de-600-000-euros-para-seguir-cumpliendo-con-proveedores\/","og_site_name":"Ayuntamiento de Los Llanos de Aridane","article_published_time":"2023-12-19T15:08:55+00:00","og_image":[{"width":1600,"height":1066,"url":"https:\/\/www.aridane.org\/city\/wp-content\/uploads\/2023\/12\/8e784c86-f779-472c-9a39-c4a60d6431f2.jpeg","type":"image\/jpeg"}],"author":"Corresponsal","twitter_card":"summary_large_image","twitter_misc":{"Escrito por":"Corresponsal","Tiempo de lectura":"2 minutos"},"schema":{"@context":"https:\/\/schema.org","@graph":[{"@type":"WebPage","@id":"https:\/\/www.aridane.org\/city\/2023\/12\/19\/los-llanos-de-aridane-abona-mas-de-600-000-euros-para-seguir-cumpliendo-con-proveedores\/","url":"https:\/\/www.aridane.org\/city\/2023\/12\/19\/los-llanos-de-aridane-abona-mas-de-600-000-euros-para-seguir-cumpliendo-con-proveedores\/","name":"Los Llanos de Aridane abona m\u00e1s de 600.000 euros para seguir cumpliendo con proveedores - Ayuntamiento de Los Llanos de Aridane","isPartOf":{"@id":"https:\/\/www.aridane.org\/city\/#website"},"primaryImageOfPage":{"@id":"https:\/\/www.aridane.org\/city\/2023\/12\/19\/los-llanos-de-aridane-abona-mas-de-600-000-euros-para-seguir-cumpliendo-con-proveedores\/#primaryimage"},"image":{"@id":"https:\/\/www.aridane.org\/city\/2023\/12\/19\/los-llanos-de-aridane-abona-mas-de-600-000-euros-para-seguir-cumpliendo-con-proveedores\/#primaryimage"},"thumbnailUrl":"https:\/\/www.aridane.org\/city\/wp-content\/uploads\/2023\/12\/8e784c86-f779-472c-9a39-c4a60d6431f2.jpeg","datePublished":"2023-12-19T15:08:55+00:00","dateModified":"2023-12-19T15:08:55+00:00","author":{"@id":"https:\/\/www.aridane.org\/city\/#\/schema\/person\/89ebd376b223dc94cc1dbcf200c8e6da"},"breadcrumb":{"@id":"https:\/\/www.aridane.org\/city\/2023\/12\/19\/los-llanos-de-aridane-abona-mas-de-600-000-euros-para-seguir-cumpliendo-con-proveedores\/#breadcrumb"},"inLanguage":"es","potentialAction":[{"@type":"ReadAction","target":["https:\/\/www.aridane.org\/city\/2023\/12\/19\/los-llanos-de-aridane-abona-mas-de-600-000-euros-para-seguir-cumpliendo-con-proveedores\/"]}]},{"@type":"ImageObject","inLanguage":"es","@id":"https:\/\/www.aridane.org\/city\/2023\/12\/19\/los-llanos-de-aridane-abona-mas-de-600-000-euros-para-seguir-cumpliendo-con-proveedores\/#primaryimage","url":"https:\/\/www.aridane.org\/city\/wp-content\/uploads\/2023\/12\/8e784c86-f779-472c-9a39-c4a60d6431f2.jpeg","contentUrl":"https:\/\/www.aridane.org\/city\/wp-content\/uploads\/2023\/12\/8e784c86-f779-472c-9a39-c4a60d6431f2.jpeg","width":1600,"height":1066},{"@type":"BreadcrumbList","@id":"https:\/\/www.aridane.org\/city\/2023\/12\/19\/los-llanos-de-aridane-abona-mas-de-600-000-euros-para-seguir-cumpliendo-con-proveedores\/#breadcrumb","itemListElement":[{"@type":"ListItem","position":1,"name":"Portada","item":"https:\/\/www.aridane.org\/city\/"},{"@type":"ListItem","position":2,"name":"Los Llanos de Aridane abona m\u00e1s de 600.000 euros para seguir cumpliendo con proveedores"}]},{"@type":"WebSite","@id":"https:\/\/www.aridane.org\/city\/#website","url":"https:\/\/www.aridane.org\/city\/","name":"Ayuntamiento de Los Llanos de Aridane","description":"","potentialAction":[{"@type":"SearchAction","target":{"@type":"EntryPoint","urlTemplate":"https:\/\/www.aridane.org\/city\/?s={search_term_string}"},"query-input":"required name=search_term_string"}],"inLanguage":"es"},{"@type":"Person","@id":"https:\/\/www.aridane.org\/city\/#\/schema\/person\/89ebd376b223dc94cc1dbcf200c8e6da","name":"Corresponsal","image":{"@type":"ImageObject","inLanguage":"es","@id":"https:\/\/www.aridane.org\/city\/#\/schema\/person\/image\/","url":"https:\/\/secure.gravatar.com\/avatar\/1c476992411e4ccf153da63b2b2f5ea0bb4cb1c85f3ceab8512f04325ad5579c?s=96&d=mm&r=g","contentUrl":"https:\/\/secure.gravatar.com\/avatar\/1c476992411e4ccf153da63b2b2f5ea0bb4cb1c85f3ceab8512f04325ad5579c?s=96&d=mm&r=g","caption":"Corresponsal"},"url":"https:\/\/www.aridane.org\/city\/author\/corresponsal\/"}]}},"_links":{"self":[{"href":"https:\/\/www.aridane.org\/city\/wp-json\/wp\/v2\/posts\/3009","targetHints":{"allow":["GET"]}}],"collection":[{"href":"https:\/\/www.aridane.org\/city\/wp-json\/wp\/v2\/posts"}],"about":[{"href":"https:\/\/www.aridane.org\/city\/wp-json\/wp\/v2\/types\/post"}],"author":[{"embeddable":true,"href":"https:\/\/www.aridane.org\/city\/wp-json\/wp\/v2\/users\/4"}],"replies":[{"embeddable":true,"href":"https:\/\/www.aridane.org\/city\/wp-json\/wp\/v2\/comments?post=3009"}],"version-history":[{"count":1,"href":"https:\/\/www.aridane.org\/city\/wp-json\/wp\/v2\/posts\/3009\/revisions"}],"predecessor-version":[{"id":3011,"href":"https:\/\/www.aridane.org\/city\/wp-json\/wp\/v2\/posts\/3009\/revisions\/3011"}],"wp:featuredmedia":[{"embeddable":true,"href":"https:\/\/www.aridane.org\/city\/wp-json\/wp\/v2\/media\/3010"}],"wp:attachment":[{"href":"https:\/\/www.aridane.org\/city\/wp-json\/wp\/v2\/media?parent=3009"}],"wp:term":[{"taxonomy":"category","embeddable":true,"href":"https:\/\/www.aridane.org\/city\/wp-json\/wp\/v2\/categories?post=3009"},{"taxonomy":"post_tag","embeddable":true,"href":"https:\/\/www.aridane.org\/city\/wp-json\/wp\/v2\/tags?post=3009"}],"curies":[{"name":"wp","href":"https:\/\/api.w.org\/{rel}","templated":true}]}}