{"id":3012,"date":"2023-12-19T15:10:46","date_gmt":"2023-12-19T15:10:46","guid":{"rendered":"https:\/\/www.aridane.org\/city\/?p=3012"},"modified":"2023-12-19T15:10:46","modified_gmt":"2023-12-19T15:10:46","slug":"el-ayuntamiento-de-los-llanos-de-aridane-crea-espacios-mas-seguros-para-los-peatones","status":"publish","type":"post","link":"https:\/\/www.aridane.org\/city\/2023\/12\/19\/el-ayuntamiento-de-los-llanos-de-aridane-crea-espacios-mas-seguros-para-los-peatones\/","title":{"rendered":"El Ayuntamiento de Los Llanos de Aridane crea espacios m\u00e1s seguros para los peatones"},"content":{"rendered":"<p><em>Se han ejecutado mejoras de seguridad en todos los barrios y se seguir\u00e1n aplicando mejoras all\u00e1 donde se detecten puntos complejos<\/em><!--more--><\/p>\n<p>El Ayuntamiento de Los Llanos de Aridane crea espacios m\u00e1s seguros para los peatones. En lo que va de mandato se han implementado mejoras en varias v\u00edas del centro de la ciudad, as\u00ed como en Argual, Las Manchas, El Retamar, Triana y El Roque.<\/p>\n<p>El concejal de Seguridad, Francisco Acosta, asegura que desde el Ayuntamiento est\u00e1n en \u201ccontacto estrecho\u201d con la ciudadan\u00eda para advertir de posibles puntos cr\u00edticos. \u201cA esto se suma el trabajo del personal de la corporaci\u00f3n municipal, siempre pendiente de buscar espacios de mejora\u201d, a\u00f1ade.<\/p>\n<p>En las \u00faltimas semanas, se ha habilitado un espacio para que los peatones puedan andar con seguridad en el camino Triana, al igual que en calle Cabo, donde tambi\u00e9n se ha se\u00f1alizado un paso de peatones y un stop. Este tipo de actuaciones tambi\u00e9n se han ejecutado en la Avenida Enrique Mederos (a la entrada del Parque del Tuc\u00e1n) y en las calles Pedro Miguel Hern\u00e1ndez Camacho, La Ladera y La Pasi\u00f3n.<\/p>\n<p>Tambi\u00e9n se han habilitado espejos convexos de seguridad vial en algunas zonas con poca visibilidad, como en el barrio de Las Rosas y en el camino Mara, en Las Manchas.<\/p>\n<p>Otra actuaci\u00f3n para mejorar la movilidad de Los Llanos de Aridane es la puesta en marcha de varios aparcamientos para motocicletas enfrente del Centro de D\u00eda, en la Avenida Doctor Fleming.<\/p>\n","protected":false},"excerpt":{"rendered":"<p>Se han ejecutado mejoras de seguridad en todos los barrios y se seguir\u00e1n aplicando mejoras all\u00e1 donde se detecten puntos complejos<\/p>\n","protected":false},"author":4,"featured_media":3013,"comment_status":"open","ping_status":"open","sticky":false,"template":"","format":"standard","meta":{"footnotes":""},"categories":[6],"tags":[],"class_list":["post-3012","post","type-post","status-publish","format-standard","has-post-thumbnail","hentry","category-prensa"],"yoast_head":"<!-- This site is optimized with the Yoast SEO plugin v22.7 - https:\/\/yoast.com\/wordpress\/plugins\/seo\/ -->\n<title>El Ayuntamiento de Los Llanos de Aridane crea espacios m\u00e1s seguros para los peatones - Ayuntamiento de Los Llanos de Aridane<\/title>\n<meta name=\"robots\" content=\"index, follow, max-snippet:-1, max-image-preview:large, max-video-preview:-1\" \/>\n<link rel=\"canonical\" href=\"https:\/\/www.aridane.org\/city\/2023\/12\/19\/el-ayuntamiento-de-los-llanos-de-aridane-crea-espacios-mas-seguros-para-los-peatones\/\" \/>\n<meta property=\"og:locale\" content=\"es_ES\" \/>\n<meta property=\"og:type\" content=\"article\" \/>\n<meta property=\"og:title\" content=\"El Ayuntamiento de Los Llanos de Aridane crea espacios m\u00e1s seguros para los peatones - Ayuntamiento de Los Llanos de Aridane\" \/>\n<meta property=\"og:description\" content=\"Se han ejecutado mejoras de seguridad en todos los barrios y se seguir\u00e1n aplicando mejoras all\u00e1 donde se detecten puntos complejos\" \/>\n<meta property=\"og:url\" content=\"https:\/\/www.aridane.org\/city\/2023\/12\/19\/el-ayuntamiento-de-los-llanos-de-aridane-crea-espacios-mas-seguros-para-los-peatones\/\" \/>\n<meta property=\"og:site_name\" content=\"Ayuntamiento de Los Llanos de Aridane\" \/>\n<meta property=\"article:published_time\" content=\"2023-12-19T15:10:46+00:00\" \/>\n<meta property=\"og:image\" content=\"https:\/\/www.aridane.org\/city\/wp-content\/uploads\/2023\/12\/Zona-peatones-Calle-Cabo.jpeg\" \/>\n\t<meta property=\"og:image:width\" content=\"1361\" \/>\n\t<meta property=\"og:image:height\" content=\"739\" \/>\n\t<meta property=\"og:image:type\" content=\"image\/jpeg\" \/>\n<meta name=\"author\" content=\"Corresponsal\" \/>\n<meta name=\"twitter:card\" content=\"summary_large_image\" \/>\n<meta name=\"twitter:label1\" content=\"Escrito por\" \/>\n\t<meta name=\"twitter:data1\" content=\"Corresponsal\" \/>\n\t<meta name=\"twitter:label2\" content=\"Tiempo de lectura\" \/>\n\t<meta name=\"twitter:data2\" content=\"2 minutos\" \/>\n<script type=\"application\/ld+json\" class=\"yoast-schema-graph\">{\"@context\":\"https:\/\/schema.org\",\"@graph\":[{\"@type\":\"WebPage\",\"@id\":\"https:\/\/www.aridane.org\/city\/2023\/12\/19\/el-ayuntamiento-de-los-llanos-de-aridane-crea-espacios-mas-seguros-para-los-peatones\/\",\"url\":\"https:\/\/www.aridane.org\/city\/2023\/12\/19\/el-ayuntamiento-de-los-llanos-de-aridane-crea-espacios-mas-seguros-para-los-peatones\/\",\"name\":\"El Ayuntamiento de Los Llanos de Aridane crea espacios m\u00e1s seguros para los peatones - Ayuntamiento de Los Llanos de Aridane\",\"isPartOf\":{\"@id\":\"https:\/\/www.aridane.org\/city\/#website\"},\"primaryImageOfPage\":{\"@id\":\"https:\/\/www.aridane.org\/city\/2023\/12\/19\/el-ayuntamiento-de-los-llanos-de-aridane-crea-espacios-mas-seguros-para-los-peatones\/#primaryimage\"},\"image\":{\"@id\":\"https:\/\/www.aridane.org\/city\/2023\/12\/19\/el-ayuntamiento-de-los-llanos-de-aridane-crea-espacios-mas-seguros-para-los-peatones\/#primaryimage\"},\"thumbnailUrl\":\"https:\/\/www.aridane.org\/city\/wp-content\/uploads\/2023\/12\/Zona-peatones-Calle-Cabo.jpeg\",\"datePublished\":\"2023-12-19T15:10:46+00:00\",\"dateModified\":\"2023-12-19T15:10:46+00:00\",\"author\":{\"@id\":\"https:\/\/www.aridane.org\/city\/#\/schema\/person\/89ebd376b223dc94cc1dbcf200c8e6da\"},\"breadcrumb\":{\"@id\":\"https:\/\/www.aridane.org\/city\/2023\/12\/19\/el-ayuntamiento-de-los-llanos-de-aridane-crea-espacios-mas-seguros-para-los-peatones\/#breadcrumb\"},\"inLanguage\":\"es\",\"potentialAction\":[{\"@type\":\"ReadAction\",\"target\":[\"https:\/\/www.aridane.org\/city\/2023\/12\/19\/el-ayuntamiento-de-los-llanos-de-aridane-crea-espacios-mas-seguros-para-los-peatones\/\"]}]},{\"@type\":\"ImageObject\",\"inLanguage\":\"es\",\"@id\":\"https:\/\/www.aridane.org\/city\/2023\/12\/19\/el-ayuntamiento-de-los-llanos-de-aridane-crea-espacios-mas-seguros-para-los-peatones\/#primaryimage\",\"url\":\"https:\/\/www.aridane.org\/city\/wp-content\/uploads\/2023\/12\/Zona-peatones-Calle-Cabo.jpeg\",\"contentUrl\":\"https:\/\/www.aridane.org\/city\/wp-content\/uploads\/2023\/12\/Zona-peatones-Calle-Cabo.jpeg\",\"width\":1361,\"height\":739},{\"@type\":\"BreadcrumbList\",\"@id\":\"https:\/\/www.aridane.org\/city\/2023\/12\/19\/el-ayuntamiento-de-los-llanos-de-aridane-crea-espacios-mas-seguros-para-los-peatones\/#breadcrumb\",\"itemListElement\":[{\"@type\":\"ListItem\",\"position\":1,\"name\":\"Portada\",\"item\":\"https:\/\/www.aridane.org\/city\/\"},{\"@type\":\"ListItem\",\"position\":2,\"name\":\"El Ayuntamiento de Los Llanos de Aridane crea espacios m\u00e1s seguros para los peatones\"}]},{\"@type\":\"WebSite\",\"@id\":\"https:\/\/www.aridane.org\/city\/#website\",\"url\":\"https:\/\/www.aridane.org\/city\/\",\"name\":\"Ayuntamiento de Los Llanos de Aridane\",\"description\":\"\",\"potentialAction\":[{\"@type\":\"SearchAction\",\"target\":{\"@type\":\"EntryPoint\",\"urlTemplate\":\"https:\/\/www.aridane.org\/city\/?s={search_term_string}\"},\"query-input\":\"required name=search_term_string\"}],\"inLanguage\":\"es\"},{\"@type\":\"Person\",\"@id\":\"https:\/\/www.aridane.org\/city\/#\/schema\/person\/89ebd376b223dc94cc1dbcf200c8e6da\",\"name\":\"Corresponsal\",\"image\":{\"@type\":\"ImageObject\",\"inLanguage\":\"es\",\"@id\":\"https:\/\/www.aridane.org\/city\/#\/schema\/person\/image\/\",\"url\":\"https:\/\/secure.gravatar.com\/avatar\/1c476992411e4ccf153da63b2b2f5ea0bb4cb1c85f3ceab8512f04325ad5579c?s=96&d=mm&r=g\",\"contentUrl\":\"https:\/\/secure.gravatar.com\/avatar\/1c476992411e4ccf153da63b2b2f5ea0bb4cb1c85f3ceab8512f04325ad5579c?s=96&d=mm&r=g\",\"caption\":\"Corresponsal\"},\"url\":\"https:\/\/www.aridane.org\/city\/author\/corresponsal\/\"}]}<\/script>\n<!-- \/ Yoast SEO plugin. -->","yoast_head_json":{"title":"El Ayuntamiento de Los Llanos de Aridane crea espacios m\u00e1s seguros para los peatones - Ayuntamiento de Los Llanos de Aridane","robots":{"index":"index","follow":"follow","max-snippet":"max-snippet:-1","max-image-preview":"max-image-preview:large","max-video-preview":"max-video-preview:-1"},"canonical":"https:\/\/www.aridane.org\/city\/2023\/12\/19\/el-ayuntamiento-de-los-llanos-de-aridane-crea-espacios-mas-seguros-para-los-peatones\/","og_locale":"es_ES","og_type":"article","og_title":"El Ayuntamiento de Los Llanos de Aridane crea espacios m\u00e1s seguros para los peatones - Ayuntamiento de Los Llanos de Aridane","og_description":"Se han ejecutado mejoras de seguridad en todos los barrios y se seguir\u00e1n aplicando mejoras all\u00e1 donde se detecten puntos complejos","og_url":"https:\/\/www.aridane.org\/city\/2023\/12\/19\/el-ayuntamiento-de-los-llanos-de-aridane-crea-espacios-mas-seguros-para-los-peatones\/","og_site_name":"Ayuntamiento de Los Llanos de Aridane","article_published_time":"2023-12-19T15:10:46+00:00","og_image":[{"width":1361,"height":739,"url":"https:\/\/www.aridane.org\/city\/wp-content\/uploads\/2023\/12\/Zona-peatones-Calle-Cabo.jpeg","type":"image\/jpeg"}],"author":"Corresponsal","twitter_card":"summary_large_image","twitter_misc":{"Escrito por":"Corresponsal","Tiempo de lectura":"2 minutos"},"schema":{"@context":"https:\/\/schema.org","@graph":[{"@type":"WebPage","@id":"https:\/\/www.aridane.org\/city\/2023\/12\/19\/el-ayuntamiento-de-los-llanos-de-aridane-crea-espacios-mas-seguros-para-los-peatones\/","url":"https:\/\/www.aridane.org\/city\/2023\/12\/19\/el-ayuntamiento-de-los-llanos-de-aridane-crea-espacios-mas-seguros-para-los-peatones\/","name":"El Ayuntamiento de Los Llanos de Aridane crea espacios m\u00e1s seguros para los peatones - Ayuntamiento de Los Llanos de Aridane","isPartOf":{"@id":"https:\/\/www.aridane.org\/city\/#website"},"primaryImageOfPage":{"@id":"https:\/\/www.aridane.org\/city\/2023\/12\/19\/el-ayuntamiento-de-los-llanos-de-aridane-crea-espacios-mas-seguros-para-los-peatones\/#primaryimage"},"image":{"@id":"https:\/\/www.aridane.org\/city\/2023\/12\/19\/el-ayuntamiento-de-los-llanos-de-aridane-crea-espacios-mas-seguros-para-los-peatones\/#primaryimage"},"thumbnailUrl":"https:\/\/www.aridane.org\/city\/wp-content\/uploads\/2023\/12\/Zona-peatones-Calle-Cabo.jpeg","datePublished":"2023-12-19T15:10:46+00:00","dateModified":"2023-12-19T15:10:46+00:00","author":{"@id":"https:\/\/www.aridane.org\/city\/#\/schema\/person\/89ebd376b223dc94cc1dbcf200c8e6da"},"breadcrumb":{"@id":"https:\/\/www.aridane.org\/city\/2023\/12\/19\/el-ayuntamiento-de-los-llanos-de-aridane-crea-espacios-mas-seguros-para-los-peatones\/#breadcrumb"},"inLanguage":"es","potentialAction":[{"@type":"ReadAction","target":["https:\/\/www.aridane.org\/city\/2023\/12\/19\/el-ayuntamiento-de-los-llanos-de-aridane-crea-espacios-mas-seguros-para-los-peatones\/"]}]},{"@type":"ImageObject","inLanguage":"es","@id":"https:\/\/www.aridane.org\/city\/2023\/12\/19\/el-ayuntamiento-de-los-llanos-de-aridane-crea-espacios-mas-seguros-para-los-peatones\/#primaryimage","url":"https:\/\/www.aridane.org\/city\/wp-content\/uploads\/2023\/12\/Zona-peatones-Calle-Cabo.jpeg","contentUrl":"https:\/\/www.aridane.org\/city\/wp-content\/uploads\/2023\/12\/Zona-peatones-Calle-Cabo.jpeg","width":1361,"height":739},{"@type":"BreadcrumbList","@id":"https:\/\/www.aridane.org\/city\/2023\/12\/19\/el-ayuntamiento-de-los-llanos-de-aridane-crea-espacios-mas-seguros-para-los-peatones\/#breadcrumb","itemListElement":[{"@type":"ListItem","position":1,"name":"Portada","item":"https:\/\/www.aridane.org\/city\/"},{"@type":"ListItem","position":2,"name":"El Ayuntamiento de Los Llanos de Aridane crea espacios m\u00e1s seguros para los peatones"}]},{"@type":"WebSite","@id":"https:\/\/www.aridane.org\/city\/#website","url":"https:\/\/www.aridane.org\/city\/","name":"Ayuntamiento de Los Llanos de Aridane","description":"","potentialAction":[{"@type":"SearchAction","target":{"@type":"EntryPoint","urlTemplate":"https:\/\/www.aridane.org\/city\/?s={search_term_string}"},"query-input":"required name=search_term_string"}],"inLanguage":"es"},{"@type":"Person","@id":"https:\/\/www.aridane.org\/city\/#\/schema\/person\/89ebd376b223dc94cc1dbcf200c8e6da","name":"Corresponsal","image":{"@type":"ImageObject","inLanguage":"es","@id":"https:\/\/www.aridane.org\/city\/#\/schema\/person\/image\/","url":"https:\/\/secure.gravatar.com\/avatar\/1c476992411e4ccf153da63b2b2f5ea0bb4cb1c85f3ceab8512f04325ad5579c?s=96&d=mm&r=g","contentUrl":"https:\/\/secure.gravatar.com\/avatar\/1c476992411e4ccf153da63b2b2f5ea0bb4cb1c85f3ceab8512f04325ad5579c?s=96&d=mm&r=g","caption":"Corresponsal"},"url":"https:\/\/www.aridane.org\/city\/author\/corresponsal\/"}]}},"_links":{"self":[{"href":"https:\/\/www.aridane.org\/city\/wp-json\/wp\/v2\/posts\/3012","targetHints":{"allow":["GET"]}}],"collection":[{"href":"https:\/\/www.aridane.org\/city\/wp-json\/wp\/v2\/posts"}],"about":[{"href":"https:\/\/www.aridane.org\/city\/wp-json\/wp\/v2\/types\/post"}],"author":[{"embeddable":true,"href":"https:\/\/www.aridane.org\/city\/wp-json\/wp\/v2\/users\/4"}],"replies":[{"embeddable":true,"href":"https:\/\/www.aridane.org\/city\/wp-json\/wp\/v2\/comments?post=3012"}],"version-history":[{"count":1,"href":"https:\/\/www.aridane.org\/city\/wp-json\/wp\/v2\/posts\/3012\/revisions"}],"predecessor-version":[{"id":3014,"href":"https:\/\/www.aridane.org\/city\/wp-json\/wp\/v2\/posts\/3012\/revisions\/3014"}],"wp:featuredmedia":[{"embeddable":true,"href":"https:\/\/www.aridane.org\/city\/wp-json\/wp\/v2\/media\/3013"}],"wp:attachment":[{"href":"https:\/\/www.aridane.org\/city\/wp-json\/wp\/v2\/media?parent=3012"}],"wp:term":[{"taxonomy":"category","embeddable":true,"href":"https:\/\/www.aridane.org\/city\/wp-json\/wp\/v2\/categories?post=3012"},{"taxonomy":"post_tag","embeddable":true,"href":"https:\/\/www.aridane.org\/city\/wp-json\/wp\/v2\/tags?post=3012"}],"curies":[{"name":"wp","href":"https:\/\/api.w.org\/{rel}","templated":true}]}}