{"id":3020,"date":"2023-12-27T15:06:04","date_gmt":"2023-12-27T15:06:04","guid":{"rendered":"https:\/\/www.aridane.org\/city\/?p=3020"},"modified":"2023-12-27T15:06:04","modified_gmt":"2023-12-27T15:06:04","slug":"los-llanos-de-aridane-despide-2023-con-la-san-silvestre-contigo-al-mediodia-y-fiesta-de-fin-de-ano","status":"publish","type":"post","link":"https:\/\/www.aridane.org\/city\/2023\/12\/27\/los-llanos-de-aridane-despide-2023-con-la-san-silvestre-contigo-al-mediodia-y-fiesta-de-fin-de-ano\/","title":{"rendered":"Los Llanos de Aridane despide 2023 con la San Silvestre, Contigo al Mediod\u00eda y fiesta de fin de a\u00f1o"},"content":{"rendered":"<p><i><span style=\"font-weight: 400;\">El Ayuntamiento despedir\u00e1 2023 y dar\u00e1 la bienvenida al 2024 con un programa repleto de ocio, m\u00fasica y deporte<\/span><\/i><!--more--><\/p>\n<p><span style=\"font-weight: 400;\"><br \/>\n<\/span><span style=\"font-weight: 400;\">El Ayuntamiento de Los Llanos de Aridane despide 2023 con deporte, m\u00fasica y ocio. La Plaza de Espa\u00f1a cobrar\u00e1 vida desde las 10:00 horas del 31 de diciembre con la tradicional San Silvestre, para pasar al Contigo al Mediod\u00eda a las 12:30 horas y continuar, a partir de las 16:00 horas, con la fiesta de fin de a\u00f1o, que se extender\u00e1 hasta las 5:00 horas del 1 enero.<\/span><\/p>\n<p><span style=\"font-weight: 400;\">El concejal de Fiestas, \u00c1lvaro Pages, invita a toda la ciudadan\u00eda a recibir el 2024 en Los Llanos de Aridane. \u201cHemos preparado actividades para toda la familia y tambi\u00e9n muchas sorpresas. No se nos ocurre mejor lugar para dar la bienvenida al nuevo a\u00f1o que el coraz\u00f3n de nuestro municipio. Les esperamos\u201d, apunta.<\/span><\/p>\n<p><span style=\"font-weight: 400;\">En este sentido, la concejala de Cultura, Marlene Gonz\u00e1lez, destaca que pueda celebrarse el Contigo al Mediod\u00eda el d\u00eda 31. \u201cEste espect\u00e1culo siempre es sin\u00f3nimo de \u00e9xito. Esperamos que el municipio vibre y el ambiente repercuta positivamente en nuestros comercios y hosteleros\u201d, a\u00f1ade.<\/span><\/p>\n<h2><b>La XVI San Silvestre de Los Llanos de Aridane<\/b><\/h2>\n<p><span style=\"font-weight: 400;\">El primer gran evento del d\u00eda ser\u00e1 la San Silvestre, que comienza a las 10:00 horas. Es una prueba que recorre las calles m\u00e1s emblem\u00e1ticas del municipio y que cada a\u00f1o se supera con m\u00e1s participantes. \u201cConfiamos en que sea una edici\u00f3n muy especial, superando los mil inscritos\u201d, apunta el concejal de Deportes, V\u00edctor Gonz\u00e1lez.<\/span><\/p>\n<p><span style=\"font-weight: 400;\">Las personas interesadas en inscribirse a la prueba puede hacerlo hasta este jueves, 28 de diciembre, mediante el siguiente enlace <\/span><a href=\"https:\/\/inscripciones.islabonitatiming.com\/inscripcion\/xvi-san-silvestre-de-los-llanos-de-aridane\/\"><span style=\"font-weight: 400;\">https:\/\/inscripciones.islabonitatiming.com\/inscripcion\/xvi-san-silvestre-de-los-llanos-de-aridane\/<\/span><\/a><span style=\"font-weight: 400;\">\u00a0<\/span><\/p>\n<h2><b>Contigo al Mediod\u00eda<\/b><\/h2>\n<p><span style=\"font-weight: 400;\">Para esta edici\u00f3n del Contigo al Mediod\u00eda actuar\u00e1n dos bandas de sobra conocidas en Canarias por su repertorio y calidad musical: el Sr. Natilla y Salvapantallas. Este espect\u00e1culo comenzar\u00e1 a las 12:00 horas.<\/span><\/p>\n<p><span style=\"font-weight: 400;\">El Sr. Natilla es una de las bandas de versiones m\u00e1s originales y exitosas de las islas. Cuentan con un repertorio con pegada rockera y muy bailable con temas conocidos de cualquier \u00e9poca, desde Village People a Black Eyed Peas, pasando por Coldplay, Alaska, Amy Winehouse, Queen o Rosal\u00eda.<\/span><\/p>\n<p><span style=\"font-weight: 400;\">Por su parte, Salvapantallas nos regalar\u00e1 canciones como <\/span><i><span style=\"font-weight: 400;\">Baila Morena<\/span><\/i><span style=\"font-weight: 400;\"> (Zucchero), <\/span><i><span style=\"font-weight: 400;\">I Want to break Free<\/span><\/i><span style=\"font-weight: 400;\">k (Queen), <\/span><i><span style=\"font-weight: 400;\">Clavado en un bar <\/span><\/i><span style=\"font-weight: 400;\">(Man\u00e1), <\/span><i><span style=\"font-weight: 400;\">Walking on sunshine<\/span><\/i><span style=\"font-weight: 400;\"> (Katrina and the Waves) o el mismo <\/span><i><span style=\"font-weight: 400;\">Locked Out of Heaven<\/span><\/i><span style=\"font-weight: 400;\"> (Bruno Mars) en una actuaci\u00f3n vibrante y desenfadada.<\/span><\/p>\n<h2><b>Fiesta de fin de a\u00f1o\u00a0<\/b><\/h2>\n<p><span style=\"font-weight: 400;\">La fiesta de fin de a\u00f1o dar\u00e1 comienzo a las 16:00 horas. Tras el Contigo al Mediod\u00eda, la Plaza de Espa\u00f1a seguir\u00e1 ofreciendo m\u00fasica con artistas y grupos de la talla de Grupo A4, Dj Visac, la orquesta Tropicana\u2019s, Dj Yardy, Los Tres de Ca\u00f1a, Glitter Yara, Dj Xaco, Grupo Libertad, Dj Jacob y Rikabanda.<\/span><\/p>\n<p><span style=\"font-weight: 400;\">Para recibir 2024 el Ayuntamiento tambi\u00e9n ha preparado una fiesta especial con m\u00fasica y otras sorpresas. Tambi\u00e9n se entregar\u00e1 cotill\u00f3n, champ\u00e1n y las uvas de la suerte a las personas asistentes a las 23:00 horas justo enfrente del edificio del Consistorio. La fiesta se prolongar\u00e1 hasta la madrugada del a\u00f1o nuevo.<\/span><\/p>\n<h2><b>Un llamamiento a la sostenibilidad<\/b><\/h2>\n<p><span style=\"font-weight: 400;\">Desde la Concejal\u00eda de Servicios Municipales que dirige Rubens D\u00edaz\u00a0 tambi\u00e9n se hace un llamamiento a la sostenibilidad, promoviendo el uso de vasos reciclables entre la ciudadan\u00eda para evitar una generaci\u00f3n excesiva de residuos.<\/span><\/p>\n<p><span style=\"font-weight: 400;\">Desde el Ayuntamiento, y en colaboraci\u00f3n con la Polic\u00eda Local y la Polic\u00eda Canaria, tienen todo preparado para garantizar la seguridad de las fiestas y poder recibir 2024 en familia y armon\u00eda.<\/span><\/p>\n<p>&nbsp;<\/p>\n","protected":false},"excerpt":{"rendered":"<p>El Ayuntamiento despedir\u00e1 2023 y dar\u00e1 la bienvenida al 2024 con un programa repleto de ocio, m\u00fasica y deporte<\/p>\n","protected":false},"author":4,"featured_media":3021,"comment_status":"open","ping_status":"open","sticky":false,"template":"","format":"standard","meta":{"footnotes":""},"categories":[1],"tags":[],"class_list":["post-3020","post","type-post","status-publish","format-standard","has-post-thumbnail","hentry","category-sin-categoria"],"yoast_head":"<!-- This site is optimized with the Yoast SEO plugin v22.7 - https:\/\/yoast.com\/wordpress\/plugins\/seo\/ -->\n<title>Los Llanos de Aridane despide 2023 con la San Silvestre, Contigo al Mediod\u00eda y fiesta de fin de a\u00f1o - Ayuntamiento de Los Llanos de Aridane<\/title>\n<meta name=\"robots\" content=\"index, follow, max-snippet:-1, max-image-preview:large, max-video-preview:-1\" \/>\n<link rel=\"canonical\" href=\"https:\/\/www.aridane.org\/city\/2023\/12\/27\/los-llanos-de-aridane-despide-2023-con-la-san-silvestre-contigo-al-mediodia-y-fiesta-de-fin-de-ano\/\" \/>\n<meta property=\"og:locale\" content=\"es_ES\" \/>\n<meta property=\"og:type\" content=\"article\" \/>\n<meta property=\"og:title\" content=\"Los Llanos de Aridane despide 2023 con la San Silvestre, Contigo al Mediod\u00eda y fiesta de fin de a\u00f1o - Ayuntamiento de Los Llanos de Aridane\" \/>\n<meta property=\"og:description\" content=\"El Ayuntamiento despedir\u00e1 2023 y dar\u00e1 la bienvenida al 2024 con un programa repleto de ocio, m\u00fasica y deporte\" \/>\n<meta property=\"og:url\" content=\"https:\/\/www.aridane.org\/city\/2023\/12\/27\/los-llanos-de-aridane-despide-2023-con-la-san-silvestre-contigo-al-mediodia-y-fiesta-de-fin-de-ano\/\" \/>\n<meta property=\"og:site_name\" content=\"Ayuntamiento de Los Llanos de Aridane\" \/>\n<meta property=\"article:published_time\" content=\"2023-12-27T15:06:04+00:00\" \/>\n<meta property=\"og:image\" content=\"https:\/\/www.aridane.org\/city\/wp-content\/uploads\/2023\/12\/FindeAno.jpeg\" \/>\n\t<meta property=\"og:image:width\" content=\"1024\" \/>\n\t<meta property=\"og:image:height\" content=\"683\" \/>\n\t<meta property=\"og:image:type\" content=\"image\/jpeg\" \/>\n<meta name=\"author\" content=\"Corresponsal\" \/>\n<meta name=\"twitter:card\" content=\"summary_large_image\" \/>\n<meta name=\"twitter:label1\" content=\"Escrito por\" \/>\n\t<meta name=\"twitter:data1\" content=\"Corresponsal\" \/>\n\t<meta name=\"twitter:label2\" content=\"Tiempo de lectura\" \/>\n\t<meta name=\"twitter:data2\" content=\"3 minutos\" \/>\n<script type=\"application\/ld+json\" class=\"yoast-schema-graph\">{\"@context\":\"https:\/\/schema.org\",\"@graph\":[{\"@type\":\"WebPage\",\"@id\":\"https:\/\/www.aridane.org\/city\/2023\/12\/27\/los-llanos-de-aridane-despide-2023-con-la-san-silvestre-contigo-al-mediodia-y-fiesta-de-fin-de-ano\/\",\"url\":\"https:\/\/www.aridane.org\/city\/2023\/12\/27\/los-llanos-de-aridane-despide-2023-con-la-san-silvestre-contigo-al-mediodia-y-fiesta-de-fin-de-ano\/\",\"name\":\"Los Llanos de Aridane despide 2023 con la San Silvestre, Contigo al Mediod\u00eda y fiesta de fin de a\u00f1o - Ayuntamiento de Los Llanos de Aridane\",\"isPartOf\":{\"@id\":\"https:\/\/www.aridane.org\/city\/#website\"},\"primaryImageOfPage\":{\"@id\":\"https:\/\/www.aridane.org\/city\/2023\/12\/27\/los-llanos-de-aridane-despide-2023-con-la-san-silvestre-contigo-al-mediodia-y-fiesta-de-fin-de-ano\/#primaryimage\"},\"image\":{\"@id\":\"https:\/\/www.aridane.org\/city\/2023\/12\/27\/los-llanos-de-aridane-despide-2023-con-la-san-silvestre-contigo-al-mediodia-y-fiesta-de-fin-de-ano\/#primaryimage\"},\"thumbnailUrl\":\"https:\/\/www.aridane.org\/city\/wp-content\/uploads\/2023\/12\/FindeAno.jpeg\",\"datePublished\":\"2023-12-27T15:06:04+00:00\",\"dateModified\":\"2023-12-27T15:06:04+00:00\",\"author\":{\"@id\":\"https:\/\/www.aridane.org\/city\/#\/schema\/person\/89ebd376b223dc94cc1dbcf200c8e6da\"},\"breadcrumb\":{\"@id\":\"https:\/\/www.aridane.org\/city\/2023\/12\/27\/los-llanos-de-aridane-despide-2023-con-la-san-silvestre-contigo-al-mediodia-y-fiesta-de-fin-de-ano\/#breadcrumb\"},\"inLanguage\":\"es\",\"potentialAction\":[{\"@type\":\"ReadAction\",\"target\":[\"https:\/\/www.aridane.org\/city\/2023\/12\/27\/los-llanos-de-aridane-despide-2023-con-la-san-silvestre-contigo-al-mediodia-y-fiesta-de-fin-de-ano\/\"]}]},{\"@type\":\"ImageObject\",\"inLanguage\":\"es\",\"@id\":\"https:\/\/www.aridane.org\/city\/2023\/12\/27\/los-llanos-de-aridane-despide-2023-con-la-san-silvestre-contigo-al-mediodia-y-fiesta-de-fin-de-ano\/#primaryimage\",\"url\":\"https:\/\/www.aridane.org\/city\/wp-content\/uploads\/2023\/12\/FindeAno.jpeg\",\"contentUrl\":\"https:\/\/www.aridane.org\/city\/wp-content\/uploads\/2023\/12\/FindeAno.jpeg\",\"width\":1024,\"height\":683},{\"@type\":\"BreadcrumbList\",\"@id\":\"https:\/\/www.aridane.org\/city\/2023\/12\/27\/los-llanos-de-aridane-despide-2023-con-la-san-silvestre-contigo-al-mediodia-y-fiesta-de-fin-de-ano\/#breadcrumb\",\"itemListElement\":[{\"@type\":\"ListItem\",\"position\":1,\"name\":\"Portada\",\"item\":\"https:\/\/www.aridane.org\/city\/\"},{\"@type\":\"ListItem\",\"position\":2,\"name\":\"Los Llanos de Aridane despide 2023 con la San Silvestre, Contigo al Mediod\u00eda y fiesta de fin de a\u00f1o\"}]},{\"@type\":\"WebSite\",\"@id\":\"https:\/\/www.aridane.org\/city\/#website\",\"url\":\"https:\/\/www.aridane.org\/city\/\",\"name\":\"Ayuntamiento de Los Llanos de Aridane\",\"description\":\"\",\"potentialAction\":[{\"@type\":\"SearchAction\",\"target\":{\"@type\":\"EntryPoint\",\"urlTemplate\":\"https:\/\/www.aridane.org\/city\/?s={search_term_string}\"},\"query-input\":\"required name=search_term_string\"}],\"inLanguage\":\"es\"},{\"@type\":\"Person\",\"@id\":\"https:\/\/www.aridane.org\/city\/#\/schema\/person\/89ebd376b223dc94cc1dbcf200c8e6da\",\"name\":\"Corresponsal\",\"image\":{\"@type\":\"ImageObject\",\"inLanguage\":\"es\",\"@id\":\"https:\/\/www.aridane.org\/city\/#\/schema\/person\/image\/\",\"url\":\"https:\/\/secure.gravatar.com\/avatar\/1c476992411e4ccf153da63b2b2f5ea0bb4cb1c85f3ceab8512f04325ad5579c?s=96&d=mm&r=g\",\"contentUrl\":\"https:\/\/secure.gravatar.com\/avatar\/1c476992411e4ccf153da63b2b2f5ea0bb4cb1c85f3ceab8512f04325ad5579c?s=96&d=mm&r=g\",\"caption\":\"Corresponsal\"},\"url\":\"https:\/\/www.aridane.org\/city\/author\/corresponsal\/\"}]}<\/script>\n<!-- \/ Yoast SEO plugin. -->","yoast_head_json":{"title":"Los Llanos de Aridane despide 2023 con la San Silvestre, Contigo al Mediod\u00eda y fiesta de fin de a\u00f1o - Ayuntamiento de Los Llanos de Aridane","robots":{"index":"index","follow":"follow","max-snippet":"max-snippet:-1","max-image-preview":"max-image-preview:large","max-video-preview":"max-video-preview:-1"},"canonical":"https:\/\/www.aridane.org\/city\/2023\/12\/27\/los-llanos-de-aridane-despide-2023-con-la-san-silvestre-contigo-al-mediodia-y-fiesta-de-fin-de-ano\/","og_locale":"es_ES","og_type":"article","og_title":"Los Llanos de Aridane despide 2023 con la San Silvestre, Contigo al Mediod\u00eda y fiesta de fin de a\u00f1o - Ayuntamiento de Los Llanos de Aridane","og_description":"El Ayuntamiento despedir\u00e1 2023 y dar\u00e1 la bienvenida al 2024 con un programa repleto de ocio, m\u00fasica y deporte","og_url":"https:\/\/www.aridane.org\/city\/2023\/12\/27\/los-llanos-de-aridane-despide-2023-con-la-san-silvestre-contigo-al-mediodia-y-fiesta-de-fin-de-ano\/","og_site_name":"Ayuntamiento de Los Llanos de Aridane","article_published_time":"2023-12-27T15:06:04+00:00","og_image":[{"width":1024,"height":683,"url":"https:\/\/www.aridane.org\/city\/wp-content\/uploads\/2023\/12\/FindeAno.jpeg","type":"image\/jpeg"}],"author":"Corresponsal","twitter_card":"summary_large_image","twitter_misc":{"Escrito por":"Corresponsal","Tiempo de lectura":"3 minutos"},"schema":{"@context":"https:\/\/schema.org","@graph":[{"@type":"WebPage","@id":"https:\/\/www.aridane.org\/city\/2023\/12\/27\/los-llanos-de-aridane-despide-2023-con-la-san-silvestre-contigo-al-mediodia-y-fiesta-de-fin-de-ano\/","url":"https:\/\/www.aridane.org\/city\/2023\/12\/27\/los-llanos-de-aridane-despide-2023-con-la-san-silvestre-contigo-al-mediodia-y-fiesta-de-fin-de-ano\/","name":"Los Llanos de Aridane despide 2023 con la San Silvestre, Contigo al Mediod\u00eda y fiesta de fin de a\u00f1o - Ayuntamiento de Los Llanos de Aridane","isPartOf":{"@id":"https:\/\/www.aridane.org\/city\/#website"},"primaryImageOfPage":{"@id":"https:\/\/www.aridane.org\/city\/2023\/12\/27\/los-llanos-de-aridane-despide-2023-con-la-san-silvestre-contigo-al-mediodia-y-fiesta-de-fin-de-ano\/#primaryimage"},"image":{"@id":"https:\/\/www.aridane.org\/city\/2023\/12\/27\/los-llanos-de-aridane-despide-2023-con-la-san-silvestre-contigo-al-mediodia-y-fiesta-de-fin-de-ano\/#primaryimage"},"thumbnailUrl":"https:\/\/www.aridane.org\/city\/wp-content\/uploads\/2023\/12\/FindeAno.jpeg","datePublished":"2023-12-27T15:06:04+00:00","dateModified":"2023-12-27T15:06:04+00:00","author":{"@id":"https:\/\/www.aridane.org\/city\/#\/schema\/person\/89ebd376b223dc94cc1dbcf200c8e6da"},"breadcrumb":{"@id":"https:\/\/www.aridane.org\/city\/2023\/12\/27\/los-llanos-de-aridane-despide-2023-con-la-san-silvestre-contigo-al-mediodia-y-fiesta-de-fin-de-ano\/#breadcrumb"},"inLanguage":"es","potentialAction":[{"@type":"ReadAction","target":["https:\/\/www.aridane.org\/city\/2023\/12\/27\/los-llanos-de-aridane-despide-2023-con-la-san-silvestre-contigo-al-mediodia-y-fiesta-de-fin-de-ano\/"]}]},{"@type":"ImageObject","inLanguage":"es","@id":"https:\/\/www.aridane.org\/city\/2023\/12\/27\/los-llanos-de-aridane-despide-2023-con-la-san-silvestre-contigo-al-mediodia-y-fiesta-de-fin-de-ano\/#primaryimage","url":"https:\/\/www.aridane.org\/city\/wp-content\/uploads\/2023\/12\/FindeAno.jpeg","contentUrl":"https:\/\/www.aridane.org\/city\/wp-content\/uploads\/2023\/12\/FindeAno.jpeg","width":1024,"height":683},{"@type":"BreadcrumbList","@id":"https:\/\/www.aridane.org\/city\/2023\/12\/27\/los-llanos-de-aridane-despide-2023-con-la-san-silvestre-contigo-al-mediodia-y-fiesta-de-fin-de-ano\/#breadcrumb","itemListElement":[{"@type":"ListItem","position":1,"name":"Portada","item":"https:\/\/www.aridane.org\/city\/"},{"@type":"ListItem","position":2,"name":"Los Llanos de Aridane despide 2023 con la San Silvestre, Contigo al Mediod\u00eda y fiesta de fin de a\u00f1o"}]},{"@type":"WebSite","@id":"https:\/\/www.aridane.org\/city\/#website","url":"https:\/\/www.aridane.org\/city\/","name":"Ayuntamiento de Los Llanos de Aridane","description":"","potentialAction":[{"@type":"SearchAction","target":{"@type":"EntryPoint","urlTemplate":"https:\/\/www.aridane.org\/city\/?s={search_term_string}"},"query-input":"required name=search_term_string"}],"inLanguage":"es"},{"@type":"Person","@id":"https:\/\/www.aridane.org\/city\/#\/schema\/person\/89ebd376b223dc94cc1dbcf200c8e6da","name":"Corresponsal","image":{"@type":"ImageObject","inLanguage":"es","@id":"https:\/\/www.aridane.org\/city\/#\/schema\/person\/image\/","url":"https:\/\/secure.gravatar.com\/avatar\/1c476992411e4ccf153da63b2b2f5ea0bb4cb1c85f3ceab8512f04325ad5579c?s=96&d=mm&r=g","contentUrl":"https:\/\/secure.gravatar.com\/avatar\/1c476992411e4ccf153da63b2b2f5ea0bb4cb1c85f3ceab8512f04325ad5579c?s=96&d=mm&r=g","caption":"Corresponsal"},"url":"https:\/\/www.aridane.org\/city\/author\/corresponsal\/"}]}},"_links":{"self":[{"href":"https:\/\/www.aridane.org\/city\/wp-json\/wp\/v2\/posts\/3020","targetHints":{"allow":["GET"]}}],"collection":[{"href":"https:\/\/www.aridane.org\/city\/wp-json\/wp\/v2\/posts"}],"about":[{"href":"https:\/\/www.aridane.org\/city\/wp-json\/wp\/v2\/types\/post"}],"author":[{"embeddable":true,"href":"https:\/\/www.aridane.org\/city\/wp-json\/wp\/v2\/users\/4"}],"replies":[{"embeddable":true,"href":"https:\/\/www.aridane.org\/city\/wp-json\/wp\/v2\/comments?post=3020"}],"version-history":[{"count":1,"href":"https:\/\/www.aridane.org\/city\/wp-json\/wp\/v2\/posts\/3020\/revisions"}],"predecessor-version":[{"id":3022,"href":"https:\/\/www.aridane.org\/city\/wp-json\/wp\/v2\/posts\/3020\/revisions\/3022"}],"wp:featuredmedia":[{"embeddable":true,"href":"https:\/\/www.aridane.org\/city\/wp-json\/wp\/v2\/media\/3021"}],"wp:attachment":[{"href":"https:\/\/www.aridane.org\/city\/wp-json\/wp\/v2\/media?parent=3020"}],"wp:term":[{"taxonomy":"category","embeddable":true,"href":"https:\/\/www.aridane.org\/city\/wp-json\/wp\/v2\/categories?post=3020"},{"taxonomy":"post_tag","embeddable":true,"href":"https:\/\/www.aridane.org\/city\/wp-json\/wp\/v2\/tags?post=3020"}],"curies":[{"name":"wp","href":"https:\/\/api.w.org\/{rel}","templated":true}]}}