{"id":3026,"date":"2024-01-02T13:15:28","date_gmt":"2024-01-02T13:15:28","guid":{"rendered":"https:\/\/www.aridane.org\/city\/?p=3026"},"modified":"2024-01-04T13:17:54","modified_gmt":"2024-01-04T13:17:54","slug":"mas-de-mil-personas-despidieron-el-ano-en-la-xvi-san-silvestre-de-los-llanos-de-aridane","status":"publish","type":"post","link":"https:\/\/www.aridane.org\/city\/2024\/01\/02\/mas-de-mil-personas-despidieron-el-ano-en-la-xvi-san-silvestre-de-los-llanos-de-aridane\/","title":{"rendered":"M\u00e1s de mil personas despidieron el a\u00f1o en la XVI San Silvestre de Los Llanos de Aridane\u00a0"},"content":{"rendered":"<p><em>El concejal de Deportes, V\u00edctor Gonz\u00e1lez, destaca el ambiente y el correcto funcionamiento de la prueba\u00a0<\/em><br \/>\n<!--more--><\/p>\n<div id=\"v1forwardbody1\">\n<p>M\u00e1s de mil personas despidieron 2023 participando en la XVI San Silvestre de Los Llanos de Aridane. Una carrera popular que cada a\u00f1o crece en participaci\u00f3n y que posiciona al municipio como un referente del deporte en las islas.<\/p>\n<p>El concejal de Deportes del Ayuntamiento, V\u00edctor Gonz\u00e1lez, agradece a las personas participantes y asistentes, as\u00ed como al personal de seguridad y protecci\u00f3n civil, \u201cque todo transcurriera a la perfecci\u00f3n\u201d.<\/p>\n<p>Asimismo, recuerda que este a\u00f1o se bati\u00f3 r\u00e9cord de participaci\u00f3n en todas las categor\u00edas. \u201cLa prueba sigue creciendo y ya es tradici\u00f3n que cada 31 de diciembre las calles m\u00e1s emblem\u00e1ticas de Los Llanos de Aridane se llenen de corredores y ambiente festivo\u201d, apunta el concejal.<\/p>\n<h2><strong>Resultados XVI San Silvestre<\/strong><\/h2>\n<h3><strong>Clasificaci\u00f3n general<\/strong><\/h3>\n<p>1\u00ba Oliver Baeza Mart\u00edn<\/p>\n<p>1\u00aa Moana Lilly Kehres Kehres<\/p>\n<p>2\u00ba Guillermo Andr\u00e9s Aguilera P\u00e9rez<\/p>\n<p>2\u00aa Mar\u00eda Camacho Perez<\/p>\n<p>3\u00ba Lutzardo Le\u00f3n Concepci\u00f3n<\/p>\n<p>3\u00aa Yamila Maria P\u00e9rez Rodr\u00edguez<\/p>\n<h3><strong>Categor\u00eda Absoluta\u00a0<\/strong><\/h3>\n<p>1\u00ba Oliver Baeza Mart\u00edn<\/p>\n<p>1\u00aa Moana Lilly Kehres Kehres<\/p>\n<p>2\u00ba Guillermo Andr\u00e9s Aguilera P\u00e9rez<\/p>\n<p>2\u00aa Mar\u00eda Camacho Perez<\/p>\n<p>3\u00ba Diego L\u00f3pez P\u00e1ez<\/p>\n<p>3\u00aa Irene Lorenzo Hern\u00e1ndez<\/p>\n<h3><strong>Categor\u00eda Sub16\u00a0<\/strong><\/h3>\n<p>1\u00ba Victor Garcia Paz<\/p>\n<p>1\u00aa Iris Barreto Fernandez<\/p>\n<p>2\u00ba Jesus Armas Rodr\u00edguez<\/p>\n<p>2\u00aa Angela Lorenzo Fern\u00e1ndez<\/p>\n<p>3\u00ba Mateo Capote Rodriguez<\/p>\n<p>3\u00aa Mailine Schober<\/p>\n<h3><strong>Categor\u00eda Sub18<\/strong><\/h3>\n<p>1\u00ba Jos\u00e9 Manuel Pais Acosta<\/p>\n<p>1\u00aa Yamila Maria P\u00e9rez Rodriguez<\/p>\n<p>2\u00ba Manuel Barreto Melian<\/p>\n<p>2\u00aa Nuria Rosaura Pais Acosta<\/p>\n<p>3\u00ba Lare Acosta<\/p>\n<p>3\u00aa Carmen Acosta M\u00e9rida<\/p>\n<h3><strong>Categor\u00eda Master 35<\/strong><\/h3>\n<p>1\u00ba Lutzardo Le\u00f3n Concepci\u00f3n<\/p>\n<p>1\u00aa Nayra Noble Vigil<\/p>\n<p>2\u00ba Moises Gonzalez Francisco<\/p>\n<p>2\u00aa Ana Bego\u00f1a Gonz\u00e1lez Francisco<\/p>\n<p>3\u00ba Samuel Fern\u00e1ndez P\u00e9rez<\/p>\n<p>3\u00aa Patricia Bola\u00f1os Gonz\u00e1lez<\/p>\n<h3><strong>Categor\u00eda Sub8<\/strong><\/h3>\n<p>1\u00ba Mat\u00edas Pais Mart\u00edn<\/p>\n<p>1\u00aa Alejandra Hern\u00e1ndez Matos<\/p>\n<p>2\u00ba Ismael De Felipe Dominguez<\/p>\n<p>2\u00aa Haridian Hern\u00e1ndez Garcia<\/p>\n<p>3\u00ba Mario P\u00e9rez Gil<\/p>\n<p>3\u00aa Chlo\u00e9 \u00c1lvarez Gonz\u00e1lez<\/p>\n<h3><strong>Categor\u00eda Sub10<\/strong><\/h3>\n<p>1\u00ba Diego P\u00e9rez Mart\u00edn<\/p>\n<p>1\u00aa Daniella Ramos Mosegues<\/p>\n<p>2\u00ba Kayden Gonzalez Alba<\/p>\n<p>2\u00aa Mar\u00eda S\u00e1nchez Gonz\u00e1lez<\/p>\n<p>3\u00ba Abraham Rodr\u00edguez \u00c1lvarez<\/p>\n<p>3\u00aa Oriana De Eugenio Bonilla<\/p>\n<h3><strong>Categor\u00eda Sub12<\/strong><\/h3>\n<p>1\u00ba Mat\u00edas Neira<\/p>\n<p>1\u00aa Sara Rodr\u00edguez Concepci\u00f3n<\/p>\n<p>2\u00ba Rom\u00e1n Sanz Reyes<\/p>\n<p>2\u00aa Nora P\u00e9rez Rodr\u00edguez<\/p>\n<p>3\u00ba Eli\u00e1n Rodr\u00edguez Hern\u00e1ndez<\/p>\n<p>3\u00aa Julia Eugenia Le\u00f3n Armas<\/p>\n<h3><strong>Categor\u00eda Sub14<\/strong><\/h3>\n<p>1\u00ba Kefyalew Hern\u00e1ndez Lorenzo<\/p>\n<p>1\u00aa Sof\u00eda Rodr\u00edguez P\u00e9rez<\/p>\n<p>2\u00ba Aday Francisco Rodr\u00edguez Hern\u00e1ndez<\/p>\n<p>2\u00aa Estela P\u00e9rez Gonz\u00e1lez<\/p>\n<p>3\u00ba Pedro Cantos Geiries<\/p>\n<p>3\u00aa Lola Mart\u00edn Barreto<\/p>\n<\/div>\n","protected":false},"excerpt":{"rendered":"<p>El concejal de Deportes, V\u00edctor Gonz\u00e1lez, destaca el ambiente y el correcto funcionamiento de la prueba\u00a0<\/p>\n","protected":false},"author":4,"featured_media":3027,"comment_status":"open","ping_status":"open","sticky":false,"template":"","format":"standard","meta":{"footnotes":""},"categories":[1],"tags":[],"class_list":["post-3026","post","type-post","status-publish","format-standard","has-post-thumbnail","hentry","category-sin-categoria"],"yoast_head":"<!-- This site is optimized with the Yoast SEO plugin v22.7 - https:\/\/yoast.com\/wordpress\/plugins\/seo\/ -->\n<title>M\u00e1s de mil personas despidieron el a\u00f1o en la XVI San Silvestre de Los Llanos de Aridane\u00a0 - Ayuntamiento de Los Llanos de Aridane<\/title>\n<meta name=\"robots\" content=\"index, follow, max-snippet:-1, max-image-preview:large, max-video-preview:-1\" \/>\n<link rel=\"canonical\" href=\"https:\/\/www.aridane.org\/city\/2024\/01\/02\/mas-de-mil-personas-despidieron-el-ano-en-la-xvi-san-silvestre-de-los-llanos-de-aridane\/\" \/>\n<meta property=\"og:locale\" content=\"es_ES\" \/>\n<meta property=\"og:type\" content=\"article\" \/>\n<meta property=\"og:title\" content=\"M\u00e1s de mil personas despidieron el a\u00f1o en la XVI San Silvestre de Los Llanos de Aridane\u00a0 - Ayuntamiento de Los Llanos de Aridane\" \/>\n<meta property=\"og:description\" content=\"El concejal de Deportes, V\u00edctor Gonz\u00e1lez, destaca el ambiente y el correcto funcionamiento de la prueba\u00a0\" \/>\n<meta property=\"og:url\" content=\"https:\/\/www.aridane.org\/city\/2024\/01\/02\/mas-de-mil-personas-despidieron-el-ano-en-la-xvi-san-silvestre-de-los-llanos-de-aridane\/\" \/>\n<meta property=\"og:site_name\" content=\"Ayuntamiento de Los Llanos de Aridane\" \/>\n<meta property=\"article:published_time\" content=\"2024-01-02T13:15:28+00:00\" \/>\n<meta property=\"article:modified_time\" content=\"2024-01-04T13:17:54+00:00\" \/>\n<meta property=\"og:image\" content=\"https:\/\/www.aridane.org\/city\/wp-content\/uploads\/2024\/01\/San-Silvestre-Los-Llanos-1.jpeg\" \/>\n\t<meta property=\"og:image:width\" content=\"678\" \/>\n\t<meta property=\"og:image:height\" content=\"415\" \/>\n\t<meta property=\"og:image:type\" content=\"image\/jpeg\" \/>\n<meta name=\"author\" content=\"Corresponsal\" \/>\n<meta name=\"twitter:card\" content=\"summary_large_image\" \/>\n<meta name=\"twitter:label1\" content=\"Escrito por\" \/>\n\t<meta name=\"twitter:data1\" content=\"Corresponsal\" \/>\n\t<meta name=\"twitter:label2\" content=\"Tiempo de lectura\" \/>\n\t<meta name=\"twitter:data2\" content=\"2 minutos\" \/>\n<script type=\"application\/ld+json\" class=\"yoast-schema-graph\">{\"@context\":\"https:\/\/schema.org\",\"@graph\":[{\"@type\":\"WebPage\",\"@id\":\"https:\/\/www.aridane.org\/city\/2024\/01\/02\/mas-de-mil-personas-despidieron-el-ano-en-la-xvi-san-silvestre-de-los-llanos-de-aridane\/\",\"url\":\"https:\/\/www.aridane.org\/city\/2024\/01\/02\/mas-de-mil-personas-despidieron-el-ano-en-la-xvi-san-silvestre-de-los-llanos-de-aridane\/\",\"name\":\"M\u00e1s de mil personas despidieron el a\u00f1o en la XVI San Silvestre de Los Llanos de Aridane\u00a0 - Ayuntamiento de Los Llanos de Aridane\",\"isPartOf\":{\"@id\":\"https:\/\/www.aridane.org\/city\/#website\"},\"primaryImageOfPage\":{\"@id\":\"https:\/\/www.aridane.org\/city\/2024\/01\/02\/mas-de-mil-personas-despidieron-el-ano-en-la-xvi-san-silvestre-de-los-llanos-de-aridane\/#primaryimage\"},\"image\":{\"@id\":\"https:\/\/www.aridane.org\/city\/2024\/01\/02\/mas-de-mil-personas-despidieron-el-ano-en-la-xvi-san-silvestre-de-los-llanos-de-aridane\/#primaryimage\"},\"thumbnailUrl\":\"https:\/\/www.aridane.org\/city\/wp-content\/uploads\/2024\/01\/San-Silvestre-Los-Llanos-1.jpeg\",\"datePublished\":\"2024-01-02T13:15:28+00:00\",\"dateModified\":\"2024-01-04T13:17:54+00:00\",\"author\":{\"@id\":\"https:\/\/www.aridane.org\/city\/#\/schema\/person\/89ebd376b223dc94cc1dbcf200c8e6da\"},\"breadcrumb\":{\"@id\":\"https:\/\/www.aridane.org\/city\/2024\/01\/02\/mas-de-mil-personas-despidieron-el-ano-en-la-xvi-san-silvestre-de-los-llanos-de-aridane\/#breadcrumb\"},\"inLanguage\":\"es\",\"potentialAction\":[{\"@type\":\"ReadAction\",\"target\":[\"https:\/\/www.aridane.org\/city\/2024\/01\/02\/mas-de-mil-personas-despidieron-el-ano-en-la-xvi-san-silvestre-de-los-llanos-de-aridane\/\"]}]},{\"@type\":\"ImageObject\",\"inLanguage\":\"es\",\"@id\":\"https:\/\/www.aridane.org\/city\/2024\/01\/02\/mas-de-mil-personas-despidieron-el-ano-en-la-xvi-san-silvestre-de-los-llanos-de-aridane\/#primaryimage\",\"url\":\"https:\/\/www.aridane.org\/city\/wp-content\/uploads\/2024\/01\/San-Silvestre-Los-Llanos-1.jpeg\",\"contentUrl\":\"https:\/\/www.aridane.org\/city\/wp-content\/uploads\/2024\/01\/San-Silvestre-Los-Llanos-1.jpeg\",\"width\":678,\"height\":415},{\"@type\":\"BreadcrumbList\",\"@id\":\"https:\/\/www.aridane.org\/city\/2024\/01\/02\/mas-de-mil-personas-despidieron-el-ano-en-la-xvi-san-silvestre-de-los-llanos-de-aridane\/#breadcrumb\",\"itemListElement\":[{\"@type\":\"ListItem\",\"position\":1,\"name\":\"Portada\",\"item\":\"https:\/\/www.aridane.org\/city\/\"},{\"@type\":\"ListItem\",\"position\":2,\"name\":\"M\u00e1s de mil personas despidieron el a\u00f1o en la XVI San Silvestre de Los Llanos de Aridane\u00a0\"}]},{\"@type\":\"WebSite\",\"@id\":\"https:\/\/www.aridane.org\/city\/#website\",\"url\":\"https:\/\/www.aridane.org\/city\/\",\"name\":\"Ayuntamiento de Los Llanos de Aridane\",\"description\":\"\",\"potentialAction\":[{\"@type\":\"SearchAction\",\"target\":{\"@type\":\"EntryPoint\",\"urlTemplate\":\"https:\/\/www.aridane.org\/city\/?s={search_term_string}\"},\"query-input\":\"required name=search_term_string\"}],\"inLanguage\":\"es\"},{\"@type\":\"Person\",\"@id\":\"https:\/\/www.aridane.org\/city\/#\/schema\/person\/89ebd376b223dc94cc1dbcf200c8e6da\",\"name\":\"Corresponsal\",\"image\":{\"@type\":\"ImageObject\",\"inLanguage\":\"es\",\"@id\":\"https:\/\/www.aridane.org\/city\/#\/schema\/person\/image\/\",\"url\":\"https:\/\/secure.gravatar.com\/avatar\/1c476992411e4ccf153da63b2b2f5ea0bb4cb1c85f3ceab8512f04325ad5579c?s=96&d=mm&r=g\",\"contentUrl\":\"https:\/\/secure.gravatar.com\/avatar\/1c476992411e4ccf153da63b2b2f5ea0bb4cb1c85f3ceab8512f04325ad5579c?s=96&d=mm&r=g\",\"caption\":\"Corresponsal\"},\"url\":\"https:\/\/www.aridane.org\/city\/author\/corresponsal\/\"}]}<\/script>\n<!-- \/ Yoast SEO plugin. -->","yoast_head_json":{"title":"M\u00e1s de mil personas despidieron el a\u00f1o en la XVI San Silvestre de Los Llanos de Aridane\u00a0 - Ayuntamiento de Los Llanos de Aridane","robots":{"index":"index","follow":"follow","max-snippet":"max-snippet:-1","max-image-preview":"max-image-preview:large","max-video-preview":"max-video-preview:-1"},"canonical":"https:\/\/www.aridane.org\/city\/2024\/01\/02\/mas-de-mil-personas-despidieron-el-ano-en-la-xvi-san-silvestre-de-los-llanos-de-aridane\/","og_locale":"es_ES","og_type":"article","og_title":"M\u00e1s de mil personas despidieron el a\u00f1o en la XVI San Silvestre de Los Llanos de Aridane\u00a0 - Ayuntamiento de Los Llanos de Aridane","og_description":"El concejal de Deportes, V\u00edctor Gonz\u00e1lez, destaca el ambiente y el correcto funcionamiento de la prueba\u00a0","og_url":"https:\/\/www.aridane.org\/city\/2024\/01\/02\/mas-de-mil-personas-despidieron-el-ano-en-la-xvi-san-silvestre-de-los-llanos-de-aridane\/","og_site_name":"Ayuntamiento de Los Llanos de Aridane","article_published_time":"2024-01-02T13:15:28+00:00","article_modified_time":"2024-01-04T13:17:54+00:00","og_image":[{"width":678,"height":415,"url":"https:\/\/www.aridane.org\/city\/wp-content\/uploads\/2024\/01\/San-Silvestre-Los-Llanos-1.jpeg","type":"image\/jpeg"}],"author":"Corresponsal","twitter_card":"summary_large_image","twitter_misc":{"Escrito por":"Corresponsal","Tiempo de lectura":"2 minutos"},"schema":{"@context":"https:\/\/schema.org","@graph":[{"@type":"WebPage","@id":"https:\/\/www.aridane.org\/city\/2024\/01\/02\/mas-de-mil-personas-despidieron-el-ano-en-la-xvi-san-silvestre-de-los-llanos-de-aridane\/","url":"https:\/\/www.aridane.org\/city\/2024\/01\/02\/mas-de-mil-personas-despidieron-el-ano-en-la-xvi-san-silvestre-de-los-llanos-de-aridane\/","name":"M\u00e1s de mil personas despidieron el a\u00f1o en la XVI San Silvestre de Los Llanos de Aridane\u00a0 - Ayuntamiento de Los Llanos de Aridane","isPartOf":{"@id":"https:\/\/www.aridane.org\/city\/#website"},"primaryImageOfPage":{"@id":"https:\/\/www.aridane.org\/city\/2024\/01\/02\/mas-de-mil-personas-despidieron-el-ano-en-la-xvi-san-silvestre-de-los-llanos-de-aridane\/#primaryimage"},"image":{"@id":"https:\/\/www.aridane.org\/city\/2024\/01\/02\/mas-de-mil-personas-despidieron-el-ano-en-la-xvi-san-silvestre-de-los-llanos-de-aridane\/#primaryimage"},"thumbnailUrl":"https:\/\/www.aridane.org\/city\/wp-content\/uploads\/2024\/01\/San-Silvestre-Los-Llanos-1.jpeg","datePublished":"2024-01-02T13:15:28+00:00","dateModified":"2024-01-04T13:17:54+00:00","author":{"@id":"https:\/\/www.aridane.org\/city\/#\/schema\/person\/89ebd376b223dc94cc1dbcf200c8e6da"},"breadcrumb":{"@id":"https:\/\/www.aridane.org\/city\/2024\/01\/02\/mas-de-mil-personas-despidieron-el-ano-en-la-xvi-san-silvestre-de-los-llanos-de-aridane\/#breadcrumb"},"inLanguage":"es","potentialAction":[{"@type":"ReadAction","target":["https:\/\/www.aridane.org\/city\/2024\/01\/02\/mas-de-mil-personas-despidieron-el-ano-en-la-xvi-san-silvestre-de-los-llanos-de-aridane\/"]}]},{"@type":"ImageObject","inLanguage":"es","@id":"https:\/\/www.aridane.org\/city\/2024\/01\/02\/mas-de-mil-personas-despidieron-el-ano-en-la-xvi-san-silvestre-de-los-llanos-de-aridane\/#primaryimage","url":"https:\/\/www.aridane.org\/city\/wp-content\/uploads\/2024\/01\/San-Silvestre-Los-Llanos-1.jpeg","contentUrl":"https:\/\/www.aridane.org\/city\/wp-content\/uploads\/2024\/01\/San-Silvestre-Los-Llanos-1.jpeg","width":678,"height":415},{"@type":"BreadcrumbList","@id":"https:\/\/www.aridane.org\/city\/2024\/01\/02\/mas-de-mil-personas-despidieron-el-ano-en-la-xvi-san-silvestre-de-los-llanos-de-aridane\/#breadcrumb","itemListElement":[{"@type":"ListItem","position":1,"name":"Portada","item":"https:\/\/www.aridane.org\/city\/"},{"@type":"ListItem","position":2,"name":"M\u00e1s de mil personas despidieron el a\u00f1o en la XVI San Silvestre de Los Llanos de Aridane\u00a0"}]},{"@type":"WebSite","@id":"https:\/\/www.aridane.org\/city\/#website","url":"https:\/\/www.aridane.org\/city\/","name":"Ayuntamiento de Los Llanos de Aridane","description":"","potentialAction":[{"@type":"SearchAction","target":{"@type":"EntryPoint","urlTemplate":"https:\/\/www.aridane.org\/city\/?s={search_term_string}"},"query-input":"required name=search_term_string"}],"inLanguage":"es"},{"@type":"Person","@id":"https:\/\/www.aridane.org\/city\/#\/schema\/person\/89ebd376b223dc94cc1dbcf200c8e6da","name":"Corresponsal","image":{"@type":"ImageObject","inLanguage":"es","@id":"https:\/\/www.aridane.org\/city\/#\/schema\/person\/image\/","url":"https:\/\/secure.gravatar.com\/avatar\/1c476992411e4ccf153da63b2b2f5ea0bb4cb1c85f3ceab8512f04325ad5579c?s=96&d=mm&r=g","contentUrl":"https:\/\/secure.gravatar.com\/avatar\/1c476992411e4ccf153da63b2b2f5ea0bb4cb1c85f3ceab8512f04325ad5579c?s=96&d=mm&r=g","caption":"Corresponsal"},"url":"https:\/\/www.aridane.org\/city\/author\/corresponsal\/"}]}},"_links":{"self":[{"href":"https:\/\/www.aridane.org\/city\/wp-json\/wp\/v2\/posts\/3026","targetHints":{"allow":["GET"]}}],"collection":[{"href":"https:\/\/www.aridane.org\/city\/wp-json\/wp\/v2\/posts"}],"about":[{"href":"https:\/\/www.aridane.org\/city\/wp-json\/wp\/v2\/types\/post"}],"author":[{"embeddable":true,"href":"https:\/\/www.aridane.org\/city\/wp-json\/wp\/v2\/users\/4"}],"replies":[{"embeddable":true,"href":"https:\/\/www.aridane.org\/city\/wp-json\/wp\/v2\/comments?post=3026"}],"version-history":[{"count":1,"href":"https:\/\/www.aridane.org\/city\/wp-json\/wp\/v2\/posts\/3026\/revisions"}],"predecessor-version":[{"id":3028,"href":"https:\/\/www.aridane.org\/city\/wp-json\/wp\/v2\/posts\/3026\/revisions\/3028"}],"wp:featuredmedia":[{"embeddable":true,"href":"https:\/\/www.aridane.org\/city\/wp-json\/wp\/v2\/media\/3027"}],"wp:attachment":[{"href":"https:\/\/www.aridane.org\/city\/wp-json\/wp\/v2\/media?parent=3026"}],"wp:term":[{"taxonomy":"category","embeddable":true,"href":"https:\/\/www.aridane.org\/city\/wp-json\/wp\/v2\/categories?post=3026"},{"taxonomy":"post_tag","embeddable":true,"href":"https:\/\/www.aridane.org\/city\/wp-json\/wp\/v2\/tags?post=3026"}],"curies":[{"name":"wp","href":"https:\/\/api.w.org\/{rel}","templated":true}]}}