{"id":3029,"date":"2024-01-04T13:20:43","date_gmt":"2024-01-04T13:20:43","guid":{"rendered":"https:\/\/www.aridane.org\/city\/?p=3029"},"modified":"2024-01-04T13:20:43","modified_gmt":"2024-01-04T13:20:43","slug":"los-llanos-de-aridane-abona-2-millones-de-euros-a-proveedores-antes-de-acabar-2023","status":"publish","type":"post","link":"https:\/\/www.aridane.org\/city\/2024\/01\/04\/los-llanos-de-aridane-abona-2-millones-de-euros-a-proveedores-antes-de-acabar-2023\/","title":{"rendered":"Los Llanos de Aridane abona 2 millones de euros a proveedores antes de acabar 2023"},"content":{"rendered":"<p><em>El esfuerzo de las \u00faltimas dos semanas ha sido clave para cumplir con empresas, aut\u00f3nomos, entidades deportivas y sociales<\/em><br \/>\n<!--more--><\/p>\n<div id=\"v1forwardbody1\">\n<p>El Ayuntamiento de\u00a0 Los Llanos de Aridane abona 2 millones de euros a proveedores antes de acabar 2023. El esfuerzo del personal municipal en las \u00faltimas dos semanas ha sido clave para cerrar el a\u00f1o cumpliendo con los aut\u00f3nomos y las empresas que dan servicio al municipio.<\/p>\n<p>El concejal de Hacienda, Pablo Almeida, detalla que el grueso de la cantidad se ha destinado a pago de facturas de proveedores, en su mayor\u00eda del municipio, y tambi\u00e9n se han transferido subvenciones deportivas, y a entidades sociales.<\/p>\n<p>\u201cNuestro objetivo es el de seguir trabajando para ser una cada vez m\u00e1s una administraci\u00f3n cumplidora con sus proveedores, y poderles pagar en el menor tiempo posible\u201d, apunta Almeida.<\/p>\n<p>En este sentido, el alcalde, Javier Llamas, aclara que el compromiso del grupo de gobierno es agilizar estas transferencias todav\u00eda m\u00e1s, reduciendo el periodo medio de pago.<\/p>\n<p>\u201cPara nosotros es vital ser una administraci\u00f3n cumplidora y \u00e1gil. El objetivo es garantizar la estabilidad financiera de las empresas y los aut\u00f3nomos que trabajan para el municipio\u201d, apunta Llamas.<\/p>\n<p>Por \u00faltimo, el concejal agradece \u201cel importante esfuerzo de los trabajadores municipales, que han estado trabajando intensamente para poder llevar a cabo este trabajo antes de finalizar el a\u00f1o\u201d.<\/p>\n<\/div>\n<p><!--more--><\/p>\n","protected":false},"excerpt":{"rendered":"<p>El esfuerzo de las \u00faltimas dos semanas ha sido clave para cumplir con empresas, aut\u00f3nomos, entidades deportivas y sociales<\/p>\n","protected":false},"author":4,"featured_media":3030,"comment_status":"open","ping_status":"open","sticky":false,"template":"","format":"standard","meta":{"footnotes":""},"categories":[1],"tags":[],"class_list":["post-3029","post","type-post","status-publish","format-standard","has-post-thumbnail","hentry","category-sin-categoria"],"yoast_head":"<!-- This site is optimized with the Yoast SEO plugin v22.7 - https:\/\/yoast.com\/wordpress\/plugins\/seo\/ -->\n<title>Los Llanos de Aridane abona 2 millones de euros a proveedores antes de acabar 2023 - Ayuntamiento de Los Llanos de Aridane<\/title>\n<meta name=\"robots\" content=\"index, follow, max-snippet:-1, max-image-preview:large, max-video-preview:-1\" \/>\n<link rel=\"canonical\" href=\"https:\/\/www.aridane.org\/city\/2024\/01\/04\/los-llanos-de-aridane-abona-2-millones-de-euros-a-proveedores-antes-de-acabar-2023\/\" \/>\n<meta property=\"og:locale\" content=\"es_ES\" \/>\n<meta property=\"og:type\" content=\"article\" \/>\n<meta property=\"og:title\" content=\"Los Llanos de Aridane abona 2 millones de euros a proveedores antes de acabar 2023 - Ayuntamiento de Los Llanos de Aridane\" \/>\n<meta property=\"og:description\" content=\"El esfuerzo de las \u00faltimas dos semanas ha sido clave para cumplir con empresas, aut\u00f3nomos, entidades deportivas y sociales\" \/>\n<meta property=\"og:url\" content=\"https:\/\/www.aridane.org\/city\/2024\/01\/04\/los-llanos-de-aridane-abona-2-millones-de-euros-a-proveedores-antes-de-acabar-2023\/\" \/>\n<meta property=\"og:site_name\" content=\"Ayuntamiento de Los Llanos de Aridane\" \/>\n<meta property=\"article:published_time\" content=\"2024-01-04T13:20:43+00:00\" \/>\n<meta property=\"og:image\" content=\"https:\/\/www.aridane.org\/city\/wp-content\/uploads\/2024\/01\/Pablo-Almeida-terraza-1.jpeg\" \/>\n\t<meta property=\"og:image:width\" content=\"1024\" \/>\n\t<meta property=\"og:image:height\" content=\"683\" \/>\n\t<meta property=\"og:image:type\" content=\"image\/jpeg\" \/>\n<meta name=\"author\" content=\"Corresponsal\" \/>\n<meta name=\"twitter:card\" content=\"summary_large_image\" \/>\n<meta name=\"twitter:label1\" content=\"Escrito por\" \/>\n\t<meta name=\"twitter:data1\" content=\"Corresponsal\" \/>\n\t<meta name=\"twitter:label2\" content=\"Tiempo de lectura\" \/>\n\t<meta name=\"twitter:data2\" content=\"2 minutos\" \/>\n<script type=\"application\/ld+json\" class=\"yoast-schema-graph\">{\"@context\":\"https:\/\/schema.org\",\"@graph\":[{\"@type\":\"WebPage\",\"@id\":\"https:\/\/www.aridane.org\/city\/2024\/01\/04\/los-llanos-de-aridane-abona-2-millones-de-euros-a-proveedores-antes-de-acabar-2023\/\",\"url\":\"https:\/\/www.aridane.org\/city\/2024\/01\/04\/los-llanos-de-aridane-abona-2-millones-de-euros-a-proveedores-antes-de-acabar-2023\/\",\"name\":\"Los Llanos de Aridane abona 2 millones de euros a proveedores antes de acabar 2023 - Ayuntamiento de Los Llanos de Aridane\",\"isPartOf\":{\"@id\":\"https:\/\/www.aridane.org\/city\/#website\"},\"primaryImageOfPage\":{\"@id\":\"https:\/\/www.aridane.org\/city\/2024\/01\/04\/los-llanos-de-aridane-abona-2-millones-de-euros-a-proveedores-antes-de-acabar-2023\/#primaryimage\"},\"image\":{\"@id\":\"https:\/\/www.aridane.org\/city\/2024\/01\/04\/los-llanos-de-aridane-abona-2-millones-de-euros-a-proveedores-antes-de-acabar-2023\/#primaryimage\"},\"thumbnailUrl\":\"https:\/\/www.aridane.org\/city\/wp-content\/uploads\/2024\/01\/Pablo-Almeida-terraza-1.jpeg\",\"datePublished\":\"2024-01-04T13:20:43+00:00\",\"dateModified\":\"2024-01-04T13:20:43+00:00\",\"author\":{\"@id\":\"https:\/\/www.aridane.org\/city\/#\/schema\/person\/89ebd376b223dc94cc1dbcf200c8e6da\"},\"breadcrumb\":{\"@id\":\"https:\/\/www.aridane.org\/city\/2024\/01\/04\/los-llanos-de-aridane-abona-2-millones-de-euros-a-proveedores-antes-de-acabar-2023\/#breadcrumb\"},\"inLanguage\":\"es\",\"potentialAction\":[{\"@type\":\"ReadAction\",\"target\":[\"https:\/\/www.aridane.org\/city\/2024\/01\/04\/los-llanos-de-aridane-abona-2-millones-de-euros-a-proveedores-antes-de-acabar-2023\/\"]}]},{\"@type\":\"ImageObject\",\"inLanguage\":\"es\",\"@id\":\"https:\/\/www.aridane.org\/city\/2024\/01\/04\/los-llanos-de-aridane-abona-2-millones-de-euros-a-proveedores-antes-de-acabar-2023\/#primaryimage\",\"url\":\"https:\/\/www.aridane.org\/city\/wp-content\/uploads\/2024\/01\/Pablo-Almeida-terraza-1.jpeg\",\"contentUrl\":\"https:\/\/www.aridane.org\/city\/wp-content\/uploads\/2024\/01\/Pablo-Almeida-terraza-1.jpeg\",\"width\":1024,\"height\":683},{\"@type\":\"BreadcrumbList\",\"@id\":\"https:\/\/www.aridane.org\/city\/2024\/01\/04\/los-llanos-de-aridane-abona-2-millones-de-euros-a-proveedores-antes-de-acabar-2023\/#breadcrumb\",\"itemListElement\":[{\"@type\":\"ListItem\",\"position\":1,\"name\":\"Portada\",\"item\":\"https:\/\/www.aridane.org\/city\/\"},{\"@type\":\"ListItem\",\"position\":2,\"name\":\"Los Llanos de Aridane abona 2 millones de euros a proveedores antes de acabar 2023\"}]},{\"@type\":\"WebSite\",\"@id\":\"https:\/\/www.aridane.org\/city\/#website\",\"url\":\"https:\/\/www.aridane.org\/city\/\",\"name\":\"Ayuntamiento de Los Llanos de Aridane\",\"description\":\"\",\"potentialAction\":[{\"@type\":\"SearchAction\",\"target\":{\"@type\":\"EntryPoint\",\"urlTemplate\":\"https:\/\/www.aridane.org\/city\/?s={search_term_string}\"},\"query-input\":\"required name=search_term_string\"}],\"inLanguage\":\"es\"},{\"@type\":\"Person\",\"@id\":\"https:\/\/www.aridane.org\/city\/#\/schema\/person\/89ebd376b223dc94cc1dbcf200c8e6da\",\"name\":\"Corresponsal\",\"image\":{\"@type\":\"ImageObject\",\"inLanguage\":\"es\",\"@id\":\"https:\/\/www.aridane.org\/city\/#\/schema\/person\/image\/\",\"url\":\"https:\/\/secure.gravatar.com\/avatar\/1c476992411e4ccf153da63b2b2f5ea0bb4cb1c85f3ceab8512f04325ad5579c?s=96&d=mm&r=g\",\"contentUrl\":\"https:\/\/secure.gravatar.com\/avatar\/1c476992411e4ccf153da63b2b2f5ea0bb4cb1c85f3ceab8512f04325ad5579c?s=96&d=mm&r=g\",\"caption\":\"Corresponsal\"},\"url\":\"https:\/\/www.aridane.org\/city\/author\/corresponsal\/\"}]}<\/script>\n<!-- \/ Yoast SEO plugin. -->","yoast_head_json":{"title":"Los Llanos de Aridane abona 2 millones de euros a proveedores antes de acabar 2023 - Ayuntamiento de Los Llanos de Aridane","robots":{"index":"index","follow":"follow","max-snippet":"max-snippet:-1","max-image-preview":"max-image-preview:large","max-video-preview":"max-video-preview:-1"},"canonical":"https:\/\/www.aridane.org\/city\/2024\/01\/04\/los-llanos-de-aridane-abona-2-millones-de-euros-a-proveedores-antes-de-acabar-2023\/","og_locale":"es_ES","og_type":"article","og_title":"Los Llanos de Aridane abona 2 millones de euros a proveedores antes de acabar 2023 - Ayuntamiento de Los Llanos de Aridane","og_description":"El esfuerzo de las \u00faltimas dos semanas ha sido clave para cumplir con empresas, aut\u00f3nomos, entidades deportivas y sociales","og_url":"https:\/\/www.aridane.org\/city\/2024\/01\/04\/los-llanos-de-aridane-abona-2-millones-de-euros-a-proveedores-antes-de-acabar-2023\/","og_site_name":"Ayuntamiento de Los Llanos de Aridane","article_published_time":"2024-01-04T13:20:43+00:00","og_image":[{"width":1024,"height":683,"url":"https:\/\/www.aridane.org\/city\/wp-content\/uploads\/2024\/01\/Pablo-Almeida-terraza-1.jpeg","type":"image\/jpeg"}],"author":"Corresponsal","twitter_card":"summary_large_image","twitter_misc":{"Escrito por":"Corresponsal","Tiempo de lectura":"2 minutos"},"schema":{"@context":"https:\/\/schema.org","@graph":[{"@type":"WebPage","@id":"https:\/\/www.aridane.org\/city\/2024\/01\/04\/los-llanos-de-aridane-abona-2-millones-de-euros-a-proveedores-antes-de-acabar-2023\/","url":"https:\/\/www.aridane.org\/city\/2024\/01\/04\/los-llanos-de-aridane-abona-2-millones-de-euros-a-proveedores-antes-de-acabar-2023\/","name":"Los Llanos de Aridane abona 2 millones de euros a proveedores antes de acabar 2023 - Ayuntamiento de Los Llanos de Aridane","isPartOf":{"@id":"https:\/\/www.aridane.org\/city\/#website"},"primaryImageOfPage":{"@id":"https:\/\/www.aridane.org\/city\/2024\/01\/04\/los-llanos-de-aridane-abona-2-millones-de-euros-a-proveedores-antes-de-acabar-2023\/#primaryimage"},"image":{"@id":"https:\/\/www.aridane.org\/city\/2024\/01\/04\/los-llanos-de-aridane-abona-2-millones-de-euros-a-proveedores-antes-de-acabar-2023\/#primaryimage"},"thumbnailUrl":"https:\/\/www.aridane.org\/city\/wp-content\/uploads\/2024\/01\/Pablo-Almeida-terraza-1.jpeg","datePublished":"2024-01-04T13:20:43+00:00","dateModified":"2024-01-04T13:20:43+00:00","author":{"@id":"https:\/\/www.aridane.org\/city\/#\/schema\/person\/89ebd376b223dc94cc1dbcf200c8e6da"},"breadcrumb":{"@id":"https:\/\/www.aridane.org\/city\/2024\/01\/04\/los-llanos-de-aridane-abona-2-millones-de-euros-a-proveedores-antes-de-acabar-2023\/#breadcrumb"},"inLanguage":"es","potentialAction":[{"@type":"ReadAction","target":["https:\/\/www.aridane.org\/city\/2024\/01\/04\/los-llanos-de-aridane-abona-2-millones-de-euros-a-proveedores-antes-de-acabar-2023\/"]}]},{"@type":"ImageObject","inLanguage":"es","@id":"https:\/\/www.aridane.org\/city\/2024\/01\/04\/los-llanos-de-aridane-abona-2-millones-de-euros-a-proveedores-antes-de-acabar-2023\/#primaryimage","url":"https:\/\/www.aridane.org\/city\/wp-content\/uploads\/2024\/01\/Pablo-Almeida-terraza-1.jpeg","contentUrl":"https:\/\/www.aridane.org\/city\/wp-content\/uploads\/2024\/01\/Pablo-Almeida-terraza-1.jpeg","width":1024,"height":683},{"@type":"BreadcrumbList","@id":"https:\/\/www.aridane.org\/city\/2024\/01\/04\/los-llanos-de-aridane-abona-2-millones-de-euros-a-proveedores-antes-de-acabar-2023\/#breadcrumb","itemListElement":[{"@type":"ListItem","position":1,"name":"Portada","item":"https:\/\/www.aridane.org\/city\/"},{"@type":"ListItem","position":2,"name":"Los Llanos de Aridane abona 2 millones de euros a proveedores antes de acabar 2023"}]},{"@type":"WebSite","@id":"https:\/\/www.aridane.org\/city\/#website","url":"https:\/\/www.aridane.org\/city\/","name":"Ayuntamiento de Los Llanos de Aridane","description":"","potentialAction":[{"@type":"SearchAction","target":{"@type":"EntryPoint","urlTemplate":"https:\/\/www.aridane.org\/city\/?s={search_term_string}"},"query-input":"required name=search_term_string"}],"inLanguage":"es"},{"@type":"Person","@id":"https:\/\/www.aridane.org\/city\/#\/schema\/person\/89ebd376b223dc94cc1dbcf200c8e6da","name":"Corresponsal","image":{"@type":"ImageObject","inLanguage":"es","@id":"https:\/\/www.aridane.org\/city\/#\/schema\/person\/image\/","url":"https:\/\/secure.gravatar.com\/avatar\/1c476992411e4ccf153da63b2b2f5ea0bb4cb1c85f3ceab8512f04325ad5579c?s=96&d=mm&r=g","contentUrl":"https:\/\/secure.gravatar.com\/avatar\/1c476992411e4ccf153da63b2b2f5ea0bb4cb1c85f3ceab8512f04325ad5579c?s=96&d=mm&r=g","caption":"Corresponsal"},"url":"https:\/\/www.aridane.org\/city\/author\/corresponsal\/"}]}},"_links":{"self":[{"href":"https:\/\/www.aridane.org\/city\/wp-json\/wp\/v2\/posts\/3029","targetHints":{"allow":["GET"]}}],"collection":[{"href":"https:\/\/www.aridane.org\/city\/wp-json\/wp\/v2\/posts"}],"about":[{"href":"https:\/\/www.aridane.org\/city\/wp-json\/wp\/v2\/types\/post"}],"author":[{"embeddable":true,"href":"https:\/\/www.aridane.org\/city\/wp-json\/wp\/v2\/users\/4"}],"replies":[{"embeddable":true,"href":"https:\/\/www.aridane.org\/city\/wp-json\/wp\/v2\/comments?post=3029"}],"version-history":[{"count":1,"href":"https:\/\/www.aridane.org\/city\/wp-json\/wp\/v2\/posts\/3029\/revisions"}],"predecessor-version":[{"id":3031,"href":"https:\/\/www.aridane.org\/city\/wp-json\/wp\/v2\/posts\/3029\/revisions\/3031"}],"wp:featuredmedia":[{"embeddable":true,"href":"https:\/\/www.aridane.org\/city\/wp-json\/wp\/v2\/media\/3030"}],"wp:attachment":[{"href":"https:\/\/www.aridane.org\/city\/wp-json\/wp\/v2\/media?parent=3029"}],"wp:term":[{"taxonomy":"category","embeddable":true,"href":"https:\/\/www.aridane.org\/city\/wp-json\/wp\/v2\/categories?post=3029"},{"taxonomy":"post_tag","embeddable":true,"href":"https:\/\/www.aridane.org\/city\/wp-json\/wp\/v2\/tags?post=3029"}],"curies":[{"name":"wp","href":"https:\/\/api.w.org\/{rel}","templated":true}]}}