{"id":3032,"date":"2024-01-04T13:21:37","date_gmt":"2024-01-04T13:21:37","guid":{"rendered":"https:\/\/www.aridane.org\/city\/?p=3032"},"modified":"2024-01-04T13:21:37","modified_gmt":"2024-01-04T13:21:37","slug":"los-llanos-de-aridane-concluye-2023-con-un-7-menos-de-paro-que-en-2022","status":"publish","type":"post","link":"https:\/\/www.aridane.org\/city\/2024\/01\/04\/los-llanos-de-aridane-concluye-2023-con-un-7-menos-de-paro-que-en-2022\/","title":{"rendered":"Los Llanos de Aridane concluye 2023 con un 7% menos de paro que en 2022"},"content":{"rendered":"<p><em>El alcalde, Javier Llamas, asegura que el reto es seguir rebajando el desempleo en 2024\u00a0<\/em><br \/>\n<!--more--><\/p>\n<div id=\"v1forwardbody1\">\n<p>El alcalde de Los Llanos de Aridane, Javier Llamas, valora la evoluci\u00f3n del mercado laboral en el municipio. El paro baj\u00f3 un 7,4% en diciembre de 2023 respecto al mismo mes de 2022, y un 5,1% frente a noviembre del a\u00f1o pasado, seg\u00fan indicadores del Observatorio Canario de Empleo (Obecan).<\/p>\n<p>\u201cEstos n\u00fameros demuestran que estamos en la direcci\u00f3n correcta\u201d, apunta el alcalde.<\/p>\n<p>En este sentido, Javier Llamas fija \u201cel reto de consolidar la reducci\u00f3n del desempleo en 2024 aprovechando los esfuerzos en la reconstrucci\u00f3n, la paulatina apertura de Puerto Naos, la puesta en marcha de proyectos innovadores y la gesti\u00f3n de este grupo de gobierno en materia socioecon\u00f3mica\u201d.<\/p>\n<p>Los Llanos de Aridane cerr\u00f3 diciembre de 2023 con 1.631 desempleados, 130 menos que en 2022 y 88 menos que en noviembre.<\/p>\n<p>En este sentido, el alcalde valora el rendimiento de la campa\u00f1a de Navidad, para la que se han redoblado esfuerzos con m\u00e1s promoci\u00f3n, adem\u00e1s de la mejora del turismo a nivel insular, con m\u00e1s conexiones.<\/p>\n<p>Tambi\u00e9n defiende el modelo de desarrollo propuesto por este grupo de gobierno. \u201cTrabajamos para construir un municipio m\u00e1s pr\u00f3spero y din\u00e1mico. Mientras desarrollamos proyectos de futuro aplicamos una gesti\u00f3n m\u00e1s eficiente de los recursos en el d\u00eda a d\u00eda. Avanzamos con paso firme en la recuperaci\u00f3n de Los Llanos de Aridane\u201d, apunta.<\/p>\n<\/div>\n","protected":false},"excerpt":{"rendered":"<p>El alcalde, Javier Llamas, asegura que el reto es seguir rebajando el desempleo en 2024\u00a0<\/p>\n","protected":false},"author":4,"featured_media":3033,"comment_status":"open","ping_status":"open","sticky":false,"template":"","format":"standard","meta":{"footnotes":""},"categories":[1],"tags":[],"class_list":["post-3032","post","type-post","status-publish","format-standard","has-post-thumbnail","hentry","category-sin-categoria"],"yoast_head":"<!-- This site is optimized with the Yoast SEO plugin v22.7 - https:\/\/yoast.com\/wordpress\/plugins\/seo\/ -->\n<title>Los Llanos de Aridane concluye 2023 con un 7% menos de paro que en 2022 - Ayuntamiento de Los Llanos de Aridane<\/title>\n<meta name=\"robots\" content=\"index, follow, max-snippet:-1, max-image-preview:large, max-video-preview:-1\" \/>\n<link rel=\"canonical\" href=\"https:\/\/www.aridane.org\/city\/2024\/01\/04\/los-llanos-de-aridane-concluye-2023-con-un-7-menos-de-paro-que-en-2022\/\" \/>\n<meta property=\"og:locale\" content=\"es_ES\" \/>\n<meta property=\"og:type\" content=\"article\" \/>\n<meta property=\"og:title\" content=\"Los Llanos de Aridane concluye 2023 con un 7% menos de paro que en 2022 - Ayuntamiento de Los Llanos de Aridane\" \/>\n<meta property=\"og:description\" content=\"El alcalde, Javier Llamas, asegura que el reto es seguir rebajando el desempleo en 2024\u00a0\" \/>\n<meta property=\"og:url\" content=\"https:\/\/www.aridane.org\/city\/2024\/01\/04\/los-llanos-de-aridane-concluye-2023-con-un-7-menos-de-paro-que-en-2022\/\" \/>\n<meta property=\"og:site_name\" content=\"Ayuntamiento de Los Llanos de Aridane\" \/>\n<meta property=\"article:published_time\" content=\"2024-01-04T13:21:37+00:00\" \/>\n<meta property=\"og:image\" content=\"https:\/\/www.aridane.org\/city\/wp-content\/uploads\/2024\/01\/Javier-Llamas.jpeg\" \/>\n\t<meta property=\"og:image:width\" content=\"1024\" \/>\n\t<meta property=\"og:image:height\" content=\"683\" \/>\n\t<meta property=\"og:image:type\" content=\"image\/jpeg\" \/>\n<meta name=\"author\" content=\"Corresponsal\" \/>\n<meta name=\"twitter:card\" content=\"summary_large_image\" \/>\n<meta name=\"twitter:label1\" content=\"Escrito por\" \/>\n\t<meta name=\"twitter:data1\" content=\"Corresponsal\" \/>\n\t<meta name=\"twitter:label2\" content=\"Tiempo de lectura\" \/>\n\t<meta name=\"twitter:data2\" content=\"2 minutos\" \/>\n<script type=\"application\/ld+json\" class=\"yoast-schema-graph\">{\"@context\":\"https:\/\/schema.org\",\"@graph\":[{\"@type\":\"WebPage\",\"@id\":\"https:\/\/www.aridane.org\/city\/2024\/01\/04\/los-llanos-de-aridane-concluye-2023-con-un-7-menos-de-paro-que-en-2022\/\",\"url\":\"https:\/\/www.aridane.org\/city\/2024\/01\/04\/los-llanos-de-aridane-concluye-2023-con-un-7-menos-de-paro-que-en-2022\/\",\"name\":\"Los Llanos de Aridane concluye 2023 con un 7% menos de paro que en 2022 - Ayuntamiento de Los Llanos de Aridane\",\"isPartOf\":{\"@id\":\"https:\/\/www.aridane.org\/city\/#website\"},\"primaryImageOfPage\":{\"@id\":\"https:\/\/www.aridane.org\/city\/2024\/01\/04\/los-llanos-de-aridane-concluye-2023-con-un-7-menos-de-paro-que-en-2022\/#primaryimage\"},\"image\":{\"@id\":\"https:\/\/www.aridane.org\/city\/2024\/01\/04\/los-llanos-de-aridane-concluye-2023-con-un-7-menos-de-paro-que-en-2022\/#primaryimage\"},\"thumbnailUrl\":\"https:\/\/www.aridane.org\/city\/wp-content\/uploads\/2024\/01\/Javier-Llamas.jpeg\",\"datePublished\":\"2024-01-04T13:21:37+00:00\",\"dateModified\":\"2024-01-04T13:21:37+00:00\",\"author\":{\"@id\":\"https:\/\/www.aridane.org\/city\/#\/schema\/person\/89ebd376b223dc94cc1dbcf200c8e6da\"},\"breadcrumb\":{\"@id\":\"https:\/\/www.aridane.org\/city\/2024\/01\/04\/los-llanos-de-aridane-concluye-2023-con-un-7-menos-de-paro-que-en-2022\/#breadcrumb\"},\"inLanguage\":\"es\",\"potentialAction\":[{\"@type\":\"ReadAction\",\"target\":[\"https:\/\/www.aridane.org\/city\/2024\/01\/04\/los-llanos-de-aridane-concluye-2023-con-un-7-menos-de-paro-que-en-2022\/\"]}]},{\"@type\":\"ImageObject\",\"inLanguage\":\"es\",\"@id\":\"https:\/\/www.aridane.org\/city\/2024\/01\/04\/los-llanos-de-aridane-concluye-2023-con-un-7-menos-de-paro-que-en-2022\/#primaryimage\",\"url\":\"https:\/\/www.aridane.org\/city\/wp-content\/uploads\/2024\/01\/Javier-Llamas.jpeg\",\"contentUrl\":\"https:\/\/www.aridane.org\/city\/wp-content\/uploads\/2024\/01\/Javier-Llamas.jpeg\",\"width\":1024,\"height\":683},{\"@type\":\"BreadcrumbList\",\"@id\":\"https:\/\/www.aridane.org\/city\/2024\/01\/04\/los-llanos-de-aridane-concluye-2023-con-un-7-menos-de-paro-que-en-2022\/#breadcrumb\",\"itemListElement\":[{\"@type\":\"ListItem\",\"position\":1,\"name\":\"Portada\",\"item\":\"https:\/\/www.aridane.org\/city\/\"},{\"@type\":\"ListItem\",\"position\":2,\"name\":\"Los Llanos de Aridane concluye 2023 con un 7% menos de paro que en 2022\"}]},{\"@type\":\"WebSite\",\"@id\":\"https:\/\/www.aridane.org\/city\/#website\",\"url\":\"https:\/\/www.aridane.org\/city\/\",\"name\":\"Ayuntamiento de Los Llanos de Aridane\",\"description\":\"\",\"potentialAction\":[{\"@type\":\"SearchAction\",\"target\":{\"@type\":\"EntryPoint\",\"urlTemplate\":\"https:\/\/www.aridane.org\/city\/?s={search_term_string}\"},\"query-input\":\"required name=search_term_string\"}],\"inLanguage\":\"es\"},{\"@type\":\"Person\",\"@id\":\"https:\/\/www.aridane.org\/city\/#\/schema\/person\/89ebd376b223dc94cc1dbcf200c8e6da\",\"name\":\"Corresponsal\",\"image\":{\"@type\":\"ImageObject\",\"inLanguage\":\"es\",\"@id\":\"https:\/\/www.aridane.org\/city\/#\/schema\/person\/image\/\",\"url\":\"https:\/\/secure.gravatar.com\/avatar\/1c476992411e4ccf153da63b2b2f5ea0bb4cb1c85f3ceab8512f04325ad5579c?s=96&d=mm&r=g\",\"contentUrl\":\"https:\/\/secure.gravatar.com\/avatar\/1c476992411e4ccf153da63b2b2f5ea0bb4cb1c85f3ceab8512f04325ad5579c?s=96&d=mm&r=g\",\"caption\":\"Corresponsal\"},\"url\":\"https:\/\/www.aridane.org\/city\/author\/corresponsal\/\"}]}<\/script>\n<!-- \/ Yoast SEO plugin. -->","yoast_head_json":{"title":"Los Llanos de Aridane concluye 2023 con un 7% menos de paro que en 2022 - Ayuntamiento de Los Llanos de Aridane","robots":{"index":"index","follow":"follow","max-snippet":"max-snippet:-1","max-image-preview":"max-image-preview:large","max-video-preview":"max-video-preview:-1"},"canonical":"https:\/\/www.aridane.org\/city\/2024\/01\/04\/los-llanos-de-aridane-concluye-2023-con-un-7-menos-de-paro-que-en-2022\/","og_locale":"es_ES","og_type":"article","og_title":"Los Llanos de Aridane concluye 2023 con un 7% menos de paro que en 2022 - Ayuntamiento de Los Llanos de Aridane","og_description":"El alcalde, Javier Llamas, asegura que el reto es seguir rebajando el desempleo en 2024\u00a0","og_url":"https:\/\/www.aridane.org\/city\/2024\/01\/04\/los-llanos-de-aridane-concluye-2023-con-un-7-menos-de-paro-que-en-2022\/","og_site_name":"Ayuntamiento de Los Llanos de Aridane","article_published_time":"2024-01-04T13:21:37+00:00","og_image":[{"width":1024,"height":683,"url":"https:\/\/www.aridane.org\/city\/wp-content\/uploads\/2024\/01\/Javier-Llamas.jpeg","type":"image\/jpeg"}],"author":"Corresponsal","twitter_card":"summary_large_image","twitter_misc":{"Escrito por":"Corresponsal","Tiempo de lectura":"2 minutos"},"schema":{"@context":"https:\/\/schema.org","@graph":[{"@type":"WebPage","@id":"https:\/\/www.aridane.org\/city\/2024\/01\/04\/los-llanos-de-aridane-concluye-2023-con-un-7-menos-de-paro-que-en-2022\/","url":"https:\/\/www.aridane.org\/city\/2024\/01\/04\/los-llanos-de-aridane-concluye-2023-con-un-7-menos-de-paro-que-en-2022\/","name":"Los Llanos de Aridane concluye 2023 con un 7% menos de paro que en 2022 - Ayuntamiento de Los Llanos de Aridane","isPartOf":{"@id":"https:\/\/www.aridane.org\/city\/#website"},"primaryImageOfPage":{"@id":"https:\/\/www.aridane.org\/city\/2024\/01\/04\/los-llanos-de-aridane-concluye-2023-con-un-7-menos-de-paro-que-en-2022\/#primaryimage"},"image":{"@id":"https:\/\/www.aridane.org\/city\/2024\/01\/04\/los-llanos-de-aridane-concluye-2023-con-un-7-menos-de-paro-que-en-2022\/#primaryimage"},"thumbnailUrl":"https:\/\/www.aridane.org\/city\/wp-content\/uploads\/2024\/01\/Javier-Llamas.jpeg","datePublished":"2024-01-04T13:21:37+00:00","dateModified":"2024-01-04T13:21:37+00:00","author":{"@id":"https:\/\/www.aridane.org\/city\/#\/schema\/person\/89ebd376b223dc94cc1dbcf200c8e6da"},"breadcrumb":{"@id":"https:\/\/www.aridane.org\/city\/2024\/01\/04\/los-llanos-de-aridane-concluye-2023-con-un-7-menos-de-paro-que-en-2022\/#breadcrumb"},"inLanguage":"es","potentialAction":[{"@type":"ReadAction","target":["https:\/\/www.aridane.org\/city\/2024\/01\/04\/los-llanos-de-aridane-concluye-2023-con-un-7-menos-de-paro-que-en-2022\/"]}]},{"@type":"ImageObject","inLanguage":"es","@id":"https:\/\/www.aridane.org\/city\/2024\/01\/04\/los-llanos-de-aridane-concluye-2023-con-un-7-menos-de-paro-que-en-2022\/#primaryimage","url":"https:\/\/www.aridane.org\/city\/wp-content\/uploads\/2024\/01\/Javier-Llamas.jpeg","contentUrl":"https:\/\/www.aridane.org\/city\/wp-content\/uploads\/2024\/01\/Javier-Llamas.jpeg","width":1024,"height":683},{"@type":"BreadcrumbList","@id":"https:\/\/www.aridane.org\/city\/2024\/01\/04\/los-llanos-de-aridane-concluye-2023-con-un-7-menos-de-paro-que-en-2022\/#breadcrumb","itemListElement":[{"@type":"ListItem","position":1,"name":"Portada","item":"https:\/\/www.aridane.org\/city\/"},{"@type":"ListItem","position":2,"name":"Los Llanos de Aridane concluye 2023 con un 7% menos de paro que en 2022"}]},{"@type":"WebSite","@id":"https:\/\/www.aridane.org\/city\/#website","url":"https:\/\/www.aridane.org\/city\/","name":"Ayuntamiento de Los Llanos de Aridane","description":"","potentialAction":[{"@type":"SearchAction","target":{"@type":"EntryPoint","urlTemplate":"https:\/\/www.aridane.org\/city\/?s={search_term_string}"},"query-input":"required name=search_term_string"}],"inLanguage":"es"},{"@type":"Person","@id":"https:\/\/www.aridane.org\/city\/#\/schema\/person\/89ebd376b223dc94cc1dbcf200c8e6da","name":"Corresponsal","image":{"@type":"ImageObject","inLanguage":"es","@id":"https:\/\/www.aridane.org\/city\/#\/schema\/person\/image\/","url":"https:\/\/secure.gravatar.com\/avatar\/1c476992411e4ccf153da63b2b2f5ea0bb4cb1c85f3ceab8512f04325ad5579c?s=96&d=mm&r=g","contentUrl":"https:\/\/secure.gravatar.com\/avatar\/1c476992411e4ccf153da63b2b2f5ea0bb4cb1c85f3ceab8512f04325ad5579c?s=96&d=mm&r=g","caption":"Corresponsal"},"url":"https:\/\/www.aridane.org\/city\/author\/corresponsal\/"}]}},"_links":{"self":[{"href":"https:\/\/www.aridane.org\/city\/wp-json\/wp\/v2\/posts\/3032","targetHints":{"allow":["GET"]}}],"collection":[{"href":"https:\/\/www.aridane.org\/city\/wp-json\/wp\/v2\/posts"}],"about":[{"href":"https:\/\/www.aridane.org\/city\/wp-json\/wp\/v2\/types\/post"}],"author":[{"embeddable":true,"href":"https:\/\/www.aridane.org\/city\/wp-json\/wp\/v2\/users\/4"}],"replies":[{"embeddable":true,"href":"https:\/\/www.aridane.org\/city\/wp-json\/wp\/v2\/comments?post=3032"}],"version-history":[{"count":1,"href":"https:\/\/www.aridane.org\/city\/wp-json\/wp\/v2\/posts\/3032\/revisions"}],"predecessor-version":[{"id":3034,"href":"https:\/\/www.aridane.org\/city\/wp-json\/wp\/v2\/posts\/3032\/revisions\/3034"}],"wp:featuredmedia":[{"embeddable":true,"href":"https:\/\/www.aridane.org\/city\/wp-json\/wp\/v2\/media\/3033"}],"wp:attachment":[{"href":"https:\/\/www.aridane.org\/city\/wp-json\/wp\/v2\/media?parent=3032"}],"wp:term":[{"taxonomy":"category","embeddable":true,"href":"https:\/\/www.aridane.org\/city\/wp-json\/wp\/v2\/categories?post=3032"},{"taxonomy":"post_tag","embeddable":true,"href":"https:\/\/www.aridane.org\/city\/wp-json\/wp\/v2\/tags?post=3032"}],"curies":[{"name":"wp","href":"https:\/\/api.w.org\/{rel}","templated":true}]}}