{"id":3035,"date":"2024-01-04T13:23:37","date_gmt":"2024-01-04T13:23:37","guid":{"rendered":"https:\/\/www.aridane.org\/city\/?p=3035"},"modified":"2024-01-11T10:41:12","modified_gmt":"2024-01-11T10:41:12","slug":"los-llanos-de-aridane-refuerza-la-vigilancia-en-los-alrededores-de-los-colegios","status":"publish","type":"post","link":"https:\/\/www.aridane.org\/city\/2024\/01\/04\/los-llanos-de-aridane-refuerza-la-vigilancia-en-los-alrededores-de-los-colegios\/","title":{"rendered":"Los Llanos de Aridane refuerza la vigilancia en los alrededores de los colegios"},"content":{"rendered":"<p><em>La Polic\u00eda Local aumentar\u00e1 su presencia en el horario de entrada a clases, adem\u00e1s de activar los radares de velocidad y sus correspondientes denuncias<\/em><br \/>\n<!--more--><\/p>\n<div id=\"v1forwardbody1\">\n<p>El Ayuntamiento de Los Llanos de Aridane, de la mano con la Polic\u00eda Local, reforzar\u00e1 la seguridad en los alrededores de los colegios tras probar que muchos veh\u00edculos circulan por encima de la velocidad permitida. La medida entrar\u00e1 en vigor el pr\u00f3ximo lunes, 8 de enero, coincidiendo con la vuelta a las clases.<\/p>\n<p>El concejal de Seguridad, Francisco Acosta, explica que durante el mes de diciembre, la Polic\u00eda Local realiz\u00f3 un estudio estad\u00edstico en la Avenida Carlos Francisco Lorenzo Navarro con el radar Trucam II.<\/p>\n<p>Dicho estudio, detalla, constat\u00f3 que muchos veh\u00edculos circulan por encima de las velocidades m\u00e1ximas, sobrepasando incluso los 70 kil\u00f3metros por hora en las inmediaciones de los colegios o de pasos de peatones.<\/p>\n<p>\u201cEs por ello que la Polic\u00eda Local reforzar\u00e1 su presencia con m\u00e1s agentes, sobre todo a la hora de entrada a las clases\u201d, apunta.<\/p>\n<p>Asimismo, el cuerpo incrementar\u00e1 los controles de velocidad mediante el uso del radar mediante la formulaci\u00f3n de las correspondientes denuncias. Dicho radar tambi\u00e9n detecta las distracciones al volante, como el uso del m\u00f3vil u otros dispositivos, adem\u00e1s del uso del cintur\u00f3n y comprobaciones de matr\u00edcula.<\/p>\n<p>Todo lo anterior sse ver\u00e1 complementado con la realizaci\u00f3n de controles aleatorios de alcoholemia o de drogas.<\/p>\n<p>Con todo, el objetivo del Ayuntamiento y de la Polic\u00eda Local es concienciar a los conductores de la necesidad de reducir la velocidad y de adaptar su comportamiento a las circunstancias de la v\u00eda. Tambi\u00e9n se intenta prevenir situaciones de riesgo para los peatones en un punto en el que existen varios pasos para peatones y paradas de guaguas.<\/p>\n<\/div>\n","protected":false},"excerpt":{"rendered":"<p>La Polic\u00eda Local aumentar\u00e1 su presencia en el horario de entrada a clases, adem\u00e1s de activar los radares de velocidad y sus correspondientes denuncias<\/p>\n","protected":false},"author":4,"featured_media":3036,"comment_status":"open","ping_status":"open","sticky":false,"template":"","format":"standard","meta":{"footnotes":""},"categories":[1],"tags":[],"class_list":["post-3035","post","type-post","status-publish","format-standard","has-post-thumbnail","hentry","category-sin-categoria"],"yoast_head":"<!-- This site is optimized with the Yoast SEO plugin v22.7 - https:\/\/yoast.com\/wordpress\/plugins\/seo\/ -->\n<title>Los Llanos de Aridane refuerza la vigilancia en los alrededores de los colegios - Ayuntamiento de Los Llanos de Aridane<\/title>\n<meta name=\"robots\" content=\"index, follow, max-snippet:-1, max-image-preview:large, max-video-preview:-1\" \/>\n<link rel=\"canonical\" href=\"https:\/\/www.aridane.org\/city\/2024\/01\/04\/los-llanos-de-aridane-refuerza-la-vigilancia-en-los-alrededores-de-los-colegios\/\" \/>\n<meta property=\"og:locale\" content=\"es_ES\" \/>\n<meta property=\"og:type\" content=\"article\" \/>\n<meta property=\"og:title\" content=\"Los Llanos de Aridane refuerza la vigilancia en los alrededores de los colegios - Ayuntamiento de Los Llanos de Aridane\" \/>\n<meta property=\"og:description\" content=\"La Polic\u00eda Local aumentar\u00e1 su presencia en el horario de entrada a clases, adem\u00e1s de activar los radares de velocidad y sus correspondientes denuncias\" \/>\n<meta property=\"og:url\" content=\"https:\/\/www.aridane.org\/city\/2024\/01\/04\/los-llanos-de-aridane-refuerza-la-vigilancia-en-los-alrededores-de-los-colegios\/\" \/>\n<meta property=\"og:site_name\" content=\"Ayuntamiento de Los Llanos de Aridane\" \/>\n<meta property=\"article:published_time\" content=\"2024-01-04T13:23:37+00:00\" \/>\n<meta property=\"article:modified_time\" content=\"2024-01-11T10:41:12+00:00\" \/>\n<meta property=\"og:image\" content=\"https:\/\/www.aridane.org\/city\/wp-content\/uploads\/2024\/01\/PoliciaLocal1-620x349.png\" \/>\n\t<meta property=\"og:image:width\" content=\"620\" \/>\n\t<meta property=\"og:image:height\" content=\"349\" \/>\n\t<meta property=\"og:image:type\" content=\"image\/png\" \/>\n<meta name=\"author\" content=\"Corresponsal\" \/>\n<meta name=\"twitter:card\" content=\"summary_large_image\" \/>\n<meta name=\"twitter:label1\" content=\"Escrito por\" \/>\n\t<meta name=\"twitter:data1\" content=\"Corresponsal\" \/>\n\t<meta name=\"twitter:label2\" content=\"Tiempo de lectura\" \/>\n\t<meta name=\"twitter:data2\" content=\"2 minutos\" \/>\n<script type=\"application\/ld+json\" class=\"yoast-schema-graph\">{\"@context\":\"https:\/\/schema.org\",\"@graph\":[{\"@type\":\"WebPage\",\"@id\":\"https:\/\/www.aridane.org\/city\/2024\/01\/04\/los-llanos-de-aridane-refuerza-la-vigilancia-en-los-alrededores-de-los-colegios\/\",\"url\":\"https:\/\/www.aridane.org\/city\/2024\/01\/04\/los-llanos-de-aridane-refuerza-la-vigilancia-en-los-alrededores-de-los-colegios\/\",\"name\":\"Los Llanos de Aridane refuerza la vigilancia en los alrededores de los colegios - Ayuntamiento de Los Llanos de Aridane\",\"isPartOf\":{\"@id\":\"https:\/\/www.aridane.org\/city\/#website\"},\"primaryImageOfPage\":{\"@id\":\"https:\/\/www.aridane.org\/city\/2024\/01\/04\/los-llanos-de-aridane-refuerza-la-vigilancia-en-los-alrededores-de-los-colegios\/#primaryimage\"},\"image\":{\"@id\":\"https:\/\/www.aridane.org\/city\/2024\/01\/04\/los-llanos-de-aridane-refuerza-la-vigilancia-en-los-alrededores-de-los-colegios\/#primaryimage\"},\"thumbnailUrl\":\"https:\/\/www.aridane.org\/city\/wp-content\/uploads\/2024\/01\/PoliciaLocal1.png\",\"datePublished\":\"2024-01-04T13:23:37+00:00\",\"dateModified\":\"2024-01-11T10:41:12+00:00\",\"author\":{\"@id\":\"https:\/\/www.aridane.org\/city\/#\/schema\/person\/89ebd376b223dc94cc1dbcf200c8e6da\"},\"breadcrumb\":{\"@id\":\"https:\/\/www.aridane.org\/city\/2024\/01\/04\/los-llanos-de-aridane-refuerza-la-vigilancia-en-los-alrededores-de-los-colegios\/#breadcrumb\"},\"inLanguage\":\"es\",\"potentialAction\":[{\"@type\":\"ReadAction\",\"target\":[\"https:\/\/www.aridane.org\/city\/2024\/01\/04\/los-llanos-de-aridane-refuerza-la-vigilancia-en-los-alrededores-de-los-colegios\/\"]}]},{\"@type\":\"ImageObject\",\"inLanguage\":\"es\",\"@id\":\"https:\/\/www.aridane.org\/city\/2024\/01\/04\/los-llanos-de-aridane-refuerza-la-vigilancia-en-los-alrededores-de-los-colegios\/#primaryimage\",\"url\":\"https:\/\/www.aridane.org\/city\/wp-content\/uploads\/2024\/01\/PoliciaLocal1.png\",\"contentUrl\":\"https:\/\/www.aridane.org\/city\/wp-content\/uploads\/2024\/01\/PoliciaLocal1.png\",\"width\":1640,\"height\":924},{\"@type\":\"BreadcrumbList\",\"@id\":\"https:\/\/www.aridane.org\/city\/2024\/01\/04\/los-llanos-de-aridane-refuerza-la-vigilancia-en-los-alrededores-de-los-colegios\/#breadcrumb\",\"itemListElement\":[{\"@type\":\"ListItem\",\"position\":1,\"name\":\"Portada\",\"item\":\"https:\/\/www.aridane.org\/city\/\"},{\"@type\":\"ListItem\",\"position\":2,\"name\":\"Los Llanos de Aridane refuerza la vigilancia en los alrededores de los colegios\"}]},{\"@type\":\"WebSite\",\"@id\":\"https:\/\/www.aridane.org\/city\/#website\",\"url\":\"https:\/\/www.aridane.org\/city\/\",\"name\":\"Ayuntamiento de Los Llanos de Aridane\",\"description\":\"\",\"potentialAction\":[{\"@type\":\"SearchAction\",\"target\":{\"@type\":\"EntryPoint\",\"urlTemplate\":\"https:\/\/www.aridane.org\/city\/?s={search_term_string}\"},\"query-input\":\"required name=search_term_string\"}],\"inLanguage\":\"es\"},{\"@type\":\"Person\",\"@id\":\"https:\/\/www.aridane.org\/city\/#\/schema\/person\/89ebd376b223dc94cc1dbcf200c8e6da\",\"name\":\"Corresponsal\",\"image\":{\"@type\":\"ImageObject\",\"inLanguage\":\"es\",\"@id\":\"https:\/\/www.aridane.org\/city\/#\/schema\/person\/image\/\",\"url\":\"https:\/\/secure.gravatar.com\/avatar\/1c476992411e4ccf153da63b2b2f5ea0bb4cb1c85f3ceab8512f04325ad5579c?s=96&d=mm&r=g\",\"contentUrl\":\"https:\/\/secure.gravatar.com\/avatar\/1c476992411e4ccf153da63b2b2f5ea0bb4cb1c85f3ceab8512f04325ad5579c?s=96&d=mm&r=g\",\"caption\":\"Corresponsal\"},\"url\":\"https:\/\/www.aridane.org\/city\/author\/corresponsal\/\"}]}<\/script>\n<!-- \/ Yoast SEO plugin. -->","yoast_head_json":{"title":"Los Llanos de Aridane refuerza la vigilancia en los alrededores de los colegios - Ayuntamiento de Los Llanos de Aridane","robots":{"index":"index","follow":"follow","max-snippet":"max-snippet:-1","max-image-preview":"max-image-preview:large","max-video-preview":"max-video-preview:-1"},"canonical":"https:\/\/www.aridane.org\/city\/2024\/01\/04\/los-llanos-de-aridane-refuerza-la-vigilancia-en-los-alrededores-de-los-colegios\/","og_locale":"es_ES","og_type":"article","og_title":"Los Llanos de Aridane refuerza la vigilancia en los alrededores de los colegios - Ayuntamiento de Los Llanos de Aridane","og_description":"La Polic\u00eda Local aumentar\u00e1 su presencia en el horario de entrada a clases, adem\u00e1s de activar los radares de velocidad y sus correspondientes denuncias","og_url":"https:\/\/www.aridane.org\/city\/2024\/01\/04\/los-llanos-de-aridane-refuerza-la-vigilancia-en-los-alrededores-de-los-colegios\/","og_site_name":"Ayuntamiento de Los Llanos de Aridane","article_published_time":"2024-01-04T13:23:37+00:00","article_modified_time":"2024-01-11T10:41:12+00:00","og_image":[{"width":620,"height":349,"url":"https:\/\/www.aridane.org\/city\/wp-content\/uploads\/2024\/01\/PoliciaLocal1-620x349.png","type":"image\/png"}],"author":"Corresponsal","twitter_card":"summary_large_image","twitter_misc":{"Escrito por":"Corresponsal","Tiempo de lectura":"2 minutos"},"schema":{"@context":"https:\/\/schema.org","@graph":[{"@type":"WebPage","@id":"https:\/\/www.aridane.org\/city\/2024\/01\/04\/los-llanos-de-aridane-refuerza-la-vigilancia-en-los-alrededores-de-los-colegios\/","url":"https:\/\/www.aridane.org\/city\/2024\/01\/04\/los-llanos-de-aridane-refuerza-la-vigilancia-en-los-alrededores-de-los-colegios\/","name":"Los Llanos de Aridane refuerza la vigilancia en los alrededores de los colegios - Ayuntamiento de Los Llanos de Aridane","isPartOf":{"@id":"https:\/\/www.aridane.org\/city\/#website"},"primaryImageOfPage":{"@id":"https:\/\/www.aridane.org\/city\/2024\/01\/04\/los-llanos-de-aridane-refuerza-la-vigilancia-en-los-alrededores-de-los-colegios\/#primaryimage"},"image":{"@id":"https:\/\/www.aridane.org\/city\/2024\/01\/04\/los-llanos-de-aridane-refuerza-la-vigilancia-en-los-alrededores-de-los-colegios\/#primaryimage"},"thumbnailUrl":"https:\/\/www.aridane.org\/city\/wp-content\/uploads\/2024\/01\/PoliciaLocal1.png","datePublished":"2024-01-04T13:23:37+00:00","dateModified":"2024-01-11T10:41:12+00:00","author":{"@id":"https:\/\/www.aridane.org\/city\/#\/schema\/person\/89ebd376b223dc94cc1dbcf200c8e6da"},"breadcrumb":{"@id":"https:\/\/www.aridane.org\/city\/2024\/01\/04\/los-llanos-de-aridane-refuerza-la-vigilancia-en-los-alrededores-de-los-colegios\/#breadcrumb"},"inLanguage":"es","potentialAction":[{"@type":"ReadAction","target":["https:\/\/www.aridane.org\/city\/2024\/01\/04\/los-llanos-de-aridane-refuerza-la-vigilancia-en-los-alrededores-de-los-colegios\/"]}]},{"@type":"ImageObject","inLanguage":"es","@id":"https:\/\/www.aridane.org\/city\/2024\/01\/04\/los-llanos-de-aridane-refuerza-la-vigilancia-en-los-alrededores-de-los-colegios\/#primaryimage","url":"https:\/\/www.aridane.org\/city\/wp-content\/uploads\/2024\/01\/PoliciaLocal1.png","contentUrl":"https:\/\/www.aridane.org\/city\/wp-content\/uploads\/2024\/01\/PoliciaLocal1.png","width":1640,"height":924},{"@type":"BreadcrumbList","@id":"https:\/\/www.aridane.org\/city\/2024\/01\/04\/los-llanos-de-aridane-refuerza-la-vigilancia-en-los-alrededores-de-los-colegios\/#breadcrumb","itemListElement":[{"@type":"ListItem","position":1,"name":"Portada","item":"https:\/\/www.aridane.org\/city\/"},{"@type":"ListItem","position":2,"name":"Los Llanos de Aridane refuerza la vigilancia en los alrededores de los colegios"}]},{"@type":"WebSite","@id":"https:\/\/www.aridane.org\/city\/#website","url":"https:\/\/www.aridane.org\/city\/","name":"Ayuntamiento de Los Llanos de Aridane","description":"","potentialAction":[{"@type":"SearchAction","target":{"@type":"EntryPoint","urlTemplate":"https:\/\/www.aridane.org\/city\/?s={search_term_string}"},"query-input":"required name=search_term_string"}],"inLanguage":"es"},{"@type":"Person","@id":"https:\/\/www.aridane.org\/city\/#\/schema\/person\/89ebd376b223dc94cc1dbcf200c8e6da","name":"Corresponsal","image":{"@type":"ImageObject","inLanguage":"es","@id":"https:\/\/www.aridane.org\/city\/#\/schema\/person\/image\/","url":"https:\/\/secure.gravatar.com\/avatar\/1c476992411e4ccf153da63b2b2f5ea0bb4cb1c85f3ceab8512f04325ad5579c?s=96&d=mm&r=g","contentUrl":"https:\/\/secure.gravatar.com\/avatar\/1c476992411e4ccf153da63b2b2f5ea0bb4cb1c85f3ceab8512f04325ad5579c?s=96&d=mm&r=g","caption":"Corresponsal"},"url":"https:\/\/www.aridane.org\/city\/author\/corresponsal\/"}]}},"_links":{"self":[{"href":"https:\/\/www.aridane.org\/city\/wp-json\/wp\/v2\/posts\/3035","targetHints":{"allow":["GET"]}}],"collection":[{"href":"https:\/\/www.aridane.org\/city\/wp-json\/wp\/v2\/posts"}],"about":[{"href":"https:\/\/www.aridane.org\/city\/wp-json\/wp\/v2\/types\/post"}],"author":[{"embeddable":true,"href":"https:\/\/www.aridane.org\/city\/wp-json\/wp\/v2\/users\/4"}],"replies":[{"embeddable":true,"href":"https:\/\/www.aridane.org\/city\/wp-json\/wp\/v2\/comments?post=3035"}],"version-history":[{"count":1,"href":"https:\/\/www.aridane.org\/city\/wp-json\/wp\/v2\/posts\/3035\/revisions"}],"predecessor-version":[{"id":3037,"href":"https:\/\/www.aridane.org\/city\/wp-json\/wp\/v2\/posts\/3035\/revisions\/3037"}],"wp:featuredmedia":[{"embeddable":true,"href":"https:\/\/www.aridane.org\/city\/wp-json\/wp\/v2\/media\/3036"}],"wp:attachment":[{"href":"https:\/\/www.aridane.org\/city\/wp-json\/wp\/v2\/media?parent=3035"}],"wp:term":[{"taxonomy":"category","embeddable":true,"href":"https:\/\/www.aridane.org\/city\/wp-json\/wp\/v2\/categories?post=3035"},{"taxonomy":"post_tag","embeddable":true,"href":"https:\/\/www.aridane.org\/city\/wp-json\/wp\/v2\/tags?post=3035"}],"curies":[{"name":"wp","href":"https:\/\/api.w.org\/{rel}","templated":true}]}}