{"id":3045,"date":"2024-01-15T08:36:10","date_gmt":"2024-01-15T08:36:10","guid":{"rendered":"https:\/\/www.aridane.org\/city\/?p=3045"},"modified":"2024-01-15T08:36:10","modified_gmt":"2024-01-15T08:36:10","slug":"mas-de-120-reyes-magos-alegraron-la-navidad-a-los-ninos-de-los-llanos-de-aridane","status":"publish","type":"post","link":"https:\/\/www.aridane.org\/city\/2024\/01\/15\/mas-de-120-reyes-magos-alegraron-la-navidad-a-los-ninos-de-los-llanos-de-aridane\/","title":{"rendered":"M\u00e1s de 120 reyes magos alegraron la Navidad a los ni\u00f1os de Los Llanos de Aridane\u00a0"},"content":{"rendered":"<p><i><span style=\"font-weight: 400;\">La concejala de Acci\u00f3n Social, Idaira P\u00e9rez, se\u00f1ala un \u00e9xito rotundo en la quinta edici\u00f3n de esta campa\u00f1a<\/span><\/i><!--more--><\/p>\n<p><span style=\"font-weight: 400;\">M\u00e1s de 120 personas y empresas participaron en el proyecto solidario \u2018\u00a1T\u00fa puedes ser un Rey Mago!\u2019. Esta iniciativa cuenta ya con su quinta edici\u00f3n, consolid\u00e1ndose como uno de los grandes proyectos llevados a cabo por el Ayuntamiento de Los Llanos de Aridane en fechas navide\u00f1as.<\/span><\/p>\n<p><span style=\"font-weight: 400;\">La concejala de Acci\u00f3n Social, Idaira P\u00e9rez, valora el resultado de esta campa\u00f1a. \u201cHay que reconocer la gran respuesta y esfuerzo de esos reyes magos que han colaborado para que este proyecto sea una realidad. La solidaridad del pueblo con los ni\u00f1os m\u00e1s vulnerables es digna de menci\u00f3n\u201d, apunta.<\/span><\/p>\n<p><span style=\"font-weight: 400;\">Idaira P\u00e9rez a\u00f1ade que \u201csin duda este es uno de los momentos de la Navidad que honra a la poblaci\u00f3n llanense\u201d. \u201cOjal\u00e1 esta campa\u00f1a perdure en el tiempo y los ni\u00f1os puedan disfrutar de estos regalos como los verdaderos protagonistas que son\u201d, apunta.<\/span><\/p>\n<p><span style=\"font-weight: 400;\">Se entregaron m\u00e1s de 120 regalos, de los cuales 107 provienen de compras de la ciudadan\u00eda, siendo los restantes colaboraciones de distintas empresas como el ilustr\u00edsimo Colegio de Abogados de Santa Cruz de La Palma, el Centro de Educaci\u00f3n Infantil Ping Pong, el campus \u2018Los Llanos Se Mueve\u2019 y Kamelot. <\/span><\/p>\n","protected":false},"excerpt":{"rendered":"<p>La concejala de Acci\u00f3n Social, Idaira P\u00e9rez, se\u00f1ala un \u00e9xito rotundo en la quinta edici\u00f3n de esta campa\u00f1a<\/p>\n","protected":false},"author":4,"featured_media":3046,"comment_status":"open","ping_status":"open","sticky":false,"template":"","format":"standard","meta":{"footnotes":""},"categories":[1],"tags":[],"class_list":["post-3045","post","type-post","status-publish","format-standard","has-post-thumbnail","hentry","category-sin-categoria"],"yoast_head":"<!-- This site is optimized with the Yoast SEO plugin v22.7 - https:\/\/yoast.com\/wordpress\/plugins\/seo\/ -->\n<title>M\u00e1s de 120 reyes magos alegraron la Navidad a los ni\u00f1os de Los Llanos de Aridane\u00a0 - Ayuntamiento de Los Llanos de Aridane<\/title>\n<meta name=\"robots\" content=\"index, follow, max-snippet:-1, max-image-preview:large, max-video-preview:-1\" \/>\n<link rel=\"canonical\" href=\"https:\/\/www.aridane.org\/city\/2024\/01\/15\/mas-de-120-reyes-magos-alegraron-la-navidad-a-los-ninos-de-los-llanos-de-aridane\/\" \/>\n<meta property=\"og:locale\" content=\"es_ES\" \/>\n<meta property=\"og:type\" content=\"article\" \/>\n<meta property=\"og:title\" content=\"M\u00e1s de 120 reyes magos alegraron la Navidad a los ni\u00f1os de Los Llanos de Aridane\u00a0 - Ayuntamiento de Los Llanos de Aridane\" \/>\n<meta property=\"og:description\" content=\"La concejala de Acci\u00f3n Social, Idaira P\u00e9rez, se\u00f1ala un \u00e9xito rotundo en la quinta edici\u00f3n de esta campa\u00f1a\" \/>\n<meta property=\"og:url\" content=\"https:\/\/www.aridane.org\/city\/2024\/01\/15\/mas-de-120-reyes-magos-alegraron-la-navidad-a-los-ninos-de-los-llanos-de-aridane\/\" \/>\n<meta property=\"og:site_name\" content=\"Ayuntamiento de Los Llanos de Aridane\" \/>\n<meta property=\"article:published_time\" content=\"2024-01-15T08:36:10+00:00\" \/>\n<meta property=\"og:image\" content=\"https:\/\/www.aridane.org\/city\/wp-content\/uploads\/2024\/01\/PactoGobiernoSindicatos-620x349.png\" \/>\n\t<meta property=\"og:image:width\" content=\"620\" \/>\n\t<meta property=\"og:image:height\" content=\"349\" \/>\n\t<meta property=\"og:image:type\" content=\"image\/png\" \/>\n<meta name=\"author\" content=\"Corresponsal\" \/>\n<meta name=\"twitter:card\" content=\"summary_large_image\" \/>\n<meta name=\"twitter:label1\" content=\"Escrito por\" \/>\n\t<meta name=\"twitter:data1\" content=\"Corresponsal\" \/>\n\t<meta name=\"twitter:label2\" content=\"Tiempo de lectura\" \/>\n\t<meta name=\"twitter:data2\" content=\"2 minutos\" \/>\n<script type=\"application\/ld+json\" class=\"yoast-schema-graph\">{\"@context\":\"https:\/\/schema.org\",\"@graph\":[{\"@type\":\"WebPage\",\"@id\":\"https:\/\/www.aridane.org\/city\/2024\/01\/15\/mas-de-120-reyes-magos-alegraron-la-navidad-a-los-ninos-de-los-llanos-de-aridane\/\",\"url\":\"https:\/\/www.aridane.org\/city\/2024\/01\/15\/mas-de-120-reyes-magos-alegraron-la-navidad-a-los-ninos-de-los-llanos-de-aridane\/\",\"name\":\"M\u00e1s de 120 reyes magos alegraron la Navidad a los ni\u00f1os de Los Llanos de Aridane\u00a0 - Ayuntamiento de Los Llanos de Aridane\",\"isPartOf\":{\"@id\":\"https:\/\/www.aridane.org\/city\/#website\"},\"primaryImageOfPage\":{\"@id\":\"https:\/\/www.aridane.org\/city\/2024\/01\/15\/mas-de-120-reyes-magos-alegraron-la-navidad-a-los-ninos-de-los-llanos-de-aridane\/#primaryimage\"},\"image\":{\"@id\":\"https:\/\/www.aridane.org\/city\/2024\/01\/15\/mas-de-120-reyes-magos-alegraron-la-navidad-a-los-ninos-de-los-llanos-de-aridane\/#primaryimage\"},\"thumbnailUrl\":\"https:\/\/www.aridane.org\/city\/wp-content\/uploads\/2024\/01\/PactoGobiernoSindicatos.png\",\"datePublished\":\"2024-01-15T08:36:10+00:00\",\"dateModified\":\"2024-01-15T08:36:10+00:00\",\"author\":{\"@id\":\"https:\/\/www.aridane.org\/city\/#\/schema\/person\/89ebd376b223dc94cc1dbcf200c8e6da\"},\"breadcrumb\":{\"@id\":\"https:\/\/www.aridane.org\/city\/2024\/01\/15\/mas-de-120-reyes-magos-alegraron-la-navidad-a-los-ninos-de-los-llanos-de-aridane\/#breadcrumb\"},\"inLanguage\":\"es\",\"potentialAction\":[{\"@type\":\"ReadAction\",\"target\":[\"https:\/\/www.aridane.org\/city\/2024\/01\/15\/mas-de-120-reyes-magos-alegraron-la-navidad-a-los-ninos-de-los-llanos-de-aridane\/\"]}]},{\"@type\":\"ImageObject\",\"inLanguage\":\"es\",\"@id\":\"https:\/\/www.aridane.org\/city\/2024\/01\/15\/mas-de-120-reyes-magos-alegraron-la-navidad-a-los-ninos-de-los-llanos-de-aridane\/#primaryimage\",\"url\":\"https:\/\/www.aridane.org\/city\/wp-content\/uploads\/2024\/01\/PactoGobiernoSindicatos.png\",\"contentUrl\":\"https:\/\/www.aridane.org\/city\/wp-content\/uploads\/2024\/01\/PactoGobiernoSindicatos.png\",\"width\":1920,\"height\":1080},{\"@type\":\"BreadcrumbList\",\"@id\":\"https:\/\/www.aridane.org\/city\/2024\/01\/15\/mas-de-120-reyes-magos-alegraron-la-navidad-a-los-ninos-de-los-llanos-de-aridane\/#breadcrumb\",\"itemListElement\":[{\"@type\":\"ListItem\",\"position\":1,\"name\":\"Portada\",\"item\":\"https:\/\/www.aridane.org\/city\/\"},{\"@type\":\"ListItem\",\"position\":2,\"name\":\"M\u00e1s de 120 reyes magos alegraron la Navidad a los ni\u00f1os de Los Llanos de Aridane\u00a0\"}]},{\"@type\":\"WebSite\",\"@id\":\"https:\/\/www.aridane.org\/city\/#website\",\"url\":\"https:\/\/www.aridane.org\/city\/\",\"name\":\"Ayuntamiento de Los Llanos de Aridane\",\"description\":\"\",\"potentialAction\":[{\"@type\":\"SearchAction\",\"target\":{\"@type\":\"EntryPoint\",\"urlTemplate\":\"https:\/\/www.aridane.org\/city\/?s={search_term_string}\"},\"query-input\":\"required name=search_term_string\"}],\"inLanguage\":\"es\"},{\"@type\":\"Person\",\"@id\":\"https:\/\/www.aridane.org\/city\/#\/schema\/person\/89ebd376b223dc94cc1dbcf200c8e6da\",\"name\":\"Corresponsal\",\"image\":{\"@type\":\"ImageObject\",\"inLanguage\":\"es\",\"@id\":\"https:\/\/www.aridane.org\/city\/#\/schema\/person\/image\/\",\"url\":\"https:\/\/secure.gravatar.com\/avatar\/1c476992411e4ccf153da63b2b2f5ea0bb4cb1c85f3ceab8512f04325ad5579c?s=96&d=mm&r=g\",\"contentUrl\":\"https:\/\/secure.gravatar.com\/avatar\/1c476992411e4ccf153da63b2b2f5ea0bb4cb1c85f3ceab8512f04325ad5579c?s=96&d=mm&r=g\",\"caption\":\"Corresponsal\"},\"url\":\"https:\/\/www.aridane.org\/city\/author\/corresponsal\/\"}]}<\/script>\n<!-- \/ Yoast SEO plugin. -->","yoast_head_json":{"title":"M\u00e1s de 120 reyes magos alegraron la Navidad a los ni\u00f1os de Los Llanos de Aridane\u00a0 - Ayuntamiento de Los Llanos de Aridane","robots":{"index":"index","follow":"follow","max-snippet":"max-snippet:-1","max-image-preview":"max-image-preview:large","max-video-preview":"max-video-preview:-1"},"canonical":"https:\/\/www.aridane.org\/city\/2024\/01\/15\/mas-de-120-reyes-magos-alegraron-la-navidad-a-los-ninos-de-los-llanos-de-aridane\/","og_locale":"es_ES","og_type":"article","og_title":"M\u00e1s de 120 reyes magos alegraron la Navidad a los ni\u00f1os de Los Llanos de Aridane\u00a0 - Ayuntamiento de Los Llanos de Aridane","og_description":"La concejala de Acci\u00f3n Social, Idaira P\u00e9rez, se\u00f1ala un \u00e9xito rotundo en la quinta edici\u00f3n de esta campa\u00f1a","og_url":"https:\/\/www.aridane.org\/city\/2024\/01\/15\/mas-de-120-reyes-magos-alegraron-la-navidad-a-los-ninos-de-los-llanos-de-aridane\/","og_site_name":"Ayuntamiento de Los Llanos de Aridane","article_published_time":"2024-01-15T08:36:10+00:00","og_image":[{"width":620,"height":349,"url":"https:\/\/www.aridane.org\/city\/wp-content\/uploads\/2024\/01\/PactoGobiernoSindicatos-620x349.png","type":"image\/png"}],"author":"Corresponsal","twitter_card":"summary_large_image","twitter_misc":{"Escrito por":"Corresponsal","Tiempo de lectura":"2 minutos"},"schema":{"@context":"https:\/\/schema.org","@graph":[{"@type":"WebPage","@id":"https:\/\/www.aridane.org\/city\/2024\/01\/15\/mas-de-120-reyes-magos-alegraron-la-navidad-a-los-ninos-de-los-llanos-de-aridane\/","url":"https:\/\/www.aridane.org\/city\/2024\/01\/15\/mas-de-120-reyes-magos-alegraron-la-navidad-a-los-ninos-de-los-llanos-de-aridane\/","name":"M\u00e1s de 120 reyes magos alegraron la Navidad a los ni\u00f1os de Los Llanos de Aridane\u00a0 - Ayuntamiento de Los Llanos de Aridane","isPartOf":{"@id":"https:\/\/www.aridane.org\/city\/#website"},"primaryImageOfPage":{"@id":"https:\/\/www.aridane.org\/city\/2024\/01\/15\/mas-de-120-reyes-magos-alegraron-la-navidad-a-los-ninos-de-los-llanos-de-aridane\/#primaryimage"},"image":{"@id":"https:\/\/www.aridane.org\/city\/2024\/01\/15\/mas-de-120-reyes-magos-alegraron-la-navidad-a-los-ninos-de-los-llanos-de-aridane\/#primaryimage"},"thumbnailUrl":"https:\/\/www.aridane.org\/city\/wp-content\/uploads\/2024\/01\/PactoGobiernoSindicatos.png","datePublished":"2024-01-15T08:36:10+00:00","dateModified":"2024-01-15T08:36:10+00:00","author":{"@id":"https:\/\/www.aridane.org\/city\/#\/schema\/person\/89ebd376b223dc94cc1dbcf200c8e6da"},"breadcrumb":{"@id":"https:\/\/www.aridane.org\/city\/2024\/01\/15\/mas-de-120-reyes-magos-alegraron-la-navidad-a-los-ninos-de-los-llanos-de-aridane\/#breadcrumb"},"inLanguage":"es","potentialAction":[{"@type":"ReadAction","target":["https:\/\/www.aridane.org\/city\/2024\/01\/15\/mas-de-120-reyes-magos-alegraron-la-navidad-a-los-ninos-de-los-llanos-de-aridane\/"]}]},{"@type":"ImageObject","inLanguage":"es","@id":"https:\/\/www.aridane.org\/city\/2024\/01\/15\/mas-de-120-reyes-magos-alegraron-la-navidad-a-los-ninos-de-los-llanos-de-aridane\/#primaryimage","url":"https:\/\/www.aridane.org\/city\/wp-content\/uploads\/2024\/01\/PactoGobiernoSindicatos.png","contentUrl":"https:\/\/www.aridane.org\/city\/wp-content\/uploads\/2024\/01\/PactoGobiernoSindicatos.png","width":1920,"height":1080},{"@type":"BreadcrumbList","@id":"https:\/\/www.aridane.org\/city\/2024\/01\/15\/mas-de-120-reyes-magos-alegraron-la-navidad-a-los-ninos-de-los-llanos-de-aridane\/#breadcrumb","itemListElement":[{"@type":"ListItem","position":1,"name":"Portada","item":"https:\/\/www.aridane.org\/city\/"},{"@type":"ListItem","position":2,"name":"M\u00e1s de 120 reyes magos alegraron la Navidad a los ni\u00f1os de Los Llanos de Aridane\u00a0"}]},{"@type":"WebSite","@id":"https:\/\/www.aridane.org\/city\/#website","url":"https:\/\/www.aridane.org\/city\/","name":"Ayuntamiento de Los Llanos de Aridane","description":"","potentialAction":[{"@type":"SearchAction","target":{"@type":"EntryPoint","urlTemplate":"https:\/\/www.aridane.org\/city\/?s={search_term_string}"},"query-input":"required name=search_term_string"}],"inLanguage":"es"},{"@type":"Person","@id":"https:\/\/www.aridane.org\/city\/#\/schema\/person\/89ebd376b223dc94cc1dbcf200c8e6da","name":"Corresponsal","image":{"@type":"ImageObject","inLanguage":"es","@id":"https:\/\/www.aridane.org\/city\/#\/schema\/person\/image\/","url":"https:\/\/secure.gravatar.com\/avatar\/1c476992411e4ccf153da63b2b2f5ea0bb4cb1c85f3ceab8512f04325ad5579c?s=96&d=mm&r=g","contentUrl":"https:\/\/secure.gravatar.com\/avatar\/1c476992411e4ccf153da63b2b2f5ea0bb4cb1c85f3ceab8512f04325ad5579c?s=96&d=mm&r=g","caption":"Corresponsal"},"url":"https:\/\/www.aridane.org\/city\/author\/corresponsal\/"}]}},"_links":{"self":[{"href":"https:\/\/www.aridane.org\/city\/wp-json\/wp\/v2\/posts\/3045","targetHints":{"allow":["GET"]}}],"collection":[{"href":"https:\/\/www.aridane.org\/city\/wp-json\/wp\/v2\/posts"}],"about":[{"href":"https:\/\/www.aridane.org\/city\/wp-json\/wp\/v2\/types\/post"}],"author":[{"embeddable":true,"href":"https:\/\/www.aridane.org\/city\/wp-json\/wp\/v2\/users\/4"}],"replies":[{"embeddable":true,"href":"https:\/\/www.aridane.org\/city\/wp-json\/wp\/v2\/comments?post=3045"}],"version-history":[{"count":1,"href":"https:\/\/www.aridane.org\/city\/wp-json\/wp\/v2\/posts\/3045\/revisions"}],"predecessor-version":[{"id":3047,"href":"https:\/\/www.aridane.org\/city\/wp-json\/wp\/v2\/posts\/3045\/revisions\/3047"}],"wp:featuredmedia":[{"embeddable":true,"href":"https:\/\/www.aridane.org\/city\/wp-json\/wp\/v2\/media\/3046"}],"wp:attachment":[{"href":"https:\/\/www.aridane.org\/city\/wp-json\/wp\/v2\/media?parent=3045"}],"wp:term":[{"taxonomy":"category","embeddable":true,"href":"https:\/\/www.aridane.org\/city\/wp-json\/wp\/v2\/categories?post=3045"},{"taxonomy":"post_tag","embeddable":true,"href":"https:\/\/www.aridane.org\/city\/wp-json\/wp\/v2\/tags?post=3045"}],"curies":[{"name":"wp","href":"https:\/\/api.w.org\/{rel}","templated":true}]}}