{"id":305,"date":"2020-11-20T17:25:51","date_gmt":"2020-11-20T17:25:51","guid":{"rendered":"https:\/\/aridane.org\/ciudad\/?p=305"},"modified":"2020-11-20T17:25:51","modified_gmt":"2020-11-20T17:25:51","slug":"los-llanos-presenta-la-campana-yo-digo-no-a-la-violencia-contra-las-mujeres-y-tu-palabras-y-hechos-se-un-hombre-comprometete-con-la-igualdad","status":"publish","type":"post","link":"https:\/\/www.aridane.org\/city\/2020\/11\/20\/los-llanos-presenta-la-campana-yo-digo-no-a-la-violencia-contra-las-mujeres-y-tu-palabras-y-hechos-se-un-hombre-comprometete-con-la-igualdad\/","title":{"rendered":"Los Llanos presenta la campa\u00f1a \u201cYo digo no a la violencia contra las mujeres y \u00bft\u00fa? &#8211; palabras y + hechos. S\u00e9 un hombre comprom\u00e9tete con la IGUALDAD\u201d"},"content":{"rendered":"<p style=\"text-align: justify;\">El Ayuntamiento de Los Llanos de Aridane, a trav\u00e9s del \u00e1rea de Igualdad que dirige Elena Pais, presentar\u00e1 coincidiendo con el D\u00eda Internacional contra la violencia hacia las Mujeres, el 25 de noviembre, su campa\u00f1a \u201cYo digo no la violencia contra las mujeres y \u00bft\u00fa? \u2013 palabras y + hechos. S\u00e9 un hombre comprom\u00e9tete con la IGUALDAD\u201d.<\/p>\n<p style=\"text-align: justify;\">La edil explica que con esta campa\u00f1a quieren centrarse en modelos masculinos referentes de igualdad, \u201cque ayuden a otros hombres a decir no a la violencia contra las mujeres, pero no solo de palabra sino con hechos comprometi\u00e9ndose as\u00ed con una sociedad m\u00e1s justa e igualitaria\u201d, asegura.<\/p>\n<p style=\"text-align: justify;\">Adem\u00e1s, tambi\u00e9n apunta que con esta acci\u00f3n \u201cbuscamos que los hombres analicen y reflexionen sobre su modelo de masculinidad, as\u00ed como los mandatos de g\u00e9nero masculinos y como estos son da\u00f1inos para las mujeres y para s\u00ed mismos\u201d, se\u00f1ala.<\/p>\n<p style=\"text-align: justify;\">Tambi\u00e9n en esta misma l\u00ednea, el Ayuntamiento desarrollar\u00e1 unas jornadas de trabajo bajo el lema \u201cPorque debemos trabajar con los Hombres\u201d, que tendr\u00e1n lugar el pr\u00f3ximo 27 de noviembre en el Centro de Interpretaci\u00f3n de las Cavidades Volc\u00e1nicas Ca\u00f1os de Fuego de 17:00 a 19:00 horas, \u201cen la que contaremos con expertos jur\u00eddicos y psic\u00f3logos que aborden el trabajo con hombres violentos\u201d, explican.<\/p>\n<p style=\"text-align: justify;\">Asimismo, el 25 de noviembre ser\u00e1 presentada la nueva propuesta de trabajo que se desarrollar\u00e1 durante 2021, \u201cun nuevo Plan de Igualdad Municipal ajustado a la nueva realidad de las mujeres y de los hombres de Los Llanos de Aridane\u201d, sostiene la concejal.<\/p>\n<p style=\"text-align: justify;\">El consistorio tiene previsto continuar con la l\u00ednea de trabajo conjunta con la Asociaci\u00f3n Gua\u00f1oth, colectivo de hombres por la Igualdad de La Palma, en la que se promocionar\u00e1 la creaci\u00f3n de grupos de hombres con los que se genere un espacio de confianza y seguridad con el objetivo de analizar, explorar y construir otras maneras de entender c\u00f3mo ser hombres, alejadas de los mandamientos de g\u00e9nero y de masculinidades t\u00f3xicas.<\/p>\n<p style=\"text-align: justify;\">Elena Pais no duda en se\u00f1alar que \u201cse trata de una oportunidad para crecer y mejorar las relaciones con las mujeres, otros hombres, nuestras familias, amistades y en definitiva, con uno mismo\u201d.<\/p>\n<p style=\"text-align: justify;\"><strong>Hombres y juventud<\/strong><\/p>\n<p style=\"text-align: justify;\">Desde el \u00c1rea de Igualdad, tambi\u00e9n se pondr\u00e1 en marcha un proyecto de sensibilizaci\u00f3n y prevenci\u00f3n de las violencias machistas, cuya misi\u00f3n es la de promover acciones espec\u00edficas dirigidas a los hombres y j\u00f3venes de Los Llanos de Aridane para que se sumen y se comprometan, de manera activa junto a las mujeres, en lograr una sociedad m\u00e1s igualitaria a trav\u00e9s del fomento de valores, actitudes, comportamientos y relaciones de respeto y cuidados.<\/p>\n<p style=\"text-align: justify;\">\u201cBuscamos promover el compromiso personal y social de los hombres en la construcci\u00f3n de una sociedad m\u00e1s justa y equitativa para todos\u201d, se\u00f1ala la edil.<\/p>\n<p style=\"text-align: justify;\">Estas acciones formativas y de asesoramiento estar\u00e1n abiertas para profesionales de servicios y entidades que quieran enriquecer sus intervenciones con hombres incorporando la perspectiva de g\u00e9nero\u201d.<\/p>\n<p style=\"text-align: justify;\">Actividades con los centro educativos<\/p>\n<p style=\"text-align: justify;\">Un a\u00f1o m\u00e1s, se contin\u00faa trabajando conjuntamente con el profesorado de los centros educativos del municipio en los valores igualitarios. Por lo que se invita a estos centros a participar en el concurso \u201cDibujando la igualdad y contra la violencia hacia las mujeres\u201d , dirigido a los ciclos de Infantil y Primaria.<\/p>\n<p style=\"text-align: justify;\">La concejal se\u00f1ala que \u201csu finalidad es que los ni\u00f1os y ni\u00f1as aridanenses tomen conciencia sobre la igualdad entre hombres y mujeres, y la necesidad de romper con los prejuicios y estereotipos de g\u00e9nero vigentes que fomentan la desigualdad\u201d.<\/p>\n<p style=\"text-align: justify;\"><strong>Recital de Poes\u00eda<\/strong><\/p>\n<p style=\"text-align: justify;\">Otra de las actividades previstas ser\u00e1 un recital de poes\u00eda contra la violencia hacia las mujeres, que se ha denominado: \u201cVersos contra la violencia\u201d , y se realizar\u00e1 el 28 de noviembre. Ser\u00e1 una poes\u00eda que dar\u00e1 expresi\u00f3n, con nuevos recursos a las nuevas necesidades surgidas de un mundo igualitario, \u201cque ejerza una denuncia firme y voraz que d\u00e9 fin a esta lacra social que vivimos\u201d, afirma Pais.<\/p>\n<p style=\"text-align: justify;\">Por \u00faltimo, desde el \u00e1rea de Igualdad se\u00f1alan que se sumar\u00e1n a todas las actividades planificadas de forma conjunta por las concejal\u00edas de Igualdad de la Isla, as\u00ed como del Cabildo Insular, y a las acciones programas por las plataformas feministas, \u201cporque solo trabajando toda la sociedad en conjunto conseguiremos terminar con esta lacra social\u201d, aseguran.<\/p>\n<p style=\"text-align: justify;\"><strong>Programa especial en la Cadena SER<\/strong><\/p>\n<p style=\"text-align: justify;\">Desde Igualdad se\u00f1alan que tambi\u00e9n el mismo d\u00eda 25 de Noviembre, desde la Plaza de Espa\u00f1a, Cadena Ser La Palma emitir\u00e1 un programa especial \u201cen el que que participar\u00e1n agentes sociales para hablar de este d\u00eda tan importante, y \u201cexplicaremos la programaci\u00f3n prevista que tenemos desde el Ayuntamiento\u201d, se\u00f1ala la edil.<\/p>\n","protected":false},"excerpt":{"rendered":"<p>El Ayuntamiento de Los Llanos de Aridane, a trav\u00e9s del \u00e1rea de Igualdad que dirige Elena Pais, presentar\u00e1 coincidiendo con el D\u00eda Internacional contra la violencia hacia las Mujeres, el 25 de noviembre, su campa\u00f1a \u201cYo digo no la violencia contra las mujeres y \u00bft\u00fa?&#8230;<\/p>\n","protected":false},"author":1,"featured_media":0,"comment_status":"closed","ping_status":"closed","sticky":false,"template":"","format":"standard","meta":{"footnotes":""},"categories":[6],"tags":[],"class_list":["post-305","post","type-post","status-publish","format-standard","hentry","category-prensa"],"yoast_head":"<!-- This site is optimized with the Yoast SEO plugin v22.7 - https:\/\/yoast.com\/wordpress\/plugins\/seo\/ -->\n<title>Los Llanos presenta la campa\u00f1a \u201cYo digo no a la violencia contra las mujeres y \u00bft\u00fa? - palabras y + hechos. S\u00e9 un hombre comprom\u00e9tete con la IGUALDAD\u201d - Ayuntamiento de Los Llanos de Aridane<\/title>\n<meta name=\"robots\" content=\"index, follow, max-snippet:-1, max-image-preview:large, max-video-preview:-1\" \/>\n<link rel=\"canonical\" href=\"https:\/\/www.aridane.org\/city\/2020\/11\/20\/los-llanos-presenta-la-campana-yo-digo-no-a-la-violencia-contra-las-mujeres-y-tu-palabras-y-hechos-se-un-hombre-comprometete-con-la-igualdad\/\" \/>\n<meta property=\"og:locale\" content=\"es_ES\" \/>\n<meta property=\"og:type\" content=\"article\" \/>\n<meta property=\"og:title\" content=\"Los Llanos presenta la campa\u00f1a \u201cYo digo no a la violencia contra las mujeres y \u00bft\u00fa? - palabras y + hechos. S\u00e9 un hombre comprom\u00e9tete con la IGUALDAD\u201d - Ayuntamiento de Los Llanos de Aridane\" \/>\n<meta property=\"og:description\" content=\"El Ayuntamiento de Los Llanos de Aridane, a trav\u00e9s del \u00e1rea de Igualdad que dirige Elena Pais, presentar\u00e1 coincidiendo con el D\u00eda Internacional contra la violencia hacia las Mujeres, el 25 de noviembre, su campa\u00f1a \u201cYo digo no la violencia contra las mujeres y \u00bft\u00fa?...\" \/>\n<meta property=\"og:url\" content=\"https:\/\/www.aridane.org\/city\/2020\/11\/20\/los-llanos-presenta-la-campana-yo-digo-no-a-la-violencia-contra-las-mujeres-y-tu-palabras-y-hechos-se-un-hombre-comprometete-con-la-igualdad\/\" \/>\n<meta property=\"og:site_name\" content=\"Ayuntamiento de Los Llanos de Aridane\" \/>\n<meta property=\"article:published_time\" content=\"2020-11-20T17:25:51+00:00\" \/>\n<meta name=\"author\" content=\"Richard Diaz\" \/>\n<meta name=\"twitter:card\" content=\"summary_large_image\" \/>\n<meta name=\"twitter:label1\" content=\"Escrito por\" \/>\n\t<meta name=\"twitter:data1\" content=\"Richard Diaz\" \/>\n\t<meta name=\"twitter:label2\" content=\"Tiempo de lectura\" \/>\n\t<meta name=\"twitter:data2\" content=\"4 minutos\" \/>\n<script type=\"application\/ld+json\" class=\"yoast-schema-graph\">{\"@context\":\"https:\/\/schema.org\",\"@graph\":[{\"@type\":\"WebPage\",\"@id\":\"https:\/\/www.aridane.org\/city\/2020\/11\/20\/los-llanos-presenta-la-campana-yo-digo-no-a-la-violencia-contra-las-mujeres-y-tu-palabras-y-hechos-se-un-hombre-comprometete-con-la-igualdad\/\",\"url\":\"https:\/\/www.aridane.org\/city\/2020\/11\/20\/los-llanos-presenta-la-campana-yo-digo-no-a-la-violencia-contra-las-mujeres-y-tu-palabras-y-hechos-se-un-hombre-comprometete-con-la-igualdad\/\",\"name\":\"Los Llanos presenta la campa\u00f1a \u201cYo digo no a la violencia contra las mujeres y \u00bft\u00fa? - palabras y + hechos. S\u00e9 un hombre comprom\u00e9tete con la IGUALDAD\u201d - Ayuntamiento de Los Llanos de Aridane\",\"isPartOf\":{\"@id\":\"https:\/\/www.aridane.org\/city\/#website\"},\"datePublished\":\"2020-11-20T17:25:51+00:00\",\"dateModified\":\"2020-11-20T17:25:51+00:00\",\"author\":{\"@id\":\"https:\/\/www.aridane.org\/city\/#\/schema\/person\/7d352ec7f29881716f298394432e7209\"},\"breadcrumb\":{\"@id\":\"https:\/\/www.aridane.org\/city\/2020\/11\/20\/los-llanos-presenta-la-campana-yo-digo-no-a-la-violencia-contra-las-mujeres-y-tu-palabras-y-hechos-se-un-hombre-comprometete-con-la-igualdad\/#breadcrumb\"},\"inLanguage\":\"es\",\"potentialAction\":[{\"@type\":\"ReadAction\",\"target\":[\"https:\/\/www.aridane.org\/city\/2020\/11\/20\/los-llanos-presenta-la-campana-yo-digo-no-a-la-violencia-contra-las-mujeres-y-tu-palabras-y-hechos-se-un-hombre-comprometete-con-la-igualdad\/\"]}]},{\"@type\":\"BreadcrumbList\",\"@id\":\"https:\/\/www.aridane.org\/city\/2020\/11\/20\/los-llanos-presenta-la-campana-yo-digo-no-a-la-violencia-contra-las-mujeres-y-tu-palabras-y-hechos-se-un-hombre-comprometete-con-la-igualdad\/#breadcrumb\",\"itemListElement\":[{\"@type\":\"ListItem\",\"position\":1,\"name\":\"Portada\",\"item\":\"https:\/\/www.aridane.org\/city\/\"},{\"@type\":\"ListItem\",\"position\":2,\"name\":\"Los Llanos presenta la campa\u00f1a \u201cYo digo no a la violencia contra las mujeres y \u00bft\u00fa? &#8211; palabras y + hechos. S\u00e9 un hombre comprom\u00e9tete con la IGUALDAD\u201d\"}]},{\"@type\":\"WebSite\",\"@id\":\"https:\/\/www.aridane.org\/city\/#website\",\"url\":\"https:\/\/www.aridane.org\/city\/\",\"name\":\"Ayuntamiento de Los Llanos de Aridane\",\"description\":\"\",\"potentialAction\":[{\"@type\":\"SearchAction\",\"target\":{\"@type\":\"EntryPoint\",\"urlTemplate\":\"https:\/\/www.aridane.org\/city\/?s={search_term_string}\"},\"query-input\":\"required name=search_term_string\"}],\"inLanguage\":\"es\"},{\"@type\":\"Person\",\"@id\":\"https:\/\/www.aridane.org\/city\/#\/schema\/person\/7d352ec7f29881716f298394432e7209\",\"name\":\"Richard Diaz\",\"image\":{\"@type\":\"ImageObject\",\"inLanguage\":\"es\",\"@id\":\"https:\/\/www.aridane.org\/city\/#\/schema\/person\/image\/\",\"url\":\"https:\/\/secure.gravatar.com\/avatar\/bacd6aefc26a4a204943090a4c596cd10f0857081ef3cfd12084a70ecb3161d5?s=96&d=mm&r=g\",\"contentUrl\":\"https:\/\/secure.gravatar.com\/avatar\/bacd6aefc26a4a204943090a4c596cd10f0857081ef3cfd12084a70ecb3161d5?s=96&d=mm&r=g\",\"caption\":\"Richard Diaz\"},\"sameAs\":[\"https:\/\/www.aridane.org\/city\"],\"url\":\"https:\/\/www.aridane.org\/city\/author\/richard-diaz\/\"}]}<\/script>\n<!-- \/ Yoast SEO plugin. -->","yoast_head_json":{"title":"Los Llanos presenta la campa\u00f1a \u201cYo digo no a la violencia contra las mujeres y \u00bft\u00fa? - palabras y + hechos. S\u00e9 un hombre comprom\u00e9tete con la IGUALDAD\u201d - Ayuntamiento de Los Llanos de Aridane","robots":{"index":"index","follow":"follow","max-snippet":"max-snippet:-1","max-image-preview":"max-image-preview:large","max-video-preview":"max-video-preview:-1"},"canonical":"https:\/\/www.aridane.org\/city\/2020\/11\/20\/los-llanos-presenta-la-campana-yo-digo-no-a-la-violencia-contra-las-mujeres-y-tu-palabras-y-hechos-se-un-hombre-comprometete-con-la-igualdad\/","og_locale":"es_ES","og_type":"article","og_title":"Los Llanos presenta la campa\u00f1a \u201cYo digo no a la violencia contra las mujeres y \u00bft\u00fa? - palabras y + hechos. S\u00e9 un hombre comprom\u00e9tete con la IGUALDAD\u201d - Ayuntamiento de Los Llanos de Aridane","og_description":"El Ayuntamiento de Los Llanos de Aridane, a trav\u00e9s del \u00e1rea de Igualdad que dirige Elena Pais, presentar\u00e1 coincidiendo con el D\u00eda Internacional contra la violencia hacia las Mujeres, el 25 de noviembre, su campa\u00f1a \u201cYo digo no la violencia contra las mujeres y \u00bft\u00fa?...","og_url":"https:\/\/www.aridane.org\/city\/2020\/11\/20\/los-llanos-presenta-la-campana-yo-digo-no-a-la-violencia-contra-las-mujeres-y-tu-palabras-y-hechos-se-un-hombre-comprometete-con-la-igualdad\/","og_site_name":"Ayuntamiento de Los Llanos de Aridane","article_published_time":"2020-11-20T17:25:51+00:00","author":"Richard Diaz","twitter_card":"summary_large_image","twitter_misc":{"Escrito por":"Richard Diaz","Tiempo de lectura":"4 minutos"},"schema":{"@context":"https:\/\/schema.org","@graph":[{"@type":"WebPage","@id":"https:\/\/www.aridane.org\/city\/2020\/11\/20\/los-llanos-presenta-la-campana-yo-digo-no-a-la-violencia-contra-las-mujeres-y-tu-palabras-y-hechos-se-un-hombre-comprometete-con-la-igualdad\/","url":"https:\/\/www.aridane.org\/city\/2020\/11\/20\/los-llanos-presenta-la-campana-yo-digo-no-a-la-violencia-contra-las-mujeres-y-tu-palabras-y-hechos-se-un-hombre-comprometete-con-la-igualdad\/","name":"Los Llanos presenta la campa\u00f1a \u201cYo digo no a la violencia contra las mujeres y \u00bft\u00fa? - palabras y + hechos. S\u00e9 un hombre comprom\u00e9tete con la IGUALDAD\u201d - Ayuntamiento de Los Llanos de Aridane","isPartOf":{"@id":"https:\/\/www.aridane.org\/city\/#website"},"datePublished":"2020-11-20T17:25:51+00:00","dateModified":"2020-11-20T17:25:51+00:00","author":{"@id":"https:\/\/www.aridane.org\/city\/#\/schema\/person\/7d352ec7f29881716f298394432e7209"},"breadcrumb":{"@id":"https:\/\/www.aridane.org\/city\/2020\/11\/20\/los-llanos-presenta-la-campana-yo-digo-no-a-la-violencia-contra-las-mujeres-y-tu-palabras-y-hechos-se-un-hombre-comprometete-con-la-igualdad\/#breadcrumb"},"inLanguage":"es","potentialAction":[{"@type":"ReadAction","target":["https:\/\/www.aridane.org\/city\/2020\/11\/20\/los-llanos-presenta-la-campana-yo-digo-no-a-la-violencia-contra-las-mujeres-y-tu-palabras-y-hechos-se-un-hombre-comprometete-con-la-igualdad\/"]}]},{"@type":"BreadcrumbList","@id":"https:\/\/www.aridane.org\/city\/2020\/11\/20\/los-llanos-presenta-la-campana-yo-digo-no-a-la-violencia-contra-las-mujeres-y-tu-palabras-y-hechos-se-un-hombre-comprometete-con-la-igualdad\/#breadcrumb","itemListElement":[{"@type":"ListItem","position":1,"name":"Portada","item":"https:\/\/www.aridane.org\/city\/"},{"@type":"ListItem","position":2,"name":"Los Llanos presenta la campa\u00f1a \u201cYo digo no a la violencia contra las mujeres y \u00bft\u00fa? &#8211; palabras y + hechos. S\u00e9 un hombre comprom\u00e9tete con la IGUALDAD\u201d"}]},{"@type":"WebSite","@id":"https:\/\/www.aridane.org\/city\/#website","url":"https:\/\/www.aridane.org\/city\/","name":"Ayuntamiento de Los Llanos de Aridane","description":"","potentialAction":[{"@type":"SearchAction","target":{"@type":"EntryPoint","urlTemplate":"https:\/\/www.aridane.org\/city\/?s={search_term_string}"},"query-input":"required name=search_term_string"}],"inLanguage":"es"},{"@type":"Person","@id":"https:\/\/www.aridane.org\/city\/#\/schema\/person\/7d352ec7f29881716f298394432e7209","name":"Richard Diaz","image":{"@type":"ImageObject","inLanguage":"es","@id":"https:\/\/www.aridane.org\/city\/#\/schema\/person\/image\/","url":"https:\/\/secure.gravatar.com\/avatar\/bacd6aefc26a4a204943090a4c596cd10f0857081ef3cfd12084a70ecb3161d5?s=96&d=mm&r=g","contentUrl":"https:\/\/secure.gravatar.com\/avatar\/bacd6aefc26a4a204943090a4c596cd10f0857081ef3cfd12084a70ecb3161d5?s=96&d=mm&r=g","caption":"Richard Diaz"},"sameAs":["https:\/\/www.aridane.org\/city"],"url":"https:\/\/www.aridane.org\/city\/author\/richard-diaz\/"}]}},"_links":{"self":[{"href":"https:\/\/www.aridane.org\/city\/wp-json\/wp\/v2\/posts\/305","targetHints":{"allow":["GET"]}}],"collection":[{"href":"https:\/\/www.aridane.org\/city\/wp-json\/wp\/v2\/posts"}],"about":[{"href":"https:\/\/www.aridane.org\/city\/wp-json\/wp\/v2\/types\/post"}],"author":[{"embeddable":true,"href":"https:\/\/www.aridane.org\/city\/wp-json\/wp\/v2\/users\/1"}],"replies":[{"embeddable":true,"href":"https:\/\/www.aridane.org\/city\/wp-json\/wp\/v2\/comments?post=305"}],"version-history":[{"count":0,"href":"https:\/\/www.aridane.org\/city\/wp-json\/wp\/v2\/posts\/305\/revisions"}],"wp:attachment":[{"href":"https:\/\/www.aridane.org\/city\/wp-json\/wp\/v2\/media?parent=305"}],"wp:term":[{"taxonomy":"category","embeddable":true,"href":"https:\/\/www.aridane.org\/city\/wp-json\/wp\/v2\/categories?post=305"},{"taxonomy":"post_tag","embeddable":true,"href":"https:\/\/www.aridane.org\/city\/wp-json\/wp\/v2\/tags?post=305"}],"curies":[{"name":"wp","href":"https:\/\/api.w.org\/{rel}","templated":true}]}}