{"id":3051,"date":"2024-01-17T12:22:04","date_gmt":"2024-01-17T12:22:04","guid":{"rendered":"https:\/\/www.aridane.org\/city\/?p=3051"},"modified":"2024-01-17T12:22:04","modified_gmt":"2024-01-17T12:22:04","slug":"el-festival-literario-aridane-criminal-comienza-este-miercoles-con-un-homenaje-al-escritor-alexis-ravelo","status":"publish","type":"post","link":"https:\/\/www.aridane.org\/city\/2024\/01\/17\/el-festival-literario-aridane-criminal-comienza-este-miercoles-con-un-homenaje-al-escritor-alexis-ravelo\/","title":{"rendered":"El festival literario Aridane Criminal comienza este mi\u00e9rcoles con un homenaje al escritor Alexis Ravelo\u00a0"},"content":{"rendered":"<p><i><span style=\"font-weight: 400;\">Esta cuarta edici\u00f3n reunir\u00e1 grandes figuras de la literatura negra a nivel nacional<\/span><\/i><!--more--><\/p>\n<p><span style=\"font-weight: 400;\">El Ayuntamiento de Los Llanos de Aridane organiza la cuarta edici\u00f3n del festival Aridane Criminal, un certamen de literatura negra que se inaugurar\u00e1 este mi\u00e9rcoles, 17 de enero, en la Casa de la Cultura. En esta ocasi\u00f3n, se homenajear\u00e1 al escritor grancanario, fundador y director durante las tres primeras ediciones, Alexis Ravelo.<\/span><\/p>\n<p><span style=\"font-weight: 400;\">La concejala de Cultura, Marlene Gonz\u00e1lez, destaca que Ravelo sigue siendo un referente literario en Canarias dentro del g\u00e9nero de la novela negra. Asegura que \u201cla decisi\u00f3n de dedicar esta edici\u00f3n a homenajear su figura es lo menos que se puede hacer desde el Ayuntamiento para agradecer su aportaci\u00f3n a la cultura del municipio\u201d.\u00a0<\/span><\/p>\n<p><span style=\"font-weight: 400;\">Por su parte, el alcalde Javier Llamas destaca la importancia de este festival en el calendario de eventos del municipio. \u201cM\u00e1s si cabe este a\u00f1o con este homenaje que busca mantener el sello personal de Alexis Ravelo en un festival que no hubiera sido posible sin su compromiso y amor por las letras\u201d.<\/span><\/p>\n<p><span style=\"font-weight: 400;\">Tambi\u00e9n valora la apuesta que hace Los Llanos de Aridane por la cultura y la literatura, siguiendo las directrices para tener un municipio comprometido con estas disciplinas.<\/span><\/p>\n<h2><b>La agenda del Aridane Criminal<\/b><\/h2>\n<p><span style=\"font-weight: 400;\">Aridane Criminal comienza este mi\u00e9rcoles, a las 19:00 horas, con la inauguraci\u00f3n del festival y la proyecci\u00f3n del largometraje <\/span><i><span style=\"font-weight: 400;\">La estrategia del pequin\u00e9s <\/span><\/i><span style=\"font-weight: 400;\">(2019), una adaptaci\u00f3n de la obra de Alexis Ravelo con la que obtuvo el premio Hammett.<\/span><\/p>\n<p><span style=\"font-weight: 400;\">El jueves 18 de enero ser\u00e1 d\u00eda de encuentros con diversas personalidades de la novela negra, tales como Arantxa Rufo, Jos\u00e9 Luis Correa, Pedro Flores y Mercedes Rosende, entre otros.<\/span><\/p>\n<p><span style=\"font-weight: 400;\">El tercer d\u00eda, viernes 19, ser\u00e1 el turno de las adaptaciones cinematogr\u00e1ficas, con una mesa redonda conformada por varios directores como Andr\u00e9s Koppel o Elio Quiroga.\u00a0<\/span><\/p>\n<p><span style=\"font-weight: 400;\">Por \u00faltimo, el s\u00e1bado 20, en la Plaza de Espa\u00f1a, varios invitados pondr\u00e1n el broche final recordando la figura de Alexis Ravelo desde una perspectiva m\u00e1s personal, acompa\u00f1ados del espect\u00e1culo musical <\/span><i><span style=\"font-weight: 400;\">Letras a tiros.<\/span><\/i><\/p>\n","protected":false},"excerpt":{"rendered":"<p>Esta cuarta edici\u00f3n reunir\u00e1 grandes figuras de la literatura negra a nivel nacional<\/p>\n","protected":false},"author":4,"featured_media":3052,"comment_status":"open","ping_status":"open","sticky":false,"template":"","format":"standard","meta":{"footnotes":""},"categories":[1],"tags":[],"class_list":["post-3051","post","type-post","status-publish","format-standard","has-post-thumbnail","hentry","category-sin-categoria"],"yoast_head":"<!-- This site is optimized with the Yoast SEO plugin v22.7 - https:\/\/yoast.com\/wordpress\/plugins\/seo\/ -->\n<title>El festival literario Aridane Criminal comienza este mi\u00e9rcoles con un homenaje al escritor Alexis Ravelo\u00a0 - Ayuntamiento de Los Llanos de Aridane<\/title>\n<meta name=\"robots\" content=\"index, follow, max-snippet:-1, max-image-preview:large, max-video-preview:-1\" \/>\n<link rel=\"canonical\" href=\"https:\/\/www.aridane.org\/city\/2024\/01\/17\/el-festival-literario-aridane-criminal-comienza-este-miercoles-con-un-homenaje-al-escritor-alexis-ravelo\/\" \/>\n<meta property=\"og:locale\" content=\"es_ES\" \/>\n<meta property=\"og:type\" content=\"article\" \/>\n<meta property=\"og:title\" content=\"El festival literario Aridane Criminal comienza este mi\u00e9rcoles con un homenaje al escritor Alexis Ravelo\u00a0 - Ayuntamiento de Los Llanos de Aridane\" \/>\n<meta property=\"og:description\" content=\"Esta cuarta edici\u00f3n reunir\u00e1 grandes figuras de la literatura negra a nivel nacional\" \/>\n<meta property=\"og:url\" content=\"https:\/\/www.aridane.org\/city\/2024\/01\/17\/el-festival-literario-aridane-criminal-comienza-este-miercoles-con-un-homenaje-al-escritor-alexis-ravelo\/\" \/>\n<meta property=\"og:site_name\" content=\"Ayuntamiento de Los Llanos de Aridane\" \/>\n<meta property=\"article:published_time\" content=\"2024-01-17T12:22:04+00:00\" \/>\n<meta property=\"og:image\" content=\"https:\/\/www.aridane.org\/city\/wp-content\/uploads\/2024\/01\/Aridane-Criminal-cartel.jpg\" \/>\n\t<meta property=\"og:image:width\" content=\"768\" \/>\n\t<meta property=\"og:image:height\" content=\"960\" \/>\n\t<meta property=\"og:image:type\" content=\"image\/jpeg\" \/>\n<meta name=\"author\" content=\"Corresponsal\" \/>\n<meta name=\"twitter:card\" content=\"summary_large_image\" \/>\n<meta name=\"twitter:label1\" content=\"Escrito por\" \/>\n\t<meta name=\"twitter:data1\" content=\"Corresponsal\" \/>\n\t<meta name=\"twitter:label2\" content=\"Tiempo de lectura\" \/>\n\t<meta name=\"twitter:data2\" content=\"2 minutos\" \/>\n<script type=\"application\/ld+json\" class=\"yoast-schema-graph\">{\"@context\":\"https:\/\/schema.org\",\"@graph\":[{\"@type\":\"WebPage\",\"@id\":\"https:\/\/www.aridane.org\/city\/2024\/01\/17\/el-festival-literario-aridane-criminal-comienza-este-miercoles-con-un-homenaje-al-escritor-alexis-ravelo\/\",\"url\":\"https:\/\/www.aridane.org\/city\/2024\/01\/17\/el-festival-literario-aridane-criminal-comienza-este-miercoles-con-un-homenaje-al-escritor-alexis-ravelo\/\",\"name\":\"El festival literario Aridane Criminal comienza este mi\u00e9rcoles con un homenaje al escritor Alexis Ravelo\u00a0 - Ayuntamiento de Los Llanos de Aridane\",\"isPartOf\":{\"@id\":\"https:\/\/www.aridane.org\/city\/#website\"},\"primaryImageOfPage\":{\"@id\":\"https:\/\/www.aridane.org\/city\/2024\/01\/17\/el-festival-literario-aridane-criminal-comienza-este-miercoles-con-un-homenaje-al-escritor-alexis-ravelo\/#primaryimage\"},\"image\":{\"@id\":\"https:\/\/www.aridane.org\/city\/2024\/01\/17\/el-festival-literario-aridane-criminal-comienza-este-miercoles-con-un-homenaje-al-escritor-alexis-ravelo\/#primaryimage\"},\"thumbnailUrl\":\"https:\/\/www.aridane.org\/city\/wp-content\/uploads\/2024\/01\/Aridane-Criminal-cartel.jpg\",\"datePublished\":\"2024-01-17T12:22:04+00:00\",\"dateModified\":\"2024-01-17T12:22:04+00:00\",\"author\":{\"@id\":\"https:\/\/www.aridane.org\/city\/#\/schema\/person\/89ebd376b223dc94cc1dbcf200c8e6da\"},\"breadcrumb\":{\"@id\":\"https:\/\/www.aridane.org\/city\/2024\/01\/17\/el-festival-literario-aridane-criminal-comienza-este-miercoles-con-un-homenaje-al-escritor-alexis-ravelo\/#breadcrumb\"},\"inLanguage\":\"es\",\"potentialAction\":[{\"@type\":\"ReadAction\",\"target\":[\"https:\/\/www.aridane.org\/city\/2024\/01\/17\/el-festival-literario-aridane-criminal-comienza-este-miercoles-con-un-homenaje-al-escritor-alexis-ravelo\/\"]}]},{\"@type\":\"ImageObject\",\"inLanguage\":\"es\",\"@id\":\"https:\/\/www.aridane.org\/city\/2024\/01\/17\/el-festival-literario-aridane-criminal-comienza-este-miercoles-con-un-homenaje-al-escritor-alexis-ravelo\/#primaryimage\",\"url\":\"https:\/\/www.aridane.org\/city\/wp-content\/uploads\/2024\/01\/Aridane-Criminal-cartel.jpg\",\"contentUrl\":\"https:\/\/www.aridane.org\/city\/wp-content\/uploads\/2024\/01\/Aridane-Criminal-cartel.jpg\",\"width\":768,\"height\":960},{\"@type\":\"BreadcrumbList\",\"@id\":\"https:\/\/www.aridane.org\/city\/2024\/01\/17\/el-festival-literario-aridane-criminal-comienza-este-miercoles-con-un-homenaje-al-escritor-alexis-ravelo\/#breadcrumb\",\"itemListElement\":[{\"@type\":\"ListItem\",\"position\":1,\"name\":\"Portada\",\"item\":\"https:\/\/www.aridane.org\/city\/\"},{\"@type\":\"ListItem\",\"position\":2,\"name\":\"El festival literario Aridane Criminal comienza este mi\u00e9rcoles con un homenaje al escritor Alexis Ravelo\u00a0\"}]},{\"@type\":\"WebSite\",\"@id\":\"https:\/\/www.aridane.org\/city\/#website\",\"url\":\"https:\/\/www.aridane.org\/city\/\",\"name\":\"Ayuntamiento de Los Llanos de Aridane\",\"description\":\"\",\"potentialAction\":[{\"@type\":\"SearchAction\",\"target\":{\"@type\":\"EntryPoint\",\"urlTemplate\":\"https:\/\/www.aridane.org\/city\/?s={search_term_string}\"},\"query-input\":\"required name=search_term_string\"}],\"inLanguage\":\"es\"},{\"@type\":\"Person\",\"@id\":\"https:\/\/www.aridane.org\/city\/#\/schema\/person\/89ebd376b223dc94cc1dbcf200c8e6da\",\"name\":\"Corresponsal\",\"image\":{\"@type\":\"ImageObject\",\"inLanguage\":\"es\",\"@id\":\"https:\/\/www.aridane.org\/city\/#\/schema\/person\/image\/\",\"url\":\"https:\/\/secure.gravatar.com\/avatar\/1c476992411e4ccf153da63b2b2f5ea0bb4cb1c85f3ceab8512f04325ad5579c?s=96&d=mm&r=g\",\"contentUrl\":\"https:\/\/secure.gravatar.com\/avatar\/1c476992411e4ccf153da63b2b2f5ea0bb4cb1c85f3ceab8512f04325ad5579c?s=96&d=mm&r=g\",\"caption\":\"Corresponsal\"},\"url\":\"https:\/\/www.aridane.org\/city\/author\/corresponsal\/\"}]}<\/script>\n<!-- \/ Yoast SEO plugin. -->","yoast_head_json":{"title":"El festival literario Aridane Criminal comienza este mi\u00e9rcoles con un homenaje al escritor Alexis Ravelo\u00a0 - Ayuntamiento de Los Llanos de Aridane","robots":{"index":"index","follow":"follow","max-snippet":"max-snippet:-1","max-image-preview":"max-image-preview:large","max-video-preview":"max-video-preview:-1"},"canonical":"https:\/\/www.aridane.org\/city\/2024\/01\/17\/el-festival-literario-aridane-criminal-comienza-este-miercoles-con-un-homenaje-al-escritor-alexis-ravelo\/","og_locale":"es_ES","og_type":"article","og_title":"El festival literario Aridane Criminal comienza este mi\u00e9rcoles con un homenaje al escritor Alexis Ravelo\u00a0 - Ayuntamiento de Los Llanos de Aridane","og_description":"Esta cuarta edici\u00f3n reunir\u00e1 grandes figuras de la literatura negra a nivel nacional","og_url":"https:\/\/www.aridane.org\/city\/2024\/01\/17\/el-festival-literario-aridane-criminal-comienza-este-miercoles-con-un-homenaje-al-escritor-alexis-ravelo\/","og_site_name":"Ayuntamiento de Los Llanos de Aridane","article_published_time":"2024-01-17T12:22:04+00:00","og_image":[{"width":768,"height":960,"url":"https:\/\/www.aridane.org\/city\/wp-content\/uploads\/2024\/01\/Aridane-Criminal-cartel.jpg","type":"image\/jpeg"}],"author":"Corresponsal","twitter_card":"summary_large_image","twitter_misc":{"Escrito por":"Corresponsal","Tiempo de lectura":"2 minutos"},"schema":{"@context":"https:\/\/schema.org","@graph":[{"@type":"WebPage","@id":"https:\/\/www.aridane.org\/city\/2024\/01\/17\/el-festival-literario-aridane-criminal-comienza-este-miercoles-con-un-homenaje-al-escritor-alexis-ravelo\/","url":"https:\/\/www.aridane.org\/city\/2024\/01\/17\/el-festival-literario-aridane-criminal-comienza-este-miercoles-con-un-homenaje-al-escritor-alexis-ravelo\/","name":"El festival literario Aridane Criminal comienza este mi\u00e9rcoles con un homenaje al escritor Alexis Ravelo\u00a0 - Ayuntamiento de Los Llanos de Aridane","isPartOf":{"@id":"https:\/\/www.aridane.org\/city\/#website"},"primaryImageOfPage":{"@id":"https:\/\/www.aridane.org\/city\/2024\/01\/17\/el-festival-literario-aridane-criminal-comienza-este-miercoles-con-un-homenaje-al-escritor-alexis-ravelo\/#primaryimage"},"image":{"@id":"https:\/\/www.aridane.org\/city\/2024\/01\/17\/el-festival-literario-aridane-criminal-comienza-este-miercoles-con-un-homenaje-al-escritor-alexis-ravelo\/#primaryimage"},"thumbnailUrl":"https:\/\/www.aridane.org\/city\/wp-content\/uploads\/2024\/01\/Aridane-Criminal-cartel.jpg","datePublished":"2024-01-17T12:22:04+00:00","dateModified":"2024-01-17T12:22:04+00:00","author":{"@id":"https:\/\/www.aridane.org\/city\/#\/schema\/person\/89ebd376b223dc94cc1dbcf200c8e6da"},"breadcrumb":{"@id":"https:\/\/www.aridane.org\/city\/2024\/01\/17\/el-festival-literario-aridane-criminal-comienza-este-miercoles-con-un-homenaje-al-escritor-alexis-ravelo\/#breadcrumb"},"inLanguage":"es","potentialAction":[{"@type":"ReadAction","target":["https:\/\/www.aridane.org\/city\/2024\/01\/17\/el-festival-literario-aridane-criminal-comienza-este-miercoles-con-un-homenaje-al-escritor-alexis-ravelo\/"]}]},{"@type":"ImageObject","inLanguage":"es","@id":"https:\/\/www.aridane.org\/city\/2024\/01\/17\/el-festival-literario-aridane-criminal-comienza-este-miercoles-con-un-homenaje-al-escritor-alexis-ravelo\/#primaryimage","url":"https:\/\/www.aridane.org\/city\/wp-content\/uploads\/2024\/01\/Aridane-Criminal-cartel.jpg","contentUrl":"https:\/\/www.aridane.org\/city\/wp-content\/uploads\/2024\/01\/Aridane-Criminal-cartel.jpg","width":768,"height":960},{"@type":"BreadcrumbList","@id":"https:\/\/www.aridane.org\/city\/2024\/01\/17\/el-festival-literario-aridane-criminal-comienza-este-miercoles-con-un-homenaje-al-escritor-alexis-ravelo\/#breadcrumb","itemListElement":[{"@type":"ListItem","position":1,"name":"Portada","item":"https:\/\/www.aridane.org\/city\/"},{"@type":"ListItem","position":2,"name":"El festival literario Aridane Criminal comienza este mi\u00e9rcoles con un homenaje al escritor Alexis Ravelo\u00a0"}]},{"@type":"WebSite","@id":"https:\/\/www.aridane.org\/city\/#website","url":"https:\/\/www.aridane.org\/city\/","name":"Ayuntamiento de Los Llanos de Aridane","description":"","potentialAction":[{"@type":"SearchAction","target":{"@type":"EntryPoint","urlTemplate":"https:\/\/www.aridane.org\/city\/?s={search_term_string}"},"query-input":"required name=search_term_string"}],"inLanguage":"es"},{"@type":"Person","@id":"https:\/\/www.aridane.org\/city\/#\/schema\/person\/89ebd376b223dc94cc1dbcf200c8e6da","name":"Corresponsal","image":{"@type":"ImageObject","inLanguage":"es","@id":"https:\/\/www.aridane.org\/city\/#\/schema\/person\/image\/","url":"https:\/\/secure.gravatar.com\/avatar\/1c476992411e4ccf153da63b2b2f5ea0bb4cb1c85f3ceab8512f04325ad5579c?s=96&d=mm&r=g","contentUrl":"https:\/\/secure.gravatar.com\/avatar\/1c476992411e4ccf153da63b2b2f5ea0bb4cb1c85f3ceab8512f04325ad5579c?s=96&d=mm&r=g","caption":"Corresponsal"},"url":"https:\/\/www.aridane.org\/city\/author\/corresponsal\/"}]}},"_links":{"self":[{"href":"https:\/\/www.aridane.org\/city\/wp-json\/wp\/v2\/posts\/3051","targetHints":{"allow":["GET"]}}],"collection":[{"href":"https:\/\/www.aridane.org\/city\/wp-json\/wp\/v2\/posts"}],"about":[{"href":"https:\/\/www.aridane.org\/city\/wp-json\/wp\/v2\/types\/post"}],"author":[{"embeddable":true,"href":"https:\/\/www.aridane.org\/city\/wp-json\/wp\/v2\/users\/4"}],"replies":[{"embeddable":true,"href":"https:\/\/www.aridane.org\/city\/wp-json\/wp\/v2\/comments?post=3051"}],"version-history":[{"count":1,"href":"https:\/\/www.aridane.org\/city\/wp-json\/wp\/v2\/posts\/3051\/revisions"}],"predecessor-version":[{"id":3053,"href":"https:\/\/www.aridane.org\/city\/wp-json\/wp\/v2\/posts\/3051\/revisions\/3053"}],"wp:featuredmedia":[{"embeddable":true,"href":"https:\/\/www.aridane.org\/city\/wp-json\/wp\/v2\/media\/3052"}],"wp:attachment":[{"href":"https:\/\/www.aridane.org\/city\/wp-json\/wp\/v2\/media?parent=3051"}],"wp:term":[{"taxonomy":"category","embeddable":true,"href":"https:\/\/www.aridane.org\/city\/wp-json\/wp\/v2\/categories?post=3051"},{"taxonomy":"post_tag","embeddable":true,"href":"https:\/\/www.aridane.org\/city\/wp-json\/wp\/v2\/tags?post=3051"}],"curies":[{"name":"wp","href":"https:\/\/api.w.org\/{rel}","templated":true}]}}