{"id":3056,"date":"2024-01-19T09:31:29","date_gmt":"2024-01-19T09:31:29","guid":{"rendered":"https:\/\/www.aridane.org\/city\/?p=3056"},"modified":"2024-01-19T09:31:29","modified_gmt":"2024-01-19T09:31:29","slug":"la-oficina-de-atencion-al-consumidor-de-los-llanos-de-aridane-atiende-una-media-de-10-personas-al-dia","status":"publish","type":"post","link":"https:\/\/www.aridane.org\/city\/2024\/01\/19\/la-oficina-de-atencion-al-consumidor-de-los-llanos-de-aridane-atiende-una-media-de-10-personas-al-dia\/","title":{"rendered":"La Oficina de Atenci\u00f3n al Consumidor de Los Llanos de Aridane atiende una media de 10 personas al d\u00eda"},"content":{"rendered":"<p><i><span style=\"font-weight: 400;\">Esta Oficina, la \u00fanica en La Palma, juega un papel clave en la atenci\u00f3n, defensa y protecci\u00f3n de los consumidores y usuarios<\/span><\/i><!--more--><\/p>\n<p><span style=\"font-weight: 400;\">La Oficina de Atenci\u00f3n al Consumidor de Los Llanos de Aridane atiende una media de 10 personas por d\u00eda desde que entr\u00f3 el nuevo Gobierno, en l\u00ednea con el compromiso de la administraci\u00f3n de apoyar a la ciudadan\u00eda.\u00a0<\/span><\/p>\n<p><span style=\"font-weight: 400;\">La concejala de Participaci\u00f3n Ciudadana del Ayuntamiento, Inmaculada Fern\u00e1ndez, asegura que estos datos demuestran que la Oficina sigue siendo un punto de referencia para La Palma.<\/span><\/p>\n<p><span style=\"font-weight: 400;\">\u201cAl ser la \u00fanica en la Isla, esta Oficina desempe\u00f1a un rol fundamental a la hora defender y proteger a los consumidores y usuarios\u201d, sostiene la concejala.<\/span><\/p>\n<p><span style=\"font-weight: 400;\">La Oficina de Atenci\u00f3n al Consumidor de Los Llanos de Aridane, abierta desde 1986, se ubica en la jefatura de la Polic\u00eda Local, en la carretera Puerto Naos, 23. Est\u00e1 abierta en horario de 8:00 a 15:00 horas.<\/span><\/p>\n<h2><b>Los servicios de la Oficina<\/b><\/h2>\n<p><span style=\"font-weight: 400;\">Este espacio tiene como funciones proporcionar informaci\u00f3n, ayuda y asesoramiento sobre los derechos y obligaciones de los consumidores.\u00a0<\/span><\/p>\n<p><span style=\"font-weight: 400;\">Adem\u00e1s, se encarga de recibir reclamaciones y denuncias en materia de consumo, traslad\u00e1ndolas al \u00f3rgano administrativo competente cuando es necesario para su resoluci\u00f3n.\u00a0<\/span><\/p>\n<p><span style=\"font-weight: 400;\">La labor de la Oficina incluye impulsar sistemas de resoluci\u00f3n voluntaria de reclamaciones y llevar a cabo actividades de educaci\u00f3n y formaci\u00f3n tanto individual como colectiva de los consumidores y usuarios.<\/span><\/p>\n","protected":false},"excerpt":{"rendered":"<p>Esta Oficina, la \u00fanica en La Palma, juega un papel clave en la atenci\u00f3n, defensa y protecci\u00f3n de los consumidores y usuarios<\/p>\n","protected":false},"author":4,"featured_media":3057,"comment_status":"open","ping_status":"open","sticky":false,"template":"","format":"standard","meta":{"footnotes":""},"categories":[1],"tags":[],"class_list":["post-3056","post","type-post","status-publish","format-standard","has-post-thumbnail","hentry","category-sin-categoria"],"yoast_head":"<!-- This site is optimized with the Yoast SEO plugin v22.7 - https:\/\/yoast.com\/wordpress\/plugins\/seo\/ -->\n<title>La Oficina de Atenci\u00f3n al Consumidor de Los Llanos de Aridane atiende una media de 10 personas al d\u00eda - Ayuntamiento de Los Llanos de Aridane<\/title>\n<meta name=\"robots\" content=\"index, follow, max-snippet:-1, max-image-preview:large, max-video-preview:-1\" \/>\n<link rel=\"canonical\" href=\"https:\/\/www.aridane.org\/city\/2024\/01\/19\/la-oficina-de-atencion-al-consumidor-de-los-llanos-de-aridane-atiende-una-media-de-10-personas-al-dia\/\" \/>\n<meta property=\"og:locale\" content=\"es_ES\" \/>\n<meta property=\"og:type\" content=\"article\" \/>\n<meta property=\"og:title\" content=\"La Oficina de Atenci\u00f3n al Consumidor de Los Llanos de Aridane atiende una media de 10 personas al d\u00eda - Ayuntamiento de Los Llanos de Aridane\" \/>\n<meta property=\"og:description\" content=\"Esta Oficina, la \u00fanica en La Palma, juega un papel clave en la atenci\u00f3n, defensa y protecci\u00f3n de los consumidores y usuarios\" \/>\n<meta property=\"og:url\" content=\"https:\/\/www.aridane.org\/city\/2024\/01\/19\/la-oficina-de-atencion-al-consumidor-de-los-llanos-de-aridane-atiende-una-media-de-10-personas-al-dia\/\" \/>\n<meta property=\"og:site_name\" content=\"Ayuntamiento de Los Llanos de Aridane\" \/>\n<meta property=\"article:published_time\" content=\"2024-01-19T09:31:29+00:00\" \/>\n<meta property=\"og:image\" content=\"https:\/\/www.aridane.org\/city\/wp-content\/uploads\/2024\/01\/Policia-Local-Los-Llanos.jpg\" \/>\n\t<meta property=\"og:image:width\" content=\"1360\" \/>\n\t<meta property=\"og:image:height\" content=\"1020\" \/>\n\t<meta property=\"og:image:type\" content=\"image\/jpeg\" \/>\n<meta name=\"author\" content=\"Corresponsal\" \/>\n<meta name=\"twitter:card\" content=\"summary_large_image\" \/>\n<meta name=\"twitter:label1\" content=\"Escrito por\" \/>\n\t<meta name=\"twitter:data1\" content=\"Corresponsal\" \/>\n\t<meta name=\"twitter:label2\" content=\"Tiempo de lectura\" \/>\n\t<meta name=\"twitter:data2\" content=\"2 minutos\" \/>\n<script type=\"application\/ld+json\" class=\"yoast-schema-graph\">{\"@context\":\"https:\/\/schema.org\",\"@graph\":[{\"@type\":\"WebPage\",\"@id\":\"https:\/\/www.aridane.org\/city\/2024\/01\/19\/la-oficina-de-atencion-al-consumidor-de-los-llanos-de-aridane-atiende-una-media-de-10-personas-al-dia\/\",\"url\":\"https:\/\/www.aridane.org\/city\/2024\/01\/19\/la-oficina-de-atencion-al-consumidor-de-los-llanos-de-aridane-atiende-una-media-de-10-personas-al-dia\/\",\"name\":\"La Oficina de Atenci\u00f3n al Consumidor de Los Llanos de Aridane atiende una media de 10 personas al d\u00eda - Ayuntamiento de Los Llanos de Aridane\",\"isPartOf\":{\"@id\":\"https:\/\/www.aridane.org\/city\/#website\"},\"primaryImageOfPage\":{\"@id\":\"https:\/\/www.aridane.org\/city\/2024\/01\/19\/la-oficina-de-atencion-al-consumidor-de-los-llanos-de-aridane-atiende-una-media-de-10-personas-al-dia\/#primaryimage\"},\"image\":{\"@id\":\"https:\/\/www.aridane.org\/city\/2024\/01\/19\/la-oficina-de-atencion-al-consumidor-de-los-llanos-de-aridane-atiende-una-media-de-10-personas-al-dia\/#primaryimage\"},\"thumbnailUrl\":\"https:\/\/www.aridane.org\/city\/wp-content\/uploads\/2024\/01\/Policia-Local-Los-Llanos.jpg\",\"datePublished\":\"2024-01-19T09:31:29+00:00\",\"dateModified\":\"2024-01-19T09:31:29+00:00\",\"author\":{\"@id\":\"https:\/\/www.aridane.org\/city\/#\/schema\/person\/89ebd376b223dc94cc1dbcf200c8e6da\"},\"breadcrumb\":{\"@id\":\"https:\/\/www.aridane.org\/city\/2024\/01\/19\/la-oficina-de-atencion-al-consumidor-de-los-llanos-de-aridane-atiende-una-media-de-10-personas-al-dia\/#breadcrumb\"},\"inLanguage\":\"es\",\"potentialAction\":[{\"@type\":\"ReadAction\",\"target\":[\"https:\/\/www.aridane.org\/city\/2024\/01\/19\/la-oficina-de-atencion-al-consumidor-de-los-llanos-de-aridane-atiende-una-media-de-10-personas-al-dia\/\"]}]},{\"@type\":\"ImageObject\",\"inLanguage\":\"es\",\"@id\":\"https:\/\/www.aridane.org\/city\/2024\/01\/19\/la-oficina-de-atencion-al-consumidor-de-los-llanos-de-aridane-atiende-una-media-de-10-personas-al-dia\/#primaryimage\",\"url\":\"https:\/\/www.aridane.org\/city\/wp-content\/uploads\/2024\/01\/Policia-Local-Los-Llanos.jpg\",\"contentUrl\":\"https:\/\/www.aridane.org\/city\/wp-content\/uploads\/2024\/01\/Policia-Local-Los-Llanos.jpg\",\"width\":1360,\"height\":1020},{\"@type\":\"BreadcrumbList\",\"@id\":\"https:\/\/www.aridane.org\/city\/2024\/01\/19\/la-oficina-de-atencion-al-consumidor-de-los-llanos-de-aridane-atiende-una-media-de-10-personas-al-dia\/#breadcrumb\",\"itemListElement\":[{\"@type\":\"ListItem\",\"position\":1,\"name\":\"Portada\",\"item\":\"https:\/\/www.aridane.org\/city\/\"},{\"@type\":\"ListItem\",\"position\":2,\"name\":\"La Oficina de Atenci\u00f3n al Consumidor de Los Llanos de Aridane atiende una media de 10 personas al d\u00eda\"}]},{\"@type\":\"WebSite\",\"@id\":\"https:\/\/www.aridane.org\/city\/#website\",\"url\":\"https:\/\/www.aridane.org\/city\/\",\"name\":\"Ayuntamiento de Los Llanos de Aridane\",\"description\":\"\",\"potentialAction\":[{\"@type\":\"SearchAction\",\"target\":{\"@type\":\"EntryPoint\",\"urlTemplate\":\"https:\/\/www.aridane.org\/city\/?s={search_term_string}\"},\"query-input\":\"required name=search_term_string\"}],\"inLanguage\":\"es\"},{\"@type\":\"Person\",\"@id\":\"https:\/\/www.aridane.org\/city\/#\/schema\/person\/89ebd376b223dc94cc1dbcf200c8e6da\",\"name\":\"Corresponsal\",\"image\":{\"@type\":\"ImageObject\",\"inLanguage\":\"es\",\"@id\":\"https:\/\/www.aridane.org\/city\/#\/schema\/person\/image\/\",\"url\":\"https:\/\/secure.gravatar.com\/avatar\/1c476992411e4ccf153da63b2b2f5ea0bb4cb1c85f3ceab8512f04325ad5579c?s=96&d=mm&r=g\",\"contentUrl\":\"https:\/\/secure.gravatar.com\/avatar\/1c476992411e4ccf153da63b2b2f5ea0bb4cb1c85f3ceab8512f04325ad5579c?s=96&d=mm&r=g\",\"caption\":\"Corresponsal\"},\"url\":\"https:\/\/www.aridane.org\/city\/author\/corresponsal\/\"}]}<\/script>\n<!-- \/ Yoast SEO plugin. -->","yoast_head_json":{"title":"La Oficina de Atenci\u00f3n al Consumidor de Los Llanos de Aridane atiende una media de 10 personas al d\u00eda - Ayuntamiento de Los Llanos de Aridane","robots":{"index":"index","follow":"follow","max-snippet":"max-snippet:-1","max-image-preview":"max-image-preview:large","max-video-preview":"max-video-preview:-1"},"canonical":"https:\/\/www.aridane.org\/city\/2024\/01\/19\/la-oficina-de-atencion-al-consumidor-de-los-llanos-de-aridane-atiende-una-media-de-10-personas-al-dia\/","og_locale":"es_ES","og_type":"article","og_title":"La Oficina de Atenci\u00f3n al Consumidor de Los Llanos de Aridane atiende una media de 10 personas al d\u00eda - Ayuntamiento de Los Llanos de Aridane","og_description":"Esta Oficina, la \u00fanica en La Palma, juega un papel clave en la atenci\u00f3n, defensa y protecci\u00f3n de los consumidores y usuarios","og_url":"https:\/\/www.aridane.org\/city\/2024\/01\/19\/la-oficina-de-atencion-al-consumidor-de-los-llanos-de-aridane-atiende-una-media-de-10-personas-al-dia\/","og_site_name":"Ayuntamiento de Los Llanos de Aridane","article_published_time":"2024-01-19T09:31:29+00:00","og_image":[{"width":1360,"height":1020,"url":"https:\/\/www.aridane.org\/city\/wp-content\/uploads\/2024\/01\/Policia-Local-Los-Llanos.jpg","type":"image\/jpeg"}],"author":"Corresponsal","twitter_card":"summary_large_image","twitter_misc":{"Escrito por":"Corresponsal","Tiempo de lectura":"2 minutos"},"schema":{"@context":"https:\/\/schema.org","@graph":[{"@type":"WebPage","@id":"https:\/\/www.aridane.org\/city\/2024\/01\/19\/la-oficina-de-atencion-al-consumidor-de-los-llanos-de-aridane-atiende-una-media-de-10-personas-al-dia\/","url":"https:\/\/www.aridane.org\/city\/2024\/01\/19\/la-oficina-de-atencion-al-consumidor-de-los-llanos-de-aridane-atiende-una-media-de-10-personas-al-dia\/","name":"La Oficina de Atenci\u00f3n al Consumidor de Los Llanos de Aridane atiende una media de 10 personas al d\u00eda - Ayuntamiento de Los Llanos de Aridane","isPartOf":{"@id":"https:\/\/www.aridane.org\/city\/#website"},"primaryImageOfPage":{"@id":"https:\/\/www.aridane.org\/city\/2024\/01\/19\/la-oficina-de-atencion-al-consumidor-de-los-llanos-de-aridane-atiende-una-media-de-10-personas-al-dia\/#primaryimage"},"image":{"@id":"https:\/\/www.aridane.org\/city\/2024\/01\/19\/la-oficina-de-atencion-al-consumidor-de-los-llanos-de-aridane-atiende-una-media-de-10-personas-al-dia\/#primaryimage"},"thumbnailUrl":"https:\/\/www.aridane.org\/city\/wp-content\/uploads\/2024\/01\/Policia-Local-Los-Llanos.jpg","datePublished":"2024-01-19T09:31:29+00:00","dateModified":"2024-01-19T09:31:29+00:00","author":{"@id":"https:\/\/www.aridane.org\/city\/#\/schema\/person\/89ebd376b223dc94cc1dbcf200c8e6da"},"breadcrumb":{"@id":"https:\/\/www.aridane.org\/city\/2024\/01\/19\/la-oficina-de-atencion-al-consumidor-de-los-llanos-de-aridane-atiende-una-media-de-10-personas-al-dia\/#breadcrumb"},"inLanguage":"es","potentialAction":[{"@type":"ReadAction","target":["https:\/\/www.aridane.org\/city\/2024\/01\/19\/la-oficina-de-atencion-al-consumidor-de-los-llanos-de-aridane-atiende-una-media-de-10-personas-al-dia\/"]}]},{"@type":"ImageObject","inLanguage":"es","@id":"https:\/\/www.aridane.org\/city\/2024\/01\/19\/la-oficina-de-atencion-al-consumidor-de-los-llanos-de-aridane-atiende-una-media-de-10-personas-al-dia\/#primaryimage","url":"https:\/\/www.aridane.org\/city\/wp-content\/uploads\/2024\/01\/Policia-Local-Los-Llanos.jpg","contentUrl":"https:\/\/www.aridane.org\/city\/wp-content\/uploads\/2024\/01\/Policia-Local-Los-Llanos.jpg","width":1360,"height":1020},{"@type":"BreadcrumbList","@id":"https:\/\/www.aridane.org\/city\/2024\/01\/19\/la-oficina-de-atencion-al-consumidor-de-los-llanos-de-aridane-atiende-una-media-de-10-personas-al-dia\/#breadcrumb","itemListElement":[{"@type":"ListItem","position":1,"name":"Portada","item":"https:\/\/www.aridane.org\/city\/"},{"@type":"ListItem","position":2,"name":"La Oficina de Atenci\u00f3n al Consumidor de Los Llanos de Aridane atiende una media de 10 personas al d\u00eda"}]},{"@type":"WebSite","@id":"https:\/\/www.aridane.org\/city\/#website","url":"https:\/\/www.aridane.org\/city\/","name":"Ayuntamiento de Los Llanos de Aridane","description":"","potentialAction":[{"@type":"SearchAction","target":{"@type":"EntryPoint","urlTemplate":"https:\/\/www.aridane.org\/city\/?s={search_term_string}"},"query-input":"required name=search_term_string"}],"inLanguage":"es"},{"@type":"Person","@id":"https:\/\/www.aridane.org\/city\/#\/schema\/person\/89ebd376b223dc94cc1dbcf200c8e6da","name":"Corresponsal","image":{"@type":"ImageObject","inLanguage":"es","@id":"https:\/\/www.aridane.org\/city\/#\/schema\/person\/image\/","url":"https:\/\/secure.gravatar.com\/avatar\/1c476992411e4ccf153da63b2b2f5ea0bb4cb1c85f3ceab8512f04325ad5579c?s=96&d=mm&r=g","contentUrl":"https:\/\/secure.gravatar.com\/avatar\/1c476992411e4ccf153da63b2b2f5ea0bb4cb1c85f3ceab8512f04325ad5579c?s=96&d=mm&r=g","caption":"Corresponsal"},"url":"https:\/\/www.aridane.org\/city\/author\/corresponsal\/"}]}},"_links":{"self":[{"href":"https:\/\/www.aridane.org\/city\/wp-json\/wp\/v2\/posts\/3056","targetHints":{"allow":["GET"]}}],"collection":[{"href":"https:\/\/www.aridane.org\/city\/wp-json\/wp\/v2\/posts"}],"about":[{"href":"https:\/\/www.aridane.org\/city\/wp-json\/wp\/v2\/types\/post"}],"author":[{"embeddable":true,"href":"https:\/\/www.aridane.org\/city\/wp-json\/wp\/v2\/users\/4"}],"replies":[{"embeddable":true,"href":"https:\/\/www.aridane.org\/city\/wp-json\/wp\/v2\/comments?post=3056"}],"version-history":[{"count":1,"href":"https:\/\/www.aridane.org\/city\/wp-json\/wp\/v2\/posts\/3056\/revisions"}],"predecessor-version":[{"id":3058,"href":"https:\/\/www.aridane.org\/city\/wp-json\/wp\/v2\/posts\/3056\/revisions\/3058"}],"wp:featuredmedia":[{"embeddable":true,"href":"https:\/\/www.aridane.org\/city\/wp-json\/wp\/v2\/media\/3057"}],"wp:attachment":[{"href":"https:\/\/www.aridane.org\/city\/wp-json\/wp\/v2\/media?parent=3056"}],"wp:term":[{"taxonomy":"category","embeddable":true,"href":"https:\/\/www.aridane.org\/city\/wp-json\/wp\/v2\/categories?post=3056"},{"taxonomy":"post_tag","embeddable":true,"href":"https:\/\/www.aridane.org\/city\/wp-json\/wp\/v2\/tags?post=3056"}],"curies":[{"name":"wp","href":"https:\/\/api.w.org\/{rel}","templated":true}]}}