{"id":3060,"date":"2024-01-22T08:25:35","date_gmt":"2024-01-22T08:25:35","guid":{"rendered":"https:\/\/www.aridane.org\/city\/?p=3060"},"modified":"2024-01-22T08:25:35","modified_gmt":"2024-01-22T08:25:35","slug":"el-ayuntamiento-de-los-llanos-de-aridane-abre-las-bases-para-los-premios-mujer-destacada-2024","status":"publish","type":"post","link":"https:\/\/www.aridane.org\/city\/2024\/01\/22\/el-ayuntamiento-de-los-llanos-de-aridane-abre-las-bases-para-los-premios-mujer-destacada-2024\/","title":{"rendered":"El Ayuntamiento de Los Llanos de Aridane abre las bases para los premios Mujer Destacada 2024"},"content":{"rendered":"<div id=\"v1signature\">\n<div class=\"v1pre\"><em>Las personas y entidades interesadas podr\u00e1n presentarse hasta el pr\u00f3ximo 24 de febrero<\/em><\/div>\n<\/div>\n<p><!--more--><\/p>\n<div id=\"v1forwardbody1\">\n<p>El Ayuntamiento de Los Llanos de Aridane abre las bases para los premios Mujer Destacada 2024, un reconocimiento hacia las mujeres, centros escolares, empresas y entidades sociales que trabajan por la igualdad y el desarrollo del municipio.<\/p>\n<p>La concejala de Igualdad Idaira P\u00e9rez explica que en Los Llanos de Aridane las mujeres han sido fundamentales en el desarrollo de diversos campos de la sociedad, como la pol\u00edtica, la econom\u00eda, la cultura, la historia, la ciencia o el deporte.<\/p>\n<p>\u201cEstos premios no s\u00f3lo son un reconocimiento\u201d, apunta P\u00e9rez. \u201cSon una inspiraci\u00f3n, una forma de construir un municipio m\u00e1s igualitario. Estas mujeres y estas iniciativas consolidan modelos a seguir para las nuevas generaciones\u201d, apunta.<\/p>\n<p>Adem\u00e1s de la distinci\u00f3n Mujer Destacada 2024, el Ayuntamiento entrega diferentes distinciones honor\u00edficas. Una para el mejor proyecto educativo sobre igualdad. Otra a la entidad que con su trayectoria o labor haya contribuido a la igualdad de oportunidades de las mujeres o a la erradicaci\u00f3n de la violencia de g\u00e9nero. Y otra a la empresa que ha trabajado en pro de la igualdad y la conciliaci\u00f3n de la vida personal y laboral.<\/p>\n<p><strong>C\u00f3mo presentar las candidaturas<\/strong><\/p>\n<p>Las personas y entidades interesadas pueden presentar sus candidaturas en el registro del consistorio o mediante\u00a0<a href=\"https:\/\/eadmin.aridane.org\/\" target=\"_blank\" rel=\"noopener noreferrer\">la sede electr\u00f3nica<\/a>\u00a0hasta el pr\u00f3ximo viernes, 23 de febrero. La gala de los premios Mujer Destacada 2024 tendr\u00e1 lugar el 15 de marzo.<\/p>\n<p>La candidatura debe ir acompa\u00f1ada de una exposici\u00f3n o memoria justificativa de los m\u00e9ritos y razones que han motivado la propuesta. Tambi\u00e9n la memoria del proyecto o actividad desarrollada por la entidad candidata. \u00c9sta deber\u00e1 contener todo aquello que quien realice la solicitud considere necesario para la mejor valoraci\u00f3n de la candidatura.<\/p>\n<\/div>\n","protected":false},"excerpt":{"rendered":"<p>Las personas y entidades interesadas podr\u00e1n presentarse hasta el pr\u00f3ximo 24 de febrero<\/p>\n","protected":false},"author":4,"featured_media":3061,"comment_status":"open","ping_status":"open","sticky":false,"template":"","format":"standard","meta":{"footnotes":""},"categories":[1],"tags":[],"class_list":["post-3060","post","type-post","status-publish","format-standard","has-post-thumbnail","hentry","category-sin-categoria"],"yoast_head":"<!-- This site is optimized with the Yoast SEO plugin v22.7 - https:\/\/yoast.com\/wordpress\/plugins\/seo\/ -->\n<title>El Ayuntamiento de Los Llanos de Aridane abre las bases para los premios Mujer Destacada 2024 - Ayuntamiento de Los Llanos de Aridane<\/title>\n<meta name=\"robots\" content=\"index, follow, max-snippet:-1, max-image-preview:large, max-video-preview:-1\" \/>\n<link rel=\"canonical\" href=\"https:\/\/www.aridane.org\/city\/2024\/01\/22\/el-ayuntamiento-de-los-llanos-de-aridane-abre-las-bases-para-los-premios-mujer-destacada-2024\/\" \/>\n<meta property=\"og:locale\" content=\"es_ES\" \/>\n<meta property=\"og:type\" content=\"article\" \/>\n<meta property=\"og:title\" content=\"El Ayuntamiento de Los Llanos de Aridane abre las bases para los premios Mujer Destacada 2024 - Ayuntamiento de Los Llanos de Aridane\" \/>\n<meta property=\"og:description\" content=\"Las personas y entidades interesadas podr\u00e1n presentarse hasta el pr\u00f3ximo 24 de febrero\" \/>\n<meta property=\"og:url\" content=\"https:\/\/www.aridane.org\/city\/2024\/01\/22\/el-ayuntamiento-de-los-llanos-de-aridane-abre-las-bases-para-los-premios-mujer-destacada-2024\/\" \/>\n<meta property=\"og:site_name\" content=\"Ayuntamiento de Los Llanos de Aridane\" \/>\n<meta property=\"article:published_time\" content=\"2024-01-22T08:25:35+00:00\" \/>\n<meta property=\"og:image\" content=\"https:\/\/www.aridane.org\/city\/wp-content\/uploads\/2024\/01\/Mujer-Destacadac.jpeg\" \/>\n\t<meta property=\"og:image:width\" content=\"1144\" \/>\n\t<meta property=\"og:image:height\" content=\"1600\" \/>\n\t<meta property=\"og:image:type\" content=\"image\/jpeg\" \/>\n<meta name=\"author\" content=\"Corresponsal\" \/>\n<meta name=\"twitter:card\" content=\"summary_large_image\" \/>\n<meta name=\"twitter:label1\" content=\"Escrito por\" \/>\n\t<meta name=\"twitter:data1\" content=\"Corresponsal\" \/>\n\t<meta name=\"twitter:label2\" content=\"Tiempo de lectura\" \/>\n\t<meta name=\"twitter:data2\" content=\"2 minutos\" \/>\n<script type=\"application\/ld+json\" class=\"yoast-schema-graph\">{\"@context\":\"https:\/\/schema.org\",\"@graph\":[{\"@type\":\"WebPage\",\"@id\":\"https:\/\/www.aridane.org\/city\/2024\/01\/22\/el-ayuntamiento-de-los-llanos-de-aridane-abre-las-bases-para-los-premios-mujer-destacada-2024\/\",\"url\":\"https:\/\/www.aridane.org\/city\/2024\/01\/22\/el-ayuntamiento-de-los-llanos-de-aridane-abre-las-bases-para-los-premios-mujer-destacada-2024\/\",\"name\":\"El Ayuntamiento de Los Llanos de Aridane abre las bases para los premios Mujer Destacada 2024 - Ayuntamiento de Los Llanos de Aridane\",\"isPartOf\":{\"@id\":\"https:\/\/www.aridane.org\/city\/#website\"},\"primaryImageOfPage\":{\"@id\":\"https:\/\/www.aridane.org\/city\/2024\/01\/22\/el-ayuntamiento-de-los-llanos-de-aridane-abre-las-bases-para-los-premios-mujer-destacada-2024\/#primaryimage\"},\"image\":{\"@id\":\"https:\/\/www.aridane.org\/city\/2024\/01\/22\/el-ayuntamiento-de-los-llanos-de-aridane-abre-las-bases-para-los-premios-mujer-destacada-2024\/#primaryimage\"},\"thumbnailUrl\":\"https:\/\/www.aridane.org\/city\/wp-content\/uploads\/2024\/01\/Mujer-Destacadac.jpeg\",\"datePublished\":\"2024-01-22T08:25:35+00:00\",\"dateModified\":\"2024-01-22T08:25:35+00:00\",\"author\":{\"@id\":\"https:\/\/www.aridane.org\/city\/#\/schema\/person\/89ebd376b223dc94cc1dbcf200c8e6da\"},\"breadcrumb\":{\"@id\":\"https:\/\/www.aridane.org\/city\/2024\/01\/22\/el-ayuntamiento-de-los-llanos-de-aridane-abre-las-bases-para-los-premios-mujer-destacada-2024\/#breadcrumb\"},\"inLanguage\":\"es\",\"potentialAction\":[{\"@type\":\"ReadAction\",\"target\":[\"https:\/\/www.aridane.org\/city\/2024\/01\/22\/el-ayuntamiento-de-los-llanos-de-aridane-abre-las-bases-para-los-premios-mujer-destacada-2024\/\"]}]},{\"@type\":\"ImageObject\",\"inLanguage\":\"es\",\"@id\":\"https:\/\/www.aridane.org\/city\/2024\/01\/22\/el-ayuntamiento-de-los-llanos-de-aridane-abre-las-bases-para-los-premios-mujer-destacada-2024\/#primaryimage\",\"url\":\"https:\/\/www.aridane.org\/city\/wp-content\/uploads\/2024\/01\/Mujer-Destacadac.jpeg\",\"contentUrl\":\"https:\/\/www.aridane.org\/city\/wp-content\/uploads\/2024\/01\/Mujer-Destacadac.jpeg\",\"width\":1144,\"height\":1600},{\"@type\":\"BreadcrumbList\",\"@id\":\"https:\/\/www.aridane.org\/city\/2024\/01\/22\/el-ayuntamiento-de-los-llanos-de-aridane-abre-las-bases-para-los-premios-mujer-destacada-2024\/#breadcrumb\",\"itemListElement\":[{\"@type\":\"ListItem\",\"position\":1,\"name\":\"Portada\",\"item\":\"https:\/\/www.aridane.org\/city\/\"},{\"@type\":\"ListItem\",\"position\":2,\"name\":\"El Ayuntamiento de Los Llanos de Aridane abre las bases para los premios Mujer Destacada 2024\"}]},{\"@type\":\"WebSite\",\"@id\":\"https:\/\/www.aridane.org\/city\/#website\",\"url\":\"https:\/\/www.aridane.org\/city\/\",\"name\":\"Ayuntamiento de Los Llanos de Aridane\",\"description\":\"\",\"potentialAction\":[{\"@type\":\"SearchAction\",\"target\":{\"@type\":\"EntryPoint\",\"urlTemplate\":\"https:\/\/www.aridane.org\/city\/?s={search_term_string}\"},\"query-input\":\"required name=search_term_string\"}],\"inLanguage\":\"es\"},{\"@type\":\"Person\",\"@id\":\"https:\/\/www.aridane.org\/city\/#\/schema\/person\/89ebd376b223dc94cc1dbcf200c8e6da\",\"name\":\"Corresponsal\",\"image\":{\"@type\":\"ImageObject\",\"inLanguage\":\"es\",\"@id\":\"https:\/\/www.aridane.org\/city\/#\/schema\/person\/image\/\",\"url\":\"https:\/\/secure.gravatar.com\/avatar\/1c476992411e4ccf153da63b2b2f5ea0bb4cb1c85f3ceab8512f04325ad5579c?s=96&d=mm&r=g\",\"contentUrl\":\"https:\/\/secure.gravatar.com\/avatar\/1c476992411e4ccf153da63b2b2f5ea0bb4cb1c85f3ceab8512f04325ad5579c?s=96&d=mm&r=g\",\"caption\":\"Corresponsal\"},\"url\":\"https:\/\/www.aridane.org\/city\/author\/corresponsal\/\"}]}<\/script>\n<!-- \/ Yoast SEO plugin. -->","yoast_head_json":{"title":"El Ayuntamiento de Los Llanos de Aridane abre las bases para los premios Mujer Destacada 2024 - Ayuntamiento de Los Llanos de Aridane","robots":{"index":"index","follow":"follow","max-snippet":"max-snippet:-1","max-image-preview":"max-image-preview:large","max-video-preview":"max-video-preview:-1"},"canonical":"https:\/\/www.aridane.org\/city\/2024\/01\/22\/el-ayuntamiento-de-los-llanos-de-aridane-abre-las-bases-para-los-premios-mujer-destacada-2024\/","og_locale":"es_ES","og_type":"article","og_title":"El Ayuntamiento de Los Llanos de Aridane abre las bases para los premios Mujer Destacada 2024 - Ayuntamiento de Los Llanos de Aridane","og_description":"Las personas y entidades interesadas podr\u00e1n presentarse hasta el pr\u00f3ximo 24 de febrero","og_url":"https:\/\/www.aridane.org\/city\/2024\/01\/22\/el-ayuntamiento-de-los-llanos-de-aridane-abre-las-bases-para-los-premios-mujer-destacada-2024\/","og_site_name":"Ayuntamiento de Los Llanos de Aridane","article_published_time":"2024-01-22T08:25:35+00:00","og_image":[{"width":1144,"height":1600,"url":"https:\/\/www.aridane.org\/city\/wp-content\/uploads\/2024\/01\/Mujer-Destacadac.jpeg","type":"image\/jpeg"}],"author":"Corresponsal","twitter_card":"summary_large_image","twitter_misc":{"Escrito por":"Corresponsal","Tiempo de lectura":"2 minutos"},"schema":{"@context":"https:\/\/schema.org","@graph":[{"@type":"WebPage","@id":"https:\/\/www.aridane.org\/city\/2024\/01\/22\/el-ayuntamiento-de-los-llanos-de-aridane-abre-las-bases-para-los-premios-mujer-destacada-2024\/","url":"https:\/\/www.aridane.org\/city\/2024\/01\/22\/el-ayuntamiento-de-los-llanos-de-aridane-abre-las-bases-para-los-premios-mujer-destacada-2024\/","name":"El Ayuntamiento de Los Llanos de Aridane abre las bases para los premios Mujer Destacada 2024 - Ayuntamiento de Los Llanos de Aridane","isPartOf":{"@id":"https:\/\/www.aridane.org\/city\/#website"},"primaryImageOfPage":{"@id":"https:\/\/www.aridane.org\/city\/2024\/01\/22\/el-ayuntamiento-de-los-llanos-de-aridane-abre-las-bases-para-los-premios-mujer-destacada-2024\/#primaryimage"},"image":{"@id":"https:\/\/www.aridane.org\/city\/2024\/01\/22\/el-ayuntamiento-de-los-llanos-de-aridane-abre-las-bases-para-los-premios-mujer-destacada-2024\/#primaryimage"},"thumbnailUrl":"https:\/\/www.aridane.org\/city\/wp-content\/uploads\/2024\/01\/Mujer-Destacadac.jpeg","datePublished":"2024-01-22T08:25:35+00:00","dateModified":"2024-01-22T08:25:35+00:00","author":{"@id":"https:\/\/www.aridane.org\/city\/#\/schema\/person\/89ebd376b223dc94cc1dbcf200c8e6da"},"breadcrumb":{"@id":"https:\/\/www.aridane.org\/city\/2024\/01\/22\/el-ayuntamiento-de-los-llanos-de-aridane-abre-las-bases-para-los-premios-mujer-destacada-2024\/#breadcrumb"},"inLanguage":"es","potentialAction":[{"@type":"ReadAction","target":["https:\/\/www.aridane.org\/city\/2024\/01\/22\/el-ayuntamiento-de-los-llanos-de-aridane-abre-las-bases-para-los-premios-mujer-destacada-2024\/"]}]},{"@type":"ImageObject","inLanguage":"es","@id":"https:\/\/www.aridane.org\/city\/2024\/01\/22\/el-ayuntamiento-de-los-llanos-de-aridane-abre-las-bases-para-los-premios-mujer-destacada-2024\/#primaryimage","url":"https:\/\/www.aridane.org\/city\/wp-content\/uploads\/2024\/01\/Mujer-Destacadac.jpeg","contentUrl":"https:\/\/www.aridane.org\/city\/wp-content\/uploads\/2024\/01\/Mujer-Destacadac.jpeg","width":1144,"height":1600},{"@type":"BreadcrumbList","@id":"https:\/\/www.aridane.org\/city\/2024\/01\/22\/el-ayuntamiento-de-los-llanos-de-aridane-abre-las-bases-para-los-premios-mujer-destacada-2024\/#breadcrumb","itemListElement":[{"@type":"ListItem","position":1,"name":"Portada","item":"https:\/\/www.aridane.org\/city\/"},{"@type":"ListItem","position":2,"name":"El Ayuntamiento de Los Llanos de Aridane abre las bases para los premios Mujer Destacada 2024"}]},{"@type":"WebSite","@id":"https:\/\/www.aridane.org\/city\/#website","url":"https:\/\/www.aridane.org\/city\/","name":"Ayuntamiento de Los Llanos de Aridane","description":"","potentialAction":[{"@type":"SearchAction","target":{"@type":"EntryPoint","urlTemplate":"https:\/\/www.aridane.org\/city\/?s={search_term_string}"},"query-input":"required name=search_term_string"}],"inLanguage":"es"},{"@type":"Person","@id":"https:\/\/www.aridane.org\/city\/#\/schema\/person\/89ebd376b223dc94cc1dbcf200c8e6da","name":"Corresponsal","image":{"@type":"ImageObject","inLanguage":"es","@id":"https:\/\/www.aridane.org\/city\/#\/schema\/person\/image\/","url":"https:\/\/secure.gravatar.com\/avatar\/1c476992411e4ccf153da63b2b2f5ea0bb4cb1c85f3ceab8512f04325ad5579c?s=96&d=mm&r=g","contentUrl":"https:\/\/secure.gravatar.com\/avatar\/1c476992411e4ccf153da63b2b2f5ea0bb4cb1c85f3ceab8512f04325ad5579c?s=96&d=mm&r=g","caption":"Corresponsal"},"url":"https:\/\/www.aridane.org\/city\/author\/corresponsal\/"}]}},"_links":{"self":[{"href":"https:\/\/www.aridane.org\/city\/wp-json\/wp\/v2\/posts\/3060","targetHints":{"allow":["GET"]}}],"collection":[{"href":"https:\/\/www.aridane.org\/city\/wp-json\/wp\/v2\/posts"}],"about":[{"href":"https:\/\/www.aridane.org\/city\/wp-json\/wp\/v2\/types\/post"}],"author":[{"embeddable":true,"href":"https:\/\/www.aridane.org\/city\/wp-json\/wp\/v2\/users\/4"}],"replies":[{"embeddable":true,"href":"https:\/\/www.aridane.org\/city\/wp-json\/wp\/v2\/comments?post=3060"}],"version-history":[{"count":1,"href":"https:\/\/www.aridane.org\/city\/wp-json\/wp\/v2\/posts\/3060\/revisions"}],"predecessor-version":[{"id":3062,"href":"https:\/\/www.aridane.org\/city\/wp-json\/wp\/v2\/posts\/3060\/revisions\/3062"}],"wp:featuredmedia":[{"embeddable":true,"href":"https:\/\/www.aridane.org\/city\/wp-json\/wp\/v2\/media\/3061"}],"wp:attachment":[{"href":"https:\/\/www.aridane.org\/city\/wp-json\/wp\/v2\/media?parent=3060"}],"wp:term":[{"taxonomy":"category","embeddable":true,"href":"https:\/\/www.aridane.org\/city\/wp-json\/wp\/v2\/categories?post=3060"},{"taxonomy":"post_tag","embeddable":true,"href":"https:\/\/www.aridane.org\/city\/wp-json\/wp\/v2\/tags?post=3060"}],"curies":[{"name":"wp","href":"https:\/\/api.w.org\/{rel}","templated":true}]}}