{"id":3063,"date":"2024-01-23T14:37:53","date_gmt":"2024-01-23T14:37:53","guid":{"rendered":"https:\/\/www.aridane.org\/city\/?p=3063"},"modified":"2024-01-23T14:37:53","modified_gmt":"2024-01-23T14:37:53","slug":"los-llanos-de-aridane-fomenta-la-accesibilidad-cognitiva-en-espacios-publicos-junto-con-ceip-el-roque","status":"publish","type":"post","link":"https:\/\/www.aridane.org\/city\/2024\/01\/23\/los-llanos-de-aridane-fomenta-la-accesibilidad-cognitiva-en-espacios-publicos-junto-con-ceip-el-roque\/","title":{"rendered":"Los Llanos de Aridane fomenta la accesibilidad cognitiva en espacios p\u00fablicos junto con CEIP El Roque"},"content":{"rendered":"<p><i><span style=\"font-weight: 400;\">Se instalan pictogramas en distintos lugares del municipio para facilitar la accesibilidad a aquellos colectivos con dificultades en la comunicaci\u00f3n<\/span><\/i><!--more--><\/p>\n<p><span style=\"font-weight: 400;\">El Ayuntamiento de Los Llanos de Aridane fomenta la accesibilidad cognitiva en espacios p\u00fablicos junto con el CEIP El Roque y el Centro Aragon\u00e9s de la Comunicaci\u00f3n Aumentativa y Alternativa (ARASAAC).\u00a0<\/span><\/p>\n<p><span style=\"font-weight: 400;\">El proyecto, liderado por CEIP El Roque con la colaboraci\u00f3n del Ayuntamiento, ha permitido colocar varios pictogramas en diferentes lugares del municipio, como parques infantiles, bibliotecas y colegios.<\/span><\/p>\n<p><span style=\"font-weight: 400;\">El concejal de Juventud y Educaci\u00f3n, Eduardo P\u00e9rez, explica que este proyecto \u201ca\u00fan est\u00e1 en su primera fase\u201d y que en un segundo episodio \u201cse colocar\u00e1n m\u00e1s pictogramas en todos los colegios e institutos del municipio\u201d.<\/span><\/p>\n<p><span style=\"font-weight: 400;\">En concreto, el programa est\u00e1 dirigido a personas que tienen dificultades para utilizar el habla o el lenguaje verbal de manera efectiva. \u201cEl objetivo es proporcionar a estas personas las herramientas necesarias para expresar sus pensamientos, necesidades y deseos de manera efectiva\u201d, apunta.\u00a0<\/span><\/p>\n<p><span style=\"font-weight: 400;\">Recuerda que el Ayuntamiento ha continuado apoyando esta iniciativa dada la importancia de promover la participaci\u00f3n activa en la sociedad y mejorar la calidad de vida de estas personas.<\/span><\/p>\n<p><span style=\"font-weight: 400;\">En este sentido, el alcalde de Los Llanos de Aridane, Javier Llamas, recuerda los esfuerzos de este grupo de gobierno para mejorar la accesibilidad del municipio en todos sus aspectos. Hace \u00e9nfasis en la reactivaci\u00f3n del proyecto del Parque Infantil Inclusivo, para el que se consigui\u00f3 financiaci\u00f3n del Gobierno de Canarias, las obras de accesibilidad que se realizan en distintas calles del centro, entre otras.<\/span><\/p>\n<p><span style=\"font-weight: 400;\">\u201cNuestro objetivo es hacer de Los Llanos de Aridane un municipio m\u00e1s integrador y alegre\u201d, recuerda Llamas.<\/span><\/p>\n","protected":false},"excerpt":{"rendered":"<p>Se instalan pictogramas en distintos lugares del municipio para facilitar la accesibilidad a aquellos colectivos con dificultades en la comunicaci\u00f3n<\/p>\n","protected":false},"author":4,"featured_media":3064,"comment_status":"open","ping_status":"open","sticky":false,"template":"","format":"standard","meta":{"footnotes":""},"categories":[1],"tags":[],"class_list":["post-3063","post","type-post","status-publish","format-standard","has-post-thumbnail","hentry","category-sin-categoria"],"yoast_head":"<!-- This site is optimized with the Yoast SEO plugin v22.7 - https:\/\/yoast.com\/wordpress\/plugins\/seo\/ -->\n<title>Los Llanos de Aridane fomenta la accesibilidad cognitiva en espacios p\u00fablicos junto con CEIP El Roque - Ayuntamiento de Los Llanos de Aridane<\/title>\n<meta name=\"robots\" content=\"index, follow, max-snippet:-1, max-image-preview:large, max-video-preview:-1\" \/>\n<link rel=\"canonical\" href=\"https:\/\/www.aridane.org\/city\/2024\/01\/23\/los-llanos-de-aridane-fomenta-la-accesibilidad-cognitiva-en-espacios-publicos-junto-con-ceip-el-roque\/\" \/>\n<meta property=\"og:locale\" content=\"es_ES\" \/>\n<meta property=\"og:type\" content=\"article\" \/>\n<meta property=\"og:title\" content=\"Los Llanos de Aridane fomenta la accesibilidad cognitiva en espacios p\u00fablicos junto con CEIP El Roque - Ayuntamiento de Los Llanos de Aridane\" \/>\n<meta property=\"og:description\" content=\"Se instalan pictogramas en distintos lugares del municipio para facilitar la accesibilidad a aquellos colectivos con dificultades en la comunicaci\u00f3n\" \/>\n<meta property=\"og:url\" content=\"https:\/\/www.aridane.org\/city\/2024\/01\/23\/los-llanos-de-aridane-fomenta-la-accesibilidad-cognitiva-en-espacios-publicos-junto-con-ceip-el-roque\/\" \/>\n<meta property=\"og:site_name\" content=\"Ayuntamiento de Los Llanos de Aridane\" \/>\n<meta property=\"article:published_time\" content=\"2024-01-23T14:37:53+00:00\" \/>\n<meta property=\"og:image\" content=\"https:\/\/www.aridane.org\/city\/wp-content\/uploads\/2024\/01\/Pictogramas.jpeg\" \/>\n\t<meta property=\"og:image:width\" content=\"1024\" \/>\n\t<meta property=\"og:image:height\" content=\"768\" \/>\n\t<meta property=\"og:image:type\" content=\"image\/jpeg\" \/>\n<meta name=\"author\" content=\"Corresponsal\" \/>\n<meta name=\"twitter:card\" content=\"summary_large_image\" \/>\n<meta name=\"twitter:label1\" content=\"Escrito por\" \/>\n\t<meta name=\"twitter:data1\" content=\"Corresponsal\" \/>\n\t<meta name=\"twitter:label2\" content=\"Tiempo de lectura\" \/>\n\t<meta name=\"twitter:data2\" content=\"2 minutos\" \/>\n<script type=\"application\/ld+json\" class=\"yoast-schema-graph\">{\"@context\":\"https:\/\/schema.org\",\"@graph\":[{\"@type\":\"WebPage\",\"@id\":\"https:\/\/www.aridane.org\/city\/2024\/01\/23\/los-llanos-de-aridane-fomenta-la-accesibilidad-cognitiva-en-espacios-publicos-junto-con-ceip-el-roque\/\",\"url\":\"https:\/\/www.aridane.org\/city\/2024\/01\/23\/los-llanos-de-aridane-fomenta-la-accesibilidad-cognitiva-en-espacios-publicos-junto-con-ceip-el-roque\/\",\"name\":\"Los Llanos de Aridane fomenta la accesibilidad cognitiva en espacios p\u00fablicos junto con CEIP El Roque - Ayuntamiento de Los Llanos de Aridane\",\"isPartOf\":{\"@id\":\"https:\/\/www.aridane.org\/city\/#website\"},\"primaryImageOfPage\":{\"@id\":\"https:\/\/www.aridane.org\/city\/2024\/01\/23\/los-llanos-de-aridane-fomenta-la-accesibilidad-cognitiva-en-espacios-publicos-junto-con-ceip-el-roque\/#primaryimage\"},\"image\":{\"@id\":\"https:\/\/www.aridane.org\/city\/2024\/01\/23\/los-llanos-de-aridane-fomenta-la-accesibilidad-cognitiva-en-espacios-publicos-junto-con-ceip-el-roque\/#primaryimage\"},\"thumbnailUrl\":\"https:\/\/www.aridane.org\/city\/wp-content\/uploads\/2024\/01\/Pictogramas.jpeg\",\"datePublished\":\"2024-01-23T14:37:53+00:00\",\"dateModified\":\"2024-01-23T14:37:53+00:00\",\"author\":{\"@id\":\"https:\/\/www.aridane.org\/city\/#\/schema\/person\/89ebd376b223dc94cc1dbcf200c8e6da\"},\"breadcrumb\":{\"@id\":\"https:\/\/www.aridane.org\/city\/2024\/01\/23\/los-llanos-de-aridane-fomenta-la-accesibilidad-cognitiva-en-espacios-publicos-junto-con-ceip-el-roque\/#breadcrumb\"},\"inLanguage\":\"es\",\"potentialAction\":[{\"@type\":\"ReadAction\",\"target\":[\"https:\/\/www.aridane.org\/city\/2024\/01\/23\/los-llanos-de-aridane-fomenta-la-accesibilidad-cognitiva-en-espacios-publicos-junto-con-ceip-el-roque\/\"]}]},{\"@type\":\"ImageObject\",\"inLanguage\":\"es\",\"@id\":\"https:\/\/www.aridane.org\/city\/2024\/01\/23\/los-llanos-de-aridane-fomenta-la-accesibilidad-cognitiva-en-espacios-publicos-junto-con-ceip-el-roque\/#primaryimage\",\"url\":\"https:\/\/www.aridane.org\/city\/wp-content\/uploads\/2024\/01\/Pictogramas.jpeg\",\"contentUrl\":\"https:\/\/www.aridane.org\/city\/wp-content\/uploads\/2024\/01\/Pictogramas.jpeg\",\"width\":1024,\"height\":768},{\"@type\":\"BreadcrumbList\",\"@id\":\"https:\/\/www.aridane.org\/city\/2024\/01\/23\/los-llanos-de-aridane-fomenta-la-accesibilidad-cognitiva-en-espacios-publicos-junto-con-ceip-el-roque\/#breadcrumb\",\"itemListElement\":[{\"@type\":\"ListItem\",\"position\":1,\"name\":\"Portada\",\"item\":\"https:\/\/www.aridane.org\/city\/\"},{\"@type\":\"ListItem\",\"position\":2,\"name\":\"Los Llanos de Aridane fomenta la accesibilidad cognitiva en espacios p\u00fablicos junto con CEIP El Roque\"}]},{\"@type\":\"WebSite\",\"@id\":\"https:\/\/www.aridane.org\/city\/#website\",\"url\":\"https:\/\/www.aridane.org\/city\/\",\"name\":\"Ayuntamiento de Los Llanos de Aridane\",\"description\":\"\",\"potentialAction\":[{\"@type\":\"SearchAction\",\"target\":{\"@type\":\"EntryPoint\",\"urlTemplate\":\"https:\/\/www.aridane.org\/city\/?s={search_term_string}\"},\"query-input\":\"required name=search_term_string\"}],\"inLanguage\":\"es\"},{\"@type\":\"Person\",\"@id\":\"https:\/\/www.aridane.org\/city\/#\/schema\/person\/89ebd376b223dc94cc1dbcf200c8e6da\",\"name\":\"Corresponsal\",\"image\":{\"@type\":\"ImageObject\",\"inLanguage\":\"es\",\"@id\":\"https:\/\/www.aridane.org\/city\/#\/schema\/person\/image\/\",\"url\":\"https:\/\/secure.gravatar.com\/avatar\/1c476992411e4ccf153da63b2b2f5ea0bb4cb1c85f3ceab8512f04325ad5579c?s=96&d=mm&r=g\",\"contentUrl\":\"https:\/\/secure.gravatar.com\/avatar\/1c476992411e4ccf153da63b2b2f5ea0bb4cb1c85f3ceab8512f04325ad5579c?s=96&d=mm&r=g\",\"caption\":\"Corresponsal\"},\"url\":\"https:\/\/www.aridane.org\/city\/author\/corresponsal\/\"}]}<\/script>\n<!-- \/ Yoast SEO plugin. -->","yoast_head_json":{"title":"Los Llanos de Aridane fomenta la accesibilidad cognitiva en espacios p\u00fablicos junto con CEIP El Roque - Ayuntamiento de Los Llanos de Aridane","robots":{"index":"index","follow":"follow","max-snippet":"max-snippet:-1","max-image-preview":"max-image-preview:large","max-video-preview":"max-video-preview:-1"},"canonical":"https:\/\/www.aridane.org\/city\/2024\/01\/23\/los-llanos-de-aridane-fomenta-la-accesibilidad-cognitiva-en-espacios-publicos-junto-con-ceip-el-roque\/","og_locale":"es_ES","og_type":"article","og_title":"Los Llanos de Aridane fomenta la accesibilidad cognitiva en espacios p\u00fablicos junto con CEIP El Roque - Ayuntamiento de Los Llanos de Aridane","og_description":"Se instalan pictogramas en distintos lugares del municipio para facilitar la accesibilidad a aquellos colectivos con dificultades en la comunicaci\u00f3n","og_url":"https:\/\/www.aridane.org\/city\/2024\/01\/23\/los-llanos-de-aridane-fomenta-la-accesibilidad-cognitiva-en-espacios-publicos-junto-con-ceip-el-roque\/","og_site_name":"Ayuntamiento de Los Llanos de Aridane","article_published_time":"2024-01-23T14:37:53+00:00","og_image":[{"width":1024,"height":768,"url":"https:\/\/www.aridane.org\/city\/wp-content\/uploads\/2024\/01\/Pictogramas.jpeg","type":"image\/jpeg"}],"author":"Corresponsal","twitter_card":"summary_large_image","twitter_misc":{"Escrito por":"Corresponsal","Tiempo de lectura":"2 minutos"},"schema":{"@context":"https:\/\/schema.org","@graph":[{"@type":"WebPage","@id":"https:\/\/www.aridane.org\/city\/2024\/01\/23\/los-llanos-de-aridane-fomenta-la-accesibilidad-cognitiva-en-espacios-publicos-junto-con-ceip-el-roque\/","url":"https:\/\/www.aridane.org\/city\/2024\/01\/23\/los-llanos-de-aridane-fomenta-la-accesibilidad-cognitiva-en-espacios-publicos-junto-con-ceip-el-roque\/","name":"Los Llanos de Aridane fomenta la accesibilidad cognitiva en espacios p\u00fablicos junto con CEIP El Roque - Ayuntamiento de Los Llanos de Aridane","isPartOf":{"@id":"https:\/\/www.aridane.org\/city\/#website"},"primaryImageOfPage":{"@id":"https:\/\/www.aridane.org\/city\/2024\/01\/23\/los-llanos-de-aridane-fomenta-la-accesibilidad-cognitiva-en-espacios-publicos-junto-con-ceip-el-roque\/#primaryimage"},"image":{"@id":"https:\/\/www.aridane.org\/city\/2024\/01\/23\/los-llanos-de-aridane-fomenta-la-accesibilidad-cognitiva-en-espacios-publicos-junto-con-ceip-el-roque\/#primaryimage"},"thumbnailUrl":"https:\/\/www.aridane.org\/city\/wp-content\/uploads\/2024\/01\/Pictogramas.jpeg","datePublished":"2024-01-23T14:37:53+00:00","dateModified":"2024-01-23T14:37:53+00:00","author":{"@id":"https:\/\/www.aridane.org\/city\/#\/schema\/person\/89ebd376b223dc94cc1dbcf200c8e6da"},"breadcrumb":{"@id":"https:\/\/www.aridane.org\/city\/2024\/01\/23\/los-llanos-de-aridane-fomenta-la-accesibilidad-cognitiva-en-espacios-publicos-junto-con-ceip-el-roque\/#breadcrumb"},"inLanguage":"es","potentialAction":[{"@type":"ReadAction","target":["https:\/\/www.aridane.org\/city\/2024\/01\/23\/los-llanos-de-aridane-fomenta-la-accesibilidad-cognitiva-en-espacios-publicos-junto-con-ceip-el-roque\/"]}]},{"@type":"ImageObject","inLanguage":"es","@id":"https:\/\/www.aridane.org\/city\/2024\/01\/23\/los-llanos-de-aridane-fomenta-la-accesibilidad-cognitiva-en-espacios-publicos-junto-con-ceip-el-roque\/#primaryimage","url":"https:\/\/www.aridane.org\/city\/wp-content\/uploads\/2024\/01\/Pictogramas.jpeg","contentUrl":"https:\/\/www.aridane.org\/city\/wp-content\/uploads\/2024\/01\/Pictogramas.jpeg","width":1024,"height":768},{"@type":"BreadcrumbList","@id":"https:\/\/www.aridane.org\/city\/2024\/01\/23\/los-llanos-de-aridane-fomenta-la-accesibilidad-cognitiva-en-espacios-publicos-junto-con-ceip-el-roque\/#breadcrumb","itemListElement":[{"@type":"ListItem","position":1,"name":"Portada","item":"https:\/\/www.aridane.org\/city\/"},{"@type":"ListItem","position":2,"name":"Los Llanos de Aridane fomenta la accesibilidad cognitiva en espacios p\u00fablicos junto con CEIP El Roque"}]},{"@type":"WebSite","@id":"https:\/\/www.aridane.org\/city\/#website","url":"https:\/\/www.aridane.org\/city\/","name":"Ayuntamiento de Los Llanos de Aridane","description":"","potentialAction":[{"@type":"SearchAction","target":{"@type":"EntryPoint","urlTemplate":"https:\/\/www.aridane.org\/city\/?s={search_term_string}"},"query-input":"required name=search_term_string"}],"inLanguage":"es"},{"@type":"Person","@id":"https:\/\/www.aridane.org\/city\/#\/schema\/person\/89ebd376b223dc94cc1dbcf200c8e6da","name":"Corresponsal","image":{"@type":"ImageObject","inLanguage":"es","@id":"https:\/\/www.aridane.org\/city\/#\/schema\/person\/image\/","url":"https:\/\/secure.gravatar.com\/avatar\/1c476992411e4ccf153da63b2b2f5ea0bb4cb1c85f3ceab8512f04325ad5579c?s=96&d=mm&r=g","contentUrl":"https:\/\/secure.gravatar.com\/avatar\/1c476992411e4ccf153da63b2b2f5ea0bb4cb1c85f3ceab8512f04325ad5579c?s=96&d=mm&r=g","caption":"Corresponsal"},"url":"https:\/\/www.aridane.org\/city\/author\/corresponsal\/"}]}},"_links":{"self":[{"href":"https:\/\/www.aridane.org\/city\/wp-json\/wp\/v2\/posts\/3063","targetHints":{"allow":["GET"]}}],"collection":[{"href":"https:\/\/www.aridane.org\/city\/wp-json\/wp\/v2\/posts"}],"about":[{"href":"https:\/\/www.aridane.org\/city\/wp-json\/wp\/v2\/types\/post"}],"author":[{"embeddable":true,"href":"https:\/\/www.aridane.org\/city\/wp-json\/wp\/v2\/users\/4"}],"replies":[{"embeddable":true,"href":"https:\/\/www.aridane.org\/city\/wp-json\/wp\/v2\/comments?post=3063"}],"version-history":[{"count":1,"href":"https:\/\/www.aridane.org\/city\/wp-json\/wp\/v2\/posts\/3063\/revisions"}],"predecessor-version":[{"id":3065,"href":"https:\/\/www.aridane.org\/city\/wp-json\/wp\/v2\/posts\/3063\/revisions\/3065"}],"wp:featuredmedia":[{"embeddable":true,"href":"https:\/\/www.aridane.org\/city\/wp-json\/wp\/v2\/media\/3064"}],"wp:attachment":[{"href":"https:\/\/www.aridane.org\/city\/wp-json\/wp\/v2\/media?parent=3063"}],"wp:term":[{"taxonomy":"category","embeddable":true,"href":"https:\/\/www.aridane.org\/city\/wp-json\/wp\/v2\/categories?post=3063"},{"taxonomy":"post_tag","embeddable":true,"href":"https:\/\/www.aridane.org\/city\/wp-json\/wp\/v2\/tags?post=3063"}],"curies":[{"name":"wp","href":"https:\/\/api.w.org\/{rel}","templated":true}]}}