{"id":3070,"date":"2024-01-26T10:17:14","date_gmt":"2024-01-26T10:17:14","guid":{"rendered":"https:\/\/www.aridane.org\/city\/?p=3070"},"modified":"2024-01-26T10:17:14","modified_gmt":"2024-01-26T10:17:14","slug":"los-llanos-de-aridane-culmina-la-cesion-de-terrenos-al-gobierno-de-canarias-para-construir-vivienda","status":"publish","type":"post","link":"https:\/\/www.aridane.org\/city\/2024\/01\/26\/los-llanos-de-aridane-culmina-la-cesion-de-terrenos-al-gobierno-de-canarias-para-construir-vivienda\/","title":{"rendered":"Los Llanos de Aridane culmina la cesi\u00f3n de terrenos al Gobierno de Canarias para construir vivienda\u00a0\u00a0"},"content":{"rendered":"<p><i><span style=\"font-weight: 400;\">El alcalde Javier Llamas agradece la labor del personal municipal en estos \u00faltimos meses<\/span><\/i><!--more--><\/p>\n<p><span style=\"font-weight: 400;\">El pleno del Ayuntamiento de Los Llanos de Aridane aprueba por unanimidad la cesi\u00f3n de tres parcelas al Gobierno de Canarias mediante convenio con el Instituto Canario de la Vivienda (Icavi).\u00a0<\/span><\/p>\n<p><span style=\"font-weight: 400;\">Los terrenos est\u00e1n ubicados en la Monta\u00f1a de Tenisca, El Callao y la calle Eusebio Barreto, en El Roque. Fueron cedidos al Ejecutivo regional en la pasada legislatura, pero el Icavi los rechaz\u00f3 al presentar dos de las parcelas problemas catastrales y registrales. Problemas que hac\u00edan imposible su uso para vivienda p\u00fablica.\u00a0<\/span><\/p>\n<p><span style=\"font-weight: 400;\">Por otro lado, la parcela de El Roque fue una cesi\u00f3n de uso a la Guardia Civil que tuvo que formalizarse de manera correcta.<\/span><\/p>\n<p><span style=\"font-weight: 400;\">Una vez solucionados estos asuntos y cerrado un acuerdo con la Guardia Civil para que el Ayuntamiento recupere el uso de dicha parcela, se ha aprobado en el pleno de este jueves la cesi\u00f3n correcta de las tres parcelas al Icavi.<\/span><\/p>\n<h2><strong>Agradecimiento al personal municipal<\/strong><\/h2>\n<p><span style=\"font-weight: 400;\">El alcalde Javier Llamas asegura que era vital resolver estos inconvenientes para que en Los Llanos de Aridane se pueda construir vivienda p\u00fablica y aliviar la situaci\u00f3n habitacional.\u00a0<\/span><\/p>\n<p><span style=\"font-weight: 400;\">\u201cQuiero agradecer de manera especial el compromiso del personal municipal, que en los \u00faltimos meses ha trabajado para que todo pueda hacerse de manera correcta\u201d, apunta, reiterando el compromiso del grupo de gobierno \u201cpara hacer de Los Llanos de Aridane una ciudad m\u00e1s integradora y pr\u00f3spera\u201d.<\/span><\/p>\n","protected":false},"excerpt":{"rendered":"<p>El alcalde Javier Llamas agradece la labor del personal municipal en estos \u00faltimos meses<\/p>\n","protected":false},"author":4,"featured_media":3071,"comment_status":"open","ping_status":"open","sticky":false,"template":"","format":"standard","meta":{"footnotes":""},"categories":[1],"tags":[],"class_list":["post-3070","post","type-post","status-publish","format-standard","has-post-thumbnail","hentry","category-sin-categoria"],"yoast_head":"<!-- This site is optimized with the Yoast SEO plugin v22.7 - https:\/\/yoast.com\/wordpress\/plugins\/seo\/ -->\n<title>Los Llanos de Aridane culmina la cesi\u00f3n de terrenos al Gobierno de Canarias para construir vivienda\u00a0\u00a0 - Ayuntamiento de Los Llanos de Aridane<\/title>\n<meta name=\"robots\" content=\"index, follow, max-snippet:-1, max-image-preview:large, max-video-preview:-1\" \/>\n<link rel=\"canonical\" href=\"https:\/\/www.aridane.org\/city\/2024\/01\/26\/los-llanos-de-aridane-culmina-la-cesion-de-terrenos-al-gobierno-de-canarias-para-construir-vivienda\/\" \/>\n<meta property=\"og:locale\" content=\"es_ES\" \/>\n<meta property=\"og:type\" content=\"article\" \/>\n<meta property=\"og:title\" content=\"Los Llanos de Aridane culmina la cesi\u00f3n de terrenos al Gobierno de Canarias para construir vivienda\u00a0\u00a0 - Ayuntamiento de Los Llanos de Aridane\" \/>\n<meta property=\"og:description\" content=\"El alcalde Javier Llamas agradece la labor del personal municipal en estos \u00faltimos meses\" \/>\n<meta property=\"og:url\" content=\"https:\/\/www.aridane.org\/city\/2024\/01\/26\/los-llanos-de-aridane-culmina-la-cesion-de-terrenos-al-gobierno-de-canarias-para-construir-vivienda\/\" \/>\n<meta property=\"og:site_name\" content=\"Ayuntamiento de Los Llanos de Aridane\" \/>\n<meta property=\"article:published_time\" content=\"2024-01-26T10:17:14+00:00\" \/>\n<meta property=\"og:image\" content=\"https:\/\/www.aridane.org\/city\/wp-content\/uploads\/2024\/01\/F9xDQywWQAA522Z.jpg\" \/>\n\t<meta property=\"og:image:width\" content=\"1000\" \/>\n\t<meta property=\"og:image:height\" content=\"667\" \/>\n\t<meta property=\"og:image:type\" content=\"image\/jpeg\" \/>\n<meta name=\"author\" content=\"Corresponsal\" \/>\n<meta name=\"twitter:card\" content=\"summary_large_image\" \/>\n<meta name=\"twitter:label1\" content=\"Escrito por\" \/>\n\t<meta name=\"twitter:data1\" content=\"Corresponsal\" \/>\n\t<meta name=\"twitter:label2\" content=\"Tiempo de lectura\" \/>\n\t<meta name=\"twitter:data2\" content=\"2 minutos\" \/>\n<script type=\"application\/ld+json\" class=\"yoast-schema-graph\">{\"@context\":\"https:\/\/schema.org\",\"@graph\":[{\"@type\":\"WebPage\",\"@id\":\"https:\/\/www.aridane.org\/city\/2024\/01\/26\/los-llanos-de-aridane-culmina-la-cesion-de-terrenos-al-gobierno-de-canarias-para-construir-vivienda\/\",\"url\":\"https:\/\/www.aridane.org\/city\/2024\/01\/26\/los-llanos-de-aridane-culmina-la-cesion-de-terrenos-al-gobierno-de-canarias-para-construir-vivienda\/\",\"name\":\"Los Llanos de Aridane culmina la cesi\u00f3n de terrenos al Gobierno de Canarias para construir vivienda\u00a0\u00a0 - Ayuntamiento de Los Llanos de Aridane\",\"isPartOf\":{\"@id\":\"https:\/\/www.aridane.org\/city\/#website\"},\"primaryImageOfPage\":{\"@id\":\"https:\/\/www.aridane.org\/city\/2024\/01\/26\/los-llanos-de-aridane-culmina-la-cesion-de-terrenos-al-gobierno-de-canarias-para-construir-vivienda\/#primaryimage\"},\"image\":{\"@id\":\"https:\/\/www.aridane.org\/city\/2024\/01\/26\/los-llanos-de-aridane-culmina-la-cesion-de-terrenos-al-gobierno-de-canarias-para-construir-vivienda\/#primaryimage\"},\"thumbnailUrl\":\"https:\/\/www.aridane.org\/city\/wp-content\/uploads\/2024\/01\/F9xDQywWQAA522Z.jpg\",\"datePublished\":\"2024-01-26T10:17:14+00:00\",\"dateModified\":\"2024-01-26T10:17:14+00:00\",\"author\":{\"@id\":\"https:\/\/www.aridane.org\/city\/#\/schema\/person\/89ebd376b223dc94cc1dbcf200c8e6da\"},\"breadcrumb\":{\"@id\":\"https:\/\/www.aridane.org\/city\/2024\/01\/26\/los-llanos-de-aridane-culmina-la-cesion-de-terrenos-al-gobierno-de-canarias-para-construir-vivienda\/#breadcrumb\"},\"inLanguage\":\"es\",\"potentialAction\":[{\"@type\":\"ReadAction\",\"target\":[\"https:\/\/www.aridane.org\/city\/2024\/01\/26\/los-llanos-de-aridane-culmina-la-cesion-de-terrenos-al-gobierno-de-canarias-para-construir-vivienda\/\"]}]},{\"@type\":\"ImageObject\",\"inLanguage\":\"es\",\"@id\":\"https:\/\/www.aridane.org\/city\/2024\/01\/26\/los-llanos-de-aridane-culmina-la-cesion-de-terrenos-al-gobierno-de-canarias-para-construir-vivienda\/#primaryimage\",\"url\":\"https:\/\/www.aridane.org\/city\/wp-content\/uploads\/2024\/01\/F9xDQywWQAA522Z.jpg\",\"contentUrl\":\"https:\/\/www.aridane.org\/city\/wp-content\/uploads\/2024\/01\/F9xDQywWQAA522Z.jpg\",\"width\":1000,\"height\":667},{\"@type\":\"BreadcrumbList\",\"@id\":\"https:\/\/www.aridane.org\/city\/2024\/01\/26\/los-llanos-de-aridane-culmina-la-cesion-de-terrenos-al-gobierno-de-canarias-para-construir-vivienda\/#breadcrumb\",\"itemListElement\":[{\"@type\":\"ListItem\",\"position\":1,\"name\":\"Portada\",\"item\":\"https:\/\/www.aridane.org\/city\/\"},{\"@type\":\"ListItem\",\"position\":2,\"name\":\"Los Llanos de Aridane culmina la cesi\u00f3n de terrenos al Gobierno de Canarias para construir vivienda\u00a0\u00a0\"}]},{\"@type\":\"WebSite\",\"@id\":\"https:\/\/www.aridane.org\/city\/#website\",\"url\":\"https:\/\/www.aridane.org\/city\/\",\"name\":\"Ayuntamiento de Los Llanos de Aridane\",\"description\":\"\",\"potentialAction\":[{\"@type\":\"SearchAction\",\"target\":{\"@type\":\"EntryPoint\",\"urlTemplate\":\"https:\/\/www.aridane.org\/city\/?s={search_term_string}\"},\"query-input\":\"required name=search_term_string\"}],\"inLanguage\":\"es\"},{\"@type\":\"Person\",\"@id\":\"https:\/\/www.aridane.org\/city\/#\/schema\/person\/89ebd376b223dc94cc1dbcf200c8e6da\",\"name\":\"Corresponsal\",\"image\":{\"@type\":\"ImageObject\",\"inLanguage\":\"es\",\"@id\":\"https:\/\/www.aridane.org\/city\/#\/schema\/person\/image\/\",\"url\":\"https:\/\/secure.gravatar.com\/avatar\/1c476992411e4ccf153da63b2b2f5ea0bb4cb1c85f3ceab8512f04325ad5579c?s=96&d=mm&r=g\",\"contentUrl\":\"https:\/\/secure.gravatar.com\/avatar\/1c476992411e4ccf153da63b2b2f5ea0bb4cb1c85f3ceab8512f04325ad5579c?s=96&d=mm&r=g\",\"caption\":\"Corresponsal\"},\"url\":\"https:\/\/www.aridane.org\/city\/author\/corresponsal\/\"}]}<\/script>\n<!-- \/ Yoast SEO plugin. -->","yoast_head_json":{"title":"Los Llanos de Aridane culmina la cesi\u00f3n de terrenos al Gobierno de Canarias para construir vivienda\u00a0\u00a0 - Ayuntamiento de Los Llanos de Aridane","robots":{"index":"index","follow":"follow","max-snippet":"max-snippet:-1","max-image-preview":"max-image-preview:large","max-video-preview":"max-video-preview:-1"},"canonical":"https:\/\/www.aridane.org\/city\/2024\/01\/26\/los-llanos-de-aridane-culmina-la-cesion-de-terrenos-al-gobierno-de-canarias-para-construir-vivienda\/","og_locale":"es_ES","og_type":"article","og_title":"Los Llanos de Aridane culmina la cesi\u00f3n de terrenos al Gobierno de Canarias para construir vivienda\u00a0\u00a0 - Ayuntamiento de Los Llanos de Aridane","og_description":"El alcalde Javier Llamas agradece la labor del personal municipal en estos \u00faltimos meses","og_url":"https:\/\/www.aridane.org\/city\/2024\/01\/26\/los-llanos-de-aridane-culmina-la-cesion-de-terrenos-al-gobierno-de-canarias-para-construir-vivienda\/","og_site_name":"Ayuntamiento de Los Llanos de Aridane","article_published_time":"2024-01-26T10:17:14+00:00","og_image":[{"width":1000,"height":667,"url":"https:\/\/www.aridane.org\/city\/wp-content\/uploads\/2024\/01\/F9xDQywWQAA522Z.jpg","type":"image\/jpeg"}],"author":"Corresponsal","twitter_card":"summary_large_image","twitter_misc":{"Escrito por":"Corresponsal","Tiempo de lectura":"2 minutos"},"schema":{"@context":"https:\/\/schema.org","@graph":[{"@type":"WebPage","@id":"https:\/\/www.aridane.org\/city\/2024\/01\/26\/los-llanos-de-aridane-culmina-la-cesion-de-terrenos-al-gobierno-de-canarias-para-construir-vivienda\/","url":"https:\/\/www.aridane.org\/city\/2024\/01\/26\/los-llanos-de-aridane-culmina-la-cesion-de-terrenos-al-gobierno-de-canarias-para-construir-vivienda\/","name":"Los Llanos de Aridane culmina la cesi\u00f3n de terrenos al Gobierno de Canarias para construir vivienda\u00a0\u00a0 - Ayuntamiento de Los Llanos de Aridane","isPartOf":{"@id":"https:\/\/www.aridane.org\/city\/#website"},"primaryImageOfPage":{"@id":"https:\/\/www.aridane.org\/city\/2024\/01\/26\/los-llanos-de-aridane-culmina-la-cesion-de-terrenos-al-gobierno-de-canarias-para-construir-vivienda\/#primaryimage"},"image":{"@id":"https:\/\/www.aridane.org\/city\/2024\/01\/26\/los-llanos-de-aridane-culmina-la-cesion-de-terrenos-al-gobierno-de-canarias-para-construir-vivienda\/#primaryimage"},"thumbnailUrl":"https:\/\/www.aridane.org\/city\/wp-content\/uploads\/2024\/01\/F9xDQywWQAA522Z.jpg","datePublished":"2024-01-26T10:17:14+00:00","dateModified":"2024-01-26T10:17:14+00:00","author":{"@id":"https:\/\/www.aridane.org\/city\/#\/schema\/person\/89ebd376b223dc94cc1dbcf200c8e6da"},"breadcrumb":{"@id":"https:\/\/www.aridane.org\/city\/2024\/01\/26\/los-llanos-de-aridane-culmina-la-cesion-de-terrenos-al-gobierno-de-canarias-para-construir-vivienda\/#breadcrumb"},"inLanguage":"es","potentialAction":[{"@type":"ReadAction","target":["https:\/\/www.aridane.org\/city\/2024\/01\/26\/los-llanos-de-aridane-culmina-la-cesion-de-terrenos-al-gobierno-de-canarias-para-construir-vivienda\/"]}]},{"@type":"ImageObject","inLanguage":"es","@id":"https:\/\/www.aridane.org\/city\/2024\/01\/26\/los-llanos-de-aridane-culmina-la-cesion-de-terrenos-al-gobierno-de-canarias-para-construir-vivienda\/#primaryimage","url":"https:\/\/www.aridane.org\/city\/wp-content\/uploads\/2024\/01\/F9xDQywWQAA522Z.jpg","contentUrl":"https:\/\/www.aridane.org\/city\/wp-content\/uploads\/2024\/01\/F9xDQywWQAA522Z.jpg","width":1000,"height":667},{"@type":"BreadcrumbList","@id":"https:\/\/www.aridane.org\/city\/2024\/01\/26\/los-llanos-de-aridane-culmina-la-cesion-de-terrenos-al-gobierno-de-canarias-para-construir-vivienda\/#breadcrumb","itemListElement":[{"@type":"ListItem","position":1,"name":"Portada","item":"https:\/\/www.aridane.org\/city\/"},{"@type":"ListItem","position":2,"name":"Los Llanos de Aridane culmina la cesi\u00f3n de terrenos al Gobierno de Canarias para construir vivienda\u00a0\u00a0"}]},{"@type":"WebSite","@id":"https:\/\/www.aridane.org\/city\/#website","url":"https:\/\/www.aridane.org\/city\/","name":"Ayuntamiento de Los Llanos de Aridane","description":"","potentialAction":[{"@type":"SearchAction","target":{"@type":"EntryPoint","urlTemplate":"https:\/\/www.aridane.org\/city\/?s={search_term_string}"},"query-input":"required name=search_term_string"}],"inLanguage":"es"},{"@type":"Person","@id":"https:\/\/www.aridane.org\/city\/#\/schema\/person\/89ebd376b223dc94cc1dbcf200c8e6da","name":"Corresponsal","image":{"@type":"ImageObject","inLanguage":"es","@id":"https:\/\/www.aridane.org\/city\/#\/schema\/person\/image\/","url":"https:\/\/secure.gravatar.com\/avatar\/1c476992411e4ccf153da63b2b2f5ea0bb4cb1c85f3ceab8512f04325ad5579c?s=96&d=mm&r=g","contentUrl":"https:\/\/secure.gravatar.com\/avatar\/1c476992411e4ccf153da63b2b2f5ea0bb4cb1c85f3ceab8512f04325ad5579c?s=96&d=mm&r=g","caption":"Corresponsal"},"url":"https:\/\/www.aridane.org\/city\/author\/corresponsal\/"}]}},"_links":{"self":[{"href":"https:\/\/www.aridane.org\/city\/wp-json\/wp\/v2\/posts\/3070","targetHints":{"allow":["GET"]}}],"collection":[{"href":"https:\/\/www.aridane.org\/city\/wp-json\/wp\/v2\/posts"}],"about":[{"href":"https:\/\/www.aridane.org\/city\/wp-json\/wp\/v2\/types\/post"}],"author":[{"embeddable":true,"href":"https:\/\/www.aridane.org\/city\/wp-json\/wp\/v2\/users\/4"}],"replies":[{"embeddable":true,"href":"https:\/\/www.aridane.org\/city\/wp-json\/wp\/v2\/comments?post=3070"}],"version-history":[{"count":1,"href":"https:\/\/www.aridane.org\/city\/wp-json\/wp\/v2\/posts\/3070\/revisions"}],"predecessor-version":[{"id":3072,"href":"https:\/\/www.aridane.org\/city\/wp-json\/wp\/v2\/posts\/3070\/revisions\/3072"}],"wp:featuredmedia":[{"embeddable":true,"href":"https:\/\/www.aridane.org\/city\/wp-json\/wp\/v2\/media\/3071"}],"wp:attachment":[{"href":"https:\/\/www.aridane.org\/city\/wp-json\/wp\/v2\/media?parent=3070"}],"wp:term":[{"taxonomy":"category","embeddable":true,"href":"https:\/\/www.aridane.org\/city\/wp-json\/wp\/v2\/categories?post=3070"},{"taxonomy":"post_tag","embeddable":true,"href":"https:\/\/www.aridane.org\/city\/wp-json\/wp\/v2\/tags?post=3070"}],"curies":[{"name":"wp","href":"https:\/\/api.w.org\/{rel}","templated":true}]}}