{"id":3295,"date":"2024-02-02T07:17:21","date_gmt":"2024-02-02T07:17:21","guid":{"rendered":"https:\/\/www.aridane.org\/city\/?p=3295"},"modified":"2024-02-07T07:21:29","modified_gmt":"2024-02-07T07:21:29","slug":"alba-sanchez-cano-fantasia-adulta-del-carnaval-de-los-llanos-de-aridane","status":"publish","type":"post","link":"https:\/\/www.aridane.org\/city\/2024\/02\/02\/alba-sanchez-cano-fantasia-adulta-del-carnaval-de-los-llanos-de-aridane\/","title":{"rendered":"Alba S\u00e1nchez Cano, Fantas\u00eda Adulta del Carnaval de Los Llanos de Aridane"},"content":{"rendered":"<p><em>Desde el Ayuntamiento celebran el trabajo de las participantes, las dise\u00f1adoras y los grupos del Carnaval<\/em><!--more--><\/p>\n<p>Alba S\u00e1nchez Cano se proclama Fantas\u00eda Adulta del Carnaval de Los Llanos de Aridane con su fantas\u00eda\u00a0<em>\u00a1Majestuosa!<\/em>, dise\u00f1ada por La Tribu Designer.<\/p>\n<p>El alcalde Javier Llamas extiende su enhorabuena a la ganadora, as\u00ed como a su equipo. \u201cEl nivel mostrado ha sido excelente y me consta que el trabajo realizado, tambi\u00e9n\u201d, apunta, poniendo tambi\u00e9n en valor la actuaci\u00f3n de la otra participante, Ingrith Andrea Acosta, con su fantas\u00eda\u00a0<em>Por Amor\u00a0<\/em>\u00a0dise\u00f1ada por Miguel Hern\u00e1ndez Riverol y Mar\u00eda Jes\u00fas Mart\u00edn Gonz\u00e1lez.<\/p>\n<p>La gala, que tuvo lugar este viernes, 2 de febrero, en la Plaza Juan Pablo II goz\u00f3 de una nutrida asistencia y de espect\u00e1culos de primer nivel. En este sentido, el concejal de Fiestas, \u00c1lvaro Pages, celebra el trabajo de los grupos del Carnaval, as\u00ed como los espect\u00e1culos de Badakatun, Drag Hefesto y Juan Antonio Cabrera.<\/p>\n<p>\u201cEl Carnaval del Futuro ya tiene su Fantas\u00eda Adulta, pero queda mucho m\u00e1s\u201d, apunta \u00c1lvaro Pages, recordando que las galas de elecci\u00f3n de la Infantil y de la Gran Dama ser\u00e1 este domingo y lunes respectivamente. Tambi\u00e9n invita a la ciudadan\u00eda a acudir al espect\u00e1culo de murgas, que tiene lugar este s\u00e1bado, 3 de febrero, en la Plaza Juan Pablo II, a partir de las 13:00 horas.<\/p>\n<h2><strong>Fantas\u00eda Infantil y Gran Dama<\/strong><\/h2>\n<p>El domingo, d\u00eda 4, a las 19:00 horas, ser\u00e1 la Gala de la Fantas\u00eda Infantil. Participar\u00e1n los grupos del Carnaval, adem\u00e1s del payaso Floon, cuya actuaci\u00f3n est\u00e1 repleta de arte y talento.<\/p>\n<p>El lunes, 5 de febrero, a las 18:30 horas, ser\u00e1 la Gala de la Fantas\u00eda Gran Dama. Contar\u00e1 con la actuaci\u00f3n de La Era y Las Camelias y Josefina Alem\u00e1n ser\u00e1 la artista invitada.<\/p>\n","protected":false},"excerpt":{"rendered":"<p>Desde el Ayuntamiento celebran el trabajo de las participantes, las dise\u00f1adoras y los grupos del Carnaval<\/p>\n","protected":false},"author":4,"featured_media":3386,"comment_status":"open","ping_status":"open","sticky":false,"template":"","format":"standard","meta":{"footnotes":""},"categories":[1],"tags":[],"class_list":["post-3295","post","type-post","status-publish","format-standard","has-post-thumbnail","hentry","category-sin-categoria"],"yoast_head":"<!-- This site is optimized with the Yoast SEO plugin v22.7 - https:\/\/yoast.com\/wordpress\/plugins\/seo\/ -->\n<title>Alba S\u00e1nchez Cano, Fantas\u00eda Adulta del Carnaval de Los Llanos de Aridane - Ayuntamiento de Los Llanos de Aridane<\/title>\n<meta name=\"robots\" content=\"index, follow, max-snippet:-1, max-image-preview:large, max-video-preview:-1\" \/>\n<link rel=\"canonical\" href=\"https:\/\/www.aridane.org\/city\/2024\/02\/02\/alba-sanchez-cano-fantasia-adulta-del-carnaval-de-los-llanos-de-aridane\/\" \/>\n<meta property=\"og:locale\" content=\"es_ES\" \/>\n<meta property=\"og:type\" content=\"article\" \/>\n<meta property=\"og:title\" content=\"Alba S\u00e1nchez Cano, Fantas\u00eda Adulta del Carnaval de Los Llanos de Aridane - Ayuntamiento de Los Llanos de Aridane\" \/>\n<meta property=\"og:description\" content=\"Desde el Ayuntamiento celebran el trabajo de las participantes, las dise\u00f1adoras y los grupos del Carnaval\" \/>\n<meta property=\"og:url\" content=\"https:\/\/www.aridane.org\/city\/2024\/02\/02\/alba-sanchez-cano-fantasia-adulta-del-carnaval-de-los-llanos-de-aridane\/\" \/>\n<meta property=\"og:site_name\" content=\"Ayuntamiento de Los Llanos de Aridane\" \/>\n<meta property=\"article:published_time\" content=\"2024-02-02T07:17:21+00:00\" \/>\n<meta property=\"article:modified_time\" content=\"2024-02-07T07:21:29+00:00\" \/>\n<meta property=\"og:image\" content=\"https:\/\/www.aridane.org\/city\/wp-content\/uploads\/2024\/02\/Alba-Sanchez-Cano.jpeg\" \/>\n\t<meta property=\"og:image:width\" content=\"1600\" \/>\n\t<meta property=\"og:image:height\" content=\"1066\" \/>\n\t<meta property=\"og:image:type\" content=\"image\/jpeg\" \/>\n<meta name=\"author\" content=\"Corresponsal\" \/>\n<meta name=\"twitter:card\" content=\"summary_large_image\" \/>\n<meta name=\"twitter:label1\" content=\"Escrito por\" \/>\n\t<meta name=\"twitter:data1\" content=\"Corresponsal\" \/>\n\t<meta name=\"twitter:label2\" content=\"Tiempo de lectura\" \/>\n\t<meta name=\"twitter:data2\" content=\"2 minutos\" \/>\n<script type=\"application\/ld+json\" class=\"yoast-schema-graph\">{\"@context\":\"https:\/\/schema.org\",\"@graph\":[{\"@type\":\"WebPage\",\"@id\":\"https:\/\/www.aridane.org\/city\/2024\/02\/02\/alba-sanchez-cano-fantasia-adulta-del-carnaval-de-los-llanos-de-aridane\/\",\"url\":\"https:\/\/www.aridane.org\/city\/2024\/02\/02\/alba-sanchez-cano-fantasia-adulta-del-carnaval-de-los-llanos-de-aridane\/\",\"name\":\"Alba S\u00e1nchez Cano, Fantas\u00eda Adulta del Carnaval de Los Llanos de Aridane - Ayuntamiento de Los Llanos de Aridane\",\"isPartOf\":{\"@id\":\"https:\/\/www.aridane.org\/city\/#website\"},\"primaryImageOfPage\":{\"@id\":\"https:\/\/www.aridane.org\/city\/2024\/02\/02\/alba-sanchez-cano-fantasia-adulta-del-carnaval-de-los-llanos-de-aridane\/#primaryimage\"},\"image\":{\"@id\":\"https:\/\/www.aridane.org\/city\/2024\/02\/02\/alba-sanchez-cano-fantasia-adulta-del-carnaval-de-los-llanos-de-aridane\/#primaryimage\"},\"thumbnailUrl\":\"https:\/\/www.aridane.org\/city\/wp-content\/uploads\/2024\/02\/Alba-Sanchez-Cano.jpeg\",\"datePublished\":\"2024-02-02T07:17:21+00:00\",\"dateModified\":\"2024-02-07T07:21:29+00:00\",\"author\":{\"@id\":\"https:\/\/www.aridane.org\/city\/#\/schema\/person\/89ebd376b223dc94cc1dbcf200c8e6da\"},\"breadcrumb\":{\"@id\":\"https:\/\/www.aridane.org\/city\/2024\/02\/02\/alba-sanchez-cano-fantasia-adulta-del-carnaval-de-los-llanos-de-aridane\/#breadcrumb\"},\"inLanguage\":\"es\",\"potentialAction\":[{\"@type\":\"ReadAction\",\"target\":[\"https:\/\/www.aridane.org\/city\/2024\/02\/02\/alba-sanchez-cano-fantasia-adulta-del-carnaval-de-los-llanos-de-aridane\/\"]}]},{\"@type\":\"ImageObject\",\"inLanguage\":\"es\",\"@id\":\"https:\/\/www.aridane.org\/city\/2024\/02\/02\/alba-sanchez-cano-fantasia-adulta-del-carnaval-de-los-llanos-de-aridane\/#primaryimage\",\"url\":\"https:\/\/www.aridane.org\/city\/wp-content\/uploads\/2024\/02\/Alba-Sanchez-Cano.jpeg\",\"contentUrl\":\"https:\/\/www.aridane.org\/city\/wp-content\/uploads\/2024\/02\/Alba-Sanchez-Cano.jpeg\",\"width\":1600,\"height\":1066},{\"@type\":\"BreadcrumbList\",\"@id\":\"https:\/\/www.aridane.org\/city\/2024\/02\/02\/alba-sanchez-cano-fantasia-adulta-del-carnaval-de-los-llanos-de-aridane\/#breadcrumb\",\"itemListElement\":[{\"@type\":\"ListItem\",\"position\":1,\"name\":\"Portada\",\"item\":\"https:\/\/www.aridane.org\/city\/\"},{\"@type\":\"ListItem\",\"position\":2,\"name\":\"Alba S\u00e1nchez Cano, Fantas\u00eda Adulta del Carnaval de Los Llanos de Aridane\"}]},{\"@type\":\"WebSite\",\"@id\":\"https:\/\/www.aridane.org\/city\/#website\",\"url\":\"https:\/\/www.aridane.org\/city\/\",\"name\":\"Ayuntamiento de Los Llanos de Aridane\",\"description\":\"\",\"potentialAction\":[{\"@type\":\"SearchAction\",\"target\":{\"@type\":\"EntryPoint\",\"urlTemplate\":\"https:\/\/www.aridane.org\/city\/?s={search_term_string}\"},\"query-input\":\"required name=search_term_string\"}],\"inLanguage\":\"es\"},{\"@type\":\"Person\",\"@id\":\"https:\/\/www.aridane.org\/city\/#\/schema\/person\/89ebd376b223dc94cc1dbcf200c8e6da\",\"name\":\"Corresponsal\",\"image\":{\"@type\":\"ImageObject\",\"inLanguage\":\"es\",\"@id\":\"https:\/\/www.aridane.org\/city\/#\/schema\/person\/image\/\",\"url\":\"https:\/\/secure.gravatar.com\/avatar\/1c476992411e4ccf153da63b2b2f5ea0bb4cb1c85f3ceab8512f04325ad5579c?s=96&d=mm&r=g\",\"contentUrl\":\"https:\/\/secure.gravatar.com\/avatar\/1c476992411e4ccf153da63b2b2f5ea0bb4cb1c85f3ceab8512f04325ad5579c?s=96&d=mm&r=g\",\"caption\":\"Corresponsal\"},\"url\":\"https:\/\/www.aridane.org\/city\/author\/corresponsal\/\"}]}<\/script>\n<!-- \/ Yoast SEO plugin. -->","yoast_head_json":{"title":"Alba S\u00e1nchez Cano, Fantas\u00eda Adulta del Carnaval de Los Llanos de Aridane - Ayuntamiento de Los Llanos de Aridane","robots":{"index":"index","follow":"follow","max-snippet":"max-snippet:-1","max-image-preview":"max-image-preview:large","max-video-preview":"max-video-preview:-1"},"canonical":"https:\/\/www.aridane.org\/city\/2024\/02\/02\/alba-sanchez-cano-fantasia-adulta-del-carnaval-de-los-llanos-de-aridane\/","og_locale":"es_ES","og_type":"article","og_title":"Alba S\u00e1nchez Cano, Fantas\u00eda Adulta del Carnaval de Los Llanos de Aridane - Ayuntamiento de Los Llanos de Aridane","og_description":"Desde el Ayuntamiento celebran el trabajo de las participantes, las dise\u00f1adoras y los grupos del Carnaval","og_url":"https:\/\/www.aridane.org\/city\/2024\/02\/02\/alba-sanchez-cano-fantasia-adulta-del-carnaval-de-los-llanos-de-aridane\/","og_site_name":"Ayuntamiento de Los Llanos de Aridane","article_published_time":"2024-02-02T07:17:21+00:00","article_modified_time":"2024-02-07T07:21:29+00:00","og_image":[{"width":1600,"height":1066,"url":"https:\/\/www.aridane.org\/city\/wp-content\/uploads\/2024\/02\/Alba-Sanchez-Cano.jpeg","type":"image\/jpeg"}],"author":"Corresponsal","twitter_card":"summary_large_image","twitter_misc":{"Escrito por":"Corresponsal","Tiempo de lectura":"2 minutos"},"schema":{"@context":"https:\/\/schema.org","@graph":[{"@type":"WebPage","@id":"https:\/\/www.aridane.org\/city\/2024\/02\/02\/alba-sanchez-cano-fantasia-adulta-del-carnaval-de-los-llanos-de-aridane\/","url":"https:\/\/www.aridane.org\/city\/2024\/02\/02\/alba-sanchez-cano-fantasia-adulta-del-carnaval-de-los-llanos-de-aridane\/","name":"Alba S\u00e1nchez Cano, Fantas\u00eda Adulta del Carnaval de Los Llanos de Aridane - Ayuntamiento de Los Llanos de Aridane","isPartOf":{"@id":"https:\/\/www.aridane.org\/city\/#website"},"primaryImageOfPage":{"@id":"https:\/\/www.aridane.org\/city\/2024\/02\/02\/alba-sanchez-cano-fantasia-adulta-del-carnaval-de-los-llanos-de-aridane\/#primaryimage"},"image":{"@id":"https:\/\/www.aridane.org\/city\/2024\/02\/02\/alba-sanchez-cano-fantasia-adulta-del-carnaval-de-los-llanos-de-aridane\/#primaryimage"},"thumbnailUrl":"https:\/\/www.aridane.org\/city\/wp-content\/uploads\/2024\/02\/Alba-Sanchez-Cano.jpeg","datePublished":"2024-02-02T07:17:21+00:00","dateModified":"2024-02-07T07:21:29+00:00","author":{"@id":"https:\/\/www.aridane.org\/city\/#\/schema\/person\/89ebd376b223dc94cc1dbcf200c8e6da"},"breadcrumb":{"@id":"https:\/\/www.aridane.org\/city\/2024\/02\/02\/alba-sanchez-cano-fantasia-adulta-del-carnaval-de-los-llanos-de-aridane\/#breadcrumb"},"inLanguage":"es","potentialAction":[{"@type":"ReadAction","target":["https:\/\/www.aridane.org\/city\/2024\/02\/02\/alba-sanchez-cano-fantasia-adulta-del-carnaval-de-los-llanos-de-aridane\/"]}]},{"@type":"ImageObject","inLanguage":"es","@id":"https:\/\/www.aridane.org\/city\/2024\/02\/02\/alba-sanchez-cano-fantasia-adulta-del-carnaval-de-los-llanos-de-aridane\/#primaryimage","url":"https:\/\/www.aridane.org\/city\/wp-content\/uploads\/2024\/02\/Alba-Sanchez-Cano.jpeg","contentUrl":"https:\/\/www.aridane.org\/city\/wp-content\/uploads\/2024\/02\/Alba-Sanchez-Cano.jpeg","width":1600,"height":1066},{"@type":"BreadcrumbList","@id":"https:\/\/www.aridane.org\/city\/2024\/02\/02\/alba-sanchez-cano-fantasia-adulta-del-carnaval-de-los-llanos-de-aridane\/#breadcrumb","itemListElement":[{"@type":"ListItem","position":1,"name":"Portada","item":"https:\/\/www.aridane.org\/city\/"},{"@type":"ListItem","position":2,"name":"Alba S\u00e1nchez Cano, Fantas\u00eda Adulta del Carnaval de Los Llanos de Aridane"}]},{"@type":"WebSite","@id":"https:\/\/www.aridane.org\/city\/#website","url":"https:\/\/www.aridane.org\/city\/","name":"Ayuntamiento de Los Llanos de Aridane","description":"","potentialAction":[{"@type":"SearchAction","target":{"@type":"EntryPoint","urlTemplate":"https:\/\/www.aridane.org\/city\/?s={search_term_string}"},"query-input":"required name=search_term_string"}],"inLanguage":"es"},{"@type":"Person","@id":"https:\/\/www.aridane.org\/city\/#\/schema\/person\/89ebd376b223dc94cc1dbcf200c8e6da","name":"Corresponsal","image":{"@type":"ImageObject","inLanguage":"es","@id":"https:\/\/www.aridane.org\/city\/#\/schema\/person\/image\/","url":"https:\/\/secure.gravatar.com\/avatar\/1c476992411e4ccf153da63b2b2f5ea0bb4cb1c85f3ceab8512f04325ad5579c?s=96&d=mm&r=g","contentUrl":"https:\/\/secure.gravatar.com\/avatar\/1c476992411e4ccf153da63b2b2f5ea0bb4cb1c85f3ceab8512f04325ad5579c?s=96&d=mm&r=g","caption":"Corresponsal"},"url":"https:\/\/www.aridane.org\/city\/author\/corresponsal\/"}]}},"_links":{"self":[{"href":"https:\/\/www.aridane.org\/city\/wp-json\/wp\/v2\/posts\/3295","targetHints":{"allow":["GET"]}}],"collection":[{"href":"https:\/\/www.aridane.org\/city\/wp-json\/wp\/v2\/posts"}],"about":[{"href":"https:\/\/www.aridane.org\/city\/wp-json\/wp\/v2\/types\/post"}],"author":[{"embeddable":true,"href":"https:\/\/www.aridane.org\/city\/wp-json\/wp\/v2\/users\/4"}],"replies":[{"embeddable":true,"href":"https:\/\/www.aridane.org\/city\/wp-json\/wp\/v2\/comments?post=3295"}],"version-history":[{"count":1,"href":"https:\/\/www.aridane.org\/city\/wp-json\/wp\/v2\/posts\/3295\/revisions"}],"predecessor-version":[{"id":3387,"href":"https:\/\/www.aridane.org\/city\/wp-json\/wp\/v2\/posts\/3295\/revisions\/3387"}],"wp:featuredmedia":[{"embeddable":true,"href":"https:\/\/www.aridane.org\/city\/wp-json\/wp\/v2\/media\/3386"}],"wp:attachment":[{"href":"https:\/\/www.aridane.org\/city\/wp-json\/wp\/v2\/media?parent=3295"}],"wp:term":[{"taxonomy":"category","embeddable":true,"href":"https:\/\/www.aridane.org\/city\/wp-json\/wp\/v2\/categories?post=3295"},{"taxonomy":"post_tag","embeddable":true,"href":"https:\/\/www.aridane.org\/city\/wp-json\/wp\/v2\/tags?post=3295"}],"curies":[{"name":"wp","href":"https:\/\/api.w.org\/{rel}","templated":true}]}}