{"id":3391,"date":"2024-02-05T07:27:39","date_gmt":"2024-02-05T07:27:39","guid":{"rendered":"https:\/\/www.aridane.org\/city\/?p=3391"},"modified":"2024-02-07T07:28:05","modified_gmt":"2024-02-07T07:28:05","slug":"valentina-concepcion-acosta-fantasia-infantil-del-carnaval-de-los-llanos-de-aridane","status":"publish","type":"post","link":"https:\/\/www.aridane.org\/city\/2024\/02\/05\/valentina-concepcion-acosta-fantasia-infantil-del-carnaval-de-los-llanos-de-aridane\/","title":{"rendered":"Valentina Concepci\u00f3n Acosta, Fantas\u00eda Infantil del Carnaval de Los Llanos de Aridane"},"content":{"rendered":"<p><em>Desde el Ayuntamiento destacan la gran acogida de las galas de elecci\u00f3n de fantas\u00edas<\/em><!--more--><\/p>\n<p>Valentina Concepci\u00f3n Acosta se proclama Fantas\u00eda Infantil del Carnaval de Los Llanos de Aridane con su fantas\u00eda\u00a0<em>El Sue\u00f1o de Valentina<\/em>, dise\u00f1ada por Ana Portocarrero.<\/p>\n<p>El alcalde Javier Llamas felicita a la ganadora, as\u00ed como al resto de ni\u00f1as que participaron en la gala infantil. \u201cTanto Valentina como el resto de participantes alegraron la noche con obras llenas de magia y color. Nuestro pueblo tiene mucho talento\u201d, celebra.<\/p>\n<p>Por su parte, el concejal de Fiestas, \u00c1lvaro Pages, pone en valor la creatividad de las fantas\u00edas y el trabajo de todas las personas relacionadas con el Carnaval, \u201cdesde las ni\u00f1as participantes hasta las dise\u00f1adoras, pasando por los grupos del Carnaval y el personal municipal, que vela porque todo salga a pedir de boca\u201d.<\/p>\n<p>La gala infantil tuvo lugar este domingo, 4 de febrero, en la Plaza Juan Pablo II y goz\u00f3 de un gran ambiente.<\/p>\n<p>Adem\u00e1s de Valentina Concepci\u00f3n Acosta, participaron Chelsy Rodr\u00edguez Montero con la fantas\u00eda\u00a0<em>\u00bfCu\u00e1l ser\u00e1 mi casa?<\/em>\u00a0dise\u00f1ada por Francisco Javier Rodr\u00edguez Pedrianes; Suhaila Pais Jim\u00e9nez con\u00a0<em>La Tormenta Perfecta<\/em>, tambi\u00e9n de Rodr\u00edguez Pedrianes; Dayana Morera P\u00e9rez, con\u00a0<em>\u00a1Wow, qu\u00e9 divertido!<\/em>, de Miguel Hern\u00e1ndez Riverol y Mar\u00eda Jes\u00fas Mart\u00edn Gonz\u00e1lez; y Laila Vallejo P\u00e9rez, con la fantas\u00eda\u00a0<em>En Carnaval\u2026 \u00a1Las Noticias Vuelan!<\/em>, de la Tribu Designer.<\/p>\n<h2><strong>La elecci\u00f3n de la Gran Dama, este lunes<\/strong><\/h2>\n<p>Cabe recordar que este lunes, 5 de febrero, a las 18:30 horas, ser\u00e1 la Gala de la Fantas\u00eda Gran Dama. Contar\u00e1 con la actuaci\u00f3n de La Era y Las Camelias y Josefina Alem\u00e1n ser\u00e1 la artista invitada.<\/p>\n<p>El pasado viernes tambi\u00e9n se proclam\u00f3 Fantas\u00eda Adulta del Carnaval de Los Llanos de Aridane Alba S\u00e1nchez Cano con su fantas\u00eda\u00a0<em>\u00a1Majestuosa!<\/em>, dise\u00f1ada por La Tribu Designer.<\/p>\n","protected":false},"excerpt":{"rendered":"<p>Desde el Ayuntamiento destacan la gran acogida de las galas de elecci\u00f3n de fantas\u00edas<\/p>\n","protected":false},"author":4,"featured_media":3392,"comment_status":"open","ping_status":"open","sticky":false,"template":"","format":"standard","meta":{"footnotes":""},"categories":[1],"tags":[],"class_list":["post-3391","post","type-post","status-publish","format-standard","has-post-thumbnail","hentry","category-sin-categoria"],"yoast_head":"<!-- This site is optimized with the Yoast SEO plugin v22.7 - https:\/\/yoast.com\/wordpress\/plugins\/seo\/ -->\n<title>Valentina Concepci\u00f3n Acosta, Fantas\u00eda Infantil del Carnaval de Los Llanos de Aridane - Ayuntamiento de Los Llanos de Aridane<\/title>\n<meta name=\"robots\" content=\"index, follow, max-snippet:-1, max-image-preview:large, max-video-preview:-1\" \/>\n<link rel=\"canonical\" href=\"https:\/\/www.aridane.org\/city\/2024\/02\/05\/valentina-concepcion-acosta-fantasia-infantil-del-carnaval-de-los-llanos-de-aridane\/\" \/>\n<meta property=\"og:locale\" content=\"es_ES\" \/>\n<meta property=\"og:type\" content=\"article\" \/>\n<meta property=\"og:title\" content=\"Valentina Concepci\u00f3n Acosta, Fantas\u00eda Infantil del Carnaval de Los Llanos de Aridane - Ayuntamiento de Los Llanos de Aridane\" \/>\n<meta property=\"og:description\" content=\"Desde el Ayuntamiento destacan la gran acogida de las galas de elecci\u00f3n de fantas\u00edas\" \/>\n<meta property=\"og:url\" content=\"https:\/\/www.aridane.org\/city\/2024\/02\/05\/valentina-concepcion-acosta-fantasia-infantil-del-carnaval-de-los-llanos-de-aridane\/\" \/>\n<meta property=\"og:site_name\" content=\"Ayuntamiento de Los Llanos de Aridane\" \/>\n<meta property=\"article:published_time\" content=\"2024-02-05T07:27:39+00:00\" \/>\n<meta property=\"article:modified_time\" content=\"2024-02-07T07:28:05+00:00\" \/>\n<meta property=\"og:image\" content=\"https:\/\/www.aridane.org\/city\/wp-content\/uploads\/2024\/02\/Valentina-Concepcion-2.jpeg\" \/>\n\t<meta property=\"og:image:width\" content=\"1600\" \/>\n\t<meta property=\"og:image:height\" content=\"1067\" \/>\n\t<meta property=\"og:image:type\" content=\"image\/jpeg\" \/>\n<meta name=\"author\" content=\"Corresponsal\" \/>\n<meta name=\"twitter:card\" content=\"summary_large_image\" \/>\n<meta name=\"twitter:label1\" content=\"Escrito por\" \/>\n\t<meta name=\"twitter:data1\" content=\"Corresponsal\" \/>\n\t<meta name=\"twitter:label2\" content=\"Tiempo de lectura\" \/>\n\t<meta name=\"twitter:data2\" content=\"2 minutos\" \/>\n<script type=\"application\/ld+json\" class=\"yoast-schema-graph\">{\"@context\":\"https:\/\/schema.org\",\"@graph\":[{\"@type\":\"WebPage\",\"@id\":\"https:\/\/www.aridane.org\/city\/2024\/02\/05\/valentina-concepcion-acosta-fantasia-infantil-del-carnaval-de-los-llanos-de-aridane\/\",\"url\":\"https:\/\/www.aridane.org\/city\/2024\/02\/05\/valentina-concepcion-acosta-fantasia-infantil-del-carnaval-de-los-llanos-de-aridane\/\",\"name\":\"Valentina Concepci\u00f3n Acosta, Fantas\u00eda Infantil del Carnaval de Los Llanos de Aridane - Ayuntamiento de Los Llanos de Aridane\",\"isPartOf\":{\"@id\":\"https:\/\/www.aridane.org\/city\/#website\"},\"primaryImageOfPage\":{\"@id\":\"https:\/\/www.aridane.org\/city\/2024\/02\/05\/valentina-concepcion-acosta-fantasia-infantil-del-carnaval-de-los-llanos-de-aridane\/#primaryimage\"},\"image\":{\"@id\":\"https:\/\/www.aridane.org\/city\/2024\/02\/05\/valentina-concepcion-acosta-fantasia-infantil-del-carnaval-de-los-llanos-de-aridane\/#primaryimage\"},\"thumbnailUrl\":\"https:\/\/www.aridane.org\/city\/wp-content\/uploads\/2024\/02\/Valentina-Concepcion-2.jpeg\",\"datePublished\":\"2024-02-05T07:27:39+00:00\",\"dateModified\":\"2024-02-07T07:28:05+00:00\",\"author\":{\"@id\":\"https:\/\/www.aridane.org\/city\/#\/schema\/person\/89ebd376b223dc94cc1dbcf200c8e6da\"},\"breadcrumb\":{\"@id\":\"https:\/\/www.aridane.org\/city\/2024\/02\/05\/valentina-concepcion-acosta-fantasia-infantil-del-carnaval-de-los-llanos-de-aridane\/#breadcrumb\"},\"inLanguage\":\"es\",\"potentialAction\":[{\"@type\":\"ReadAction\",\"target\":[\"https:\/\/www.aridane.org\/city\/2024\/02\/05\/valentina-concepcion-acosta-fantasia-infantil-del-carnaval-de-los-llanos-de-aridane\/\"]}]},{\"@type\":\"ImageObject\",\"inLanguage\":\"es\",\"@id\":\"https:\/\/www.aridane.org\/city\/2024\/02\/05\/valentina-concepcion-acosta-fantasia-infantil-del-carnaval-de-los-llanos-de-aridane\/#primaryimage\",\"url\":\"https:\/\/www.aridane.org\/city\/wp-content\/uploads\/2024\/02\/Valentina-Concepcion-2.jpeg\",\"contentUrl\":\"https:\/\/www.aridane.org\/city\/wp-content\/uploads\/2024\/02\/Valentina-Concepcion-2.jpeg\",\"width\":1600,\"height\":1067},{\"@type\":\"BreadcrumbList\",\"@id\":\"https:\/\/www.aridane.org\/city\/2024\/02\/05\/valentina-concepcion-acosta-fantasia-infantil-del-carnaval-de-los-llanos-de-aridane\/#breadcrumb\",\"itemListElement\":[{\"@type\":\"ListItem\",\"position\":1,\"name\":\"Portada\",\"item\":\"https:\/\/www.aridane.org\/city\/\"},{\"@type\":\"ListItem\",\"position\":2,\"name\":\"Valentina Concepci\u00f3n Acosta, Fantas\u00eda Infantil del Carnaval de Los Llanos de Aridane\"}]},{\"@type\":\"WebSite\",\"@id\":\"https:\/\/www.aridane.org\/city\/#website\",\"url\":\"https:\/\/www.aridane.org\/city\/\",\"name\":\"Ayuntamiento de Los Llanos de Aridane\",\"description\":\"\",\"potentialAction\":[{\"@type\":\"SearchAction\",\"target\":{\"@type\":\"EntryPoint\",\"urlTemplate\":\"https:\/\/www.aridane.org\/city\/?s={search_term_string}\"},\"query-input\":\"required name=search_term_string\"}],\"inLanguage\":\"es\"},{\"@type\":\"Person\",\"@id\":\"https:\/\/www.aridane.org\/city\/#\/schema\/person\/89ebd376b223dc94cc1dbcf200c8e6da\",\"name\":\"Corresponsal\",\"image\":{\"@type\":\"ImageObject\",\"inLanguage\":\"es\",\"@id\":\"https:\/\/www.aridane.org\/city\/#\/schema\/person\/image\/\",\"url\":\"https:\/\/secure.gravatar.com\/avatar\/1c476992411e4ccf153da63b2b2f5ea0bb4cb1c85f3ceab8512f04325ad5579c?s=96&d=mm&r=g\",\"contentUrl\":\"https:\/\/secure.gravatar.com\/avatar\/1c476992411e4ccf153da63b2b2f5ea0bb4cb1c85f3ceab8512f04325ad5579c?s=96&d=mm&r=g\",\"caption\":\"Corresponsal\"},\"url\":\"https:\/\/www.aridane.org\/city\/author\/corresponsal\/\"}]}<\/script>\n<!-- \/ Yoast SEO plugin. -->","yoast_head_json":{"title":"Valentina Concepci\u00f3n Acosta, Fantas\u00eda Infantil del Carnaval de Los Llanos de Aridane - Ayuntamiento de Los Llanos de Aridane","robots":{"index":"index","follow":"follow","max-snippet":"max-snippet:-1","max-image-preview":"max-image-preview:large","max-video-preview":"max-video-preview:-1"},"canonical":"https:\/\/www.aridane.org\/city\/2024\/02\/05\/valentina-concepcion-acosta-fantasia-infantil-del-carnaval-de-los-llanos-de-aridane\/","og_locale":"es_ES","og_type":"article","og_title":"Valentina Concepci\u00f3n Acosta, Fantas\u00eda Infantil del Carnaval de Los Llanos de Aridane - Ayuntamiento de Los Llanos de Aridane","og_description":"Desde el Ayuntamiento destacan la gran acogida de las galas de elecci\u00f3n de fantas\u00edas","og_url":"https:\/\/www.aridane.org\/city\/2024\/02\/05\/valentina-concepcion-acosta-fantasia-infantil-del-carnaval-de-los-llanos-de-aridane\/","og_site_name":"Ayuntamiento de Los Llanos de Aridane","article_published_time":"2024-02-05T07:27:39+00:00","article_modified_time":"2024-02-07T07:28:05+00:00","og_image":[{"width":1600,"height":1067,"url":"https:\/\/www.aridane.org\/city\/wp-content\/uploads\/2024\/02\/Valentina-Concepcion-2.jpeg","type":"image\/jpeg"}],"author":"Corresponsal","twitter_card":"summary_large_image","twitter_misc":{"Escrito por":"Corresponsal","Tiempo de lectura":"2 minutos"},"schema":{"@context":"https:\/\/schema.org","@graph":[{"@type":"WebPage","@id":"https:\/\/www.aridane.org\/city\/2024\/02\/05\/valentina-concepcion-acosta-fantasia-infantil-del-carnaval-de-los-llanos-de-aridane\/","url":"https:\/\/www.aridane.org\/city\/2024\/02\/05\/valentina-concepcion-acosta-fantasia-infantil-del-carnaval-de-los-llanos-de-aridane\/","name":"Valentina Concepci\u00f3n Acosta, Fantas\u00eda Infantil del Carnaval de Los Llanos de Aridane - Ayuntamiento de Los Llanos de Aridane","isPartOf":{"@id":"https:\/\/www.aridane.org\/city\/#website"},"primaryImageOfPage":{"@id":"https:\/\/www.aridane.org\/city\/2024\/02\/05\/valentina-concepcion-acosta-fantasia-infantil-del-carnaval-de-los-llanos-de-aridane\/#primaryimage"},"image":{"@id":"https:\/\/www.aridane.org\/city\/2024\/02\/05\/valentina-concepcion-acosta-fantasia-infantil-del-carnaval-de-los-llanos-de-aridane\/#primaryimage"},"thumbnailUrl":"https:\/\/www.aridane.org\/city\/wp-content\/uploads\/2024\/02\/Valentina-Concepcion-2.jpeg","datePublished":"2024-02-05T07:27:39+00:00","dateModified":"2024-02-07T07:28:05+00:00","author":{"@id":"https:\/\/www.aridane.org\/city\/#\/schema\/person\/89ebd376b223dc94cc1dbcf200c8e6da"},"breadcrumb":{"@id":"https:\/\/www.aridane.org\/city\/2024\/02\/05\/valentina-concepcion-acosta-fantasia-infantil-del-carnaval-de-los-llanos-de-aridane\/#breadcrumb"},"inLanguage":"es","potentialAction":[{"@type":"ReadAction","target":["https:\/\/www.aridane.org\/city\/2024\/02\/05\/valentina-concepcion-acosta-fantasia-infantil-del-carnaval-de-los-llanos-de-aridane\/"]}]},{"@type":"ImageObject","inLanguage":"es","@id":"https:\/\/www.aridane.org\/city\/2024\/02\/05\/valentina-concepcion-acosta-fantasia-infantil-del-carnaval-de-los-llanos-de-aridane\/#primaryimage","url":"https:\/\/www.aridane.org\/city\/wp-content\/uploads\/2024\/02\/Valentina-Concepcion-2.jpeg","contentUrl":"https:\/\/www.aridane.org\/city\/wp-content\/uploads\/2024\/02\/Valentina-Concepcion-2.jpeg","width":1600,"height":1067},{"@type":"BreadcrumbList","@id":"https:\/\/www.aridane.org\/city\/2024\/02\/05\/valentina-concepcion-acosta-fantasia-infantil-del-carnaval-de-los-llanos-de-aridane\/#breadcrumb","itemListElement":[{"@type":"ListItem","position":1,"name":"Portada","item":"https:\/\/www.aridane.org\/city\/"},{"@type":"ListItem","position":2,"name":"Valentina Concepci\u00f3n Acosta, Fantas\u00eda Infantil del Carnaval de Los Llanos de Aridane"}]},{"@type":"WebSite","@id":"https:\/\/www.aridane.org\/city\/#website","url":"https:\/\/www.aridane.org\/city\/","name":"Ayuntamiento de Los Llanos de Aridane","description":"","potentialAction":[{"@type":"SearchAction","target":{"@type":"EntryPoint","urlTemplate":"https:\/\/www.aridane.org\/city\/?s={search_term_string}"},"query-input":"required name=search_term_string"}],"inLanguage":"es"},{"@type":"Person","@id":"https:\/\/www.aridane.org\/city\/#\/schema\/person\/89ebd376b223dc94cc1dbcf200c8e6da","name":"Corresponsal","image":{"@type":"ImageObject","inLanguage":"es","@id":"https:\/\/www.aridane.org\/city\/#\/schema\/person\/image\/","url":"https:\/\/secure.gravatar.com\/avatar\/1c476992411e4ccf153da63b2b2f5ea0bb4cb1c85f3ceab8512f04325ad5579c?s=96&d=mm&r=g","contentUrl":"https:\/\/secure.gravatar.com\/avatar\/1c476992411e4ccf153da63b2b2f5ea0bb4cb1c85f3ceab8512f04325ad5579c?s=96&d=mm&r=g","caption":"Corresponsal"},"url":"https:\/\/www.aridane.org\/city\/author\/corresponsal\/"}]}},"_links":{"self":[{"href":"https:\/\/www.aridane.org\/city\/wp-json\/wp\/v2\/posts\/3391","targetHints":{"allow":["GET"]}}],"collection":[{"href":"https:\/\/www.aridane.org\/city\/wp-json\/wp\/v2\/posts"}],"about":[{"href":"https:\/\/www.aridane.org\/city\/wp-json\/wp\/v2\/types\/post"}],"author":[{"embeddable":true,"href":"https:\/\/www.aridane.org\/city\/wp-json\/wp\/v2\/users\/4"}],"replies":[{"embeddable":true,"href":"https:\/\/www.aridane.org\/city\/wp-json\/wp\/v2\/comments?post=3391"}],"version-history":[{"count":1,"href":"https:\/\/www.aridane.org\/city\/wp-json\/wp\/v2\/posts\/3391\/revisions"}],"predecessor-version":[{"id":3393,"href":"https:\/\/www.aridane.org\/city\/wp-json\/wp\/v2\/posts\/3391\/revisions\/3393"}],"wp:featuredmedia":[{"embeddable":true,"href":"https:\/\/www.aridane.org\/city\/wp-json\/wp\/v2\/media\/3392"}],"wp:attachment":[{"href":"https:\/\/www.aridane.org\/city\/wp-json\/wp\/v2\/media?parent=3391"}],"wp:term":[{"taxonomy":"category","embeddable":true,"href":"https:\/\/www.aridane.org\/city\/wp-json\/wp\/v2\/categories?post=3391"},{"taxonomy":"post_tag","embeddable":true,"href":"https:\/\/www.aridane.org\/city\/wp-json\/wp\/v2\/tags?post=3391"}],"curies":[{"name":"wp","href":"https:\/\/api.w.org\/{rel}","templated":true}]}}