{"id":3394,"date":"2024-02-06T07:28:07","date_gmt":"2024-02-06T07:28:07","guid":{"rendered":"https:\/\/www.aridane.org\/city\/?p=3394"},"modified":"2024-02-07T07:29:19","modified_gmt":"2024-02-07T07:29:19","slug":"aura-elena-montoya-fantasia-gran-dama-del-carnaval-de-los-llanos-de-aridane","status":"publish","type":"post","link":"https:\/\/www.aridane.org\/city\/2024\/02\/06\/aura-elena-montoya-fantasia-gran-dama-del-carnaval-de-los-llanos-de-aridane\/","title":{"rendered":"Aura Elena Montoya, Fantas\u00eda Gran Dama del Carnaval de Los Llanos de Aridane"},"content":{"rendered":"<p><em>Alba S\u00e1nchez Cano fue la Fantas\u00eda Adulta y Valentina Concepci\u00f3n Acosta la Fantas\u00eda Infantil<\/em><br \/>\n<!--more--><\/p>\n<div id=\"v1forwardbody1\">\n<p>Aura Elena Montoya Molina se proclam\u00f3 este lunes, 6 de febrero, Fantas\u00eda Gran Dama del Carnaval de Los Llanos de Aridane. Luci\u00f3 la obra\u00a0<em>El Talism\u00e1n de Mi Vida<\/em>, dise\u00f1ada por La Tribu Designer.<\/p>\n<p>El alcalde Javier Llamas felicita el papel de la ganadora y la majestuosidad de su fantas\u00eda. Tambi\u00e9n destaca la acogida del evento, as\u00ed como el nivel mostrado por las participantes, los dise\u00f1adores y todas las personas involucradas con el espect\u00e1culo. \u201cTodos ustedes son la prueba de que Los Llanos de Aridane es un municipio repleto de creatividad, esfuerzo y talento\u201d, a\u00f1ade.<\/p>\n<p>Por su parte, el concejal de Fiestas, \u00c1lvaro Pages, destaca el alto nivel de participaci\u00f3n que han tenido las galas de elecci\u00f3n de las fantas\u00edas, as\u00ed como la belleza de las creaciones.<\/p>\n<p>\u201cSe trata de un comienzo extraordinario para las fiestas de invierno. Se avecinan los d\u00edas grandes de nuestro Carnaval\u201d, a\u00f1ade.<\/p>\n<p>Junto con Aura Elena Montoya, en la gala participaron Ana Mar\u00eda Mach\u00edn Felipe con la fantas\u00eda\u00a0<em>La Magia de la Hechicera<\/em>, dise\u00f1ada por Merchy G\u00f3mez Fuentes; y Rosa Trujillo Arrocha con\u00a0<em>Siempre<\/em>, de Miguel Hern\u00e1ndez Riverol y Mar\u00eda Jes\u00fas Mart\u00edn Gonz\u00e1lez.<\/p>\n<p>Por otro lado, y adem\u00e1s de la proclamaci\u00f3n de Aura Elena Montoya como Fantas\u00eda Gran Dama, Alba S\u00e1nchez Cano fue Fantas\u00eda Adulta el pasado viernes y Valentina Concepci\u00f3n Acosta Fantas\u00eda Infantil ayer domingo.<\/p>\n<h2><strong>D\u00edas repletos de Carnaval<\/strong><\/h2>\n<p>Cabe recordar que la agenda carnavalera toma fuerza estos d\u00edas. Hoy martes, 6 de febrero, a las 12:00 horas, ser\u00e1 el desfile de la Escuela Infantil Ping Pong en la Calle Real.<\/p>\n<p>El mi\u00e9rcoles, d\u00eda 7, en la Plaza de Espa\u00f1a, a las 19:30 horas, tendr\u00e1 lugar el concierto de Carnaval de la Banda Municipal de M\u00fasica, titulado\u00a0<em>M\u00fasica y baile<\/em>.<\/p>\n<p>El coso escolar se celebrar\u00e1 el jueves, 8 de febrero. Saldr\u00e1 desde La Carrilla a las 17:00 horas y concluir\u00e1 en la Plaza Juan Pablo II.<\/p>\n<p>La inauguraci\u00f3n de los kioskos est\u00e1 prevista para el viernes, d\u00eda 8. A las 20:00 horas los djs Xavi y Glitter Yara animar\u00e1n la noche.<\/p>\n<p>El d\u00eda grande de esta semana ser\u00e1 la Gran Polvacera. El s\u00e1bado, 10 de febrero, a las 12:00 horas, esta saldr\u00e1 de la Calle Real hasta la Plaza Juan Pablo II. La espera ser\u00e1 amenizada por Tres de Ca\u00f1a y Arturo Castillo. Una vez haya llegado, a las 15:00 horas comenzar\u00e1 la verbena y la m\u00fasica en los kioskos durante todo el d\u00eda. Maquinaria Band, Tropicana, Libertad, A4, Rikabanda, El Morocho y su orquesta y los djs \u00d3scar Mart\u00ednez, Jacob y Aguiloche actuar\u00e1n en La Polvacera.<\/p>\n<\/div>\n","protected":false},"excerpt":{"rendered":"<p>Alba S\u00e1nchez Cano fue la Fantas\u00eda Adulta y Valentina Concepci\u00f3n Acosta la Fantas\u00eda Infantil<\/p>\n","protected":false},"author":4,"featured_media":3395,"comment_status":"open","ping_status":"open","sticky":false,"template":"","format":"standard","meta":{"footnotes":""},"categories":[1],"tags":[],"class_list":["post-3394","post","type-post","status-publish","format-standard","has-post-thumbnail","hentry","category-sin-categoria"],"yoast_head":"<!-- This site is optimized with the Yoast SEO plugin v22.7 - https:\/\/yoast.com\/wordpress\/plugins\/seo\/ -->\n<title>Aura Elena Montoya, Fantas\u00eda Gran Dama del Carnaval de Los Llanos de Aridane - Ayuntamiento de Los Llanos de Aridane<\/title>\n<meta name=\"robots\" content=\"index, follow, max-snippet:-1, max-image-preview:large, max-video-preview:-1\" \/>\n<link rel=\"canonical\" href=\"https:\/\/www.aridane.org\/city\/2024\/02\/06\/aura-elena-montoya-fantasia-gran-dama-del-carnaval-de-los-llanos-de-aridane\/\" \/>\n<meta property=\"og:locale\" content=\"es_ES\" \/>\n<meta property=\"og:type\" content=\"article\" \/>\n<meta property=\"og:title\" content=\"Aura Elena Montoya, Fantas\u00eda Gran Dama del Carnaval de Los Llanos de Aridane - Ayuntamiento de Los Llanos de Aridane\" \/>\n<meta property=\"og:description\" content=\"Alba S\u00e1nchez Cano fue la Fantas\u00eda Adulta y Valentina Concepci\u00f3n Acosta la Fantas\u00eda Infantil\" \/>\n<meta property=\"og:url\" content=\"https:\/\/www.aridane.org\/city\/2024\/02\/06\/aura-elena-montoya-fantasia-gran-dama-del-carnaval-de-los-llanos-de-aridane\/\" \/>\n<meta property=\"og:site_name\" content=\"Ayuntamiento de Los Llanos de Aridane\" \/>\n<meta property=\"article:published_time\" content=\"2024-02-06T07:28:07+00:00\" \/>\n<meta property=\"article:modified_time\" content=\"2024-02-07T07:29:19+00:00\" \/>\n<meta property=\"og:image\" content=\"https:\/\/www.aridane.org\/city\/wp-content\/uploads\/2024\/02\/Aura-Elena-Montoya.jpeg\" \/>\n\t<meta property=\"og:image:width\" content=\"1600\" \/>\n\t<meta property=\"og:image:height\" content=\"1059\" \/>\n\t<meta property=\"og:image:type\" content=\"image\/jpeg\" \/>\n<meta name=\"author\" content=\"Corresponsal\" \/>\n<meta name=\"twitter:card\" content=\"summary_large_image\" \/>\n<meta name=\"twitter:label1\" content=\"Escrito por\" \/>\n\t<meta name=\"twitter:data1\" content=\"Corresponsal\" \/>\n\t<meta name=\"twitter:label2\" content=\"Tiempo de lectura\" \/>\n\t<meta name=\"twitter:data2\" content=\"3 minutos\" \/>\n<script type=\"application\/ld+json\" class=\"yoast-schema-graph\">{\"@context\":\"https:\/\/schema.org\",\"@graph\":[{\"@type\":\"WebPage\",\"@id\":\"https:\/\/www.aridane.org\/city\/2024\/02\/06\/aura-elena-montoya-fantasia-gran-dama-del-carnaval-de-los-llanos-de-aridane\/\",\"url\":\"https:\/\/www.aridane.org\/city\/2024\/02\/06\/aura-elena-montoya-fantasia-gran-dama-del-carnaval-de-los-llanos-de-aridane\/\",\"name\":\"Aura Elena Montoya, Fantas\u00eda Gran Dama del Carnaval de Los Llanos de Aridane - Ayuntamiento de Los Llanos de Aridane\",\"isPartOf\":{\"@id\":\"https:\/\/www.aridane.org\/city\/#website\"},\"primaryImageOfPage\":{\"@id\":\"https:\/\/www.aridane.org\/city\/2024\/02\/06\/aura-elena-montoya-fantasia-gran-dama-del-carnaval-de-los-llanos-de-aridane\/#primaryimage\"},\"image\":{\"@id\":\"https:\/\/www.aridane.org\/city\/2024\/02\/06\/aura-elena-montoya-fantasia-gran-dama-del-carnaval-de-los-llanos-de-aridane\/#primaryimage\"},\"thumbnailUrl\":\"https:\/\/www.aridane.org\/city\/wp-content\/uploads\/2024\/02\/Aura-Elena-Montoya.jpeg\",\"datePublished\":\"2024-02-06T07:28:07+00:00\",\"dateModified\":\"2024-02-07T07:29:19+00:00\",\"author\":{\"@id\":\"https:\/\/www.aridane.org\/city\/#\/schema\/person\/89ebd376b223dc94cc1dbcf200c8e6da\"},\"breadcrumb\":{\"@id\":\"https:\/\/www.aridane.org\/city\/2024\/02\/06\/aura-elena-montoya-fantasia-gran-dama-del-carnaval-de-los-llanos-de-aridane\/#breadcrumb\"},\"inLanguage\":\"es\",\"potentialAction\":[{\"@type\":\"ReadAction\",\"target\":[\"https:\/\/www.aridane.org\/city\/2024\/02\/06\/aura-elena-montoya-fantasia-gran-dama-del-carnaval-de-los-llanos-de-aridane\/\"]}]},{\"@type\":\"ImageObject\",\"inLanguage\":\"es\",\"@id\":\"https:\/\/www.aridane.org\/city\/2024\/02\/06\/aura-elena-montoya-fantasia-gran-dama-del-carnaval-de-los-llanos-de-aridane\/#primaryimage\",\"url\":\"https:\/\/www.aridane.org\/city\/wp-content\/uploads\/2024\/02\/Aura-Elena-Montoya.jpeg\",\"contentUrl\":\"https:\/\/www.aridane.org\/city\/wp-content\/uploads\/2024\/02\/Aura-Elena-Montoya.jpeg\",\"width\":1600,\"height\":1059},{\"@type\":\"BreadcrumbList\",\"@id\":\"https:\/\/www.aridane.org\/city\/2024\/02\/06\/aura-elena-montoya-fantasia-gran-dama-del-carnaval-de-los-llanos-de-aridane\/#breadcrumb\",\"itemListElement\":[{\"@type\":\"ListItem\",\"position\":1,\"name\":\"Portada\",\"item\":\"https:\/\/www.aridane.org\/city\/\"},{\"@type\":\"ListItem\",\"position\":2,\"name\":\"Aura Elena Montoya, Fantas\u00eda Gran Dama del Carnaval de Los Llanos de Aridane\"}]},{\"@type\":\"WebSite\",\"@id\":\"https:\/\/www.aridane.org\/city\/#website\",\"url\":\"https:\/\/www.aridane.org\/city\/\",\"name\":\"Ayuntamiento de Los Llanos de Aridane\",\"description\":\"\",\"potentialAction\":[{\"@type\":\"SearchAction\",\"target\":{\"@type\":\"EntryPoint\",\"urlTemplate\":\"https:\/\/www.aridane.org\/city\/?s={search_term_string}\"},\"query-input\":\"required name=search_term_string\"}],\"inLanguage\":\"es\"},{\"@type\":\"Person\",\"@id\":\"https:\/\/www.aridane.org\/city\/#\/schema\/person\/89ebd376b223dc94cc1dbcf200c8e6da\",\"name\":\"Corresponsal\",\"image\":{\"@type\":\"ImageObject\",\"inLanguage\":\"es\",\"@id\":\"https:\/\/www.aridane.org\/city\/#\/schema\/person\/image\/\",\"url\":\"https:\/\/secure.gravatar.com\/avatar\/1c476992411e4ccf153da63b2b2f5ea0bb4cb1c85f3ceab8512f04325ad5579c?s=96&d=mm&r=g\",\"contentUrl\":\"https:\/\/secure.gravatar.com\/avatar\/1c476992411e4ccf153da63b2b2f5ea0bb4cb1c85f3ceab8512f04325ad5579c?s=96&d=mm&r=g\",\"caption\":\"Corresponsal\"},\"url\":\"https:\/\/www.aridane.org\/city\/author\/corresponsal\/\"}]}<\/script>\n<!-- \/ Yoast SEO plugin. -->","yoast_head_json":{"title":"Aura Elena Montoya, Fantas\u00eda Gran Dama del Carnaval de Los Llanos de Aridane - Ayuntamiento de Los Llanos de Aridane","robots":{"index":"index","follow":"follow","max-snippet":"max-snippet:-1","max-image-preview":"max-image-preview:large","max-video-preview":"max-video-preview:-1"},"canonical":"https:\/\/www.aridane.org\/city\/2024\/02\/06\/aura-elena-montoya-fantasia-gran-dama-del-carnaval-de-los-llanos-de-aridane\/","og_locale":"es_ES","og_type":"article","og_title":"Aura Elena Montoya, Fantas\u00eda Gran Dama del Carnaval de Los Llanos de Aridane - Ayuntamiento de Los Llanos de Aridane","og_description":"Alba S\u00e1nchez Cano fue la Fantas\u00eda Adulta y Valentina Concepci\u00f3n Acosta la Fantas\u00eda Infantil","og_url":"https:\/\/www.aridane.org\/city\/2024\/02\/06\/aura-elena-montoya-fantasia-gran-dama-del-carnaval-de-los-llanos-de-aridane\/","og_site_name":"Ayuntamiento de Los Llanos de Aridane","article_published_time":"2024-02-06T07:28:07+00:00","article_modified_time":"2024-02-07T07:29:19+00:00","og_image":[{"width":1600,"height":1059,"url":"https:\/\/www.aridane.org\/city\/wp-content\/uploads\/2024\/02\/Aura-Elena-Montoya.jpeg","type":"image\/jpeg"}],"author":"Corresponsal","twitter_card":"summary_large_image","twitter_misc":{"Escrito por":"Corresponsal","Tiempo de lectura":"3 minutos"},"schema":{"@context":"https:\/\/schema.org","@graph":[{"@type":"WebPage","@id":"https:\/\/www.aridane.org\/city\/2024\/02\/06\/aura-elena-montoya-fantasia-gran-dama-del-carnaval-de-los-llanos-de-aridane\/","url":"https:\/\/www.aridane.org\/city\/2024\/02\/06\/aura-elena-montoya-fantasia-gran-dama-del-carnaval-de-los-llanos-de-aridane\/","name":"Aura Elena Montoya, Fantas\u00eda Gran Dama del Carnaval de Los Llanos de Aridane - Ayuntamiento de Los Llanos de Aridane","isPartOf":{"@id":"https:\/\/www.aridane.org\/city\/#website"},"primaryImageOfPage":{"@id":"https:\/\/www.aridane.org\/city\/2024\/02\/06\/aura-elena-montoya-fantasia-gran-dama-del-carnaval-de-los-llanos-de-aridane\/#primaryimage"},"image":{"@id":"https:\/\/www.aridane.org\/city\/2024\/02\/06\/aura-elena-montoya-fantasia-gran-dama-del-carnaval-de-los-llanos-de-aridane\/#primaryimage"},"thumbnailUrl":"https:\/\/www.aridane.org\/city\/wp-content\/uploads\/2024\/02\/Aura-Elena-Montoya.jpeg","datePublished":"2024-02-06T07:28:07+00:00","dateModified":"2024-02-07T07:29:19+00:00","author":{"@id":"https:\/\/www.aridane.org\/city\/#\/schema\/person\/89ebd376b223dc94cc1dbcf200c8e6da"},"breadcrumb":{"@id":"https:\/\/www.aridane.org\/city\/2024\/02\/06\/aura-elena-montoya-fantasia-gran-dama-del-carnaval-de-los-llanos-de-aridane\/#breadcrumb"},"inLanguage":"es","potentialAction":[{"@type":"ReadAction","target":["https:\/\/www.aridane.org\/city\/2024\/02\/06\/aura-elena-montoya-fantasia-gran-dama-del-carnaval-de-los-llanos-de-aridane\/"]}]},{"@type":"ImageObject","inLanguage":"es","@id":"https:\/\/www.aridane.org\/city\/2024\/02\/06\/aura-elena-montoya-fantasia-gran-dama-del-carnaval-de-los-llanos-de-aridane\/#primaryimage","url":"https:\/\/www.aridane.org\/city\/wp-content\/uploads\/2024\/02\/Aura-Elena-Montoya.jpeg","contentUrl":"https:\/\/www.aridane.org\/city\/wp-content\/uploads\/2024\/02\/Aura-Elena-Montoya.jpeg","width":1600,"height":1059},{"@type":"BreadcrumbList","@id":"https:\/\/www.aridane.org\/city\/2024\/02\/06\/aura-elena-montoya-fantasia-gran-dama-del-carnaval-de-los-llanos-de-aridane\/#breadcrumb","itemListElement":[{"@type":"ListItem","position":1,"name":"Portada","item":"https:\/\/www.aridane.org\/city\/"},{"@type":"ListItem","position":2,"name":"Aura Elena Montoya, Fantas\u00eda Gran Dama del Carnaval de Los Llanos de Aridane"}]},{"@type":"WebSite","@id":"https:\/\/www.aridane.org\/city\/#website","url":"https:\/\/www.aridane.org\/city\/","name":"Ayuntamiento de Los Llanos de Aridane","description":"","potentialAction":[{"@type":"SearchAction","target":{"@type":"EntryPoint","urlTemplate":"https:\/\/www.aridane.org\/city\/?s={search_term_string}"},"query-input":"required name=search_term_string"}],"inLanguage":"es"},{"@type":"Person","@id":"https:\/\/www.aridane.org\/city\/#\/schema\/person\/89ebd376b223dc94cc1dbcf200c8e6da","name":"Corresponsal","image":{"@type":"ImageObject","inLanguage":"es","@id":"https:\/\/www.aridane.org\/city\/#\/schema\/person\/image\/","url":"https:\/\/secure.gravatar.com\/avatar\/1c476992411e4ccf153da63b2b2f5ea0bb4cb1c85f3ceab8512f04325ad5579c?s=96&d=mm&r=g","contentUrl":"https:\/\/secure.gravatar.com\/avatar\/1c476992411e4ccf153da63b2b2f5ea0bb4cb1c85f3ceab8512f04325ad5579c?s=96&d=mm&r=g","caption":"Corresponsal"},"url":"https:\/\/www.aridane.org\/city\/author\/corresponsal\/"}]}},"_links":{"self":[{"href":"https:\/\/www.aridane.org\/city\/wp-json\/wp\/v2\/posts\/3394","targetHints":{"allow":["GET"]}}],"collection":[{"href":"https:\/\/www.aridane.org\/city\/wp-json\/wp\/v2\/posts"}],"about":[{"href":"https:\/\/www.aridane.org\/city\/wp-json\/wp\/v2\/types\/post"}],"author":[{"embeddable":true,"href":"https:\/\/www.aridane.org\/city\/wp-json\/wp\/v2\/users\/4"}],"replies":[{"embeddable":true,"href":"https:\/\/www.aridane.org\/city\/wp-json\/wp\/v2\/comments?post=3394"}],"version-history":[{"count":1,"href":"https:\/\/www.aridane.org\/city\/wp-json\/wp\/v2\/posts\/3394\/revisions"}],"predecessor-version":[{"id":3396,"href":"https:\/\/www.aridane.org\/city\/wp-json\/wp\/v2\/posts\/3394\/revisions\/3396"}],"wp:featuredmedia":[{"embeddable":true,"href":"https:\/\/www.aridane.org\/city\/wp-json\/wp\/v2\/media\/3395"}],"wp:attachment":[{"href":"https:\/\/www.aridane.org\/city\/wp-json\/wp\/v2\/media?parent=3394"}],"wp:term":[{"taxonomy":"category","embeddable":true,"href":"https:\/\/www.aridane.org\/city\/wp-json\/wp\/v2\/categories?post=3394"},{"taxonomy":"post_tag","embeddable":true,"href":"https:\/\/www.aridane.org\/city\/wp-json\/wp\/v2\/tags?post=3394"}],"curies":[{"name":"wp","href":"https:\/\/api.w.org\/{rel}","templated":true}]}}