{"id":3397,"date":"2024-02-07T07:33:18","date_gmt":"2024-02-07T07:33:18","guid":{"rendered":"https:\/\/www.aridane.org\/city\/?p=3397"},"modified":"2024-02-07T07:33:18","modified_gmt":"2024-02-07T07:33:18","slug":"la-banda-de-musica-de-los-llanos-de-aridane-presenta-este-miercoles-su-espectaculo-mas-carnavalero","status":"publish","type":"post","link":"https:\/\/www.aridane.org\/city\/2024\/02\/07\/la-banda-de-musica-de-los-llanos-de-aridane-presenta-este-miercoles-su-espectaculo-mas-carnavalero\/","title":{"rendered":"La Banda de M\u00fasica de Los Llanos de Aridane presenta este mi\u00e9rcoles su espect\u00e1culo m\u00e1s carnavalero"},"content":{"rendered":"<p><em>Los componentes de la Banda nos deleitar\u00e1n con sonidos llegados de Cuba, M\u00e9xico y Brasil<\/em><!--more--><\/p>\n<p>La Banda Municipal de M\u00fasica de Los Llanos de Aridane saca su lado m\u00e1s carnavalero con su espect\u00e1culo\u00a0<em>La Vida es un Carnaval<\/em>. Tendr\u00e1 lugar este mi\u00e9rcoles, 7 de febrero, en la Plaza de Espa\u00f1a a las 19:30 horas.<\/p>\n<p>La concejala de Cultura, Marlene Gonz\u00e1lez, explica que \u201cel espect\u00e1culo ser\u00e1 un homenaje a c\u00e9lebres compositores cubanos y mexicanos que han dejado una huella imborrable a este lado del Atl\u00e1ntico a lo largo de la historia\u201d.<\/p>\n<p>Por su parte, el concejal de Fiestas, \u00c1lvaro Pages, destaca el papel que juega la Banda Municipal de M\u00fasica en el Carnaval, \u201cponiendo en valor el talento local y el poder del arte para animar los festejos\u201d.<\/p>\n<p>De este modo, la Banda Municipal interpretar\u00e1 a los autores cubanos Ernesto Lecuona, \u2018Siboney\u2019; Miguel Matamoros, &#8216;Lagrimas Negras&#8217;; D\u00e1maso P\u00e9rez Prado, &#8216;Mambos 5, 8&#8217; y &#8216;Que rico el mambo&#8217;;\u00a0 Jos\u00e9 Fern\u00e1ndez, &#8216;Guantanamera&#8217;; Celia Cruz &#8216;La Vida es un Carnaval&#8217;; Adolfo Utrera y Nilo Men\u00e9ndez, &#8216;Aquellos ojos verdes&#8217;; Julio Brito, &#8216;Mira que eres linda&#8217;; y Oswaldo Farr\u00e9s, &#8216;Tres Palabras&#8217;.<\/p>\n<p>Con acento mexicano sonar\u00e1n las obras de Agust\u00edn Lara y Lorenzo Barcelata, &#8216;Mar\u00eda Elena&#8217;, y de Consuelo Vel\u00e1zquez, &#8216;B\u00e9same Mucho&#8217;.<\/p>\n<p>Completar\u00e1n el programa con la famos\u00edsima samba de Ari Barroso &#8216;Brasil&#8217;, adem\u00e1s de un gui\u00f1o al Charleston, baile que toma nombre de la ciudad de Carolina del Sur que lo vio nacer, que abrir\u00e1 el concierto.<\/p>\n<h2><strong>Sobre la Banda Municipal de M\u00fasica<\/strong><\/h2>\n<p>La Banda Municipal de M\u00fasica de Los Llanos de Aridane, fue fundada en 1858, hecho que la convierte en la entidad cultural m\u00e1s antigua de la Isla de La Palma.<\/p>\n<p>Actualmente desarrolla una intensa actividad art\u00edstica que contiene m\u00e1s de 30 intervenciones anuales ligadas a\u00a0 la vida cultural y festiva de Los Llanos de Aridane.<\/p>\n<p>La Banda ostenta desde el a\u00f1o 2009 la Medalla de Oro de la Ciudad de Los Llanos de Aridane. En la actualidad, cuenta con 45 componentes y su estructura organizativa alberga el funcionamiento de la Academia Municipal de M\u00fasica, entidad formativa de futuros m\u00fasicos en la que colaboran profesionales de alto prestigio.<\/p>\n","protected":false},"excerpt":{"rendered":"<p>Los componentes de la Banda nos deleitar\u00e1n con sonidos llegados de Cuba, M\u00e9xico y Brasil<\/p>\n","protected":false},"author":4,"featured_media":3398,"comment_status":"open","ping_status":"open","sticky":false,"template":"","format":"standard","meta":{"footnotes":""},"categories":[1],"tags":[],"class_list":["post-3397","post","type-post","status-publish","format-standard","has-post-thumbnail","hentry","category-sin-categoria"],"yoast_head":"<!-- This site is optimized with the Yoast SEO plugin v22.7 - https:\/\/yoast.com\/wordpress\/plugins\/seo\/ -->\n<title>La Banda de M\u00fasica de Los Llanos de Aridane presenta este mi\u00e9rcoles su espect\u00e1culo m\u00e1s carnavalero - Ayuntamiento de Los Llanos de Aridane<\/title>\n<meta name=\"robots\" content=\"index, follow, max-snippet:-1, max-image-preview:large, max-video-preview:-1\" \/>\n<link rel=\"canonical\" href=\"https:\/\/www.aridane.org\/city\/2024\/02\/07\/la-banda-de-musica-de-los-llanos-de-aridane-presenta-este-miercoles-su-espectaculo-mas-carnavalero\/\" \/>\n<meta property=\"og:locale\" content=\"es_ES\" \/>\n<meta property=\"og:type\" content=\"article\" \/>\n<meta property=\"og:title\" content=\"La Banda de M\u00fasica de Los Llanos de Aridane presenta este mi\u00e9rcoles su espect\u00e1culo m\u00e1s carnavalero - Ayuntamiento de Los Llanos de Aridane\" \/>\n<meta property=\"og:description\" content=\"Los componentes de la Banda nos deleitar\u00e1n con sonidos llegados de Cuba, M\u00e9xico y Brasil\" \/>\n<meta property=\"og:url\" content=\"https:\/\/www.aridane.org\/city\/2024\/02\/07\/la-banda-de-musica-de-los-llanos-de-aridane-presenta-este-miercoles-su-espectaculo-mas-carnavalero\/\" \/>\n<meta property=\"og:site_name\" content=\"Ayuntamiento de Los Llanos de Aridane\" \/>\n<meta property=\"article:published_time\" content=\"2024-02-07T07:33:18+00:00\" \/>\n<meta property=\"og:image\" content=\"https:\/\/www.aridane.org\/city\/wp-content\/uploads\/2024\/02\/Banda-Municipal-de-Musica.png\" \/>\n\t<meta property=\"og:image:width\" content=\"1640\" \/>\n\t<meta property=\"og:image:height\" content=\"924\" \/>\n\t<meta property=\"og:image:type\" content=\"image\/png\" \/>\n<meta name=\"author\" content=\"Corresponsal\" \/>\n<meta name=\"twitter:card\" content=\"summary_large_image\" \/>\n<meta name=\"twitter:label1\" content=\"Escrito por\" \/>\n\t<meta name=\"twitter:data1\" content=\"Corresponsal\" \/>\n\t<meta name=\"twitter:label2\" content=\"Tiempo de lectura\" \/>\n\t<meta name=\"twitter:data2\" content=\"2 minutos\" \/>\n<script type=\"application\/ld+json\" class=\"yoast-schema-graph\">{\"@context\":\"https:\/\/schema.org\",\"@graph\":[{\"@type\":\"WebPage\",\"@id\":\"https:\/\/www.aridane.org\/city\/2024\/02\/07\/la-banda-de-musica-de-los-llanos-de-aridane-presenta-este-miercoles-su-espectaculo-mas-carnavalero\/\",\"url\":\"https:\/\/www.aridane.org\/city\/2024\/02\/07\/la-banda-de-musica-de-los-llanos-de-aridane-presenta-este-miercoles-su-espectaculo-mas-carnavalero\/\",\"name\":\"La Banda de M\u00fasica de Los Llanos de Aridane presenta este mi\u00e9rcoles su espect\u00e1culo m\u00e1s carnavalero - Ayuntamiento de Los Llanos de Aridane\",\"isPartOf\":{\"@id\":\"https:\/\/www.aridane.org\/city\/#website\"},\"primaryImageOfPage\":{\"@id\":\"https:\/\/www.aridane.org\/city\/2024\/02\/07\/la-banda-de-musica-de-los-llanos-de-aridane-presenta-este-miercoles-su-espectaculo-mas-carnavalero\/#primaryimage\"},\"image\":{\"@id\":\"https:\/\/www.aridane.org\/city\/2024\/02\/07\/la-banda-de-musica-de-los-llanos-de-aridane-presenta-este-miercoles-su-espectaculo-mas-carnavalero\/#primaryimage\"},\"thumbnailUrl\":\"https:\/\/www.aridane.org\/city\/wp-content\/uploads\/2024\/02\/Banda-Municipal-de-Musica.png\",\"datePublished\":\"2024-02-07T07:33:18+00:00\",\"dateModified\":\"2024-02-07T07:33:18+00:00\",\"author\":{\"@id\":\"https:\/\/www.aridane.org\/city\/#\/schema\/person\/89ebd376b223dc94cc1dbcf200c8e6da\"},\"breadcrumb\":{\"@id\":\"https:\/\/www.aridane.org\/city\/2024\/02\/07\/la-banda-de-musica-de-los-llanos-de-aridane-presenta-este-miercoles-su-espectaculo-mas-carnavalero\/#breadcrumb\"},\"inLanguage\":\"es\",\"potentialAction\":[{\"@type\":\"ReadAction\",\"target\":[\"https:\/\/www.aridane.org\/city\/2024\/02\/07\/la-banda-de-musica-de-los-llanos-de-aridane-presenta-este-miercoles-su-espectaculo-mas-carnavalero\/\"]}]},{\"@type\":\"ImageObject\",\"inLanguage\":\"es\",\"@id\":\"https:\/\/www.aridane.org\/city\/2024\/02\/07\/la-banda-de-musica-de-los-llanos-de-aridane-presenta-este-miercoles-su-espectaculo-mas-carnavalero\/#primaryimage\",\"url\":\"https:\/\/www.aridane.org\/city\/wp-content\/uploads\/2024\/02\/Banda-Municipal-de-Musica.png\",\"contentUrl\":\"https:\/\/www.aridane.org\/city\/wp-content\/uploads\/2024\/02\/Banda-Municipal-de-Musica.png\",\"width\":1640,\"height\":924},{\"@type\":\"BreadcrumbList\",\"@id\":\"https:\/\/www.aridane.org\/city\/2024\/02\/07\/la-banda-de-musica-de-los-llanos-de-aridane-presenta-este-miercoles-su-espectaculo-mas-carnavalero\/#breadcrumb\",\"itemListElement\":[{\"@type\":\"ListItem\",\"position\":1,\"name\":\"Portada\",\"item\":\"https:\/\/www.aridane.org\/city\/\"},{\"@type\":\"ListItem\",\"position\":2,\"name\":\"La Banda de M\u00fasica de Los Llanos de Aridane presenta este mi\u00e9rcoles su espect\u00e1culo m\u00e1s carnavalero\"}]},{\"@type\":\"WebSite\",\"@id\":\"https:\/\/www.aridane.org\/city\/#website\",\"url\":\"https:\/\/www.aridane.org\/city\/\",\"name\":\"Ayuntamiento de Los Llanos de Aridane\",\"description\":\"\",\"potentialAction\":[{\"@type\":\"SearchAction\",\"target\":{\"@type\":\"EntryPoint\",\"urlTemplate\":\"https:\/\/www.aridane.org\/city\/?s={search_term_string}\"},\"query-input\":\"required name=search_term_string\"}],\"inLanguage\":\"es\"},{\"@type\":\"Person\",\"@id\":\"https:\/\/www.aridane.org\/city\/#\/schema\/person\/89ebd376b223dc94cc1dbcf200c8e6da\",\"name\":\"Corresponsal\",\"image\":{\"@type\":\"ImageObject\",\"inLanguage\":\"es\",\"@id\":\"https:\/\/www.aridane.org\/city\/#\/schema\/person\/image\/\",\"url\":\"https:\/\/secure.gravatar.com\/avatar\/1c476992411e4ccf153da63b2b2f5ea0bb4cb1c85f3ceab8512f04325ad5579c?s=96&d=mm&r=g\",\"contentUrl\":\"https:\/\/secure.gravatar.com\/avatar\/1c476992411e4ccf153da63b2b2f5ea0bb4cb1c85f3ceab8512f04325ad5579c?s=96&d=mm&r=g\",\"caption\":\"Corresponsal\"},\"url\":\"https:\/\/www.aridane.org\/city\/author\/corresponsal\/\"}]}<\/script>\n<!-- \/ Yoast SEO plugin. -->","yoast_head_json":{"title":"La Banda de M\u00fasica de Los Llanos de Aridane presenta este mi\u00e9rcoles su espect\u00e1culo m\u00e1s carnavalero - Ayuntamiento de Los Llanos de Aridane","robots":{"index":"index","follow":"follow","max-snippet":"max-snippet:-1","max-image-preview":"max-image-preview:large","max-video-preview":"max-video-preview:-1"},"canonical":"https:\/\/www.aridane.org\/city\/2024\/02\/07\/la-banda-de-musica-de-los-llanos-de-aridane-presenta-este-miercoles-su-espectaculo-mas-carnavalero\/","og_locale":"es_ES","og_type":"article","og_title":"La Banda de M\u00fasica de Los Llanos de Aridane presenta este mi\u00e9rcoles su espect\u00e1culo m\u00e1s carnavalero - Ayuntamiento de Los Llanos de Aridane","og_description":"Los componentes de la Banda nos deleitar\u00e1n con sonidos llegados de Cuba, M\u00e9xico y Brasil","og_url":"https:\/\/www.aridane.org\/city\/2024\/02\/07\/la-banda-de-musica-de-los-llanos-de-aridane-presenta-este-miercoles-su-espectaculo-mas-carnavalero\/","og_site_name":"Ayuntamiento de Los Llanos de Aridane","article_published_time":"2024-02-07T07:33:18+00:00","og_image":[{"width":1640,"height":924,"url":"https:\/\/www.aridane.org\/city\/wp-content\/uploads\/2024\/02\/Banda-Municipal-de-Musica.png","type":"image\/png"}],"author":"Corresponsal","twitter_card":"summary_large_image","twitter_misc":{"Escrito por":"Corresponsal","Tiempo de lectura":"2 minutos"},"schema":{"@context":"https:\/\/schema.org","@graph":[{"@type":"WebPage","@id":"https:\/\/www.aridane.org\/city\/2024\/02\/07\/la-banda-de-musica-de-los-llanos-de-aridane-presenta-este-miercoles-su-espectaculo-mas-carnavalero\/","url":"https:\/\/www.aridane.org\/city\/2024\/02\/07\/la-banda-de-musica-de-los-llanos-de-aridane-presenta-este-miercoles-su-espectaculo-mas-carnavalero\/","name":"La Banda de M\u00fasica de Los Llanos de Aridane presenta este mi\u00e9rcoles su espect\u00e1culo m\u00e1s carnavalero - Ayuntamiento de Los Llanos de Aridane","isPartOf":{"@id":"https:\/\/www.aridane.org\/city\/#website"},"primaryImageOfPage":{"@id":"https:\/\/www.aridane.org\/city\/2024\/02\/07\/la-banda-de-musica-de-los-llanos-de-aridane-presenta-este-miercoles-su-espectaculo-mas-carnavalero\/#primaryimage"},"image":{"@id":"https:\/\/www.aridane.org\/city\/2024\/02\/07\/la-banda-de-musica-de-los-llanos-de-aridane-presenta-este-miercoles-su-espectaculo-mas-carnavalero\/#primaryimage"},"thumbnailUrl":"https:\/\/www.aridane.org\/city\/wp-content\/uploads\/2024\/02\/Banda-Municipal-de-Musica.png","datePublished":"2024-02-07T07:33:18+00:00","dateModified":"2024-02-07T07:33:18+00:00","author":{"@id":"https:\/\/www.aridane.org\/city\/#\/schema\/person\/89ebd376b223dc94cc1dbcf200c8e6da"},"breadcrumb":{"@id":"https:\/\/www.aridane.org\/city\/2024\/02\/07\/la-banda-de-musica-de-los-llanos-de-aridane-presenta-este-miercoles-su-espectaculo-mas-carnavalero\/#breadcrumb"},"inLanguage":"es","potentialAction":[{"@type":"ReadAction","target":["https:\/\/www.aridane.org\/city\/2024\/02\/07\/la-banda-de-musica-de-los-llanos-de-aridane-presenta-este-miercoles-su-espectaculo-mas-carnavalero\/"]}]},{"@type":"ImageObject","inLanguage":"es","@id":"https:\/\/www.aridane.org\/city\/2024\/02\/07\/la-banda-de-musica-de-los-llanos-de-aridane-presenta-este-miercoles-su-espectaculo-mas-carnavalero\/#primaryimage","url":"https:\/\/www.aridane.org\/city\/wp-content\/uploads\/2024\/02\/Banda-Municipal-de-Musica.png","contentUrl":"https:\/\/www.aridane.org\/city\/wp-content\/uploads\/2024\/02\/Banda-Municipal-de-Musica.png","width":1640,"height":924},{"@type":"BreadcrumbList","@id":"https:\/\/www.aridane.org\/city\/2024\/02\/07\/la-banda-de-musica-de-los-llanos-de-aridane-presenta-este-miercoles-su-espectaculo-mas-carnavalero\/#breadcrumb","itemListElement":[{"@type":"ListItem","position":1,"name":"Portada","item":"https:\/\/www.aridane.org\/city\/"},{"@type":"ListItem","position":2,"name":"La Banda de M\u00fasica de Los Llanos de Aridane presenta este mi\u00e9rcoles su espect\u00e1culo m\u00e1s carnavalero"}]},{"@type":"WebSite","@id":"https:\/\/www.aridane.org\/city\/#website","url":"https:\/\/www.aridane.org\/city\/","name":"Ayuntamiento de Los Llanos de Aridane","description":"","potentialAction":[{"@type":"SearchAction","target":{"@type":"EntryPoint","urlTemplate":"https:\/\/www.aridane.org\/city\/?s={search_term_string}"},"query-input":"required name=search_term_string"}],"inLanguage":"es"},{"@type":"Person","@id":"https:\/\/www.aridane.org\/city\/#\/schema\/person\/89ebd376b223dc94cc1dbcf200c8e6da","name":"Corresponsal","image":{"@type":"ImageObject","inLanguage":"es","@id":"https:\/\/www.aridane.org\/city\/#\/schema\/person\/image\/","url":"https:\/\/secure.gravatar.com\/avatar\/1c476992411e4ccf153da63b2b2f5ea0bb4cb1c85f3ceab8512f04325ad5579c?s=96&d=mm&r=g","contentUrl":"https:\/\/secure.gravatar.com\/avatar\/1c476992411e4ccf153da63b2b2f5ea0bb4cb1c85f3ceab8512f04325ad5579c?s=96&d=mm&r=g","caption":"Corresponsal"},"url":"https:\/\/www.aridane.org\/city\/author\/corresponsal\/"}]}},"_links":{"self":[{"href":"https:\/\/www.aridane.org\/city\/wp-json\/wp\/v2\/posts\/3397","targetHints":{"allow":["GET"]}}],"collection":[{"href":"https:\/\/www.aridane.org\/city\/wp-json\/wp\/v2\/posts"}],"about":[{"href":"https:\/\/www.aridane.org\/city\/wp-json\/wp\/v2\/types\/post"}],"author":[{"embeddable":true,"href":"https:\/\/www.aridane.org\/city\/wp-json\/wp\/v2\/users\/4"}],"replies":[{"embeddable":true,"href":"https:\/\/www.aridane.org\/city\/wp-json\/wp\/v2\/comments?post=3397"}],"version-history":[{"count":1,"href":"https:\/\/www.aridane.org\/city\/wp-json\/wp\/v2\/posts\/3397\/revisions"}],"predecessor-version":[{"id":3399,"href":"https:\/\/www.aridane.org\/city\/wp-json\/wp\/v2\/posts\/3397\/revisions\/3399"}],"wp:featuredmedia":[{"embeddable":true,"href":"https:\/\/www.aridane.org\/city\/wp-json\/wp\/v2\/media\/3398"}],"wp:attachment":[{"href":"https:\/\/www.aridane.org\/city\/wp-json\/wp\/v2\/media?parent=3397"}],"wp:term":[{"taxonomy":"category","embeddable":true,"href":"https:\/\/www.aridane.org\/city\/wp-json\/wp\/v2\/categories?post=3397"},{"taxonomy":"post_tag","embeddable":true,"href":"https:\/\/www.aridane.org\/city\/wp-json\/wp\/v2\/tags?post=3397"}],"curies":[{"name":"wp","href":"https:\/\/api.w.org\/{rel}","templated":true}]}}