{"id":3448,"date":"2024-02-08T09:21:16","date_gmt":"2024-02-08T09:21:16","guid":{"rendered":"https:\/\/www.aridane.org\/city\/?p=3448"},"modified":"2024-02-08T09:21:16","modified_gmt":"2024-02-08T09:21:16","slug":"tony-tun-tun-protagoniza-el-lunes-de-carnaval-en-los-llanos-de-aridane","status":"publish","type":"post","link":"https:\/\/www.aridane.org\/city\/2024\/02\/08\/tony-tun-tun-protagoniza-el-lunes-de-carnaval-en-los-llanos-de-aridane\/","title":{"rendered":"Tony Tun Tun protagoniza el Lunes de Carnaval en Los Llanos de Aridane"},"content":{"rendered":"<p><em>El cantante puertorrique\u00f1o ser\u00e1 la estrella de un evento que contar\u00e1 con artistas de la talla de Tutto Dur\u00e1n o Grupo Libertad, entre otros<\/em><br \/>\n<!--more--><\/p>\n<div id=\"v1forwardbody1\">\n<p>El carnaval de Los Llanos de Aridane vivir\u00e1 uno de sus d\u00edas clave el pr\u00f3ximo lunes 12 de febrero, con un evento que combina los sonidos de la tradicional verbena con varios artistas del g\u00e9nero urbano. Todo esto encabezado por el cantante puertorrique\u00f1o Tony Tun Tun.<\/p>\n<p>La fiesta comenzar\u00e1 a las 18:00 horas, y contar\u00e1 con las actuaciones de las orquestas Libertad, Tropicana y Maracaibo; Los Animadores Bembe y Peyo, Tutto Dur\u00e1n, DJ Renzzo el Selector y David \u00c1lvarez, DJ residente de Los 40 Principales.<\/p>\n<p>El concejal de Fiestas, \u00c1lvaro Pages, afirma que \u201ctener a un artista de tanto renombre en la m\u00fasica latina formando parte de nuestros carnavales es un \u00e9xito\u201d, y espera que este d\u00eda \u201cvaya cogiendo importancia en el calendario de festejos del municipio\u201d.<\/p>\n<p>En esta l\u00ednea, el alcalde Javier Llamas destaca \u201cla importancia de recuperar el lunes de carnaval, un d\u00eda que se consideraba como clave hace algunos a\u00f1os, con esta mezcla de m\u00fasica urbana y el merengue y bachata tradicionales de las verbenas que hacen una combinaci\u00f3n muy atractiva para que j\u00f3venes y adultos puedan disfrutar de este d\u00eda\u201d.<\/p>\n<p>Tony Tun Tun es un cantante puertorrique\u00f1o referente en la m\u00fasica latina, desarrollando su m\u00fasica entre el merengue, el reggaet\u00f3n y el pop latino. Varios \u00e9xitos de la talla de\u00a0<em>Noche de copas, S\u00e1bado en la noche, Mayor que yo\u00a0<\/em>o\u00a0<em>Noche de entierro\u00a0<\/em>le convirtieron en una de las principales figuras del panorama internacional a principios de los 2000.<\/p>\n<\/div>\n","protected":false},"excerpt":{"rendered":"<p>El cantante puertorrique\u00f1o ser\u00e1 la estrella de un evento que contar\u00e1 con artistas de la talla de Tutto Dur\u00e1n o Grupo Libertad, entre otros<\/p>\n","protected":false},"author":4,"featured_media":3449,"comment_status":"open","ping_status":"open","sticky":false,"template":"","format":"standard","meta":{"footnotes":""},"categories":[1],"tags":[],"class_list":["post-3448","post","type-post","status-publish","format-standard","has-post-thumbnail","hentry","category-sin-categoria"],"yoast_head":"<!-- This site is optimized with the Yoast SEO plugin v22.7 - https:\/\/yoast.com\/wordpress\/plugins\/seo\/ -->\n<title>Tony Tun Tun protagoniza el Lunes de Carnaval en Los Llanos de Aridane - Ayuntamiento de Los Llanos de Aridane<\/title>\n<meta name=\"robots\" content=\"index, follow, max-snippet:-1, max-image-preview:large, max-video-preview:-1\" \/>\n<link rel=\"canonical\" href=\"https:\/\/www.aridane.org\/city\/2024\/02\/08\/tony-tun-tun-protagoniza-el-lunes-de-carnaval-en-los-llanos-de-aridane\/\" \/>\n<meta property=\"og:locale\" content=\"es_ES\" \/>\n<meta property=\"og:type\" content=\"article\" \/>\n<meta property=\"og:title\" content=\"Tony Tun Tun protagoniza el Lunes de Carnaval en Los Llanos de Aridane - Ayuntamiento de Los Llanos de Aridane\" \/>\n<meta property=\"og:description\" content=\"El cantante puertorrique\u00f1o ser\u00e1 la estrella de un evento que contar\u00e1 con artistas de la talla de Tutto Dur\u00e1n o Grupo Libertad, entre otros\" \/>\n<meta property=\"og:url\" content=\"https:\/\/www.aridane.org\/city\/2024\/02\/08\/tony-tun-tun-protagoniza-el-lunes-de-carnaval-en-los-llanos-de-aridane\/\" \/>\n<meta property=\"og:site_name\" content=\"Ayuntamiento de Los Llanos de Aridane\" \/>\n<meta property=\"article:published_time\" content=\"2024-02-08T09:21:16+00:00\" \/>\n<meta property=\"og:image\" content=\"https:\/\/www.aridane.org\/city\/wp-content\/uploads\/2024\/02\/WhatsApp-Image-2024-02-08-at-08.42.02-e1707384067253.jpeg\" \/>\n\t<meta property=\"og:image:width\" content=\"1064\" \/>\n\t<meta property=\"og:image:height\" content=\"680\" \/>\n\t<meta property=\"og:image:type\" content=\"image\/jpeg\" \/>\n<meta name=\"author\" content=\"Corresponsal\" \/>\n<meta name=\"twitter:card\" content=\"summary_large_image\" \/>\n<meta name=\"twitter:label1\" content=\"Escrito por\" \/>\n\t<meta name=\"twitter:data1\" content=\"Corresponsal\" \/>\n\t<meta name=\"twitter:label2\" content=\"Tiempo de lectura\" \/>\n\t<meta name=\"twitter:data2\" content=\"2 minutos\" \/>\n<script type=\"application\/ld+json\" class=\"yoast-schema-graph\">{\"@context\":\"https:\/\/schema.org\",\"@graph\":[{\"@type\":\"WebPage\",\"@id\":\"https:\/\/www.aridane.org\/city\/2024\/02\/08\/tony-tun-tun-protagoniza-el-lunes-de-carnaval-en-los-llanos-de-aridane\/\",\"url\":\"https:\/\/www.aridane.org\/city\/2024\/02\/08\/tony-tun-tun-protagoniza-el-lunes-de-carnaval-en-los-llanos-de-aridane\/\",\"name\":\"Tony Tun Tun protagoniza el Lunes de Carnaval en Los Llanos de Aridane - Ayuntamiento de Los Llanos de Aridane\",\"isPartOf\":{\"@id\":\"https:\/\/www.aridane.org\/city\/#website\"},\"primaryImageOfPage\":{\"@id\":\"https:\/\/www.aridane.org\/city\/2024\/02\/08\/tony-tun-tun-protagoniza-el-lunes-de-carnaval-en-los-llanos-de-aridane\/#primaryimage\"},\"image\":{\"@id\":\"https:\/\/www.aridane.org\/city\/2024\/02\/08\/tony-tun-tun-protagoniza-el-lunes-de-carnaval-en-los-llanos-de-aridane\/#primaryimage\"},\"thumbnailUrl\":\"https:\/\/www.aridane.org\/city\/wp-content\/uploads\/2024\/02\/WhatsApp-Image-2024-02-08-at-08.42.02-e1707384067253.jpeg\",\"datePublished\":\"2024-02-08T09:21:16+00:00\",\"dateModified\":\"2024-02-08T09:21:16+00:00\",\"author\":{\"@id\":\"https:\/\/www.aridane.org\/city\/#\/schema\/person\/89ebd376b223dc94cc1dbcf200c8e6da\"},\"breadcrumb\":{\"@id\":\"https:\/\/www.aridane.org\/city\/2024\/02\/08\/tony-tun-tun-protagoniza-el-lunes-de-carnaval-en-los-llanos-de-aridane\/#breadcrumb\"},\"inLanguage\":\"es\",\"potentialAction\":[{\"@type\":\"ReadAction\",\"target\":[\"https:\/\/www.aridane.org\/city\/2024\/02\/08\/tony-tun-tun-protagoniza-el-lunes-de-carnaval-en-los-llanos-de-aridane\/\"]}]},{\"@type\":\"ImageObject\",\"inLanguage\":\"es\",\"@id\":\"https:\/\/www.aridane.org\/city\/2024\/02\/08\/tony-tun-tun-protagoniza-el-lunes-de-carnaval-en-los-llanos-de-aridane\/#primaryimage\",\"url\":\"https:\/\/www.aridane.org\/city\/wp-content\/uploads\/2024\/02\/WhatsApp-Image-2024-02-08-at-08.42.02-e1707384067253.jpeg\",\"contentUrl\":\"https:\/\/www.aridane.org\/city\/wp-content\/uploads\/2024\/02\/WhatsApp-Image-2024-02-08-at-08.42.02-e1707384067253.jpeg\",\"width\":1064,\"height\":680},{\"@type\":\"BreadcrumbList\",\"@id\":\"https:\/\/www.aridane.org\/city\/2024\/02\/08\/tony-tun-tun-protagoniza-el-lunes-de-carnaval-en-los-llanos-de-aridane\/#breadcrumb\",\"itemListElement\":[{\"@type\":\"ListItem\",\"position\":1,\"name\":\"Portada\",\"item\":\"https:\/\/www.aridane.org\/city\/\"},{\"@type\":\"ListItem\",\"position\":2,\"name\":\"Tony Tun Tun protagoniza el Lunes de Carnaval en Los Llanos de Aridane\"}]},{\"@type\":\"WebSite\",\"@id\":\"https:\/\/www.aridane.org\/city\/#website\",\"url\":\"https:\/\/www.aridane.org\/city\/\",\"name\":\"Ayuntamiento de Los Llanos de Aridane\",\"description\":\"\",\"potentialAction\":[{\"@type\":\"SearchAction\",\"target\":{\"@type\":\"EntryPoint\",\"urlTemplate\":\"https:\/\/www.aridane.org\/city\/?s={search_term_string}\"},\"query-input\":\"required name=search_term_string\"}],\"inLanguage\":\"es\"},{\"@type\":\"Person\",\"@id\":\"https:\/\/www.aridane.org\/city\/#\/schema\/person\/89ebd376b223dc94cc1dbcf200c8e6da\",\"name\":\"Corresponsal\",\"image\":{\"@type\":\"ImageObject\",\"inLanguage\":\"es\",\"@id\":\"https:\/\/www.aridane.org\/city\/#\/schema\/person\/image\/\",\"url\":\"https:\/\/secure.gravatar.com\/avatar\/1c476992411e4ccf153da63b2b2f5ea0bb4cb1c85f3ceab8512f04325ad5579c?s=96&d=mm&r=g\",\"contentUrl\":\"https:\/\/secure.gravatar.com\/avatar\/1c476992411e4ccf153da63b2b2f5ea0bb4cb1c85f3ceab8512f04325ad5579c?s=96&d=mm&r=g\",\"caption\":\"Corresponsal\"},\"url\":\"https:\/\/www.aridane.org\/city\/author\/corresponsal\/\"}]}<\/script>\n<!-- \/ Yoast SEO plugin. -->","yoast_head_json":{"title":"Tony Tun Tun protagoniza el Lunes de Carnaval en Los Llanos de Aridane - Ayuntamiento de Los Llanos de Aridane","robots":{"index":"index","follow":"follow","max-snippet":"max-snippet:-1","max-image-preview":"max-image-preview:large","max-video-preview":"max-video-preview:-1"},"canonical":"https:\/\/www.aridane.org\/city\/2024\/02\/08\/tony-tun-tun-protagoniza-el-lunes-de-carnaval-en-los-llanos-de-aridane\/","og_locale":"es_ES","og_type":"article","og_title":"Tony Tun Tun protagoniza el Lunes de Carnaval en Los Llanos de Aridane - Ayuntamiento de Los Llanos de Aridane","og_description":"El cantante puertorrique\u00f1o ser\u00e1 la estrella de un evento que contar\u00e1 con artistas de la talla de Tutto Dur\u00e1n o Grupo Libertad, entre otros","og_url":"https:\/\/www.aridane.org\/city\/2024\/02\/08\/tony-tun-tun-protagoniza-el-lunes-de-carnaval-en-los-llanos-de-aridane\/","og_site_name":"Ayuntamiento de Los Llanos de Aridane","article_published_time":"2024-02-08T09:21:16+00:00","og_image":[{"width":1064,"height":680,"url":"https:\/\/www.aridane.org\/city\/wp-content\/uploads\/2024\/02\/WhatsApp-Image-2024-02-08-at-08.42.02-e1707384067253.jpeg","type":"image\/jpeg"}],"author":"Corresponsal","twitter_card":"summary_large_image","twitter_misc":{"Escrito por":"Corresponsal","Tiempo de lectura":"2 minutos"},"schema":{"@context":"https:\/\/schema.org","@graph":[{"@type":"WebPage","@id":"https:\/\/www.aridane.org\/city\/2024\/02\/08\/tony-tun-tun-protagoniza-el-lunes-de-carnaval-en-los-llanos-de-aridane\/","url":"https:\/\/www.aridane.org\/city\/2024\/02\/08\/tony-tun-tun-protagoniza-el-lunes-de-carnaval-en-los-llanos-de-aridane\/","name":"Tony Tun Tun protagoniza el Lunes de Carnaval en Los Llanos de Aridane - Ayuntamiento de Los Llanos de Aridane","isPartOf":{"@id":"https:\/\/www.aridane.org\/city\/#website"},"primaryImageOfPage":{"@id":"https:\/\/www.aridane.org\/city\/2024\/02\/08\/tony-tun-tun-protagoniza-el-lunes-de-carnaval-en-los-llanos-de-aridane\/#primaryimage"},"image":{"@id":"https:\/\/www.aridane.org\/city\/2024\/02\/08\/tony-tun-tun-protagoniza-el-lunes-de-carnaval-en-los-llanos-de-aridane\/#primaryimage"},"thumbnailUrl":"https:\/\/www.aridane.org\/city\/wp-content\/uploads\/2024\/02\/WhatsApp-Image-2024-02-08-at-08.42.02-e1707384067253.jpeg","datePublished":"2024-02-08T09:21:16+00:00","dateModified":"2024-02-08T09:21:16+00:00","author":{"@id":"https:\/\/www.aridane.org\/city\/#\/schema\/person\/89ebd376b223dc94cc1dbcf200c8e6da"},"breadcrumb":{"@id":"https:\/\/www.aridane.org\/city\/2024\/02\/08\/tony-tun-tun-protagoniza-el-lunes-de-carnaval-en-los-llanos-de-aridane\/#breadcrumb"},"inLanguage":"es","potentialAction":[{"@type":"ReadAction","target":["https:\/\/www.aridane.org\/city\/2024\/02\/08\/tony-tun-tun-protagoniza-el-lunes-de-carnaval-en-los-llanos-de-aridane\/"]}]},{"@type":"ImageObject","inLanguage":"es","@id":"https:\/\/www.aridane.org\/city\/2024\/02\/08\/tony-tun-tun-protagoniza-el-lunes-de-carnaval-en-los-llanos-de-aridane\/#primaryimage","url":"https:\/\/www.aridane.org\/city\/wp-content\/uploads\/2024\/02\/WhatsApp-Image-2024-02-08-at-08.42.02-e1707384067253.jpeg","contentUrl":"https:\/\/www.aridane.org\/city\/wp-content\/uploads\/2024\/02\/WhatsApp-Image-2024-02-08-at-08.42.02-e1707384067253.jpeg","width":1064,"height":680},{"@type":"BreadcrumbList","@id":"https:\/\/www.aridane.org\/city\/2024\/02\/08\/tony-tun-tun-protagoniza-el-lunes-de-carnaval-en-los-llanos-de-aridane\/#breadcrumb","itemListElement":[{"@type":"ListItem","position":1,"name":"Portada","item":"https:\/\/www.aridane.org\/city\/"},{"@type":"ListItem","position":2,"name":"Tony Tun Tun protagoniza el Lunes de Carnaval en Los Llanos de Aridane"}]},{"@type":"WebSite","@id":"https:\/\/www.aridane.org\/city\/#website","url":"https:\/\/www.aridane.org\/city\/","name":"Ayuntamiento de Los Llanos de Aridane","description":"","potentialAction":[{"@type":"SearchAction","target":{"@type":"EntryPoint","urlTemplate":"https:\/\/www.aridane.org\/city\/?s={search_term_string}"},"query-input":"required name=search_term_string"}],"inLanguage":"es"},{"@type":"Person","@id":"https:\/\/www.aridane.org\/city\/#\/schema\/person\/89ebd376b223dc94cc1dbcf200c8e6da","name":"Corresponsal","image":{"@type":"ImageObject","inLanguage":"es","@id":"https:\/\/www.aridane.org\/city\/#\/schema\/person\/image\/","url":"https:\/\/secure.gravatar.com\/avatar\/1c476992411e4ccf153da63b2b2f5ea0bb4cb1c85f3ceab8512f04325ad5579c?s=96&d=mm&r=g","contentUrl":"https:\/\/secure.gravatar.com\/avatar\/1c476992411e4ccf153da63b2b2f5ea0bb4cb1c85f3ceab8512f04325ad5579c?s=96&d=mm&r=g","caption":"Corresponsal"},"url":"https:\/\/www.aridane.org\/city\/author\/corresponsal\/"}]}},"_links":{"self":[{"href":"https:\/\/www.aridane.org\/city\/wp-json\/wp\/v2\/posts\/3448","targetHints":{"allow":["GET"]}}],"collection":[{"href":"https:\/\/www.aridane.org\/city\/wp-json\/wp\/v2\/posts"}],"about":[{"href":"https:\/\/www.aridane.org\/city\/wp-json\/wp\/v2\/types\/post"}],"author":[{"embeddable":true,"href":"https:\/\/www.aridane.org\/city\/wp-json\/wp\/v2\/users\/4"}],"replies":[{"embeddable":true,"href":"https:\/\/www.aridane.org\/city\/wp-json\/wp\/v2\/comments?post=3448"}],"version-history":[{"count":1,"href":"https:\/\/www.aridane.org\/city\/wp-json\/wp\/v2\/posts\/3448\/revisions"}],"predecessor-version":[{"id":3450,"href":"https:\/\/www.aridane.org\/city\/wp-json\/wp\/v2\/posts\/3448\/revisions\/3450"}],"wp:featuredmedia":[{"embeddable":true,"href":"https:\/\/www.aridane.org\/city\/wp-json\/wp\/v2\/media\/3449"}],"wp:attachment":[{"href":"https:\/\/www.aridane.org\/city\/wp-json\/wp\/v2\/media?parent=3448"}],"wp:term":[{"taxonomy":"category","embeddable":true,"href":"https:\/\/www.aridane.org\/city\/wp-json\/wp\/v2\/categories?post=3448"},{"taxonomy":"post_tag","embeddable":true,"href":"https:\/\/www.aridane.org\/city\/wp-json\/wp\/v2\/tags?post=3448"}],"curies":[{"name":"wp","href":"https:\/\/api.w.org\/{rel}","templated":true}]}}