{"id":3453,"date":"2024-02-16T16:56:50","date_gmt":"2024-02-16T16:56:50","guid":{"rendered":"https:\/\/www.aridane.org\/city\/?p=3453"},"modified":"2024-02-16T16:56:50","modified_gmt":"2024-02-16T16:56:50","slug":"los-llanos-de-aridane-despide-las-fiestas-con-el-carnaval-de-dia-y-la-gala-de-funcataes","status":"publish","type":"post","link":"https:\/\/www.aridane.org\/city\/2024\/02\/16\/los-llanos-de-aridane-despide-las-fiestas-con-el-carnaval-de-dia-y-la-gala-de-funcataes\/","title":{"rendered":"Los Llanos de Aridane despide las fiestas con el Carnaval de D\u00eda y la gala de Funcataes"},"content":{"rendered":"<p><i><span style=\"font-weight: 400;\">El s\u00e1bado ser\u00e1 el turno para el Carnaval de D\u00eda, mientras que el domingo se clausuran los actos con la gala Funcataes<\/span><\/i><!--more--><\/p>\n<p><span style=\"font-weight: 400;\">El Carnaval de Los Llanos de Aridane vive su recta final. Este \u00faltimo fin de semana habr\u00e1 varios actos con los que se dar\u00e1n por terminadas estas festividades en su edici\u00f3n de 2024, que recibe el nombre de Carnaval del Futuro.\u00a0<\/span><\/p>\n<p><span style=\"font-weight: 400;\">El s\u00e1bado, 17 de febrero, los actos dar\u00e1n comienzo a las 11:00 horas con el encuentro de Batucadas y Comparsas, que desfilar\u00e1n por las calles del municipio dando una exhibici\u00f3n de ritmo y colorido.\u00a0<\/span><\/p>\n<p><span style=\"font-weight: 400;\">A partir de las 14:00 horas, en la Plaza Juan Pablo II, ser\u00e1 el turno para la verbena, con las actuaciones de Parranda La Palma, Escuela de Calor, El Ima, Dorada Band, Libertad, A Cuatro, Saoco, Iv\u00e1n Cacu y su orquesta, El Combo Dominicano, Orquesta Generaci\u00f3n y los DJ\u2019s Jacob Alonso y Aguiloche.<\/span><\/p>\n<p><span style=\"font-weight: 400;\">El domingo 18 tendr\u00e1 lugar la gala de la fundaci\u00f3n canaria Funcataes. Un evento inclusivo se celebrar\u00e1 en la Plaza Juan Pablo II a las 17:00 horas. Habr\u00e1 una actuaci\u00f3n especial del grupo de baile R\u00edo de Fuego que pondr\u00e1 el broche de oro al Carnaval.<\/span><\/p>\n<p><span style=\"font-weight: 400;\">El concejal de Fiestas, \u00c1lvaro Pages, agradece la gran acogida que han tenido los actos del carnaval hasta ahora, y espera \u201cque el \u00faltimo fin de semana sea el broche de oro para una gran edici\u00f3n\u201d.\u00a0<\/span><\/p>\n<p><span style=\"font-weight: 400;\">\u201cEl Carnaval de D\u00eda es un evento pensado para toda la familia, y queremos recuperar esa costumbre entre los llanenses. Les invitamos a que salgan a la calle a disfrutar de esta fiesta con control y tranquilidad\u201d, apunta el concejal.<\/span><\/p>\n","protected":false},"excerpt":{"rendered":"<p>El s\u00e1bado ser\u00e1 el turno para el Carnaval de D\u00eda, mientras que el domingo se clausuran los actos con la gala Funcataes<\/p>\n","protected":false},"author":4,"featured_media":3454,"comment_status":"open","ping_status":"open","sticky":false,"template":"","format":"standard","meta":{"footnotes":""},"categories":[1],"tags":[],"class_list":["post-3453","post","type-post","status-publish","format-standard","has-post-thumbnail","hentry","category-sin-categoria"],"yoast_head":"<!-- This site is optimized with the Yoast SEO plugin v22.7 - https:\/\/yoast.com\/wordpress\/plugins\/seo\/ -->\n<title>Los Llanos de Aridane despide las fiestas con el Carnaval de D\u00eda y la gala de Funcataes - Ayuntamiento de Los Llanos de Aridane<\/title>\n<meta name=\"robots\" content=\"index, follow, max-snippet:-1, max-image-preview:large, max-video-preview:-1\" \/>\n<link rel=\"canonical\" href=\"https:\/\/www.aridane.org\/city\/2024\/02\/16\/los-llanos-de-aridane-despide-las-fiestas-con-el-carnaval-de-dia-y-la-gala-de-funcataes\/\" \/>\n<meta property=\"og:locale\" content=\"es_ES\" \/>\n<meta property=\"og:type\" content=\"article\" \/>\n<meta property=\"og:title\" content=\"Los Llanos de Aridane despide las fiestas con el Carnaval de D\u00eda y la gala de Funcataes - Ayuntamiento de Los Llanos de Aridane\" \/>\n<meta property=\"og:description\" content=\"El s\u00e1bado ser\u00e1 el turno para el Carnaval de D\u00eda, mientras que el domingo se clausuran los actos con la gala Funcataes\" \/>\n<meta property=\"og:url\" content=\"https:\/\/www.aridane.org\/city\/2024\/02\/16\/los-llanos-de-aridane-despide-las-fiestas-con-el-carnaval-de-dia-y-la-gala-de-funcataes\/\" \/>\n<meta property=\"og:site_name\" content=\"Ayuntamiento de Los Llanos de Aridane\" \/>\n<meta property=\"article:published_time\" content=\"2024-02-16T16:56:50+00:00\" \/>\n<meta property=\"og:image\" content=\"https:\/\/www.aridane.org\/city\/wp-content\/uploads\/2024\/02\/Carnaval-Los-Llanos-de-Aridane.jpg\" \/>\n\t<meta property=\"og:image:width\" content=\"2160\" \/>\n\t<meta property=\"og:image:height\" content=\"1440\" \/>\n\t<meta property=\"og:image:type\" content=\"image\/jpeg\" \/>\n<meta name=\"author\" content=\"Corresponsal\" \/>\n<meta name=\"twitter:card\" content=\"summary_large_image\" \/>\n<meta name=\"twitter:label1\" content=\"Escrito por\" \/>\n\t<meta name=\"twitter:data1\" content=\"Corresponsal\" \/>\n\t<meta name=\"twitter:label2\" content=\"Tiempo de lectura\" \/>\n\t<meta name=\"twitter:data2\" content=\"2 minutos\" \/>\n<script type=\"application\/ld+json\" class=\"yoast-schema-graph\">{\"@context\":\"https:\/\/schema.org\",\"@graph\":[{\"@type\":\"WebPage\",\"@id\":\"https:\/\/www.aridane.org\/city\/2024\/02\/16\/los-llanos-de-aridane-despide-las-fiestas-con-el-carnaval-de-dia-y-la-gala-de-funcataes\/\",\"url\":\"https:\/\/www.aridane.org\/city\/2024\/02\/16\/los-llanos-de-aridane-despide-las-fiestas-con-el-carnaval-de-dia-y-la-gala-de-funcataes\/\",\"name\":\"Los Llanos de Aridane despide las fiestas con el Carnaval de D\u00eda y la gala de Funcataes - Ayuntamiento de Los Llanos de Aridane\",\"isPartOf\":{\"@id\":\"https:\/\/www.aridane.org\/city\/#website\"},\"primaryImageOfPage\":{\"@id\":\"https:\/\/www.aridane.org\/city\/2024\/02\/16\/los-llanos-de-aridane-despide-las-fiestas-con-el-carnaval-de-dia-y-la-gala-de-funcataes\/#primaryimage\"},\"image\":{\"@id\":\"https:\/\/www.aridane.org\/city\/2024\/02\/16\/los-llanos-de-aridane-despide-las-fiestas-con-el-carnaval-de-dia-y-la-gala-de-funcataes\/#primaryimage\"},\"thumbnailUrl\":\"https:\/\/www.aridane.org\/city\/wp-content\/uploads\/2024\/02\/Carnaval-Los-Llanos-de-Aridane.jpg\",\"datePublished\":\"2024-02-16T16:56:50+00:00\",\"dateModified\":\"2024-02-16T16:56:50+00:00\",\"author\":{\"@id\":\"https:\/\/www.aridane.org\/city\/#\/schema\/person\/89ebd376b223dc94cc1dbcf200c8e6da\"},\"breadcrumb\":{\"@id\":\"https:\/\/www.aridane.org\/city\/2024\/02\/16\/los-llanos-de-aridane-despide-las-fiestas-con-el-carnaval-de-dia-y-la-gala-de-funcataes\/#breadcrumb\"},\"inLanguage\":\"es\",\"potentialAction\":[{\"@type\":\"ReadAction\",\"target\":[\"https:\/\/www.aridane.org\/city\/2024\/02\/16\/los-llanos-de-aridane-despide-las-fiestas-con-el-carnaval-de-dia-y-la-gala-de-funcataes\/\"]}]},{\"@type\":\"ImageObject\",\"inLanguage\":\"es\",\"@id\":\"https:\/\/www.aridane.org\/city\/2024\/02\/16\/los-llanos-de-aridane-despide-las-fiestas-con-el-carnaval-de-dia-y-la-gala-de-funcataes\/#primaryimage\",\"url\":\"https:\/\/www.aridane.org\/city\/wp-content\/uploads\/2024\/02\/Carnaval-Los-Llanos-de-Aridane.jpg\",\"contentUrl\":\"https:\/\/www.aridane.org\/city\/wp-content\/uploads\/2024\/02\/Carnaval-Los-Llanos-de-Aridane.jpg\",\"width\":2160,\"height\":1440},{\"@type\":\"BreadcrumbList\",\"@id\":\"https:\/\/www.aridane.org\/city\/2024\/02\/16\/los-llanos-de-aridane-despide-las-fiestas-con-el-carnaval-de-dia-y-la-gala-de-funcataes\/#breadcrumb\",\"itemListElement\":[{\"@type\":\"ListItem\",\"position\":1,\"name\":\"Portada\",\"item\":\"https:\/\/www.aridane.org\/city\/\"},{\"@type\":\"ListItem\",\"position\":2,\"name\":\"Los Llanos de Aridane despide las fiestas con el Carnaval de D\u00eda y la gala de Funcataes\"}]},{\"@type\":\"WebSite\",\"@id\":\"https:\/\/www.aridane.org\/city\/#website\",\"url\":\"https:\/\/www.aridane.org\/city\/\",\"name\":\"Ayuntamiento de Los Llanos de Aridane\",\"description\":\"\",\"potentialAction\":[{\"@type\":\"SearchAction\",\"target\":{\"@type\":\"EntryPoint\",\"urlTemplate\":\"https:\/\/www.aridane.org\/city\/?s={search_term_string}\"},\"query-input\":\"required name=search_term_string\"}],\"inLanguage\":\"es\"},{\"@type\":\"Person\",\"@id\":\"https:\/\/www.aridane.org\/city\/#\/schema\/person\/89ebd376b223dc94cc1dbcf200c8e6da\",\"name\":\"Corresponsal\",\"image\":{\"@type\":\"ImageObject\",\"inLanguage\":\"es\",\"@id\":\"https:\/\/www.aridane.org\/city\/#\/schema\/person\/image\/\",\"url\":\"https:\/\/secure.gravatar.com\/avatar\/1c476992411e4ccf153da63b2b2f5ea0bb4cb1c85f3ceab8512f04325ad5579c?s=96&d=mm&r=g\",\"contentUrl\":\"https:\/\/secure.gravatar.com\/avatar\/1c476992411e4ccf153da63b2b2f5ea0bb4cb1c85f3ceab8512f04325ad5579c?s=96&d=mm&r=g\",\"caption\":\"Corresponsal\"},\"url\":\"https:\/\/www.aridane.org\/city\/author\/corresponsal\/\"}]}<\/script>\n<!-- \/ Yoast SEO plugin. -->","yoast_head_json":{"title":"Los Llanos de Aridane despide las fiestas con el Carnaval de D\u00eda y la gala de Funcataes - Ayuntamiento de Los Llanos de Aridane","robots":{"index":"index","follow":"follow","max-snippet":"max-snippet:-1","max-image-preview":"max-image-preview:large","max-video-preview":"max-video-preview:-1"},"canonical":"https:\/\/www.aridane.org\/city\/2024\/02\/16\/los-llanos-de-aridane-despide-las-fiestas-con-el-carnaval-de-dia-y-la-gala-de-funcataes\/","og_locale":"es_ES","og_type":"article","og_title":"Los Llanos de Aridane despide las fiestas con el Carnaval de D\u00eda y la gala de Funcataes - Ayuntamiento de Los Llanos de Aridane","og_description":"El s\u00e1bado ser\u00e1 el turno para el Carnaval de D\u00eda, mientras que el domingo se clausuran los actos con la gala Funcataes","og_url":"https:\/\/www.aridane.org\/city\/2024\/02\/16\/los-llanos-de-aridane-despide-las-fiestas-con-el-carnaval-de-dia-y-la-gala-de-funcataes\/","og_site_name":"Ayuntamiento de Los Llanos de Aridane","article_published_time":"2024-02-16T16:56:50+00:00","og_image":[{"width":2160,"height":1440,"url":"https:\/\/www.aridane.org\/city\/wp-content\/uploads\/2024\/02\/Carnaval-Los-Llanos-de-Aridane.jpg","type":"image\/jpeg"}],"author":"Corresponsal","twitter_card":"summary_large_image","twitter_misc":{"Escrito por":"Corresponsal","Tiempo de lectura":"2 minutos"},"schema":{"@context":"https:\/\/schema.org","@graph":[{"@type":"WebPage","@id":"https:\/\/www.aridane.org\/city\/2024\/02\/16\/los-llanos-de-aridane-despide-las-fiestas-con-el-carnaval-de-dia-y-la-gala-de-funcataes\/","url":"https:\/\/www.aridane.org\/city\/2024\/02\/16\/los-llanos-de-aridane-despide-las-fiestas-con-el-carnaval-de-dia-y-la-gala-de-funcataes\/","name":"Los Llanos de Aridane despide las fiestas con el Carnaval de D\u00eda y la gala de Funcataes - Ayuntamiento de Los Llanos de Aridane","isPartOf":{"@id":"https:\/\/www.aridane.org\/city\/#website"},"primaryImageOfPage":{"@id":"https:\/\/www.aridane.org\/city\/2024\/02\/16\/los-llanos-de-aridane-despide-las-fiestas-con-el-carnaval-de-dia-y-la-gala-de-funcataes\/#primaryimage"},"image":{"@id":"https:\/\/www.aridane.org\/city\/2024\/02\/16\/los-llanos-de-aridane-despide-las-fiestas-con-el-carnaval-de-dia-y-la-gala-de-funcataes\/#primaryimage"},"thumbnailUrl":"https:\/\/www.aridane.org\/city\/wp-content\/uploads\/2024\/02\/Carnaval-Los-Llanos-de-Aridane.jpg","datePublished":"2024-02-16T16:56:50+00:00","dateModified":"2024-02-16T16:56:50+00:00","author":{"@id":"https:\/\/www.aridane.org\/city\/#\/schema\/person\/89ebd376b223dc94cc1dbcf200c8e6da"},"breadcrumb":{"@id":"https:\/\/www.aridane.org\/city\/2024\/02\/16\/los-llanos-de-aridane-despide-las-fiestas-con-el-carnaval-de-dia-y-la-gala-de-funcataes\/#breadcrumb"},"inLanguage":"es","potentialAction":[{"@type":"ReadAction","target":["https:\/\/www.aridane.org\/city\/2024\/02\/16\/los-llanos-de-aridane-despide-las-fiestas-con-el-carnaval-de-dia-y-la-gala-de-funcataes\/"]}]},{"@type":"ImageObject","inLanguage":"es","@id":"https:\/\/www.aridane.org\/city\/2024\/02\/16\/los-llanos-de-aridane-despide-las-fiestas-con-el-carnaval-de-dia-y-la-gala-de-funcataes\/#primaryimage","url":"https:\/\/www.aridane.org\/city\/wp-content\/uploads\/2024\/02\/Carnaval-Los-Llanos-de-Aridane.jpg","contentUrl":"https:\/\/www.aridane.org\/city\/wp-content\/uploads\/2024\/02\/Carnaval-Los-Llanos-de-Aridane.jpg","width":2160,"height":1440},{"@type":"BreadcrumbList","@id":"https:\/\/www.aridane.org\/city\/2024\/02\/16\/los-llanos-de-aridane-despide-las-fiestas-con-el-carnaval-de-dia-y-la-gala-de-funcataes\/#breadcrumb","itemListElement":[{"@type":"ListItem","position":1,"name":"Portada","item":"https:\/\/www.aridane.org\/city\/"},{"@type":"ListItem","position":2,"name":"Los Llanos de Aridane despide las fiestas con el Carnaval de D\u00eda y la gala de Funcataes"}]},{"@type":"WebSite","@id":"https:\/\/www.aridane.org\/city\/#website","url":"https:\/\/www.aridane.org\/city\/","name":"Ayuntamiento de Los Llanos de Aridane","description":"","potentialAction":[{"@type":"SearchAction","target":{"@type":"EntryPoint","urlTemplate":"https:\/\/www.aridane.org\/city\/?s={search_term_string}"},"query-input":"required name=search_term_string"}],"inLanguage":"es"},{"@type":"Person","@id":"https:\/\/www.aridane.org\/city\/#\/schema\/person\/89ebd376b223dc94cc1dbcf200c8e6da","name":"Corresponsal","image":{"@type":"ImageObject","inLanguage":"es","@id":"https:\/\/www.aridane.org\/city\/#\/schema\/person\/image\/","url":"https:\/\/secure.gravatar.com\/avatar\/1c476992411e4ccf153da63b2b2f5ea0bb4cb1c85f3ceab8512f04325ad5579c?s=96&d=mm&r=g","contentUrl":"https:\/\/secure.gravatar.com\/avatar\/1c476992411e4ccf153da63b2b2f5ea0bb4cb1c85f3ceab8512f04325ad5579c?s=96&d=mm&r=g","caption":"Corresponsal"},"url":"https:\/\/www.aridane.org\/city\/author\/corresponsal\/"}]}},"_links":{"self":[{"href":"https:\/\/www.aridane.org\/city\/wp-json\/wp\/v2\/posts\/3453","targetHints":{"allow":["GET"]}}],"collection":[{"href":"https:\/\/www.aridane.org\/city\/wp-json\/wp\/v2\/posts"}],"about":[{"href":"https:\/\/www.aridane.org\/city\/wp-json\/wp\/v2\/types\/post"}],"author":[{"embeddable":true,"href":"https:\/\/www.aridane.org\/city\/wp-json\/wp\/v2\/users\/4"}],"replies":[{"embeddable":true,"href":"https:\/\/www.aridane.org\/city\/wp-json\/wp\/v2\/comments?post=3453"}],"version-history":[{"count":1,"href":"https:\/\/www.aridane.org\/city\/wp-json\/wp\/v2\/posts\/3453\/revisions"}],"predecessor-version":[{"id":3455,"href":"https:\/\/www.aridane.org\/city\/wp-json\/wp\/v2\/posts\/3453\/revisions\/3455"}],"wp:featuredmedia":[{"embeddable":true,"href":"https:\/\/www.aridane.org\/city\/wp-json\/wp\/v2\/media\/3454"}],"wp:attachment":[{"href":"https:\/\/www.aridane.org\/city\/wp-json\/wp\/v2\/media?parent=3453"}],"wp:term":[{"taxonomy":"category","embeddable":true,"href":"https:\/\/www.aridane.org\/city\/wp-json\/wp\/v2\/categories?post=3453"},{"taxonomy":"post_tag","embeddable":true,"href":"https:\/\/www.aridane.org\/city\/wp-json\/wp\/v2\/tags?post=3453"}],"curies":[{"name":"wp","href":"https:\/\/api.w.org\/{rel}","templated":true}]}}