{"id":3461,"date":"2024-02-19T11:07:12","date_gmt":"2024-02-19T11:07:12","guid":{"rendered":"https:\/\/www.aridane.org\/city\/?p=3461"},"modified":"2024-02-19T11:07:12","modified_gmt":"2024-02-19T11:07:12","slug":"los-llanos-de-aridane-organiza-un-concurso-de-escaparates-con-motivo-del-8m","status":"publish","type":"post","link":"https:\/\/www.aridane.org\/city\/2024\/02\/19\/los-llanos-de-aridane-organiza-un-concurso-de-escaparates-con-motivo-del-8m\/","title":{"rendered":"Los Llanos de Aridane organiza un concurso de escaparates con motivo del 8M"},"content":{"rendered":"<p><i><span style=\"font-weight: 400;\">La concejala de Igualdad, Idaira P\u00e9rez, valora el potencial de esta iniciativa de generar conciencia<\/span><\/i><!--more--><\/p>\n<p><span style=\"font-weight: 400;\">El Ayuntamiento de Los Llanos de Aridane convoca el I Concurso de Escaparate \u20188 de Marzo. D\u00eda Internacional de La Mujer\u2019. Una campa\u00f1a conjunta entre las concejal\u00edas de Igualdad y Comercio con el fin de incentivar el esfuerzo y la decoraci\u00f3n de los escaparates ante la llegada de esta jornada.<\/span><\/p>\n<p><span style=\"font-weight: 400;\">La concejala de Igualdad, Idaira P\u00e9rez, explica que el objetivo principal es visibilizar y sensibilizar a la ciudadan\u00eda en la causa de la mujer. \u201cMediante los escaparates de nuestros comercios podemos dirigirnos a un p\u00fablico amplio para generar conciencia. Conciencia sobre temas importantes como la equidad salarial, el empoderamiento y la representaci\u00f3n femenina en la sociedad\u201d, apunta.<\/span><\/p>\n<p><span style=\"font-weight: 400;\">En este sentido, la concejala de Comercio y Desarrollo Local, Ver\u00f3nica Gonz\u00e1lez, sostiene la importancia de visibilizar la lucha del 8M a trav\u00e9s \u201cdel talento creativo y emprendedor de nuestro comercio\u201d. \u201cAnimo a todas y a todos a participar y a realzar esa capacidad tan nuestra de innovar y liderar en \u00e1reas como el dise\u00f1o, el arte y el comercio\u201d, a\u00f1ade.<\/span><\/p>\n<p><span style=\"font-weight: 400;\">En resumen, con esta campa\u00f1a se pretende que los comercios puedan desmontar mitos, estereotipos y roles tradicionalmente asignados a las mujeres, belleza, cuidado de otras personas, la casa, moda, etc. dando por el contrario una imagen de la mujer actual, libre y sin esos c\u00e1nones que encorsetan, desarrollando todas las potencialidades de las mismas, la diversidad de cuerpos, de edades, de capacidades, fomentando el ocio y el cuidado personal.<\/span><\/p>\n<p><span style=\"font-weight: 400;\">Es decir, poniendo en valor la diversidad de mujeres, de cuerpos, de habilidades, el cuidado de la tierra, la visibilidad de tantas que han ayudado a conseguir nuestros derechos y que son referentes para las nuevas generaciones.<\/span><\/p>\n<p><span style=\"font-weight: 400;\">\u00a0<\/span><span style=\"font-weight: 400;\">Las personas y comercios interesados pueden inscribirse mediante el siguiente formulario: <\/span><a href=\"https:\/\/forms.gle\/NwEXrNarvpUK8ZvNA\"><span style=\"font-weight: 400;\">https:\/\/forms.gle\/NwEXrNarvpUK8ZvNA<\/span><\/a><\/p>\n<p>&nbsp;<\/p>\n","protected":false},"excerpt":{"rendered":"<p>La concejala de Igualdad, Idaira P\u00e9rez, valora el potencial de esta iniciativa de generar conciencia<\/p>\n","protected":false},"author":4,"featured_media":3462,"comment_status":"open","ping_status":"open","sticky":false,"template":"","format":"standard","meta":{"footnotes":""},"categories":[1],"tags":[],"class_list":["post-3461","post","type-post","status-publish","format-standard","has-post-thumbnail","hentry","category-sin-categoria"],"yoast_head":"<!-- This site is optimized with the Yoast SEO plugin v22.7 - https:\/\/yoast.com\/wordpress\/plugins\/seo\/ -->\n<title>Los Llanos de Aridane organiza un concurso de escaparates con motivo del 8M - Ayuntamiento de Los Llanos de Aridane<\/title>\n<meta name=\"robots\" content=\"index, follow, max-snippet:-1, max-image-preview:large, max-video-preview:-1\" \/>\n<link rel=\"canonical\" href=\"https:\/\/www.aridane.org\/city\/2024\/02\/19\/los-llanos-de-aridane-organiza-un-concurso-de-escaparates-con-motivo-del-8m\/\" \/>\n<meta property=\"og:locale\" content=\"es_ES\" \/>\n<meta property=\"og:type\" content=\"article\" \/>\n<meta property=\"og:title\" content=\"Los Llanos de Aridane organiza un concurso de escaparates con motivo del 8M - Ayuntamiento de Los Llanos de Aridane\" \/>\n<meta property=\"og:description\" content=\"La concejala de Igualdad, Idaira P\u00e9rez, valora el potencial de esta iniciativa de generar conciencia\" \/>\n<meta property=\"og:url\" content=\"https:\/\/www.aridane.org\/city\/2024\/02\/19\/los-llanos-de-aridane-organiza-un-concurso-de-escaparates-con-motivo-del-8m\/\" \/>\n<meta property=\"og:site_name\" content=\"Ayuntamiento de Los Llanos de Aridane\" \/>\n<meta property=\"article:published_time\" content=\"2024-02-19T11:07:12+00:00\" \/>\n<meta property=\"og:image\" content=\"https:\/\/www.aridane.org\/city\/wp-content\/uploads\/2024\/02\/Concurso-de-escaparates-438x620.png\" \/>\n\t<meta property=\"og:image:width\" content=\"438\" \/>\n\t<meta property=\"og:image:height\" content=\"620\" \/>\n\t<meta property=\"og:image:type\" content=\"image\/png\" \/>\n<meta name=\"author\" content=\"Corresponsal\" \/>\n<meta name=\"twitter:card\" content=\"summary_large_image\" \/>\n<meta name=\"twitter:label1\" content=\"Escrito por\" \/>\n\t<meta name=\"twitter:data1\" content=\"Corresponsal\" \/>\n\t<meta name=\"twitter:label2\" content=\"Tiempo de lectura\" \/>\n\t<meta name=\"twitter:data2\" content=\"2 minutos\" \/>\n<script type=\"application\/ld+json\" class=\"yoast-schema-graph\">{\"@context\":\"https:\/\/schema.org\",\"@graph\":[{\"@type\":\"WebPage\",\"@id\":\"https:\/\/www.aridane.org\/city\/2024\/02\/19\/los-llanos-de-aridane-organiza-un-concurso-de-escaparates-con-motivo-del-8m\/\",\"url\":\"https:\/\/www.aridane.org\/city\/2024\/02\/19\/los-llanos-de-aridane-organiza-un-concurso-de-escaparates-con-motivo-del-8m\/\",\"name\":\"Los Llanos de Aridane organiza un concurso de escaparates con motivo del 8M - Ayuntamiento de Los Llanos de Aridane\",\"isPartOf\":{\"@id\":\"https:\/\/www.aridane.org\/city\/#website\"},\"primaryImageOfPage\":{\"@id\":\"https:\/\/www.aridane.org\/city\/2024\/02\/19\/los-llanos-de-aridane-organiza-un-concurso-de-escaparates-con-motivo-del-8m\/#primaryimage\"},\"image\":{\"@id\":\"https:\/\/www.aridane.org\/city\/2024\/02\/19\/los-llanos-de-aridane-organiza-un-concurso-de-escaparates-con-motivo-del-8m\/#primaryimage\"},\"thumbnailUrl\":\"https:\/\/www.aridane.org\/city\/wp-content\/uploads\/2024\/02\/Concurso-de-escaparates.png\",\"datePublished\":\"2024-02-19T11:07:12+00:00\",\"dateModified\":\"2024-02-19T11:07:12+00:00\",\"author\":{\"@id\":\"https:\/\/www.aridane.org\/city\/#\/schema\/person\/89ebd376b223dc94cc1dbcf200c8e6da\"},\"breadcrumb\":{\"@id\":\"https:\/\/www.aridane.org\/city\/2024\/02\/19\/los-llanos-de-aridane-organiza-un-concurso-de-escaparates-con-motivo-del-8m\/#breadcrumb\"},\"inLanguage\":\"es\",\"potentialAction\":[{\"@type\":\"ReadAction\",\"target\":[\"https:\/\/www.aridane.org\/city\/2024\/02\/19\/los-llanos-de-aridane-organiza-un-concurso-de-escaparates-con-motivo-del-8m\/\"]}]},{\"@type\":\"ImageObject\",\"inLanguage\":\"es\",\"@id\":\"https:\/\/www.aridane.org\/city\/2024\/02\/19\/los-llanos-de-aridane-organiza-un-concurso-de-escaparates-con-motivo-del-8m\/#primaryimage\",\"url\":\"https:\/\/www.aridane.org\/city\/wp-content\/uploads\/2024\/02\/Concurso-de-escaparates.png\",\"contentUrl\":\"https:\/\/www.aridane.org\/city\/wp-content\/uploads\/2024\/02\/Concurso-de-escaparates.png\",\"width\":1587,\"height\":2245},{\"@type\":\"BreadcrumbList\",\"@id\":\"https:\/\/www.aridane.org\/city\/2024\/02\/19\/los-llanos-de-aridane-organiza-un-concurso-de-escaparates-con-motivo-del-8m\/#breadcrumb\",\"itemListElement\":[{\"@type\":\"ListItem\",\"position\":1,\"name\":\"Portada\",\"item\":\"https:\/\/www.aridane.org\/city\/\"},{\"@type\":\"ListItem\",\"position\":2,\"name\":\"Los Llanos de Aridane organiza un concurso de escaparates con motivo del 8M\"}]},{\"@type\":\"WebSite\",\"@id\":\"https:\/\/www.aridane.org\/city\/#website\",\"url\":\"https:\/\/www.aridane.org\/city\/\",\"name\":\"Ayuntamiento de Los Llanos de Aridane\",\"description\":\"\",\"potentialAction\":[{\"@type\":\"SearchAction\",\"target\":{\"@type\":\"EntryPoint\",\"urlTemplate\":\"https:\/\/www.aridane.org\/city\/?s={search_term_string}\"},\"query-input\":\"required name=search_term_string\"}],\"inLanguage\":\"es\"},{\"@type\":\"Person\",\"@id\":\"https:\/\/www.aridane.org\/city\/#\/schema\/person\/89ebd376b223dc94cc1dbcf200c8e6da\",\"name\":\"Corresponsal\",\"image\":{\"@type\":\"ImageObject\",\"inLanguage\":\"es\",\"@id\":\"https:\/\/www.aridane.org\/city\/#\/schema\/person\/image\/\",\"url\":\"https:\/\/secure.gravatar.com\/avatar\/1c476992411e4ccf153da63b2b2f5ea0bb4cb1c85f3ceab8512f04325ad5579c?s=96&d=mm&r=g\",\"contentUrl\":\"https:\/\/secure.gravatar.com\/avatar\/1c476992411e4ccf153da63b2b2f5ea0bb4cb1c85f3ceab8512f04325ad5579c?s=96&d=mm&r=g\",\"caption\":\"Corresponsal\"},\"url\":\"https:\/\/www.aridane.org\/city\/author\/corresponsal\/\"}]}<\/script>\n<!-- \/ Yoast SEO plugin. -->","yoast_head_json":{"title":"Los Llanos de Aridane organiza un concurso de escaparates con motivo del 8M - Ayuntamiento de Los Llanos de Aridane","robots":{"index":"index","follow":"follow","max-snippet":"max-snippet:-1","max-image-preview":"max-image-preview:large","max-video-preview":"max-video-preview:-1"},"canonical":"https:\/\/www.aridane.org\/city\/2024\/02\/19\/los-llanos-de-aridane-organiza-un-concurso-de-escaparates-con-motivo-del-8m\/","og_locale":"es_ES","og_type":"article","og_title":"Los Llanos de Aridane organiza un concurso de escaparates con motivo del 8M - Ayuntamiento de Los Llanos de Aridane","og_description":"La concejala de Igualdad, Idaira P\u00e9rez, valora el potencial de esta iniciativa de generar conciencia","og_url":"https:\/\/www.aridane.org\/city\/2024\/02\/19\/los-llanos-de-aridane-organiza-un-concurso-de-escaparates-con-motivo-del-8m\/","og_site_name":"Ayuntamiento de Los Llanos de Aridane","article_published_time":"2024-02-19T11:07:12+00:00","og_image":[{"width":438,"height":620,"url":"https:\/\/www.aridane.org\/city\/wp-content\/uploads\/2024\/02\/Concurso-de-escaparates-438x620.png","type":"image\/png"}],"author":"Corresponsal","twitter_card":"summary_large_image","twitter_misc":{"Escrito por":"Corresponsal","Tiempo de lectura":"2 minutos"},"schema":{"@context":"https:\/\/schema.org","@graph":[{"@type":"WebPage","@id":"https:\/\/www.aridane.org\/city\/2024\/02\/19\/los-llanos-de-aridane-organiza-un-concurso-de-escaparates-con-motivo-del-8m\/","url":"https:\/\/www.aridane.org\/city\/2024\/02\/19\/los-llanos-de-aridane-organiza-un-concurso-de-escaparates-con-motivo-del-8m\/","name":"Los Llanos de Aridane organiza un concurso de escaparates con motivo del 8M - Ayuntamiento de Los Llanos de Aridane","isPartOf":{"@id":"https:\/\/www.aridane.org\/city\/#website"},"primaryImageOfPage":{"@id":"https:\/\/www.aridane.org\/city\/2024\/02\/19\/los-llanos-de-aridane-organiza-un-concurso-de-escaparates-con-motivo-del-8m\/#primaryimage"},"image":{"@id":"https:\/\/www.aridane.org\/city\/2024\/02\/19\/los-llanos-de-aridane-organiza-un-concurso-de-escaparates-con-motivo-del-8m\/#primaryimage"},"thumbnailUrl":"https:\/\/www.aridane.org\/city\/wp-content\/uploads\/2024\/02\/Concurso-de-escaparates.png","datePublished":"2024-02-19T11:07:12+00:00","dateModified":"2024-02-19T11:07:12+00:00","author":{"@id":"https:\/\/www.aridane.org\/city\/#\/schema\/person\/89ebd376b223dc94cc1dbcf200c8e6da"},"breadcrumb":{"@id":"https:\/\/www.aridane.org\/city\/2024\/02\/19\/los-llanos-de-aridane-organiza-un-concurso-de-escaparates-con-motivo-del-8m\/#breadcrumb"},"inLanguage":"es","potentialAction":[{"@type":"ReadAction","target":["https:\/\/www.aridane.org\/city\/2024\/02\/19\/los-llanos-de-aridane-organiza-un-concurso-de-escaparates-con-motivo-del-8m\/"]}]},{"@type":"ImageObject","inLanguage":"es","@id":"https:\/\/www.aridane.org\/city\/2024\/02\/19\/los-llanos-de-aridane-organiza-un-concurso-de-escaparates-con-motivo-del-8m\/#primaryimage","url":"https:\/\/www.aridane.org\/city\/wp-content\/uploads\/2024\/02\/Concurso-de-escaparates.png","contentUrl":"https:\/\/www.aridane.org\/city\/wp-content\/uploads\/2024\/02\/Concurso-de-escaparates.png","width":1587,"height":2245},{"@type":"BreadcrumbList","@id":"https:\/\/www.aridane.org\/city\/2024\/02\/19\/los-llanos-de-aridane-organiza-un-concurso-de-escaparates-con-motivo-del-8m\/#breadcrumb","itemListElement":[{"@type":"ListItem","position":1,"name":"Portada","item":"https:\/\/www.aridane.org\/city\/"},{"@type":"ListItem","position":2,"name":"Los Llanos de Aridane organiza un concurso de escaparates con motivo del 8M"}]},{"@type":"WebSite","@id":"https:\/\/www.aridane.org\/city\/#website","url":"https:\/\/www.aridane.org\/city\/","name":"Ayuntamiento de Los Llanos de Aridane","description":"","potentialAction":[{"@type":"SearchAction","target":{"@type":"EntryPoint","urlTemplate":"https:\/\/www.aridane.org\/city\/?s={search_term_string}"},"query-input":"required name=search_term_string"}],"inLanguage":"es"},{"@type":"Person","@id":"https:\/\/www.aridane.org\/city\/#\/schema\/person\/89ebd376b223dc94cc1dbcf200c8e6da","name":"Corresponsal","image":{"@type":"ImageObject","inLanguage":"es","@id":"https:\/\/www.aridane.org\/city\/#\/schema\/person\/image\/","url":"https:\/\/secure.gravatar.com\/avatar\/1c476992411e4ccf153da63b2b2f5ea0bb4cb1c85f3ceab8512f04325ad5579c?s=96&d=mm&r=g","contentUrl":"https:\/\/secure.gravatar.com\/avatar\/1c476992411e4ccf153da63b2b2f5ea0bb4cb1c85f3ceab8512f04325ad5579c?s=96&d=mm&r=g","caption":"Corresponsal"},"url":"https:\/\/www.aridane.org\/city\/author\/corresponsal\/"}]}},"_links":{"self":[{"href":"https:\/\/www.aridane.org\/city\/wp-json\/wp\/v2\/posts\/3461","targetHints":{"allow":["GET"]}}],"collection":[{"href":"https:\/\/www.aridane.org\/city\/wp-json\/wp\/v2\/posts"}],"about":[{"href":"https:\/\/www.aridane.org\/city\/wp-json\/wp\/v2\/types\/post"}],"author":[{"embeddable":true,"href":"https:\/\/www.aridane.org\/city\/wp-json\/wp\/v2\/users\/4"}],"replies":[{"embeddable":true,"href":"https:\/\/www.aridane.org\/city\/wp-json\/wp\/v2\/comments?post=3461"}],"version-history":[{"count":1,"href":"https:\/\/www.aridane.org\/city\/wp-json\/wp\/v2\/posts\/3461\/revisions"}],"predecessor-version":[{"id":3463,"href":"https:\/\/www.aridane.org\/city\/wp-json\/wp\/v2\/posts\/3461\/revisions\/3463"}],"wp:featuredmedia":[{"embeddable":true,"href":"https:\/\/www.aridane.org\/city\/wp-json\/wp\/v2\/media\/3462"}],"wp:attachment":[{"href":"https:\/\/www.aridane.org\/city\/wp-json\/wp\/v2\/media?parent=3461"}],"wp:term":[{"taxonomy":"category","embeddable":true,"href":"https:\/\/www.aridane.org\/city\/wp-json\/wp\/v2\/categories?post=3461"},{"taxonomy":"post_tag","embeddable":true,"href":"https:\/\/www.aridane.org\/city\/wp-json\/wp\/v2\/tags?post=3461"}],"curies":[{"name":"wp","href":"https:\/\/api.w.org\/{rel}","templated":true}]}}