{"id":3467,"date":"2024-02-21T13:44:58","date_gmt":"2024-02-21T13:44:58","guid":{"rendered":"https:\/\/www.aridane.org\/city\/?p=3467"},"modified":"2024-02-21T13:44:58","modified_gmt":"2024-02-21T13:44:58","slug":"los-llanos-de-aridane-baila-al-ritmo-de-kate-ryan-corona-y-mau-y-ricky-con-aridane-dance","status":"publish","type":"post","link":"https:\/\/www.aridane.org\/city\/2024\/02\/21\/los-llanos-de-aridane-baila-al-ritmo-de-kate-ryan-corona-y-mau-y-ricky-con-aridane-dance\/","title":{"rendered":"Los Llanos de Aridane baila al ritmo de Kate Ryan, Corona y Mau y Ricky con \u2018Aridane + Dance\u2019"},"content":{"rendered":"<p><em>\u2018Aridane + Dance\u2019 promete una experiencia audiovisual \u00fanica y m\u00e1s de siete horas de espect\u00e1culo los d\u00edas 28 y 29 de junio<\/em><br \/>\n<!--more--><\/p>\n<div id=\"v1forwardbody1\">\n<p>El Ayuntamiento de Los Llanos de Aridane, de la mano con el Cabildo de La Palma, promueve\u00a0<a href=\"https:\/\/www.instagram.com\/aridanemasdance\/?hl=es\"><em>Aridane + Dance<\/em><\/a>, un proyecto tur\u00edstico de ocio musical que promete nostalgia y mucha energ\u00eda. Se llevar\u00e1 a cabo los d\u00edas 28 y 29 de junio de 2024 en la Plaza Juan Pablo II, coincidiendo con las fiestas en honor a Nuestra Se\u00f1ora de Los Remedios.<\/p>\n<p>Por primera vez en su historia, La Palma disfrutar\u00e1 el d\u00eda 28 de renombrados artistas internacionales y nacionales que protagonizaron la escena musical en d\u00e9cadas pasadas. Entre ellos est\u00e1 la belga Kate Ryan, una de las grandes int\u00e9rpretes de los 90, con \u00e9xitos en su haber como\u00a0<em>D\u00e9senchant\u00e9e\u00a0<\/em>o su versi\u00f3n del hist\u00f3rico\u00a0<em>Voyage Voyage<\/em>, entre otras.<\/p>\n<p>Otro de los nombres confirmados es la italiana Alexia, que traer\u00e1 sus m\u00edticos temas\u00a0<em>Uh La La La<\/em>\u00a0y\u00a0<em>Summer is Crazy<\/em>\u00a0a Los Llanos de Aridane. El festival tambi\u00e9n contar\u00e1 con la brasile\u00f1a Corona, una de las reinas de la pista -cuyo \u00e9xito m\u00e1s conocido es\u00a0<em>The Rhythm of the Night<\/em>&#8211; y Whigfield, la danesa del himno mundial\u00a0<em>Saturday Night<\/em>. Al cartel se suma Daisy Dee (de los m\u00edticos Technotronic), quienes desde B\u00e9lgica abarrotaban discotecas con su\u00a0<em>Pump Up The Jam<\/em>. Soraya, Ku Minerva, Viceversa, Sof\u00eda Cristo y Sergio Bl\u00e1squez son otros de los artistas confirmados.<\/p>\n<p>El segundo d\u00eda del evento, previsto para el 29 de junio, aterriza en la actualidad musical a trav\u00e9s del d\u00fao de estrellas internacionales Mau y Ricky, que llegar\u00e1n a Los Llanos de Aridane el 29 de junio para celebrar una actuaci\u00f3n por todo lo alto. Los hermanos Mau y Ricky son cantantes venezolanos que fusionan g\u00e9neros de pop, reggaet\u00f3n y otro tipo de m\u00fasica urbana.<\/p>\n<h2><strong>Dinamizar la isla<\/strong><\/h2>\n<p>El presidente del Cabildo de La Palma, Sergio Rodr\u00edguez, destaca la apuesta de\u00a0<em>Aridane + Dance<\/em>\u00a0para dinamizar la econom\u00eda insular. \u201cSe trata de una iniciativa ambiciosa, que redundar\u00e1 positivamente en la imagen de la isla en la actividad de nuestros comercios y establecimiento tur\u00edsticos\u201d, apunta.<\/p>\n<p>En este sentido, el alcalde de Los Llanos de Aridane, Javier Llamas, valora que el municipio sea sede de artistas de talla mundial. \u201cTrabajamos para tener un municipio m\u00e1s alegre, m\u00e1s vivo y m\u00e1s din\u00e1mico. Un festival supone un est\u00edmulo importante para la econom\u00eda del Valle de Aridane y de La Palma en su conjunto\u201d, se\u00f1ala.<\/p>\n<p>El concejal de Fiestas, \u00c1lvaro Pages, a\u00f1ade que adem\u00e1s de los artistas anunciados, se anunciar\u00e1n pr\u00f3ximamente m\u00e1s sorpresas. \u201cEstamos convencidos de que\u00a0<em>Aridane + Dance\u00a0<\/em>marcar\u00e1 un antes y un despu\u00e9s en las fiestas de La Patrona\u201d, sostiene.<\/p>\n<p>Por su parte, el promotor del evento, Maikel Chac\u00f3n, asegura que\u00a0<em>Aridane + Dance<\/em>\u00a0supone una \u201cambiciosa apuesta para llevar al municipio m\u00e1s poblado de la isla un nuevo espect\u00e1culo musical y visual de dos d\u00edas en el que varios de los artistas internacionales m\u00e1s exitosos de las distintas \u00e9pocas dar\u00e1n vida al coraz\u00f3n del municipio\u201d.<\/p>\n<h2><strong>Una experiencia inmersiva<\/strong><\/h2>\n<p><em>Aridane + Dance<\/em>\u00a0contar\u00e1 con la participaci\u00f3n de legendarios grupos y cantantes de habla inglesa y espa\u00f1ola, junto con DJs emblem\u00e1ticos. Todos ellos ofrecer\u00e1n m\u00e1s de siete horas de espect\u00e1culo continuo cada uno de los d\u00edas.<\/p>\n<p>El festival tambi\u00e9n ofrecer\u00e1 a los asistentes una experiencia inmersiva. Lo har\u00e1 combinando los mejores efectos especiales sonoros y visuales dise\u00f1ados para un festival en Canarias. Adem\u00e1s del espect\u00e1culo musical, los asistentes podr\u00e1n disfrutar de un audiovisual de primer nivel que complementar\u00e1 la experiencia<\/p>\n<p>La organizaci\u00f3n del festival corre de la mano de El Time Eventos, una reconocida productora que ha destacado en la \u00faltima d\u00e9cada por la organizaci\u00f3n de algunos de los mejores festivales de Canarias, incluyendo el Isla Bonita Love Festival, Boombastic Canarias, ResisTIME Live Fest y Canarias Summer Con, entre otros.<\/p>\n<\/div>\n","protected":false},"excerpt":{"rendered":"<p>\u2018Aridane + Dance\u2019 promete una experiencia audiovisual \u00fanica y m\u00e1s de siete horas de espect\u00e1culo los d\u00edas 28 y 29 de junio<\/p>\n","protected":false},"author":4,"featured_media":3470,"comment_status":"open","ping_status":"open","sticky":false,"template":"","format":"standard","meta":{"footnotes":""},"categories":[1],"tags":[],"class_list":["post-3467","post","type-post","status-publish","format-standard","has-post-thumbnail","hentry","category-sin-categoria"],"yoast_head":"<!-- This site is optimized with the Yoast SEO plugin v22.7 - https:\/\/yoast.com\/wordpress\/plugins\/seo\/ -->\n<title>Los Llanos de Aridane baila al ritmo de Kate Ryan, Corona y Mau y Ricky con \u2018Aridane + Dance\u2019 - Ayuntamiento de Los Llanos de Aridane<\/title>\n<meta name=\"robots\" content=\"index, follow, max-snippet:-1, max-image-preview:large, max-video-preview:-1\" \/>\n<link rel=\"canonical\" href=\"https:\/\/www.aridane.org\/city\/2024\/02\/21\/los-llanos-de-aridane-baila-al-ritmo-de-kate-ryan-corona-y-mau-y-ricky-con-aridane-dance\/\" \/>\n<meta property=\"og:locale\" content=\"es_ES\" \/>\n<meta property=\"og:type\" content=\"article\" \/>\n<meta property=\"og:title\" content=\"Los Llanos de Aridane baila al ritmo de Kate Ryan, Corona y Mau y Ricky con \u2018Aridane + Dance\u2019 - Ayuntamiento de Los Llanos de Aridane\" \/>\n<meta property=\"og:description\" content=\"\u2018Aridane + Dance\u2019 promete una experiencia audiovisual \u00fanica y m\u00e1s de siete horas de espect\u00e1culo los d\u00edas 28 y 29 de junio\" \/>\n<meta property=\"og:url\" content=\"https:\/\/www.aridane.org\/city\/2024\/02\/21\/los-llanos-de-aridane-baila-al-ritmo-de-kate-ryan-corona-y-mau-y-ricky-con-aridane-dance\/\" \/>\n<meta property=\"og:site_name\" content=\"Ayuntamiento de Los Llanos de Aridane\" \/>\n<meta property=\"article:published_time\" content=\"2024-02-21T13:44:58+00:00\" \/>\n<meta property=\"og:image\" content=\"https:\/\/www.aridane.org\/city\/wp-content\/uploads\/2024\/02\/AridaneDance.jpeg\" \/>\n\t<meta property=\"og:image:width\" content=\"1600\" \/>\n\t<meta property=\"og:image:height\" content=\"1200\" \/>\n\t<meta property=\"og:image:type\" content=\"image\/jpeg\" \/>\n<meta name=\"author\" content=\"Corresponsal\" \/>\n<meta name=\"twitter:card\" content=\"summary_large_image\" \/>\n<meta name=\"twitter:label1\" content=\"Escrito por\" \/>\n\t<meta name=\"twitter:data1\" content=\"Corresponsal\" \/>\n\t<meta name=\"twitter:label2\" content=\"Tiempo de lectura\" \/>\n\t<meta name=\"twitter:data2\" content=\"4 minutos\" \/>\n<script type=\"application\/ld+json\" class=\"yoast-schema-graph\">{\"@context\":\"https:\/\/schema.org\",\"@graph\":[{\"@type\":\"WebPage\",\"@id\":\"https:\/\/www.aridane.org\/city\/2024\/02\/21\/los-llanos-de-aridane-baila-al-ritmo-de-kate-ryan-corona-y-mau-y-ricky-con-aridane-dance\/\",\"url\":\"https:\/\/www.aridane.org\/city\/2024\/02\/21\/los-llanos-de-aridane-baila-al-ritmo-de-kate-ryan-corona-y-mau-y-ricky-con-aridane-dance\/\",\"name\":\"Los Llanos de Aridane baila al ritmo de Kate Ryan, Corona y Mau y Ricky con \u2018Aridane + Dance\u2019 - Ayuntamiento de Los Llanos de Aridane\",\"isPartOf\":{\"@id\":\"https:\/\/www.aridane.org\/city\/#website\"},\"primaryImageOfPage\":{\"@id\":\"https:\/\/www.aridane.org\/city\/2024\/02\/21\/los-llanos-de-aridane-baila-al-ritmo-de-kate-ryan-corona-y-mau-y-ricky-con-aridane-dance\/#primaryimage\"},\"image\":{\"@id\":\"https:\/\/www.aridane.org\/city\/2024\/02\/21\/los-llanos-de-aridane-baila-al-ritmo-de-kate-ryan-corona-y-mau-y-ricky-con-aridane-dance\/#primaryimage\"},\"thumbnailUrl\":\"https:\/\/www.aridane.org\/city\/wp-content\/uploads\/2024\/02\/AridaneDance.jpeg\",\"datePublished\":\"2024-02-21T13:44:58+00:00\",\"dateModified\":\"2024-02-21T13:44:58+00:00\",\"author\":{\"@id\":\"https:\/\/www.aridane.org\/city\/#\/schema\/person\/89ebd376b223dc94cc1dbcf200c8e6da\"},\"breadcrumb\":{\"@id\":\"https:\/\/www.aridane.org\/city\/2024\/02\/21\/los-llanos-de-aridane-baila-al-ritmo-de-kate-ryan-corona-y-mau-y-ricky-con-aridane-dance\/#breadcrumb\"},\"inLanguage\":\"es\",\"potentialAction\":[{\"@type\":\"ReadAction\",\"target\":[\"https:\/\/www.aridane.org\/city\/2024\/02\/21\/los-llanos-de-aridane-baila-al-ritmo-de-kate-ryan-corona-y-mau-y-ricky-con-aridane-dance\/\"]}]},{\"@type\":\"ImageObject\",\"inLanguage\":\"es\",\"@id\":\"https:\/\/www.aridane.org\/city\/2024\/02\/21\/los-llanos-de-aridane-baila-al-ritmo-de-kate-ryan-corona-y-mau-y-ricky-con-aridane-dance\/#primaryimage\",\"url\":\"https:\/\/www.aridane.org\/city\/wp-content\/uploads\/2024\/02\/AridaneDance.jpeg\",\"contentUrl\":\"https:\/\/www.aridane.org\/city\/wp-content\/uploads\/2024\/02\/AridaneDance.jpeg\",\"width\":1600,\"height\":1200},{\"@type\":\"BreadcrumbList\",\"@id\":\"https:\/\/www.aridane.org\/city\/2024\/02\/21\/los-llanos-de-aridane-baila-al-ritmo-de-kate-ryan-corona-y-mau-y-ricky-con-aridane-dance\/#breadcrumb\",\"itemListElement\":[{\"@type\":\"ListItem\",\"position\":1,\"name\":\"Portada\",\"item\":\"https:\/\/www.aridane.org\/city\/\"},{\"@type\":\"ListItem\",\"position\":2,\"name\":\"Los Llanos de Aridane baila al ritmo de Kate Ryan, Corona y Mau y Ricky con \u2018Aridane + Dance\u2019\"}]},{\"@type\":\"WebSite\",\"@id\":\"https:\/\/www.aridane.org\/city\/#website\",\"url\":\"https:\/\/www.aridane.org\/city\/\",\"name\":\"Ayuntamiento de Los Llanos de Aridane\",\"description\":\"\",\"potentialAction\":[{\"@type\":\"SearchAction\",\"target\":{\"@type\":\"EntryPoint\",\"urlTemplate\":\"https:\/\/www.aridane.org\/city\/?s={search_term_string}\"},\"query-input\":\"required name=search_term_string\"}],\"inLanguage\":\"es\"},{\"@type\":\"Person\",\"@id\":\"https:\/\/www.aridane.org\/city\/#\/schema\/person\/89ebd376b223dc94cc1dbcf200c8e6da\",\"name\":\"Corresponsal\",\"image\":{\"@type\":\"ImageObject\",\"inLanguage\":\"es\",\"@id\":\"https:\/\/www.aridane.org\/city\/#\/schema\/person\/image\/\",\"url\":\"https:\/\/secure.gravatar.com\/avatar\/1c476992411e4ccf153da63b2b2f5ea0bb4cb1c85f3ceab8512f04325ad5579c?s=96&d=mm&r=g\",\"contentUrl\":\"https:\/\/secure.gravatar.com\/avatar\/1c476992411e4ccf153da63b2b2f5ea0bb4cb1c85f3ceab8512f04325ad5579c?s=96&d=mm&r=g\",\"caption\":\"Corresponsal\"},\"url\":\"https:\/\/www.aridane.org\/city\/author\/corresponsal\/\"}]}<\/script>\n<!-- \/ Yoast SEO plugin. -->","yoast_head_json":{"title":"Los Llanos de Aridane baila al ritmo de Kate Ryan, Corona y Mau y Ricky con \u2018Aridane + Dance\u2019 - Ayuntamiento de Los Llanos de Aridane","robots":{"index":"index","follow":"follow","max-snippet":"max-snippet:-1","max-image-preview":"max-image-preview:large","max-video-preview":"max-video-preview:-1"},"canonical":"https:\/\/www.aridane.org\/city\/2024\/02\/21\/los-llanos-de-aridane-baila-al-ritmo-de-kate-ryan-corona-y-mau-y-ricky-con-aridane-dance\/","og_locale":"es_ES","og_type":"article","og_title":"Los Llanos de Aridane baila al ritmo de Kate Ryan, Corona y Mau y Ricky con \u2018Aridane + Dance\u2019 - Ayuntamiento de Los Llanos de Aridane","og_description":"\u2018Aridane + Dance\u2019 promete una experiencia audiovisual \u00fanica y m\u00e1s de siete horas de espect\u00e1culo los d\u00edas 28 y 29 de junio","og_url":"https:\/\/www.aridane.org\/city\/2024\/02\/21\/los-llanos-de-aridane-baila-al-ritmo-de-kate-ryan-corona-y-mau-y-ricky-con-aridane-dance\/","og_site_name":"Ayuntamiento de Los Llanos de Aridane","article_published_time":"2024-02-21T13:44:58+00:00","og_image":[{"width":1600,"height":1200,"url":"https:\/\/www.aridane.org\/city\/wp-content\/uploads\/2024\/02\/AridaneDance.jpeg","type":"image\/jpeg"}],"author":"Corresponsal","twitter_card":"summary_large_image","twitter_misc":{"Escrito por":"Corresponsal","Tiempo de lectura":"4 minutos"},"schema":{"@context":"https:\/\/schema.org","@graph":[{"@type":"WebPage","@id":"https:\/\/www.aridane.org\/city\/2024\/02\/21\/los-llanos-de-aridane-baila-al-ritmo-de-kate-ryan-corona-y-mau-y-ricky-con-aridane-dance\/","url":"https:\/\/www.aridane.org\/city\/2024\/02\/21\/los-llanos-de-aridane-baila-al-ritmo-de-kate-ryan-corona-y-mau-y-ricky-con-aridane-dance\/","name":"Los Llanos de Aridane baila al ritmo de Kate Ryan, Corona y Mau y Ricky con \u2018Aridane + Dance\u2019 - Ayuntamiento de Los Llanos de Aridane","isPartOf":{"@id":"https:\/\/www.aridane.org\/city\/#website"},"primaryImageOfPage":{"@id":"https:\/\/www.aridane.org\/city\/2024\/02\/21\/los-llanos-de-aridane-baila-al-ritmo-de-kate-ryan-corona-y-mau-y-ricky-con-aridane-dance\/#primaryimage"},"image":{"@id":"https:\/\/www.aridane.org\/city\/2024\/02\/21\/los-llanos-de-aridane-baila-al-ritmo-de-kate-ryan-corona-y-mau-y-ricky-con-aridane-dance\/#primaryimage"},"thumbnailUrl":"https:\/\/www.aridane.org\/city\/wp-content\/uploads\/2024\/02\/AridaneDance.jpeg","datePublished":"2024-02-21T13:44:58+00:00","dateModified":"2024-02-21T13:44:58+00:00","author":{"@id":"https:\/\/www.aridane.org\/city\/#\/schema\/person\/89ebd376b223dc94cc1dbcf200c8e6da"},"breadcrumb":{"@id":"https:\/\/www.aridane.org\/city\/2024\/02\/21\/los-llanos-de-aridane-baila-al-ritmo-de-kate-ryan-corona-y-mau-y-ricky-con-aridane-dance\/#breadcrumb"},"inLanguage":"es","potentialAction":[{"@type":"ReadAction","target":["https:\/\/www.aridane.org\/city\/2024\/02\/21\/los-llanos-de-aridane-baila-al-ritmo-de-kate-ryan-corona-y-mau-y-ricky-con-aridane-dance\/"]}]},{"@type":"ImageObject","inLanguage":"es","@id":"https:\/\/www.aridane.org\/city\/2024\/02\/21\/los-llanos-de-aridane-baila-al-ritmo-de-kate-ryan-corona-y-mau-y-ricky-con-aridane-dance\/#primaryimage","url":"https:\/\/www.aridane.org\/city\/wp-content\/uploads\/2024\/02\/AridaneDance.jpeg","contentUrl":"https:\/\/www.aridane.org\/city\/wp-content\/uploads\/2024\/02\/AridaneDance.jpeg","width":1600,"height":1200},{"@type":"BreadcrumbList","@id":"https:\/\/www.aridane.org\/city\/2024\/02\/21\/los-llanos-de-aridane-baila-al-ritmo-de-kate-ryan-corona-y-mau-y-ricky-con-aridane-dance\/#breadcrumb","itemListElement":[{"@type":"ListItem","position":1,"name":"Portada","item":"https:\/\/www.aridane.org\/city\/"},{"@type":"ListItem","position":2,"name":"Los Llanos de Aridane baila al ritmo de Kate Ryan, Corona y Mau y Ricky con \u2018Aridane + Dance\u2019"}]},{"@type":"WebSite","@id":"https:\/\/www.aridane.org\/city\/#website","url":"https:\/\/www.aridane.org\/city\/","name":"Ayuntamiento de Los Llanos de Aridane","description":"","potentialAction":[{"@type":"SearchAction","target":{"@type":"EntryPoint","urlTemplate":"https:\/\/www.aridane.org\/city\/?s={search_term_string}"},"query-input":"required name=search_term_string"}],"inLanguage":"es"},{"@type":"Person","@id":"https:\/\/www.aridane.org\/city\/#\/schema\/person\/89ebd376b223dc94cc1dbcf200c8e6da","name":"Corresponsal","image":{"@type":"ImageObject","inLanguage":"es","@id":"https:\/\/www.aridane.org\/city\/#\/schema\/person\/image\/","url":"https:\/\/secure.gravatar.com\/avatar\/1c476992411e4ccf153da63b2b2f5ea0bb4cb1c85f3ceab8512f04325ad5579c?s=96&d=mm&r=g","contentUrl":"https:\/\/secure.gravatar.com\/avatar\/1c476992411e4ccf153da63b2b2f5ea0bb4cb1c85f3ceab8512f04325ad5579c?s=96&d=mm&r=g","caption":"Corresponsal"},"url":"https:\/\/www.aridane.org\/city\/author\/corresponsal\/"}]}},"_links":{"self":[{"href":"https:\/\/www.aridane.org\/city\/wp-json\/wp\/v2\/posts\/3467","targetHints":{"allow":["GET"]}}],"collection":[{"href":"https:\/\/www.aridane.org\/city\/wp-json\/wp\/v2\/posts"}],"about":[{"href":"https:\/\/www.aridane.org\/city\/wp-json\/wp\/v2\/types\/post"}],"author":[{"embeddable":true,"href":"https:\/\/www.aridane.org\/city\/wp-json\/wp\/v2\/users\/4"}],"replies":[{"embeddable":true,"href":"https:\/\/www.aridane.org\/city\/wp-json\/wp\/v2\/comments?post=3467"}],"version-history":[{"count":1,"href":"https:\/\/www.aridane.org\/city\/wp-json\/wp\/v2\/posts\/3467\/revisions"}],"predecessor-version":[{"id":3471,"href":"https:\/\/www.aridane.org\/city\/wp-json\/wp\/v2\/posts\/3467\/revisions\/3471"}],"wp:featuredmedia":[{"embeddable":true,"href":"https:\/\/www.aridane.org\/city\/wp-json\/wp\/v2\/media\/3470"}],"wp:attachment":[{"href":"https:\/\/www.aridane.org\/city\/wp-json\/wp\/v2\/media?parent=3467"}],"wp:term":[{"taxonomy":"category","embeddable":true,"href":"https:\/\/www.aridane.org\/city\/wp-json\/wp\/v2\/categories?post=3467"},{"taxonomy":"post_tag","embeddable":true,"href":"https:\/\/www.aridane.org\/city\/wp-json\/wp\/v2\/tags?post=3467"}],"curies":[{"name":"wp","href":"https:\/\/api.w.org\/{rel}","templated":true}]}}