{"id":348,"date":"2020-11-18T17:50:54","date_gmt":"2020-11-18T17:50:54","guid":{"rendered":"https:\/\/aridane.org\/ciudad\/?p=348"},"modified":"2020-11-18T17:50:54","modified_gmt":"2020-11-18T17:50:54","slug":"los-llanos-de-aridane-reduce-el-consumo-de-agua-a-minimos-historicos","status":"publish","type":"post","link":"https:\/\/www.aridane.org\/city\/2020\/11\/18\/los-llanos-de-aridane-reduce-el-consumo-de-agua-a-minimos-historicos\/","title":{"rendered":"Los Llanos de Aridane reduce el consumo de agua a \u00abm\u00ednimos hist\u00f3ricos\u00bb"},"content":{"rendered":"<p style=\"text-align: justify;\">El Ayuntamiento de Los Llanos de Aridane, a trav\u00e9s del concejal de Obras P\u00fablicas y Aguas, Francisco Leal Cruz, ha puesto en valor \u201cel importante esfuerzo que lleva haciendo el Consistorio, desde hace ocho a\u00f1os, para continuar con las obras de mejora para el buen uso de agua en el municipio\u201d, se\u00f1ala en un comunicado.<\/p>\n<p style=\"text-align: justify;\">El edil defiende que estas obras son fruto de \u201cuna estrecha\u201d colaboraci\u00f3n con el Cabildo Insular de La Palma, \u201cas\u00ed como del fuerte compromiso que adquiri\u00f3 este equipo de Gobierno, desde el primer d\u00eda, y los empleados municipales\u201d, se\u00f1ala. Concretamente, el edil explica que durante este tiempo se ha sustituido el 80% de la red de fibrocemento poniendo a funcionar redes que estaban instaladas, pero sin funcionamiento, y se han incorporado tramos nuevos para poderlas poner en servicio. Adem\u00e1s, tambi\u00e9n se\u00f1ala que se han renovado multitud de tramos de tuber\u00edas terciarias, \u201cen las que se han descubierto que las fugas eran ya insostenibles\u201d, asegura.<\/p>\n<p style=\"text-align: justify;\">Leal Cruz defiende que en el a\u00f1o 2011, Los Llanos contaba con una red de aguas que no ten\u00eda ning\u00fan tipo de control, por ejemplo: se consum\u00eda 480m\u00b3\/h, 1000 pipas\/h de agua, \u201cy m\u00e1s del 60% no se sab\u00eda d\u00f3nde iba\u201d, afirma. Tambi\u00e9n apunta que de cada 100 litros de agua que se inyectaban a la red, \u201cm\u00e1s de 60 litros se perd\u00edan\u201d, se\u00f1ala.<\/p>\n<p style=\"text-align: justify;\">El concejal explica que a d\u00eda de hoy Los Llanos de Aridane consume 150m\u00b3, 312 pipas\/h, un m\u00ednimo hist\u00f3rico para el municipio. Adem\u00e1s, afirma que se ha reducido su gasto hasta en una tercera parte de lo que se gastaba hace 9 a\u00f1os, \u201cy eso que el n\u00famero de usuarios conectados a la red de abastecimiento municipal ha crecido solo este a\u00f1o en 100 usuarios nuevos\u201d, explica el edil. Tambi\u00e9n confirma que hoy es posible conocer lo que se consume barrio a barrio a tiempo real, \u201cy podemos detectar fugas, as\u00ed como malos usos, gracias a un moderno sistema de telemetr\u00eda\u201d, afirma.<\/p>\n<p style=\"text-align: justify;\">Por \u00faltimo, el concejal de Aguas ha querido poner en valor la actitud de los llanenses a la hora de hacer un consumo responsable de agua, \u201cya que nos ha ayudado, considerablemente, a mejorar los datos de consumo durante estos a\u00f1os\u201d, se\u00f1ala. Adem\u00e1s, afirma que \u201cpese a que estamos satisfechos con la cifra que manejamos, vamos a seguir trabajando, sin descanso, para seguir manteni\u00e9ndola\u201d. Y confirma que \u201ceste equipo de Gobierno jam\u00e1s ha mirado para otro lado, tanto el anterior concejal, Mariano H. Zapata, como yo siempre hemos asumido que tenemos la responsabilidad de atajar este problema y buscar las soluciones oportunas\u201d.<\/p>\n","protected":false},"excerpt":{"rendered":"<p>El Ayuntamiento de Los Llanos de Aridane, a trav\u00e9s del concejal de Obras P\u00fablicas y Aguas, Francisco Leal Cruz, ha puesto en valor \u201cel importante esfuerzo que lleva haciendo el Consistorio, desde hace ocho a\u00f1os, para continuar con las obras de mejora para el buen&#8230;<\/p>\n","protected":false},"author":1,"featured_media":0,"comment_status":"closed","ping_status":"closed","sticky":false,"template":"","format":"standard","meta":{"footnotes":""},"categories":[6],"tags":[],"class_list":["post-348","post","type-post","status-publish","format-standard","hentry","category-prensa"],"yoast_head":"<!-- This site is optimized with the Yoast SEO plugin v22.7 - https:\/\/yoast.com\/wordpress\/plugins\/seo\/ -->\n<title>Los Llanos de Aridane reduce el consumo de agua a &quot;m\u00ednimos hist\u00f3ricos&quot; - Ayuntamiento de Los Llanos de Aridane<\/title>\n<meta name=\"robots\" content=\"index, follow, max-snippet:-1, max-image-preview:large, max-video-preview:-1\" \/>\n<link rel=\"canonical\" href=\"https:\/\/www.aridane.org\/city\/2020\/11\/18\/los-llanos-de-aridane-reduce-el-consumo-de-agua-a-minimos-historicos\/\" \/>\n<meta property=\"og:locale\" content=\"es_ES\" \/>\n<meta property=\"og:type\" content=\"article\" \/>\n<meta property=\"og:title\" content=\"Los Llanos de Aridane reduce el consumo de agua a &quot;m\u00ednimos hist\u00f3ricos&quot; - Ayuntamiento de Los Llanos de Aridane\" \/>\n<meta property=\"og:description\" content=\"El Ayuntamiento de Los Llanos de Aridane, a trav\u00e9s del concejal de Obras P\u00fablicas y Aguas, Francisco Leal Cruz, ha puesto en valor \u201cel importante esfuerzo que lleva haciendo el Consistorio, desde hace ocho a\u00f1os, para continuar con las obras de mejora para el buen...\" \/>\n<meta property=\"og:url\" content=\"https:\/\/www.aridane.org\/city\/2020\/11\/18\/los-llanos-de-aridane-reduce-el-consumo-de-agua-a-minimos-historicos\/\" \/>\n<meta property=\"og:site_name\" content=\"Ayuntamiento de Los Llanos de Aridane\" \/>\n<meta property=\"article:published_time\" content=\"2020-11-18T17:50:54+00:00\" \/>\n<meta name=\"author\" content=\"Richard Diaz\" \/>\n<meta name=\"twitter:card\" content=\"summary_large_image\" \/>\n<meta name=\"twitter:label1\" content=\"Escrito por\" \/>\n\t<meta name=\"twitter:data1\" content=\"Richard Diaz\" \/>\n\t<meta name=\"twitter:label2\" content=\"Tiempo de lectura\" \/>\n\t<meta name=\"twitter:data2\" content=\"2 minutos\" \/>\n<script type=\"application\/ld+json\" class=\"yoast-schema-graph\">{\"@context\":\"https:\/\/schema.org\",\"@graph\":[{\"@type\":\"WebPage\",\"@id\":\"https:\/\/www.aridane.org\/city\/2020\/11\/18\/los-llanos-de-aridane-reduce-el-consumo-de-agua-a-minimos-historicos\/\",\"url\":\"https:\/\/www.aridane.org\/city\/2020\/11\/18\/los-llanos-de-aridane-reduce-el-consumo-de-agua-a-minimos-historicos\/\",\"name\":\"Los Llanos de Aridane reduce el consumo de agua a \\\"m\u00ednimos hist\u00f3ricos\\\" - Ayuntamiento de Los Llanos de Aridane\",\"isPartOf\":{\"@id\":\"https:\/\/www.aridane.org\/city\/#website\"},\"datePublished\":\"2020-11-18T17:50:54+00:00\",\"dateModified\":\"2020-11-18T17:50:54+00:00\",\"author\":{\"@id\":\"https:\/\/www.aridane.org\/city\/#\/schema\/person\/7d352ec7f29881716f298394432e7209\"},\"breadcrumb\":{\"@id\":\"https:\/\/www.aridane.org\/city\/2020\/11\/18\/los-llanos-de-aridane-reduce-el-consumo-de-agua-a-minimos-historicos\/#breadcrumb\"},\"inLanguage\":\"es\",\"potentialAction\":[{\"@type\":\"ReadAction\",\"target\":[\"https:\/\/www.aridane.org\/city\/2020\/11\/18\/los-llanos-de-aridane-reduce-el-consumo-de-agua-a-minimos-historicos\/\"]}]},{\"@type\":\"BreadcrumbList\",\"@id\":\"https:\/\/www.aridane.org\/city\/2020\/11\/18\/los-llanos-de-aridane-reduce-el-consumo-de-agua-a-minimos-historicos\/#breadcrumb\",\"itemListElement\":[{\"@type\":\"ListItem\",\"position\":1,\"name\":\"Portada\",\"item\":\"https:\/\/www.aridane.org\/city\/\"},{\"@type\":\"ListItem\",\"position\":2,\"name\":\"Los Llanos de Aridane reduce el consumo de agua a \u00abm\u00ednimos hist\u00f3ricos\u00bb\"}]},{\"@type\":\"WebSite\",\"@id\":\"https:\/\/www.aridane.org\/city\/#website\",\"url\":\"https:\/\/www.aridane.org\/city\/\",\"name\":\"Ayuntamiento de Los Llanos de Aridane\",\"description\":\"\",\"potentialAction\":[{\"@type\":\"SearchAction\",\"target\":{\"@type\":\"EntryPoint\",\"urlTemplate\":\"https:\/\/www.aridane.org\/city\/?s={search_term_string}\"},\"query-input\":\"required name=search_term_string\"}],\"inLanguage\":\"es\"},{\"@type\":\"Person\",\"@id\":\"https:\/\/www.aridane.org\/city\/#\/schema\/person\/7d352ec7f29881716f298394432e7209\",\"name\":\"Richard Diaz\",\"image\":{\"@type\":\"ImageObject\",\"inLanguage\":\"es\",\"@id\":\"https:\/\/www.aridane.org\/city\/#\/schema\/person\/image\/\",\"url\":\"https:\/\/secure.gravatar.com\/avatar\/bacd6aefc26a4a204943090a4c596cd10f0857081ef3cfd12084a70ecb3161d5?s=96&d=mm&r=g\",\"contentUrl\":\"https:\/\/secure.gravatar.com\/avatar\/bacd6aefc26a4a204943090a4c596cd10f0857081ef3cfd12084a70ecb3161d5?s=96&d=mm&r=g\",\"caption\":\"Richard Diaz\"},\"sameAs\":[\"https:\/\/www.aridane.org\/city\"],\"url\":\"https:\/\/www.aridane.org\/city\/author\/richard-diaz\/\"}]}<\/script>\n<!-- \/ Yoast SEO plugin. -->","yoast_head_json":{"title":"Los Llanos de Aridane reduce el consumo de agua a \"m\u00ednimos hist\u00f3ricos\" - Ayuntamiento de Los Llanos de Aridane","robots":{"index":"index","follow":"follow","max-snippet":"max-snippet:-1","max-image-preview":"max-image-preview:large","max-video-preview":"max-video-preview:-1"},"canonical":"https:\/\/www.aridane.org\/city\/2020\/11\/18\/los-llanos-de-aridane-reduce-el-consumo-de-agua-a-minimos-historicos\/","og_locale":"es_ES","og_type":"article","og_title":"Los Llanos de Aridane reduce el consumo de agua a \"m\u00ednimos hist\u00f3ricos\" - Ayuntamiento de Los Llanos de Aridane","og_description":"El Ayuntamiento de Los Llanos de Aridane, a trav\u00e9s del concejal de Obras P\u00fablicas y Aguas, Francisco Leal Cruz, ha puesto en valor \u201cel importante esfuerzo que lleva haciendo el Consistorio, desde hace ocho a\u00f1os, para continuar con las obras de mejora para el buen...","og_url":"https:\/\/www.aridane.org\/city\/2020\/11\/18\/los-llanos-de-aridane-reduce-el-consumo-de-agua-a-minimos-historicos\/","og_site_name":"Ayuntamiento de Los Llanos de Aridane","article_published_time":"2020-11-18T17:50:54+00:00","author":"Richard Diaz","twitter_card":"summary_large_image","twitter_misc":{"Escrito por":"Richard Diaz","Tiempo de lectura":"2 minutos"},"schema":{"@context":"https:\/\/schema.org","@graph":[{"@type":"WebPage","@id":"https:\/\/www.aridane.org\/city\/2020\/11\/18\/los-llanos-de-aridane-reduce-el-consumo-de-agua-a-minimos-historicos\/","url":"https:\/\/www.aridane.org\/city\/2020\/11\/18\/los-llanos-de-aridane-reduce-el-consumo-de-agua-a-minimos-historicos\/","name":"Los Llanos de Aridane reduce el consumo de agua a \"m\u00ednimos hist\u00f3ricos\" - Ayuntamiento de Los Llanos de Aridane","isPartOf":{"@id":"https:\/\/www.aridane.org\/city\/#website"},"datePublished":"2020-11-18T17:50:54+00:00","dateModified":"2020-11-18T17:50:54+00:00","author":{"@id":"https:\/\/www.aridane.org\/city\/#\/schema\/person\/7d352ec7f29881716f298394432e7209"},"breadcrumb":{"@id":"https:\/\/www.aridane.org\/city\/2020\/11\/18\/los-llanos-de-aridane-reduce-el-consumo-de-agua-a-minimos-historicos\/#breadcrumb"},"inLanguage":"es","potentialAction":[{"@type":"ReadAction","target":["https:\/\/www.aridane.org\/city\/2020\/11\/18\/los-llanos-de-aridane-reduce-el-consumo-de-agua-a-minimos-historicos\/"]}]},{"@type":"BreadcrumbList","@id":"https:\/\/www.aridane.org\/city\/2020\/11\/18\/los-llanos-de-aridane-reduce-el-consumo-de-agua-a-minimos-historicos\/#breadcrumb","itemListElement":[{"@type":"ListItem","position":1,"name":"Portada","item":"https:\/\/www.aridane.org\/city\/"},{"@type":"ListItem","position":2,"name":"Los Llanos de Aridane reduce el consumo de agua a \u00abm\u00ednimos hist\u00f3ricos\u00bb"}]},{"@type":"WebSite","@id":"https:\/\/www.aridane.org\/city\/#website","url":"https:\/\/www.aridane.org\/city\/","name":"Ayuntamiento de Los Llanos de Aridane","description":"","potentialAction":[{"@type":"SearchAction","target":{"@type":"EntryPoint","urlTemplate":"https:\/\/www.aridane.org\/city\/?s={search_term_string}"},"query-input":"required name=search_term_string"}],"inLanguage":"es"},{"@type":"Person","@id":"https:\/\/www.aridane.org\/city\/#\/schema\/person\/7d352ec7f29881716f298394432e7209","name":"Richard Diaz","image":{"@type":"ImageObject","inLanguage":"es","@id":"https:\/\/www.aridane.org\/city\/#\/schema\/person\/image\/","url":"https:\/\/secure.gravatar.com\/avatar\/bacd6aefc26a4a204943090a4c596cd10f0857081ef3cfd12084a70ecb3161d5?s=96&d=mm&r=g","contentUrl":"https:\/\/secure.gravatar.com\/avatar\/bacd6aefc26a4a204943090a4c596cd10f0857081ef3cfd12084a70ecb3161d5?s=96&d=mm&r=g","caption":"Richard Diaz"},"sameAs":["https:\/\/www.aridane.org\/city"],"url":"https:\/\/www.aridane.org\/city\/author\/richard-diaz\/"}]}},"_links":{"self":[{"href":"https:\/\/www.aridane.org\/city\/wp-json\/wp\/v2\/posts\/348","targetHints":{"allow":["GET"]}}],"collection":[{"href":"https:\/\/www.aridane.org\/city\/wp-json\/wp\/v2\/posts"}],"about":[{"href":"https:\/\/www.aridane.org\/city\/wp-json\/wp\/v2\/types\/post"}],"author":[{"embeddable":true,"href":"https:\/\/www.aridane.org\/city\/wp-json\/wp\/v2\/users\/1"}],"replies":[{"embeddable":true,"href":"https:\/\/www.aridane.org\/city\/wp-json\/wp\/v2\/comments?post=348"}],"version-history":[{"count":0,"href":"https:\/\/www.aridane.org\/city\/wp-json\/wp\/v2\/posts\/348\/revisions"}],"wp:attachment":[{"href":"https:\/\/www.aridane.org\/city\/wp-json\/wp\/v2\/media?parent=348"}],"wp:term":[{"taxonomy":"category","embeddable":true,"href":"https:\/\/www.aridane.org\/city\/wp-json\/wp\/v2\/categories?post=348"},{"taxonomy":"post_tag","embeddable":true,"href":"https:\/\/www.aridane.org\/city\/wp-json\/wp\/v2\/tags?post=348"}],"curies":[{"name":"wp","href":"https:\/\/api.w.org\/{rel}","templated":true}]}}