{"id":3501,"date":"2024-02-22T09:53:36","date_gmt":"2024-02-22T09:53:36","guid":{"rendered":"https:\/\/www.aridane.org\/city\/?p=3501"},"modified":"2024-03-01T09:55:17","modified_gmt":"2024-03-01T09:55:17","slug":"ayuntamiento-y-cabildo-refuerzan-la-seguridad-vial-de-la-avenida-carlos-francisco-lorenzo-navarro","status":"publish","type":"post","link":"https:\/\/www.aridane.org\/city\/2024\/02\/22\/ayuntamiento-y-cabildo-refuerzan-la-seguridad-vial-de-la-avenida-carlos-francisco-lorenzo-navarro\/","title":{"rendered":"Ayuntamiento y Cabildo refuerzan la seguridad vial de la avenida Carlos Francisco Lorenzo Navarro\u00a0\u00a0"},"content":{"rendered":"<p><em>Se trata de una actuaci\u00f3n para reforzar la seguridad de la v\u00eda, regular el tr\u00e1fico y mejorar la est\u00e9tica general del municipio<\/em><br \/>\n<!--more--><\/p>\n<div id=\"v1forwardbody1\">\n<p>El Ayuntamiento de Los Llanos de Aridane refuerza la seguridad vial de la avenida Carlos Francisco Lorenzo Navarro y sus calles aleda\u00f1as con el apoyo del Cabildo de La Palma. Las marcas de tr\u00e1fico han sido repintadas con productos que cumplen las normativas de visibilidad, adherencia y durabilidad.<\/p>\n<p>El concejal de Seguridad, Francisco Acosta, asegura que esta acci\u00f3n responde al deterioro que sufr\u00edan algunas de las marcas viales de la avenida, con lo que ello supone en materia de seguridad y fluidez en una de las principales v\u00edas del municipio.<\/p>\n<p>\u201cSe trata de una actuaci\u00f3n importante para la seguridad vial, para regular el tr\u00e1fico y tambi\u00e9n para mejorar la est\u00e9tica general de Los Llanos de Aridane. La avenida Carlos Francisco Lorenzo Navarro es la puerta de entrada y salida al municipio\u201d, explica Acosta.<\/p>\n<p>Asimismo, el concejal agradece al Departamento de Obras P\u00fablicas del Cabildo y a su consejero, Darwin Rodr\u00edguez, la colaboraci\u00f3n con el Ayuntamiento para sanear esta v\u00eda. La avenida Carlos Lorenzo Francisco Navarro es una v\u00eda insular perteneciente a la LP-2, mientras que las calles anexas son de titularidad municipal.<\/p>\n<\/div>\n","protected":false},"excerpt":{"rendered":"<p>Se trata de una actuaci\u00f3n para reforzar la seguridad de la v\u00eda, regular el tr\u00e1fico y mejorar la est\u00e9tica general del municipio<\/p>\n","protected":false},"author":4,"featured_media":3502,"comment_status":"open","ping_status":"open","sticky":false,"template":"","format":"standard","meta":{"footnotes":""},"categories":[1],"tags":[],"class_list":["post-3501","post","type-post","status-publish","format-standard","has-post-thumbnail","hentry","category-sin-categoria"],"yoast_head":"<!-- This site is optimized with the Yoast SEO plugin v22.7 - https:\/\/yoast.com\/wordpress\/plugins\/seo\/ -->\n<title>Ayuntamiento y Cabildo refuerzan la seguridad vial de la avenida Carlos Francisco Lorenzo Navarro\u00a0\u00a0 - Ayuntamiento de Los Llanos de Aridane<\/title>\n<meta name=\"robots\" content=\"index, follow, max-snippet:-1, max-image-preview:large, max-video-preview:-1\" \/>\n<link rel=\"canonical\" href=\"https:\/\/www.aridane.org\/city\/2024\/02\/22\/ayuntamiento-y-cabildo-refuerzan-la-seguridad-vial-de-la-avenida-carlos-francisco-lorenzo-navarro\/\" \/>\n<meta property=\"og:locale\" content=\"es_ES\" \/>\n<meta property=\"og:type\" content=\"article\" \/>\n<meta property=\"og:title\" content=\"Ayuntamiento y Cabildo refuerzan la seguridad vial de la avenida Carlos Francisco Lorenzo Navarro\u00a0\u00a0 - Ayuntamiento de Los Llanos de Aridane\" \/>\n<meta property=\"og:description\" content=\"Se trata de una actuaci\u00f3n para reforzar la seguridad de la v\u00eda, regular el tr\u00e1fico y mejorar la est\u00e9tica general del municipio\" \/>\n<meta property=\"og:url\" content=\"https:\/\/www.aridane.org\/city\/2024\/02\/22\/ayuntamiento-y-cabildo-refuerzan-la-seguridad-vial-de-la-avenida-carlos-francisco-lorenzo-navarro\/\" \/>\n<meta property=\"og:site_name\" content=\"Ayuntamiento de Los Llanos de Aridane\" \/>\n<meta property=\"article:published_time\" content=\"2024-02-22T09:53:36+00:00\" \/>\n<meta property=\"article:modified_time\" content=\"2024-03-01T09:55:17+00:00\" \/>\n<meta property=\"og:image\" content=\"https:\/\/www.aridane.org\/city\/wp-content\/uploads\/2024\/03\/Seguridad-vial-1.jpeg\" \/>\n\t<meta property=\"og:image:width\" content=\"1600\" \/>\n\t<meta property=\"og:image:height\" content=\"1200\" \/>\n\t<meta property=\"og:image:type\" content=\"image\/jpeg\" \/>\n<meta name=\"author\" content=\"Corresponsal\" \/>\n<meta name=\"twitter:card\" content=\"summary_large_image\" \/>\n<meta name=\"twitter:label1\" content=\"Escrito por\" \/>\n\t<meta name=\"twitter:data1\" content=\"Corresponsal\" \/>\n\t<meta name=\"twitter:label2\" content=\"Tiempo de lectura\" \/>\n\t<meta name=\"twitter:data2\" content=\"2 minutos\" \/>\n<script type=\"application\/ld+json\" class=\"yoast-schema-graph\">{\"@context\":\"https:\/\/schema.org\",\"@graph\":[{\"@type\":\"WebPage\",\"@id\":\"https:\/\/www.aridane.org\/city\/2024\/02\/22\/ayuntamiento-y-cabildo-refuerzan-la-seguridad-vial-de-la-avenida-carlos-francisco-lorenzo-navarro\/\",\"url\":\"https:\/\/www.aridane.org\/city\/2024\/02\/22\/ayuntamiento-y-cabildo-refuerzan-la-seguridad-vial-de-la-avenida-carlos-francisco-lorenzo-navarro\/\",\"name\":\"Ayuntamiento y Cabildo refuerzan la seguridad vial de la avenida Carlos Francisco Lorenzo Navarro\u00a0\u00a0 - Ayuntamiento de Los Llanos de Aridane\",\"isPartOf\":{\"@id\":\"https:\/\/www.aridane.org\/city\/#website\"},\"primaryImageOfPage\":{\"@id\":\"https:\/\/www.aridane.org\/city\/2024\/02\/22\/ayuntamiento-y-cabildo-refuerzan-la-seguridad-vial-de-la-avenida-carlos-francisco-lorenzo-navarro\/#primaryimage\"},\"image\":{\"@id\":\"https:\/\/www.aridane.org\/city\/2024\/02\/22\/ayuntamiento-y-cabildo-refuerzan-la-seguridad-vial-de-la-avenida-carlos-francisco-lorenzo-navarro\/#primaryimage\"},\"thumbnailUrl\":\"https:\/\/www.aridane.org\/city\/wp-content\/uploads\/2024\/03\/Seguridad-vial-1.jpeg\",\"datePublished\":\"2024-02-22T09:53:36+00:00\",\"dateModified\":\"2024-03-01T09:55:17+00:00\",\"author\":{\"@id\":\"https:\/\/www.aridane.org\/city\/#\/schema\/person\/89ebd376b223dc94cc1dbcf200c8e6da\"},\"breadcrumb\":{\"@id\":\"https:\/\/www.aridane.org\/city\/2024\/02\/22\/ayuntamiento-y-cabildo-refuerzan-la-seguridad-vial-de-la-avenida-carlos-francisco-lorenzo-navarro\/#breadcrumb\"},\"inLanguage\":\"es\",\"potentialAction\":[{\"@type\":\"ReadAction\",\"target\":[\"https:\/\/www.aridane.org\/city\/2024\/02\/22\/ayuntamiento-y-cabildo-refuerzan-la-seguridad-vial-de-la-avenida-carlos-francisco-lorenzo-navarro\/\"]}]},{\"@type\":\"ImageObject\",\"inLanguage\":\"es\",\"@id\":\"https:\/\/www.aridane.org\/city\/2024\/02\/22\/ayuntamiento-y-cabildo-refuerzan-la-seguridad-vial-de-la-avenida-carlos-francisco-lorenzo-navarro\/#primaryimage\",\"url\":\"https:\/\/www.aridane.org\/city\/wp-content\/uploads\/2024\/03\/Seguridad-vial-1.jpeg\",\"contentUrl\":\"https:\/\/www.aridane.org\/city\/wp-content\/uploads\/2024\/03\/Seguridad-vial-1.jpeg\",\"width\":1600,\"height\":1200},{\"@type\":\"BreadcrumbList\",\"@id\":\"https:\/\/www.aridane.org\/city\/2024\/02\/22\/ayuntamiento-y-cabildo-refuerzan-la-seguridad-vial-de-la-avenida-carlos-francisco-lorenzo-navarro\/#breadcrumb\",\"itemListElement\":[{\"@type\":\"ListItem\",\"position\":1,\"name\":\"Portada\",\"item\":\"https:\/\/www.aridane.org\/city\/\"},{\"@type\":\"ListItem\",\"position\":2,\"name\":\"Ayuntamiento y Cabildo refuerzan la seguridad vial de la avenida Carlos Francisco Lorenzo Navarro\u00a0\u00a0\"}]},{\"@type\":\"WebSite\",\"@id\":\"https:\/\/www.aridane.org\/city\/#website\",\"url\":\"https:\/\/www.aridane.org\/city\/\",\"name\":\"Ayuntamiento de Los Llanos de Aridane\",\"description\":\"\",\"potentialAction\":[{\"@type\":\"SearchAction\",\"target\":{\"@type\":\"EntryPoint\",\"urlTemplate\":\"https:\/\/www.aridane.org\/city\/?s={search_term_string}\"},\"query-input\":\"required name=search_term_string\"}],\"inLanguage\":\"es\"},{\"@type\":\"Person\",\"@id\":\"https:\/\/www.aridane.org\/city\/#\/schema\/person\/89ebd376b223dc94cc1dbcf200c8e6da\",\"name\":\"Corresponsal\",\"image\":{\"@type\":\"ImageObject\",\"inLanguage\":\"es\",\"@id\":\"https:\/\/www.aridane.org\/city\/#\/schema\/person\/image\/\",\"url\":\"https:\/\/secure.gravatar.com\/avatar\/1c476992411e4ccf153da63b2b2f5ea0bb4cb1c85f3ceab8512f04325ad5579c?s=96&d=mm&r=g\",\"contentUrl\":\"https:\/\/secure.gravatar.com\/avatar\/1c476992411e4ccf153da63b2b2f5ea0bb4cb1c85f3ceab8512f04325ad5579c?s=96&d=mm&r=g\",\"caption\":\"Corresponsal\"},\"url\":\"https:\/\/www.aridane.org\/city\/author\/corresponsal\/\"}]}<\/script>\n<!-- \/ Yoast SEO plugin. -->","yoast_head_json":{"title":"Ayuntamiento y Cabildo refuerzan la seguridad vial de la avenida Carlos Francisco Lorenzo Navarro\u00a0\u00a0 - Ayuntamiento de Los Llanos de Aridane","robots":{"index":"index","follow":"follow","max-snippet":"max-snippet:-1","max-image-preview":"max-image-preview:large","max-video-preview":"max-video-preview:-1"},"canonical":"https:\/\/www.aridane.org\/city\/2024\/02\/22\/ayuntamiento-y-cabildo-refuerzan-la-seguridad-vial-de-la-avenida-carlos-francisco-lorenzo-navarro\/","og_locale":"es_ES","og_type":"article","og_title":"Ayuntamiento y Cabildo refuerzan la seguridad vial de la avenida Carlos Francisco Lorenzo Navarro\u00a0\u00a0 - Ayuntamiento de Los Llanos de Aridane","og_description":"Se trata de una actuaci\u00f3n para reforzar la seguridad de la v\u00eda, regular el tr\u00e1fico y mejorar la est\u00e9tica general del municipio","og_url":"https:\/\/www.aridane.org\/city\/2024\/02\/22\/ayuntamiento-y-cabildo-refuerzan-la-seguridad-vial-de-la-avenida-carlos-francisco-lorenzo-navarro\/","og_site_name":"Ayuntamiento de Los Llanos de Aridane","article_published_time":"2024-02-22T09:53:36+00:00","article_modified_time":"2024-03-01T09:55:17+00:00","og_image":[{"width":1600,"height":1200,"url":"https:\/\/www.aridane.org\/city\/wp-content\/uploads\/2024\/03\/Seguridad-vial-1.jpeg","type":"image\/jpeg"}],"author":"Corresponsal","twitter_card":"summary_large_image","twitter_misc":{"Escrito por":"Corresponsal","Tiempo de lectura":"2 minutos"},"schema":{"@context":"https:\/\/schema.org","@graph":[{"@type":"WebPage","@id":"https:\/\/www.aridane.org\/city\/2024\/02\/22\/ayuntamiento-y-cabildo-refuerzan-la-seguridad-vial-de-la-avenida-carlos-francisco-lorenzo-navarro\/","url":"https:\/\/www.aridane.org\/city\/2024\/02\/22\/ayuntamiento-y-cabildo-refuerzan-la-seguridad-vial-de-la-avenida-carlos-francisco-lorenzo-navarro\/","name":"Ayuntamiento y Cabildo refuerzan la seguridad vial de la avenida Carlos Francisco Lorenzo Navarro\u00a0\u00a0 - Ayuntamiento de Los Llanos de Aridane","isPartOf":{"@id":"https:\/\/www.aridane.org\/city\/#website"},"primaryImageOfPage":{"@id":"https:\/\/www.aridane.org\/city\/2024\/02\/22\/ayuntamiento-y-cabildo-refuerzan-la-seguridad-vial-de-la-avenida-carlos-francisco-lorenzo-navarro\/#primaryimage"},"image":{"@id":"https:\/\/www.aridane.org\/city\/2024\/02\/22\/ayuntamiento-y-cabildo-refuerzan-la-seguridad-vial-de-la-avenida-carlos-francisco-lorenzo-navarro\/#primaryimage"},"thumbnailUrl":"https:\/\/www.aridane.org\/city\/wp-content\/uploads\/2024\/03\/Seguridad-vial-1.jpeg","datePublished":"2024-02-22T09:53:36+00:00","dateModified":"2024-03-01T09:55:17+00:00","author":{"@id":"https:\/\/www.aridane.org\/city\/#\/schema\/person\/89ebd376b223dc94cc1dbcf200c8e6da"},"breadcrumb":{"@id":"https:\/\/www.aridane.org\/city\/2024\/02\/22\/ayuntamiento-y-cabildo-refuerzan-la-seguridad-vial-de-la-avenida-carlos-francisco-lorenzo-navarro\/#breadcrumb"},"inLanguage":"es","potentialAction":[{"@type":"ReadAction","target":["https:\/\/www.aridane.org\/city\/2024\/02\/22\/ayuntamiento-y-cabildo-refuerzan-la-seguridad-vial-de-la-avenida-carlos-francisco-lorenzo-navarro\/"]}]},{"@type":"ImageObject","inLanguage":"es","@id":"https:\/\/www.aridane.org\/city\/2024\/02\/22\/ayuntamiento-y-cabildo-refuerzan-la-seguridad-vial-de-la-avenida-carlos-francisco-lorenzo-navarro\/#primaryimage","url":"https:\/\/www.aridane.org\/city\/wp-content\/uploads\/2024\/03\/Seguridad-vial-1.jpeg","contentUrl":"https:\/\/www.aridane.org\/city\/wp-content\/uploads\/2024\/03\/Seguridad-vial-1.jpeg","width":1600,"height":1200},{"@type":"BreadcrumbList","@id":"https:\/\/www.aridane.org\/city\/2024\/02\/22\/ayuntamiento-y-cabildo-refuerzan-la-seguridad-vial-de-la-avenida-carlos-francisco-lorenzo-navarro\/#breadcrumb","itemListElement":[{"@type":"ListItem","position":1,"name":"Portada","item":"https:\/\/www.aridane.org\/city\/"},{"@type":"ListItem","position":2,"name":"Ayuntamiento y Cabildo refuerzan la seguridad vial de la avenida Carlos Francisco Lorenzo Navarro\u00a0\u00a0"}]},{"@type":"WebSite","@id":"https:\/\/www.aridane.org\/city\/#website","url":"https:\/\/www.aridane.org\/city\/","name":"Ayuntamiento de Los Llanos de Aridane","description":"","potentialAction":[{"@type":"SearchAction","target":{"@type":"EntryPoint","urlTemplate":"https:\/\/www.aridane.org\/city\/?s={search_term_string}"},"query-input":"required name=search_term_string"}],"inLanguage":"es"},{"@type":"Person","@id":"https:\/\/www.aridane.org\/city\/#\/schema\/person\/89ebd376b223dc94cc1dbcf200c8e6da","name":"Corresponsal","image":{"@type":"ImageObject","inLanguage":"es","@id":"https:\/\/www.aridane.org\/city\/#\/schema\/person\/image\/","url":"https:\/\/secure.gravatar.com\/avatar\/1c476992411e4ccf153da63b2b2f5ea0bb4cb1c85f3ceab8512f04325ad5579c?s=96&d=mm&r=g","contentUrl":"https:\/\/secure.gravatar.com\/avatar\/1c476992411e4ccf153da63b2b2f5ea0bb4cb1c85f3ceab8512f04325ad5579c?s=96&d=mm&r=g","caption":"Corresponsal"},"url":"https:\/\/www.aridane.org\/city\/author\/corresponsal\/"}]}},"_links":{"self":[{"href":"https:\/\/www.aridane.org\/city\/wp-json\/wp\/v2\/posts\/3501","targetHints":{"allow":["GET"]}}],"collection":[{"href":"https:\/\/www.aridane.org\/city\/wp-json\/wp\/v2\/posts"}],"about":[{"href":"https:\/\/www.aridane.org\/city\/wp-json\/wp\/v2\/types\/post"}],"author":[{"embeddable":true,"href":"https:\/\/www.aridane.org\/city\/wp-json\/wp\/v2\/users\/4"}],"replies":[{"embeddable":true,"href":"https:\/\/www.aridane.org\/city\/wp-json\/wp\/v2\/comments?post=3501"}],"version-history":[{"count":1,"href":"https:\/\/www.aridane.org\/city\/wp-json\/wp\/v2\/posts\/3501\/revisions"}],"predecessor-version":[{"id":3503,"href":"https:\/\/www.aridane.org\/city\/wp-json\/wp\/v2\/posts\/3501\/revisions\/3503"}],"wp:featuredmedia":[{"embeddable":true,"href":"https:\/\/www.aridane.org\/city\/wp-json\/wp\/v2\/media\/3502"}],"wp:attachment":[{"href":"https:\/\/www.aridane.org\/city\/wp-json\/wp\/v2\/media?parent=3501"}],"wp:term":[{"taxonomy":"category","embeddable":true,"href":"https:\/\/www.aridane.org\/city\/wp-json\/wp\/v2\/categories?post=3501"},{"taxonomy":"post_tag","embeddable":true,"href":"https:\/\/www.aridane.org\/city\/wp-json\/wp\/v2\/tags?post=3501"}],"curies":[{"name":"wp","href":"https:\/\/api.w.org\/{rel}","templated":true}]}}