{"id":3504,"date":"2024-02-23T09:55:33","date_gmt":"2024-02-23T09:55:33","guid":{"rendered":"https:\/\/www.aridane.org\/city\/?p=3504"},"modified":"2024-03-01T10:00:47","modified_gmt":"2024-03-01T10:00:47","slug":"seguridad-social-un-homenaje-a-mecano-y-mojinos-escozios-en-la-programacion-del-contigo-almediodia","status":"publish","type":"post","link":"https:\/\/www.aridane.org\/city\/2024\/02\/23\/seguridad-social-un-homenaje-a-mecano-y-mojinos-escozios-en-la-programacion-del-contigo-almediodia\/","title":{"rendered":"Seguridad Social, un homenaje a Mecano y Mojinos Escoz\u00edos, en la programaci\u00f3n del Contigo Almediod\u00eda"},"content":{"rendered":"<p><em>El municipio disfrutar\u00e1 en marzo, abril y mayo de algunas de las mejores bandas del pop-rock espa\u00f1ol<\/em><!--more--><\/p>\n<p>El Ayuntamiento de Los Llanos de Aridane presenta la programaci\u00f3n de <em>Contigo Almediod\u00eda<\/em>\u00a0para los pr\u00f3ximos tres meses.<\/p>\n<p>El 23 de marzo, coincidiendo con el XVIII aniversario de esta iniciativa, ser\u00e1 el turno para la reconocida banda de rock espa\u00f1ola Seguridad Social. El 27 de abril los protagonistas ser\u00e1n el Homenaje a Mecano \u2018Me cuesta tanto olvidarte\u2019. Mientras que el 25 de mayo uno de los grupos de hard rock espa\u00f1ol m\u00e1s famosos, Mojinos Escoz\u00edos, llenar\u00e1 de m\u00fasica la Plaza de Espa\u00f1a.<\/p>\n<p>La concejala de Cultura, Marlene Gonz\u00e1lez, destaca el impacto de\u00a0<em>Contigo<\/em>\u00a0<em>Almediod\u00eda<\/em>\u00a0en la oferta cultural y de ocio de Los Llanos de Aridane.<\/p>\n<p>\u201cPodemos decir que esta iniciativa, que naci\u00f3 en marzo de 2006, cumple la mayor\u00eda de edad en 2024. Son 18 a\u00f1os en los que hemos disfrutado de 142 grandes artistas y grupos representativos de la historia musical m\u00e1s reciente. El objetivo es seguir creciendo y mejorando. Lo agradecer\u00e1n nuestros comerciantes y hosteleros, y, sobre todo, nuestros vecinos y vecinas\u201d, apunta.<\/p>\n<p>Cabe recordar que\u00a0<em>Contigo Almediod\u00eda<\/em>\u00a0es una iniciativa cultural que contribuye a promover y dinamizar la zona comercial abierta del casco urbano del municipio, a la vez que cubre una oferta de calidad de ocio y tiempo libre intergeneracional adecuada a todos los p\u00fablicos.<\/p>\n","protected":false},"excerpt":{"rendered":"<p>El municipio disfrutar\u00e1 en marzo, abril y mayo de algunas de las mejores bandas del pop-rock espa\u00f1ol<\/p>\n","protected":false},"author":4,"featured_media":3505,"comment_status":"open","ping_status":"open","sticky":false,"template":"","format":"standard","meta":{"footnotes":""},"categories":[1],"tags":[],"class_list":["post-3504","post","type-post","status-publish","format-standard","has-post-thumbnail","hentry","category-sin-categoria"],"yoast_head":"<!-- This site is optimized with the Yoast SEO plugin v22.7 - https:\/\/yoast.com\/wordpress\/plugins\/seo\/ -->\n<title>Seguridad Social, un homenaje a Mecano y Mojinos Escoz\u00edos, en la programaci\u00f3n del Contigo Almediod\u00eda - Ayuntamiento de Los Llanos de Aridane<\/title>\n<meta name=\"robots\" content=\"index, follow, max-snippet:-1, max-image-preview:large, max-video-preview:-1\" \/>\n<link rel=\"canonical\" href=\"https:\/\/www.aridane.org\/city\/2024\/02\/23\/seguridad-social-un-homenaje-a-mecano-y-mojinos-escozios-en-la-programacion-del-contigo-almediodia\/\" \/>\n<meta property=\"og:locale\" content=\"es_ES\" \/>\n<meta property=\"og:type\" content=\"article\" \/>\n<meta property=\"og:title\" content=\"Seguridad Social, un homenaje a Mecano y Mojinos Escoz\u00edos, en la programaci\u00f3n del Contigo Almediod\u00eda - Ayuntamiento de Los Llanos de Aridane\" \/>\n<meta property=\"og:description\" content=\"El municipio disfrutar\u00e1 en marzo, abril y mayo de algunas de las mejores bandas del pop-rock espa\u00f1ol\" \/>\n<meta property=\"og:url\" content=\"https:\/\/www.aridane.org\/city\/2024\/02\/23\/seguridad-social-un-homenaje-a-mecano-y-mojinos-escozios-en-la-programacion-del-contigo-almediodia\/\" \/>\n<meta property=\"og:site_name\" content=\"Ayuntamiento de Los Llanos de Aridane\" \/>\n<meta property=\"article:published_time\" content=\"2024-02-23T09:55:33+00:00\" \/>\n<meta property=\"article:modified_time\" content=\"2024-03-01T10:00:47+00:00\" \/>\n<meta property=\"og:image\" content=\"https:\/\/www.aridane.org\/city\/wp-content\/uploads\/2024\/03\/Contingo-Almediodia.jpeg\" \/>\n\t<meta property=\"og:image:width\" content=\"900\" \/>\n\t<meta property=\"og:image:height\" content=\"810\" \/>\n\t<meta property=\"og:image:type\" content=\"image\/jpeg\" \/>\n<meta name=\"author\" content=\"Corresponsal\" \/>\n<meta name=\"twitter:card\" content=\"summary_large_image\" \/>\n<meta name=\"twitter:label1\" content=\"Escrito por\" \/>\n\t<meta name=\"twitter:data1\" content=\"Corresponsal\" \/>\n\t<meta name=\"twitter:label2\" content=\"Tiempo de lectura\" \/>\n\t<meta name=\"twitter:data2\" content=\"2 minutos\" \/>\n<script type=\"application\/ld+json\" class=\"yoast-schema-graph\">{\"@context\":\"https:\/\/schema.org\",\"@graph\":[{\"@type\":\"WebPage\",\"@id\":\"https:\/\/www.aridane.org\/city\/2024\/02\/23\/seguridad-social-un-homenaje-a-mecano-y-mojinos-escozios-en-la-programacion-del-contigo-almediodia\/\",\"url\":\"https:\/\/www.aridane.org\/city\/2024\/02\/23\/seguridad-social-un-homenaje-a-mecano-y-mojinos-escozios-en-la-programacion-del-contigo-almediodia\/\",\"name\":\"Seguridad Social, un homenaje a Mecano y Mojinos Escoz\u00edos, en la programaci\u00f3n del Contigo Almediod\u00eda - Ayuntamiento de Los Llanos de Aridane\",\"isPartOf\":{\"@id\":\"https:\/\/www.aridane.org\/city\/#website\"},\"primaryImageOfPage\":{\"@id\":\"https:\/\/www.aridane.org\/city\/2024\/02\/23\/seguridad-social-un-homenaje-a-mecano-y-mojinos-escozios-en-la-programacion-del-contigo-almediodia\/#primaryimage\"},\"image\":{\"@id\":\"https:\/\/www.aridane.org\/city\/2024\/02\/23\/seguridad-social-un-homenaje-a-mecano-y-mojinos-escozios-en-la-programacion-del-contigo-almediodia\/#primaryimage\"},\"thumbnailUrl\":\"https:\/\/www.aridane.org\/city\/wp-content\/uploads\/2024\/03\/Contingo-Almediodia.jpeg\",\"datePublished\":\"2024-02-23T09:55:33+00:00\",\"dateModified\":\"2024-03-01T10:00:47+00:00\",\"author\":{\"@id\":\"https:\/\/www.aridane.org\/city\/#\/schema\/person\/89ebd376b223dc94cc1dbcf200c8e6da\"},\"breadcrumb\":{\"@id\":\"https:\/\/www.aridane.org\/city\/2024\/02\/23\/seguridad-social-un-homenaje-a-mecano-y-mojinos-escozios-en-la-programacion-del-contigo-almediodia\/#breadcrumb\"},\"inLanguage\":\"es\",\"potentialAction\":[{\"@type\":\"ReadAction\",\"target\":[\"https:\/\/www.aridane.org\/city\/2024\/02\/23\/seguridad-social-un-homenaje-a-mecano-y-mojinos-escozios-en-la-programacion-del-contigo-almediodia\/\"]}]},{\"@type\":\"ImageObject\",\"inLanguage\":\"es\",\"@id\":\"https:\/\/www.aridane.org\/city\/2024\/02\/23\/seguridad-social-un-homenaje-a-mecano-y-mojinos-escozios-en-la-programacion-del-contigo-almediodia\/#primaryimage\",\"url\":\"https:\/\/www.aridane.org\/city\/wp-content\/uploads\/2024\/03\/Contingo-Almediodia.jpeg\",\"contentUrl\":\"https:\/\/www.aridane.org\/city\/wp-content\/uploads\/2024\/03\/Contingo-Almediodia.jpeg\",\"width\":900,\"height\":810},{\"@type\":\"BreadcrumbList\",\"@id\":\"https:\/\/www.aridane.org\/city\/2024\/02\/23\/seguridad-social-un-homenaje-a-mecano-y-mojinos-escozios-en-la-programacion-del-contigo-almediodia\/#breadcrumb\",\"itemListElement\":[{\"@type\":\"ListItem\",\"position\":1,\"name\":\"Portada\",\"item\":\"https:\/\/www.aridane.org\/city\/\"},{\"@type\":\"ListItem\",\"position\":2,\"name\":\"Seguridad Social, un homenaje a Mecano y Mojinos Escoz\u00edos, en la programaci\u00f3n del Contigo Almediod\u00eda\"}]},{\"@type\":\"WebSite\",\"@id\":\"https:\/\/www.aridane.org\/city\/#website\",\"url\":\"https:\/\/www.aridane.org\/city\/\",\"name\":\"Ayuntamiento de Los Llanos de Aridane\",\"description\":\"\",\"potentialAction\":[{\"@type\":\"SearchAction\",\"target\":{\"@type\":\"EntryPoint\",\"urlTemplate\":\"https:\/\/www.aridane.org\/city\/?s={search_term_string}\"},\"query-input\":\"required name=search_term_string\"}],\"inLanguage\":\"es\"},{\"@type\":\"Person\",\"@id\":\"https:\/\/www.aridane.org\/city\/#\/schema\/person\/89ebd376b223dc94cc1dbcf200c8e6da\",\"name\":\"Corresponsal\",\"image\":{\"@type\":\"ImageObject\",\"inLanguage\":\"es\",\"@id\":\"https:\/\/www.aridane.org\/city\/#\/schema\/person\/image\/\",\"url\":\"https:\/\/secure.gravatar.com\/avatar\/1c476992411e4ccf153da63b2b2f5ea0bb4cb1c85f3ceab8512f04325ad5579c?s=96&d=mm&r=g\",\"contentUrl\":\"https:\/\/secure.gravatar.com\/avatar\/1c476992411e4ccf153da63b2b2f5ea0bb4cb1c85f3ceab8512f04325ad5579c?s=96&d=mm&r=g\",\"caption\":\"Corresponsal\"},\"url\":\"https:\/\/www.aridane.org\/city\/author\/corresponsal\/\"}]}<\/script>\n<!-- \/ Yoast SEO plugin. -->","yoast_head_json":{"title":"Seguridad Social, un homenaje a Mecano y Mojinos Escoz\u00edos, en la programaci\u00f3n del Contigo Almediod\u00eda - Ayuntamiento de Los Llanos de Aridane","robots":{"index":"index","follow":"follow","max-snippet":"max-snippet:-1","max-image-preview":"max-image-preview:large","max-video-preview":"max-video-preview:-1"},"canonical":"https:\/\/www.aridane.org\/city\/2024\/02\/23\/seguridad-social-un-homenaje-a-mecano-y-mojinos-escozios-en-la-programacion-del-contigo-almediodia\/","og_locale":"es_ES","og_type":"article","og_title":"Seguridad Social, un homenaje a Mecano y Mojinos Escoz\u00edos, en la programaci\u00f3n del Contigo Almediod\u00eda - Ayuntamiento de Los Llanos de Aridane","og_description":"El municipio disfrutar\u00e1 en marzo, abril y mayo de algunas de las mejores bandas del pop-rock espa\u00f1ol","og_url":"https:\/\/www.aridane.org\/city\/2024\/02\/23\/seguridad-social-un-homenaje-a-mecano-y-mojinos-escozios-en-la-programacion-del-contigo-almediodia\/","og_site_name":"Ayuntamiento de Los Llanos de Aridane","article_published_time":"2024-02-23T09:55:33+00:00","article_modified_time":"2024-03-01T10:00:47+00:00","og_image":[{"width":900,"height":810,"url":"https:\/\/www.aridane.org\/city\/wp-content\/uploads\/2024\/03\/Contingo-Almediodia.jpeg","type":"image\/jpeg"}],"author":"Corresponsal","twitter_card":"summary_large_image","twitter_misc":{"Escrito por":"Corresponsal","Tiempo de lectura":"2 minutos"},"schema":{"@context":"https:\/\/schema.org","@graph":[{"@type":"WebPage","@id":"https:\/\/www.aridane.org\/city\/2024\/02\/23\/seguridad-social-un-homenaje-a-mecano-y-mojinos-escozios-en-la-programacion-del-contigo-almediodia\/","url":"https:\/\/www.aridane.org\/city\/2024\/02\/23\/seguridad-social-un-homenaje-a-mecano-y-mojinos-escozios-en-la-programacion-del-contigo-almediodia\/","name":"Seguridad Social, un homenaje a Mecano y Mojinos Escoz\u00edos, en la programaci\u00f3n del Contigo Almediod\u00eda - Ayuntamiento de Los Llanos de Aridane","isPartOf":{"@id":"https:\/\/www.aridane.org\/city\/#website"},"primaryImageOfPage":{"@id":"https:\/\/www.aridane.org\/city\/2024\/02\/23\/seguridad-social-un-homenaje-a-mecano-y-mojinos-escozios-en-la-programacion-del-contigo-almediodia\/#primaryimage"},"image":{"@id":"https:\/\/www.aridane.org\/city\/2024\/02\/23\/seguridad-social-un-homenaje-a-mecano-y-mojinos-escozios-en-la-programacion-del-contigo-almediodia\/#primaryimage"},"thumbnailUrl":"https:\/\/www.aridane.org\/city\/wp-content\/uploads\/2024\/03\/Contingo-Almediodia.jpeg","datePublished":"2024-02-23T09:55:33+00:00","dateModified":"2024-03-01T10:00:47+00:00","author":{"@id":"https:\/\/www.aridane.org\/city\/#\/schema\/person\/89ebd376b223dc94cc1dbcf200c8e6da"},"breadcrumb":{"@id":"https:\/\/www.aridane.org\/city\/2024\/02\/23\/seguridad-social-un-homenaje-a-mecano-y-mojinos-escozios-en-la-programacion-del-contigo-almediodia\/#breadcrumb"},"inLanguage":"es","potentialAction":[{"@type":"ReadAction","target":["https:\/\/www.aridane.org\/city\/2024\/02\/23\/seguridad-social-un-homenaje-a-mecano-y-mojinos-escozios-en-la-programacion-del-contigo-almediodia\/"]}]},{"@type":"ImageObject","inLanguage":"es","@id":"https:\/\/www.aridane.org\/city\/2024\/02\/23\/seguridad-social-un-homenaje-a-mecano-y-mojinos-escozios-en-la-programacion-del-contigo-almediodia\/#primaryimage","url":"https:\/\/www.aridane.org\/city\/wp-content\/uploads\/2024\/03\/Contingo-Almediodia.jpeg","contentUrl":"https:\/\/www.aridane.org\/city\/wp-content\/uploads\/2024\/03\/Contingo-Almediodia.jpeg","width":900,"height":810},{"@type":"BreadcrumbList","@id":"https:\/\/www.aridane.org\/city\/2024\/02\/23\/seguridad-social-un-homenaje-a-mecano-y-mojinos-escozios-en-la-programacion-del-contigo-almediodia\/#breadcrumb","itemListElement":[{"@type":"ListItem","position":1,"name":"Portada","item":"https:\/\/www.aridane.org\/city\/"},{"@type":"ListItem","position":2,"name":"Seguridad Social, un homenaje a Mecano y Mojinos Escoz\u00edos, en la programaci\u00f3n del Contigo Almediod\u00eda"}]},{"@type":"WebSite","@id":"https:\/\/www.aridane.org\/city\/#website","url":"https:\/\/www.aridane.org\/city\/","name":"Ayuntamiento de Los Llanos de Aridane","description":"","potentialAction":[{"@type":"SearchAction","target":{"@type":"EntryPoint","urlTemplate":"https:\/\/www.aridane.org\/city\/?s={search_term_string}"},"query-input":"required name=search_term_string"}],"inLanguage":"es"},{"@type":"Person","@id":"https:\/\/www.aridane.org\/city\/#\/schema\/person\/89ebd376b223dc94cc1dbcf200c8e6da","name":"Corresponsal","image":{"@type":"ImageObject","inLanguage":"es","@id":"https:\/\/www.aridane.org\/city\/#\/schema\/person\/image\/","url":"https:\/\/secure.gravatar.com\/avatar\/1c476992411e4ccf153da63b2b2f5ea0bb4cb1c85f3ceab8512f04325ad5579c?s=96&d=mm&r=g","contentUrl":"https:\/\/secure.gravatar.com\/avatar\/1c476992411e4ccf153da63b2b2f5ea0bb4cb1c85f3ceab8512f04325ad5579c?s=96&d=mm&r=g","caption":"Corresponsal"},"url":"https:\/\/www.aridane.org\/city\/author\/corresponsal\/"}]}},"_links":{"self":[{"href":"https:\/\/www.aridane.org\/city\/wp-json\/wp\/v2\/posts\/3504","targetHints":{"allow":["GET"]}}],"collection":[{"href":"https:\/\/www.aridane.org\/city\/wp-json\/wp\/v2\/posts"}],"about":[{"href":"https:\/\/www.aridane.org\/city\/wp-json\/wp\/v2\/types\/post"}],"author":[{"embeddable":true,"href":"https:\/\/www.aridane.org\/city\/wp-json\/wp\/v2\/users\/4"}],"replies":[{"embeddable":true,"href":"https:\/\/www.aridane.org\/city\/wp-json\/wp\/v2\/comments?post=3504"}],"version-history":[{"count":1,"href":"https:\/\/www.aridane.org\/city\/wp-json\/wp\/v2\/posts\/3504\/revisions"}],"predecessor-version":[{"id":3506,"href":"https:\/\/www.aridane.org\/city\/wp-json\/wp\/v2\/posts\/3504\/revisions\/3506"}],"wp:featuredmedia":[{"embeddable":true,"href":"https:\/\/www.aridane.org\/city\/wp-json\/wp\/v2\/media\/3505"}],"wp:attachment":[{"href":"https:\/\/www.aridane.org\/city\/wp-json\/wp\/v2\/media?parent=3504"}],"wp:term":[{"taxonomy":"category","embeddable":true,"href":"https:\/\/www.aridane.org\/city\/wp-json\/wp\/v2\/categories?post=3504"},{"taxonomy":"post_tag","embeddable":true,"href":"https:\/\/www.aridane.org\/city\/wp-json\/wp\/v2\/tags?post=3504"}],"curies":[{"name":"wp","href":"https:\/\/api.w.org\/{rel}","templated":true}]}}