{"id":3507,"date":"2024-02-23T10:00:49","date_gmt":"2024-02-23T10:00:49","guid":{"rendered":"https:\/\/www.aridane.org\/city\/?p=3507"},"modified":"2024-03-01T10:01:42","modified_gmt":"2024-03-01T10:01:42","slug":"la-neon-run-spain-de-los-llanos-de-aridane-supera-el-70-de-las-inscripciones-en-apenas-mes-y-medio","status":"publish","type":"post","link":"https:\/\/www.aridane.org\/city\/2024\/02\/23\/la-neon-run-spain-de-los-llanos-de-aridane-supera-el-70-de-las-inscripciones-en-apenas-mes-y-medio\/","title":{"rendered":"La Neon Run Spain de Los Llanos de Aridane supera el 70% de las inscripciones en apenas mes y medio"},"content":{"rendered":"<p><em>El concejal de Deportes valora el nivel de la prueba tanto a nivel deportivo como de ocio<\/em><!--more--><\/p>\n<p>La VIII Neon Run Spain regresa a Los Llanos de Aridane el 23 de marzo con sus tres modalidades: 5KM y 10KM para adultos y la categor\u00eda kids para los m\u00e1s peque\u00f1os. Para ese d\u00eda, adem\u00e1s de la prueba, el Ayuntamiento organizar\u00e1 diferentes talleres, adem\u00e1s del aniversario de Contigo Almediod\u00eda con el grupo Seguridad Social, un abrebocas perfecto para el evento.<\/p>\n<p>El primer teniente de alcalde y concejal de Deportes, V\u00edctor Gonz\u00e1lez, destaca el impacto de la prueba, que ya cuenta con m\u00e1s de 750 personas inscritas. \u201cLas inscripciones se abrieron hace apenas un mes y ya est\u00e1n el 70% de las plazas cubiertas\u201d, apunta, recordado que a trav\u00e9s del enlace\u00a0<a href=\"https:\/\/neonrun.trackingsport.com\/events\/modalidades.xhtml\" target=\"_blank\" rel=\"noopener noreferrer\">https:\/\/neonrun.trackingsport.com\/events\/modalidades.xhtml<\/a>\u00a0a\u00fan pueden apuntarse.<\/p>\n<p>El concejal tambi\u00e9n se\u00f1ala que la Neon Run es una prueba respaldada por la Federaci\u00f3n Canaria de Atletismo y que la modalidad de 10KM puntuar\u00e1 para el Campeonato de Canarias de Ruta. \u201cA esto se le suma el hecho de que la Neon es toda una experiencia. Estamos deseando ver el brillo de los neones por nuestras calles mientras disfrutamos del nivel de algunos de los mejores atletas de Canarias\u201d, apunta.<\/p>\n<h2><strong>M\u00e1s detalles del evento<\/strong><\/h2>\n<p>El viernes, 22 de marzo, de 13:00 a 19:00 horas, se llevar\u00e1 a cabo la entrega de dorsales y bolsa del corredor en la Plaza de Espa\u00f1a.<\/p>\n<p>El s\u00e1bado d\u00eda 23 el evento continuar\u00e1 con la entrega de dorsales y bolsa del corredor de 10:00 a 13:00 horas en el mismo lugar. Adem\u00e1s, a las 13:30 tendr\u00e1 lugar el concierto de Seguridad Social como parte del XVIII Aniversario Contigo Almediod\u00eda. A las 17:00 horas se realizar\u00e1 un taller de pintura para los participantes de la Neon Kids Run, seguido por la propia carrera de los m\u00e1s peque\u00f1os a las 19:00 horas.<\/p>\n<p>A las 19:30 horas habr\u00e1 otro taller de pintura, esta vez dirigido a adultos. A las 20:50 horas se apagar\u00e1n las luces del municipio, prepar\u00e1ndose para la salida de la Neon Run Spain en La Palma, de 5 Km y 10 Km, programada para las 21:00 horas. El evento concluir\u00e1 con una Neon Party a las 23:00 horas.<\/p>\n","protected":false},"excerpt":{"rendered":"<p>El concejal de Deportes valora el nivel de la prueba tanto a nivel deportivo como de ocio<\/p>\n","protected":false},"author":4,"featured_media":3508,"comment_status":"open","ping_status":"open","sticky":false,"template":"","format":"standard","meta":{"footnotes":""},"categories":[1],"tags":[],"class_list":["post-3507","post","type-post","status-publish","format-standard","has-post-thumbnail","hentry","category-sin-categoria"],"yoast_head":"<!-- This site is optimized with the Yoast SEO plugin v22.7 - https:\/\/yoast.com\/wordpress\/plugins\/seo\/ -->\n<title>La Neon Run Spain de Los Llanos de Aridane supera el 70% de las inscripciones en apenas mes y medio - Ayuntamiento de Los Llanos de Aridane<\/title>\n<meta name=\"robots\" content=\"index, follow, max-snippet:-1, max-image-preview:large, max-video-preview:-1\" \/>\n<link rel=\"canonical\" href=\"https:\/\/www.aridane.org\/city\/2024\/02\/23\/la-neon-run-spain-de-los-llanos-de-aridane-supera-el-70-de-las-inscripciones-en-apenas-mes-y-medio\/\" \/>\n<meta property=\"og:locale\" content=\"es_ES\" \/>\n<meta property=\"og:type\" content=\"article\" \/>\n<meta property=\"og:title\" content=\"La Neon Run Spain de Los Llanos de Aridane supera el 70% de las inscripciones en apenas mes y medio - Ayuntamiento de Los Llanos de Aridane\" \/>\n<meta property=\"og:description\" content=\"El concejal de Deportes valora el nivel de la prueba tanto a nivel deportivo como de ocio\" \/>\n<meta property=\"og:url\" content=\"https:\/\/www.aridane.org\/city\/2024\/02\/23\/la-neon-run-spain-de-los-llanos-de-aridane-supera-el-70-de-las-inscripciones-en-apenas-mes-y-medio\/\" \/>\n<meta property=\"og:site_name\" content=\"Ayuntamiento de Los Llanos de Aridane\" \/>\n<meta property=\"article:published_time\" content=\"2024-02-23T10:00:49+00:00\" \/>\n<meta property=\"article:modified_time\" content=\"2024-03-01T10:01:42+00:00\" \/>\n<meta property=\"og:image\" content=\"https:\/\/www.aridane.org\/city\/wp-content\/uploads\/2024\/03\/NeonRun2.jpeg\" \/>\n\t<meta property=\"og:image:width\" content=\"1920\" \/>\n\t<meta property=\"og:image:height\" content=\"1080\" \/>\n\t<meta property=\"og:image:type\" content=\"image\/jpeg\" \/>\n<meta name=\"author\" content=\"Corresponsal\" \/>\n<meta name=\"twitter:card\" content=\"summary_large_image\" \/>\n<meta name=\"twitter:label1\" content=\"Escrito por\" \/>\n\t<meta name=\"twitter:data1\" content=\"Corresponsal\" \/>\n\t<meta name=\"twitter:label2\" content=\"Tiempo de lectura\" \/>\n\t<meta name=\"twitter:data2\" content=\"2 minutos\" \/>\n<script type=\"application\/ld+json\" class=\"yoast-schema-graph\">{\"@context\":\"https:\/\/schema.org\",\"@graph\":[{\"@type\":\"WebPage\",\"@id\":\"https:\/\/www.aridane.org\/city\/2024\/02\/23\/la-neon-run-spain-de-los-llanos-de-aridane-supera-el-70-de-las-inscripciones-en-apenas-mes-y-medio\/\",\"url\":\"https:\/\/www.aridane.org\/city\/2024\/02\/23\/la-neon-run-spain-de-los-llanos-de-aridane-supera-el-70-de-las-inscripciones-en-apenas-mes-y-medio\/\",\"name\":\"La Neon Run Spain de Los Llanos de Aridane supera el 70% de las inscripciones en apenas mes y medio - Ayuntamiento de Los Llanos de Aridane\",\"isPartOf\":{\"@id\":\"https:\/\/www.aridane.org\/city\/#website\"},\"primaryImageOfPage\":{\"@id\":\"https:\/\/www.aridane.org\/city\/2024\/02\/23\/la-neon-run-spain-de-los-llanos-de-aridane-supera-el-70-de-las-inscripciones-en-apenas-mes-y-medio\/#primaryimage\"},\"image\":{\"@id\":\"https:\/\/www.aridane.org\/city\/2024\/02\/23\/la-neon-run-spain-de-los-llanos-de-aridane-supera-el-70-de-las-inscripciones-en-apenas-mes-y-medio\/#primaryimage\"},\"thumbnailUrl\":\"https:\/\/www.aridane.org\/city\/wp-content\/uploads\/2024\/03\/NeonRun2.jpeg\",\"datePublished\":\"2024-02-23T10:00:49+00:00\",\"dateModified\":\"2024-03-01T10:01:42+00:00\",\"author\":{\"@id\":\"https:\/\/www.aridane.org\/city\/#\/schema\/person\/89ebd376b223dc94cc1dbcf200c8e6da\"},\"breadcrumb\":{\"@id\":\"https:\/\/www.aridane.org\/city\/2024\/02\/23\/la-neon-run-spain-de-los-llanos-de-aridane-supera-el-70-de-las-inscripciones-en-apenas-mes-y-medio\/#breadcrumb\"},\"inLanguage\":\"es\",\"potentialAction\":[{\"@type\":\"ReadAction\",\"target\":[\"https:\/\/www.aridane.org\/city\/2024\/02\/23\/la-neon-run-spain-de-los-llanos-de-aridane-supera-el-70-de-las-inscripciones-en-apenas-mes-y-medio\/\"]}]},{\"@type\":\"ImageObject\",\"inLanguage\":\"es\",\"@id\":\"https:\/\/www.aridane.org\/city\/2024\/02\/23\/la-neon-run-spain-de-los-llanos-de-aridane-supera-el-70-de-las-inscripciones-en-apenas-mes-y-medio\/#primaryimage\",\"url\":\"https:\/\/www.aridane.org\/city\/wp-content\/uploads\/2024\/03\/NeonRun2.jpeg\",\"contentUrl\":\"https:\/\/www.aridane.org\/city\/wp-content\/uploads\/2024\/03\/NeonRun2.jpeg\",\"width\":1920,\"height\":1080},{\"@type\":\"BreadcrumbList\",\"@id\":\"https:\/\/www.aridane.org\/city\/2024\/02\/23\/la-neon-run-spain-de-los-llanos-de-aridane-supera-el-70-de-las-inscripciones-en-apenas-mes-y-medio\/#breadcrumb\",\"itemListElement\":[{\"@type\":\"ListItem\",\"position\":1,\"name\":\"Portada\",\"item\":\"https:\/\/www.aridane.org\/city\/\"},{\"@type\":\"ListItem\",\"position\":2,\"name\":\"La Neon Run Spain de Los Llanos de Aridane supera el 70% de las inscripciones en apenas mes y medio\"}]},{\"@type\":\"WebSite\",\"@id\":\"https:\/\/www.aridane.org\/city\/#website\",\"url\":\"https:\/\/www.aridane.org\/city\/\",\"name\":\"Ayuntamiento de Los Llanos de Aridane\",\"description\":\"\",\"potentialAction\":[{\"@type\":\"SearchAction\",\"target\":{\"@type\":\"EntryPoint\",\"urlTemplate\":\"https:\/\/www.aridane.org\/city\/?s={search_term_string}\"},\"query-input\":\"required name=search_term_string\"}],\"inLanguage\":\"es\"},{\"@type\":\"Person\",\"@id\":\"https:\/\/www.aridane.org\/city\/#\/schema\/person\/89ebd376b223dc94cc1dbcf200c8e6da\",\"name\":\"Corresponsal\",\"image\":{\"@type\":\"ImageObject\",\"inLanguage\":\"es\",\"@id\":\"https:\/\/www.aridane.org\/city\/#\/schema\/person\/image\/\",\"url\":\"https:\/\/secure.gravatar.com\/avatar\/1c476992411e4ccf153da63b2b2f5ea0bb4cb1c85f3ceab8512f04325ad5579c?s=96&d=mm&r=g\",\"contentUrl\":\"https:\/\/secure.gravatar.com\/avatar\/1c476992411e4ccf153da63b2b2f5ea0bb4cb1c85f3ceab8512f04325ad5579c?s=96&d=mm&r=g\",\"caption\":\"Corresponsal\"},\"url\":\"https:\/\/www.aridane.org\/city\/author\/corresponsal\/\"}]}<\/script>\n<!-- \/ Yoast SEO plugin. -->","yoast_head_json":{"title":"La Neon Run Spain de Los Llanos de Aridane supera el 70% de las inscripciones en apenas mes y medio - Ayuntamiento de Los Llanos de Aridane","robots":{"index":"index","follow":"follow","max-snippet":"max-snippet:-1","max-image-preview":"max-image-preview:large","max-video-preview":"max-video-preview:-1"},"canonical":"https:\/\/www.aridane.org\/city\/2024\/02\/23\/la-neon-run-spain-de-los-llanos-de-aridane-supera-el-70-de-las-inscripciones-en-apenas-mes-y-medio\/","og_locale":"es_ES","og_type":"article","og_title":"La Neon Run Spain de Los Llanos de Aridane supera el 70% de las inscripciones en apenas mes y medio - Ayuntamiento de Los Llanos de Aridane","og_description":"El concejal de Deportes valora el nivel de la prueba tanto a nivel deportivo como de ocio","og_url":"https:\/\/www.aridane.org\/city\/2024\/02\/23\/la-neon-run-spain-de-los-llanos-de-aridane-supera-el-70-de-las-inscripciones-en-apenas-mes-y-medio\/","og_site_name":"Ayuntamiento de Los Llanos de Aridane","article_published_time":"2024-02-23T10:00:49+00:00","article_modified_time":"2024-03-01T10:01:42+00:00","og_image":[{"width":1920,"height":1080,"url":"https:\/\/www.aridane.org\/city\/wp-content\/uploads\/2024\/03\/NeonRun2.jpeg","type":"image\/jpeg"}],"author":"Corresponsal","twitter_card":"summary_large_image","twitter_misc":{"Escrito por":"Corresponsal","Tiempo de lectura":"2 minutos"},"schema":{"@context":"https:\/\/schema.org","@graph":[{"@type":"WebPage","@id":"https:\/\/www.aridane.org\/city\/2024\/02\/23\/la-neon-run-spain-de-los-llanos-de-aridane-supera-el-70-de-las-inscripciones-en-apenas-mes-y-medio\/","url":"https:\/\/www.aridane.org\/city\/2024\/02\/23\/la-neon-run-spain-de-los-llanos-de-aridane-supera-el-70-de-las-inscripciones-en-apenas-mes-y-medio\/","name":"La Neon Run Spain de Los Llanos de Aridane supera el 70% de las inscripciones en apenas mes y medio - Ayuntamiento de Los Llanos de Aridane","isPartOf":{"@id":"https:\/\/www.aridane.org\/city\/#website"},"primaryImageOfPage":{"@id":"https:\/\/www.aridane.org\/city\/2024\/02\/23\/la-neon-run-spain-de-los-llanos-de-aridane-supera-el-70-de-las-inscripciones-en-apenas-mes-y-medio\/#primaryimage"},"image":{"@id":"https:\/\/www.aridane.org\/city\/2024\/02\/23\/la-neon-run-spain-de-los-llanos-de-aridane-supera-el-70-de-las-inscripciones-en-apenas-mes-y-medio\/#primaryimage"},"thumbnailUrl":"https:\/\/www.aridane.org\/city\/wp-content\/uploads\/2024\/03\/NeonRun2.jpeg","datePublished":"2024-02-23T10:00:49+00:00","dateModified":"2024-03-01T10:01:42+00:00","author":{"@id":"https:\/\/www.aridane.org\/city\/#\/schema\/person\/89ebd376b223dc94cc1dbcf200c8e6da"},"breadcrumb":{"@id":"https:\/\/www.aridane.org\/city\/2024\/02\/23\/la-neon-run-spain-de-los-llanos-de-aridane-supera-el-70-de-las-inscripciones-en-apenas-mes-y-medio\/#breadcrumb"},"inLanguage":"es","potentialAction":[{"@type":"ReadAction","target":["https:\/\/www.aridane.org\/city\/2024\/02\/23\/la-neon-run-spain-de-los-llanos-de-aridane-supera-el-70-de-las-inscripciones-en-apenas-mes-y-medio\/"]}]},{"@type":"ImageObject","inLanguage":"es","@id":"https:\/\/www.aridane.org\/city\/2024\/02\/23\/la-neon-run-spain-de-los-llanos-de-aridane-supera-el-70-de-las-inscripciones-en-apenas-mes-y-medio\/#primaryimage","url":"https:\/\/www.aridane.org\/city\/wp-content\/uploads\/2024\/03\/NeonRun2.jpeg","contentUrl":"https:\/\/www.aridane.org\/city\/wp-content\/uploads\/2024\/03\/NeonRun2.jpeg","width":1920,"height":1080},{"@type":"BreadcrumbList","@id":"https:\/\/www.aridane.org\/city\/2024\/02\/23\/la-neon-run-spain-de-los-llanos-de-aridane-supera-el-70-de-las-inscripciones-en-apenas-mes-y-medio\/#breadcrumb","itemListElement":[{"@type":"ListItem","position":1,"name":"Portada","item":"https:\/\/www.aridane.org\/city\/"},{"@type":"ListItem","position":2,"name":"La Neon Run Spain de Los Llanos de Aridane supera el 70% de las inscripciones en apenas mes y medio"}]},{"@type":"WebSite","@id":"https:\/\/www.aridane.org\/city\/#website","url":"https:\/\/www.aridane.org\/city\/","name":"Ayuntamiento de Los Llanos de Aridane","description":"","potentialAction":[{"@type":"SearchAction","target":{"@type":"EntryPoint","urlTemplate":"https:\/\/www.aridane.org\/city\/?s={search_term_string}"},"query-input":"required name=search_term_string"}],"inLanguage":"es"},{"@type":"Person","@id":"https:\/\/www.aridane.org\/city\/#\/schema\/person\/89ebd376b223dc94cc1dbcf200c8e6da","name":"Corresponsal","image":{"@type":"ImageObject","inLanguage":"es","@id":"https:\/\/www.aridane.org\/city\/#\/schema\/person\/image\/","url":"https:\/\/secure.gravatar.com\/avatar\/1c476992411e4ccf153da63b2b2f5ea0bb4cb1c85f3ceab8512f04325ad5579c?s=96&d=mm&r=g","contentUrl":"https:\/\/secure.gravatar.com\/avatar\/1c476992411e4ccf153da63b2b2f5ea0bb4cb1c85f3ceab8512f04325ad5579c?s=96&d=mm&r=g","caption":"Corresponsal"},"url":"https:\/\/www.aridane.org\/city\/author\/corresponsal\/"}]}},"_links":{"self":[{"href":"https:\/\/www.aridane.org\/city\/wp-json\/wp\/v2\/posts\/3507","targetHints":{"allow":["GET"]}}],"collection":[{"href":"https:\/\/www.aridane.org\/city\/wp-json\/wp\/v2\/posts"}],"about":[{"href":"https:\/\/www.aridane.org\/city\/wp-json\/wp\/v2\/types\/post"}],"author":[{"embeddable":true,"href":"https:\/\/www.aridane.org\/city\/wp-json\/wp\/v2\/users\/4"}],"replies":[{"embeddable":true,"href":"https:\/\/www.aridane.org\/city\/wp-json\/wp\/v2\/comments?post=3507"}],"version-history":[{"count":1,"href":"https:\/\/www.aridane.org\/city\/wp-json\/wp\/v2\/posts\/3507\/revisions"}],"predecessor-version":[{"id":3509,"href":"https:\/\/www.aridane.org\/city\/wp-json\/wp\/v2\/posts\/3507\/revisions\/3509"}],"wp:featuredmedia":[{"embeddable":true,"href":"https:\/\/www.aridane.org\/city\/wp-json\/wp\/v2\/media\/3508"}],"wp:attachment":[{"href":"https:\/\/www.aridane.org\/city\/wp-json\/wp\/v2\/media?parent=3507"}],"wp:term":[{"taxonomy":"category","embeddable":true,"href":"https:\/\/www.aridane.org\/city\/wp-json\/wp\/v2\/categories?post=3507"},{"taxonomy":"post_tag","embeddable":true,"href":"https:\/\/www.aridane.org\/city\/wp-json\/wp\/v2\/tags?post=3507"}],"curies":[{"name":"wp","href":"https:\/\/api.w.org\/{rel}","templated":true}]}}