{"id":3510,"date":"2024-02-25T10:01:47","date_gmt":"2024-02-25T10:01:47","guid":{"rendered":"https:\/\/www.aridane.org\/city\/?p=3510"},"modified":"2024-03-04T13:47:22","modified_gmt":"2024-03-04T13:47:22","slug":"javier-llamas-solicita-una-reunion-urgente-con-el-delegado-del-gobierno-para-reforzar-la-seguridad-en-la-comarca","status":"publish","type":"post","link":"https:\/\/www.aridane.org\/city\/2024\/02\/25\/javier-llamas-solicita-una-reunion-urgente-con-el-delegado-del-gobierno-para-reforzar-la-seguridad-en-la-comarca\/","title":{"rendered":"Javier Llamas solicita una reuni\u00f3n urgente con el delegado del Gobierno para reforzar la seguridad en la comarca"},"content":{"rendered":"<p><em>El alcalde de Los Llanos de Aridane conf\u00eda en que Anselmo Pestana d\u00e9 prioridad a esta demanda y aporte medios cuanto antes<\/em><!--more--><\/p>\n<p>El alcalde de Los Llanos de Aridane, Javier Llamas, ha solicitado \u201cuna reuni\u00f3n urgente\u201d al delegado del Gobierno en Canarias, Anselmo Pestana, para instarle a tomar medidas que refuercen la presencia de las Fuerzas de Seguridad del Estado en el municipio en toda la Comarca Oeste de la Isla.<\/p>\n<p>\u201cNuestra petici\u00f3n es que se incremente la presencia de la Guardia Civil\u201d, se\u00f1ala el alcalde, que recuerda que en las \u00faltimas semanas se han registrado varios episodios, principalmente robos, que han generado intranquilidad tanto en Los Llanos de Aridane, como en El Paso, Tazacorte, Fuencaliente, Tijarafe, Puntagorda y Garaf\u00eda.<\/p>\n<p>\u201cEs un asunto que he hablado con los otros alcaldes y queremos tomar acci\u00f3n conjunta\u201d, explica Llamas. \u201cCreemos que hay que tomar medidas para que las cosas no vayan a m\u00e1s y que sigamos siendo una isla segura. Queremos dar tranquilidad y seguridad a nuestra ciudadan\u00eda y eso requiere la implicaci\u00f3n de la Delegaci\u00f3n del Gobierno para que refuerce los medios porque ya hemos advertido reiteradamente que, con la dotaci\u00f3n actual de Guardia Civil, que hace un gran trabajo, no es suficiente\u201d, a\u00f1ade.<\/p>\n<p>En este sentido, el alcalde insiste en que la reuni\u00f3n con el delegado del Gobierno sirva para tomar medidas inmediatas. \u201cApelamos a la sensibilidad de Anselmo Pestana, que, como palmero, sabemos que quiere que esta isla siga siendo unos de los lugares m\u00e1s seguros de Espa\u00f1a y confiamos en que atienda con premura nuestra solicitud\u201d, apunta.<\/p>\n<p>Por \u00faltimo, el alcalde agradece la colaboraci\u00f3n y el trabajo que siempre han realizado las Fuerzas y Cuerpos de Seguridad, as\u00ed como sus representantes, desde la Polic\u00eda Local, hasta la Polic\u00eda Canaria y la Guardia Civil.<\/p>\n","protected":false},"excerpt":{"rendered":"<p>El alcalde de Los Llanos de Aridane conf\u00eda en que Anselmo Pestana d\u00e9 prioridad a esta demanda y aporte medios cuanto antes<\/p>\n","protected":false},"author":4,"featured_media":3512,"comment_status":"open","ping_status":"open","sticky":false,"template":"","format":"standard","meta":{"footnotes":""},"categories":[1],"tags":[],"class_list":["post-3510","post","type-post","status-publish","format-standard","has-post-thumbnail","hentry","category-sin-categoria"],"yoast_head":"<!-- This site is optimized with the Yoast SEO plugin v22.7 - https:\/\/yoast.com\/wordpress\/plugins\/seo\/ -->\n<title>Javier Llamas solicita una reuni\u00f3n urgente con el delegado del Gobierno para reforzar la seguridad en la comarca - Ayuntamiento de Los Llanos de Aridane<\/title>\n<meta name=\"robots\" content=\"index, follow, max-snippet:-1, max-image-preview:large, max-video-preview:-1\" \/>\n<link rel=\"canonical\" href=\"https:\/\/www.aridane.org\/city\/2024\/02\/25\/javier-llamas-solicita-una-reunion-urgente-con-el-delegado-del-gobierno-para-reforzar-la-seguridad-en-la-comarca\/\" \/>\n<meta property=\"og:locale\" content=\"es_ES\" \/>\n<meta property=\"og:type\" content=\"article\" \/>\n<meta property=\"og:title\" content=\"Javier Llamas solicita una reuni\u00f3n urgente con el delegado del Gobierno para reforzar la seguridad en la comarca - Ayuntamiento de Los Llanos de Aridane\" \/>\n<meta property=\"og:description\" content=\"El alcalde de Los Llanos de Aridane conf\u00eda en que Anselmo Pestana d\u00e9 prioridad a esta demanda y aporte medios cuanto antes\" \/>\n<meta property=\"og:url\" content=\"https:\/\/www.aridane.org\/city\/2024\/02\/25\/javier-llamas-solicita-una-reunion-urgente-con-el-delegado-del-gobierno-para-reforzar-la-seguridad-en-la-comarca\/\" \/>\n<meta property=\"og:site_name\" content=\"Ayuntamiento de Los Llanos de Aridane\" \/>\n<meta property=\"article:published_time\" content=\"2024-02-25T10:01:47+00:00\" \/>\n<meta property=\"article:modified_time\" content=\"2024-03-04T13:47:22+00:00\" \/>\n<meta property=\"og:image\" content=\"https:\/\/www.aridane.org\/city\/wp-content\/uploads\/2024\/03\/Javier-Llamas-seguridad.jpeg\" \/>\n\t<meta property=\"og:image:width\" content=\"1024\" \/>\n\t<meta property=\"og:image:height\" content=\"732\" \/>\n\t<meta property=\"og:image:type\" content=\"image\/jpeg\" \/>\n<meta name=\"author\" content=\"Corresponsal\" \/>\n<meta name=\"twitter:card\" content=\"summary_large_image\" \/>\n<meta name=\"twitter:label1\" content=\"Escrito por\" \/>\n\t<meta name=\"twitter:data1\" content=\"Corresponsal\" \/>\n\t<meta name=\"twitter:label2\" content=\"Tiempo de lectura\" \/>\n\t<meta name=\"twitter:data2\" content=\"2 minutos\" \/>\n<script type=\"application\/ld+json\" class=\"yoast-schema-graph\">{\"@context\":\"https:\/\/schema.org\",\"@graph\":[{\"@type\":\"WebPage\",\"@id\":\"https:\/\/www.aridane.org\/city\/2024\/02\/25\/javier-llamas-solicita-una-reunion-urgente-con-el-delegado-del-gobierno-para-reforzar-la-seguridad-en-la-comarca\/\",\"url\":\"https:\/\/www.aridane.org\/city\/2024\/02\/25\/javier-llamas-solicita-una-reunion-urgente-con-el-delegado-del-gobierno-para-reforzar-la-seguridad-en-la-comarca\/\",\"name\":\"Javier Llamas solicita una reuni\u00f3n urgente con el delegado del Gobierno para reforzar la seguridad en la comarca - Ayuntamiento de Los Llanos de Aridane\",\"isPartOf\":{\"@id\":\"https:\/\/www.aridane.org\/city\/#website\"},\"primaryImageOfPage\":{\"@id\":\"https:\/\/www.aridane.org\/city\/2024\/02\/25\/javier-llamas-solicita-una-reunion-urgente-con-el-delegado-del-gobierno-para-reforzar-la-seguridad-en-la-comarca\/#primaryimage\"},\"image\":{\"@id\":\"https:\/\/www.aridane.org\/city\/2024\/02\/25\/javier-llamas-solicita-una-reunion-urgente-con-el-delegado-del-gobierno-para-reforzar-la-seguridad-en-la-comarca\/#primaryimage\"},\"thumbnailUrl\":\"https:\/\/www.aridane.org\/city\/wp-content\/uploads\/2024\/03\/Javier-Llamas-seguridad.jpeg\",\"datePublished\":\"2024-02-25T10:01:47+00:00\",\"dateModified\":\"2024-03-04T13:47:22+00:00\",\"author\":{\"@id\":\"https:\/\/www.aridane.org\/city\/#\/schema\/person\/89ebd376b223dc94cc1dbcf200c8e6da\"},\"breadcrumb\":{\"@id\":\"https:\/\/www.aridane.org\/city\/2024\/02\/25\/javier-llamas-solicita-una-reunion-urgente-con-el-delegado-del-gobierno-para-reforzar-la-seguridad-en-la-comarca\/#breadcrumb\"},\"inLanguage\":\"es\",\"potentialAction\":[{\"@type\":\"ReadAction\",\"target\":[\"https:\/\/www.aridane.org\/city\/2024\/02\/25\/javier-llamas-solicita-una-reunion-urgente-con-el-delegado-del-gobierno-para-reforzar-la-seguridad-en-la-comarca\/\"]}]},{\"@type\":\"ImageObject\",\"inLanguage\":\"es\",\"@id\":\"https:\/\/www.aridane.org\/city\/2024\/02\/25\/javier-llamas-solicita-una-reunion-urgente-con-el-delegado-del-gobierno-para-reforzar-la-seguridad-en-la-comarca\/#primaryimage\",\"url\":\"https:\/\/www.aridane.org\/city\/wp-content\/uploads\/2024\/03\/Javier-Llamas-seguridad.jpeg\",\"contentUrl\":\"https:\/\/www.aridane.org\/city\/wp-content\/uploads\/2024\/03\/Javier-Llamas-seguridad.jpeg\",\"width\":1024,\"height\":732},{\"@type\":\"BreadcrumbList\",\"@id\":\"https:\/\/www.aridane.org\/city\/2024\/02\/25\/javier-llamas-solicita-una-reunion-urgente-con-el-delegado-del-gobierno-para-reforzar-la-seguridad-en-la-comarca\/#breadcrumb\",\"itemListElement\":[{\"@type\":\"ListItem\",\"position\":1,\"name\":\"Portada\",\"item\":\"https:\/\/www.aridane.org\/city\/\"},{\"@type\":\"ListItem\",\"position\":2,\"name\":\"Javier Llamas solicita una reuni\u00f3n urgente con el delegado del Gobierno para reforzar la seguridad en la comarca\"}]},{\"@type\":\"WebSite\",\"@id\":\"https:\/\/www.aridane.org\/city\/#website\",\"url\":\"https:\/\/www.aridane.org\/city\/\",\"name\":\"Ayuntamiento de Los Llanos de Aridane\",\"description\":\"\",\"potentialAction\":[{\"@type\":\"SearchAction\",\"target\":{\"@type\":\"EntryPoint\",\"urlTemplate\":\"https:\/\/www.aridane.org\/city\/?s={search_term_string}\"},\"query-input\":\"required name=search_term_string\"}],\"inLanguage\":\"es\"},{\"@type\":\"Person\",\"@id\":\"https:\/\/www.aridane.org\/city\/#\/schema\/person\/89ebd376b223dc94cc1dbcf200c8e6da\",\"name\":\"Corresponsal\",\"image\":{\"@type\":\"ImageObject\",\"inLanguage\":\"es\",\"@id\":\"https:\/\/www.aridane.org\/city\/#\/schema\/person\/image\/\",\"url\":\"https:\/\/secure.gravatar.com\/avatar\/1c476992411e4ccf153da63b2b2f5ea0bb4cb1c85f3ceab8512f04325ad5579c?s=96&d=mm&r=g\",\"contentUrl\":\"https:\/\/secure.gravatar.com\/avatar\/1c476992411e4ccf153da63b2b2f5ea0bb4cb1c85f3ceab8512f04325ad5579c?s=96&d=mm&r=g\",\"caption\":\"Corresponsal\"},\"url\":\"https:\/\/www.aridane.org\/city\/author\/corresponsal\/\"}]}<\/script>\n<!-- \/ Yoast SEO plugin. -->","yoast_head_json":{"title":"Javier Llamas solicita una reuni\u00f3n urgente con el delegado del Gobierno para reforzar la seguridad en la comarca - Ayuntamiento de Los Llanos de Aridane","robots":{"index":"index","follow":"follow","max-snippet":"max-snippet:-1","max-image-preview":"max-image-preview:large","max-video-preview":"max-video-preview:-1"},"canonical":"https:\/\/www.aridane.org\/city\/2024\/02\/25\/javier-llamas-solicita-una-reunion-urgente-con-el-delegado-del-gobierno-para-reforzar-la-seguridad-en-la-comarca\/","og_locale":"es_ES","og_type":"article","og_title":"Javier Llamas solicita una reuni\u00f3n urgente con el delegado del Gobierno para reforzar la seguridad en la comarca - Ayuntamiento de Los Llanos de Aridane","og_description":"El alcalde de Los Llanos de Aridane conf\u00eda en que Anselmo Pestana d\u00e9 prioridad a esta demanda y aporte medios cuanto antes","og_url":"https:\/\/www.aridane.org\/city\/2024\/02\/25\/javier-llamas-solicita-una-reunion-urgente-con-el-delegado-del-gobierno-para-reforzar-la-seguridad-en-la-comarca\/","og_site_name":"Ayuntamiento de Los Llanos de Aridane","article_published_time":"2024-02-25T10:01:47+00:00","article_modified_time":"2024-03-04T13:47:22+00:00","og_image":[{"width":1024,"height":732,"url":"https:\/\/www.aridane.org\/city\/wp-content\/uploads\/2024\/03\/Javier-Llamas-seguridad.jpeg","type":"image\/jpeg"}],"author":"Corresponsal","twitter_card":"summary_large_image","twitter_misc":{"Escrito por":"Corresponsal","Tiempo de lectura":"2 minutos"},"schema":{"@context":"https:\/\/schema.org","@graph":[{"@type":"WebPage","@id":"https:\/\/www.aridane.org\/city\/2024\/02\/25\/javier-llamas-solicita-una-reunion-urgente-con-el-delegado-del-gobierno-para-reforzar-la-seguridad-en-la-comarca\/","url":"https:\/\/www.aridane.org\/city\/2024\/02\/25\/javier-llamas-solicita-una-reunion-urgente-con-el-delegado-del-gobierno-para-reforzar-la-seguridad-en-la-comarca\/","name":"Javier Llamas solicita una reuni\u00f3n urgente con el delegado del Gobierno para reforzar la seguridad en la comarca - Ayuntamiento de Los Llanos de Aridane","isPartOf":{"@id":"https:\/\/www.aridane.org\/city\/#website"},"primaryImageOfPage":{"@id":"https:\/\/www.aridane.org\/city\/2024\/02\/25\/javier-llamas-solicita-una-reunion-urgente-con-el-delegado-del-gobierno-para-reforzar-la-seguridad-en-la-comarca\/#primaryimage"},"image":{"@id":"https:\/\/www.aridane.org\/city\/2024\/02\/25\/javier-llamas-solicita-una-reunion-urgente-con-el-delegado-del-gobierno-para-reforzar-la-seguridad-en-la-comarca\/#primaryimage"},"thumbnailUrl":"https:\/\/www.aridane.org\/city\/wp-content\/uploads\/2024\/03\/Javier-Llamas-seguridad.jpeg","datePublished":"2024-02-25T10:01:47+00:00","dateModified":"2024-03-04T13:47:22+00:00","author":{"@id":"https:\/\/www.aridane.org\/city\/#\/schema\/person\/89ebd376b223dc94cc1dbcf200c8e6da"},"breadcrumb":{"@id":"https:\/\/www.aridane.org\/city\/2024\/02\/25\/javier-llamas-solicita-una-reunion-urgente-con-el-delegado-del-gobierno-para-reforzar-la-seguridad-en-la-comarca\/#breadcrumb"},"inLanguage":"es","potentialAction":[{"@type":"ReadAction","target":["https:\/\/www.aridane.org\/city\/2024\/02\/25\/javier-llamas-solicita-una-reunion-urgente-con-el-delegado-del-gobierno-para-reforzar-la-seguridad-en-la-comarca\/"]}]},{"@type":"ImageObject","inLanguage":"es","@id":"https:\/\/www.aridane.org\/city\/2024\/02\/25\/javier-llamas-solicita-una-reunion-urgente-con-el-delegado-del-gobierno-para-reforzar-la-seguridad-en-la-comarca\/#primaryimage","url":"https:\/\/www.aridane.org\/city\/wp-content\/uploads\/2024\/03\/Javier-Llamas-seguridad.jpeg","contentUrl":"https:\/\/www.aridane.org\/city\/wp-content\/uploads\/2024\/03\/Javier-Llamas-seguridad.jpeg","width":1024,"height":732},{"@type":"BreadcrumbList","@id":"https:\/\/www.aridane.org\/city\/2024\/02\/25\/javier-llamas-solicita-una-reunion-urgente-con-el-delegado-del-gobierno-para-reforzar-la-seguridad-en-la-comarca\/#breadcrumb","itemListElement":[{"@type":"ListItem","position":1,"name":"Portada","item":"https:\/\/www.aridane.org\/city\/"},{"@type":"ListItem","position":2,"name":"Javier Llamas solicita una reuni\u00f3n urgente con el delegado del Gobierno para reforzar la seguridad en la comarca"}]},{"@type":"WebSite","@id":"https:\/\/www.aridane.org\/city\/#website","url":"https:\/\/www.aridane.org\/city\/","name":"Ayuntamiento de Los Llanos de Aridane","description":"","potentialAction":[{"@type":"SearchAction","target":{"@type":"EntryPoint","urlTemplate":"https:\/\/www.aridane.org\/city\/?s={search_term_string}"},"query-input":"required name=search_term_string"}],"inLanguage":"es"},{"@type":"Person","@id":"https:\/\/www.aridane.org\/city\/#\/schema\/person\/89ebd376b223dc94cc1dbcf200c8e6da","name":"Corresponsal","image":{"@type":"ImageObject","inLanguage":"es","@id":"https:\/\/www.aridane.org\/city\/#\/schema\/person\/image\/","url":"https:\/\/secure.gravatar.com\/avatar\/1c476992411e4ccf153da63b2b2f5ea0bb4cb1c85f3ceab8512f04325ad5579c?s=96&d=mm&r=g","contentUrl":"https:\/\/secure.gravatar.com\/avatar\/1c476992411e4ccf153da63b2b2f5ea0bb4cb1c85f3ceab8512f04325ad5579c?s=96&d=mm&r=g","caption":"Corresponsal"},"url":"https:\/\/www.aridane.org\/city\/author\/corresponsal\/"}]}},"_links":{"self":[{"href":"https:\/\/www.aridane.org\/city\/wp-json\/wp\/v2\/posts\/3510","targetHints":{"allow":["GET"]}}],"collection":[{"href":"https:\/\/www.aridane.org\/city\/wp-json\/wp\/v2\/posts"}],"about":[{"href":"https:\/\/www.aridane.org\/city\/wp-json\/wp\/v2\/types\/post"}],"author":[{"embeddable":true,"href":"https:\/\/www.aridane.org\/city\/wp-json\/wp\/v2\/users\/4"}],"replies":[{"embeddable":true,"href":"https:\/\/www.aridane.org\/city\/wp-json\/wp\/v2\/comments?post=3510"}],"version-history":[{"count":1,"href":"https:\/\/www.aridane.org\/city\/wp-json\/wp\/v2\/posts\/3510\/revisions"}],"predecessor-version":[{"id":3511,"href":"https:\/\/www.aridane.org\/city\/wp-json\/wp\/v2\/posts\/3510\/revisions\/3511"}],"wp:featuredmedia":[{"embeddable":true,"href":"https:\/\/www.aridane.org\/city\/wp-json\/wp\/v2\/media\/3512"}],"wp:attachment":[{"href":"https:\/\/www.aridane.org\/city\/wp-json\/wp\/v2\/media?parent=3510"}],"wp:term":[{"taxonomy":"category","embeddable":true,"href":"https:\/\/www.aridane.org\/city\/wp-json\/wp\/v2\/categories?post=3510"},{"taxonomy":"post_tag","embeddable":true,"href":"https:\/\/www.aridane.org\/city\/wp-json\/wp\/v2\/tags?post=3510"}],"curies":[{"name":"wp","href":"https:\/\/api.w.org\/{rel}","templated":true}]}}