{"id":3513,"date":"2024-02-27T10:03:26","date_gmt":"2024-02-27T10:03:26","guid":{"rendered":"https:\/\/www.aridane.org\/city\/?p=3513"},"modified":"2024-03-01T10:05:55","modified_gmt":"2024-03-01T10:05:55","slug":"javier-llamas-reivindica-la-obra-ceip-la-laguna-y-pide-al-cabildo-unir-fuerzas-en-esta-lucha","status":"publish","type":"post","link":"https:\/\/www.aridane.org\/city\/2024\/02\/27\/javier-llamas-reivindica-la-obra-ceip-la-laguna-y-pide-al-cabildo-unir-fuerzas-en-esta-lucha\/","title":{"rendered":"Javier Llamas reivindica la obra CEIP La Laguna y pide al Cabildo \u201cunir fuerzas en esta lucha\u201d"},"content":{"rendered":"<p><em>El alcalde pide al presidente Sergio Rodr\u00edguez que solicite una reuni\u00f3n al consejero de Educaci\u00f3n del Gobierno de Canarias para hablar de La Laguna y de otros centros<\/em><!--more--><\/p>\n<p>El alcalde de Los Llanos de Aridane, Javier Llamas, ha solicitado a Sergio Rodr\u00edguez la implicaci\u00f3n del Cabildo \u201cy unir fuerzas\u201d para recuperar el CEIP La Laguna. En una reciente visita al centro escolar arrasado por la lava, ambos responsables acordaron trabajar juntos para que la Consejer\u00eda de Educaci\u00f3n del Gobierno de Canarias inicie las obras cuanto antes.<\/p>\n<p>Llamas tambi\u00e9n ha pedido al presidente insular que solicite una reuni\u00f3n al consejero de Educaci\u00f3n para hablar de este y de otros centros del municipio y de la isla.<\/p>\n<p>\u201cEl Gobierno de Canarias debe agilizar los tr\u00e1mites de la reconstrucci\u00f3n del CEIP de La Laguna, sobre todo teniendo en cuenta que dentro de los Presupuestos de la Comunidad Aut\u00f3noma para este a\u00f1o hay una partida inicial de 85.000 euros para la redacci\u00f3n del proyecto\u201d, se\u00f1ala.<\/p>\n<p>Para el alcalde, \u201cno se podr\u00e1 hablar de verdadera reconstrucci\u00f3n hasta que el barrio de La Laguna no recupere una infraestructura tan esencial\u201d y por eso pide a la Consejer\u00eda de Educaci\u00f3n \u201cun esfuerzo extraordinario, no solo para adjudicar cuanto antes la redacci\u00f3n del proyecto, sino para licitar las obras y ponerlas en marcha\u201d.<\/p>\n<p>En este sentido, Llamas advierte que \u201cno podemos, de ninguna manera, esperar dos a\u00f1os m\u00e1s, y esto es lo que, junto al Cabildo, vamos a trasladar a la Consejer\u00eda de Educaci\u00f3n\u201d.<\/p>\n<p>En paralelo, el Ayuntamiento de Los Llanos de Aridane tambi\u00e9n inici\u00f3 los procedimientos para demoler la infraestructura afectada. \u201cConfiamos en la sensibilidad de la Consejer\u00eda de Educaci\u00f3n para iniciar ya una recuperaci\u00f3n por la que las madres, padres, alumnado y profesorado llevan esperando demasiado tiempo\u201d, concluye el alcalde.<\/p>\n","protected":false},"excerpt":{"rendered":"<p>El alcalde pide al presidente Sergio Rodr\u00edguez que solicite una reuni\u00f3n al consejero de Educaci\u00f3n del Gobierno de Canarias para hablar de La Laguna y de otros centros<\/p>\n","protected":false},"author":4,"featured_media":2932,"comment_status":"open","ping_status":"open","sticky":false,"template":"","format":"standard","meta":{"footnotes":""},"categories":[1],"tags":[],"class_list":["post-3513","post","type-post","status-publish","format-standard","has-post-thumbnail","hentry","category-sin-categoria"],"yoast_head":"<!-- This site is optimized with the Yoast SEO plugin v22.7 - https:\/\/yoast.com\/wordpress\/plugins\/seo\/ -->\n<title>Javier Llamas reivindica la obra CEIP La Laguna y pide al Cabildo \u201cunir fuerzas en esta lucha\u201d - Ayuntamiento de Los Llanos de Aridane<\/title>\n<meta name=\"robots\" content=\"index, follow, max-snippet:-1, max-image-preview:large, max-video-preview:-1\" \/>\n<link rel=\"canonical\" href=\"https:\/\/www.aridane.org\/city\/2024\/02\/27\/javier-llamas-reivindica-la-obra-ceip-la-laguna-y-pide-al-cabildo-unir-fuerzas-en-esta-lucha\/\" \/>\n<meta property=\"og:locale\" content=\"es_ES\" \/>\n<meta property=\"og:type\" content=\"article\" \/>\n<meta property=\"og:title\" content=\"Javier Llamas reivindica la obra CEIP La Laguna y pide al Cabildo \u201cunir fuerzas en esta lucha\u201d - Ayuntamiento de Los Llanos de Aridane\" \/>\n<meta property=\"og:description\" content=\"El alcalde pide al presidente Sergio Rodr\u00edguez que solicite una reuni\u00f3n al consejero de Educaci\u00f3n del Gobierno de Canarias para hablar de La Laguna y de otros centros\" \/>\n<meta property=\"og:url\" content=\"https:\/\/www.aridane.org\/city\/2024\/02\/27\/javier-llamas-reivindica-la-obra-ceip-la-laguna-y-pide-al-cabildo-unir-fuerzas-en-esta-lucha\/\" \/>\n<meta property=\"og:site_name\" content=\"Ayuntamiento de Los Llanos de Aridane\" \/>\n<meta property=\"article:published_time\" content=\"2024-02-27T10:03:26+00:00\" \/>\n<meta property=\"article:modified_time\" content=\"2024-03-01T10:05:55+00:00\" \/>\n<meta property=\"og:image\" content=\"https:\/\/www.aridane.org\/city\/wp-content\/uploads\/2023\/11\/Javier-Llamas-161123.jpeg\" \/>\n\t<meta property=\"og:image:width\" content=\"1024\" \/>\n\t<meta property=\"og:image:height\" content=\"683\" \/>\n\t<meta property=\"og:image:type\" content=\"image\/jpeg\" \/>\n<meta name=\"author\" content=\"Corresponsal\" \/>\n<meta name=\"twitter:card\" content=\"summary_large_image\" \/>\n<meta name=\"twitter:label1\" content=\"Escrito por\" \/>\n\t<meta name=\"twitter:data1\" content=\"Corresponsal\" \/>\n\t<meta name=\"twitter:label2\" content=\"Tiempo de lectura\" \/>\n\t<meta name=\"twitter:data2\" content=\"2 minutos\" \/>\n<script type=\"application\/ld+json\" class=\"yoast-schema-graph\">{\"@context\":\"https:\/\/schema.org\",\"@graph\":[{\"@type\":\"WebPage\",\"@id\":\"https:\/\/www.aridane.org\/city\/2024\/02\/27\/javier-llamas-reivindica-la-obra-ceip-la-laguna-y-pide-al-cabildo-unir-fuerzas-en-esta-lucha\/\",\"url\":\"https:\/\/www.aridane.org\/city\/2024\/02\/27\/javier-llamas-reivindica-la-obra-ceip-la-laguna-y-pide-al-cabildo-unir-fuerzas-en-esta-lucha\/\",\"name\":\"Javier Llamas reivindica la obra CEIP La Laguna y pide al Cabildo \u201cunir fuerzas en esta lucha\u201d - Ayuntamiento de Los Llanos de Aridane\",\"isPartOf\":{\"@id\":\"https:\/\/www.aridane.org\/city\/#website\"},\"primaryImageOfPage\":{\"@id\":\"https:\/\/www.aridane.org\/city\/2024\/02\/27\/javier-llamas-reivindica-la-obra-ceip-la-laguna-y-pide-al-cabildo-unir-fuerzas-en-esta-lucha\/#primaryimage\"},\"image\":{\"@id\":\"https:\/\/www.aridane.org\/city\/2024\/02\/27\/javier-llamas-reivindica-la-obra-ceip-la-laguna-y-pide-al-cabildo-unir-fuerzas-en-esta-lucha\/#primaryimage\"},\"thumbnailUrl\":\"https:\/\/www.aridane.org\/city\/wp-content\/uploads\/2023\/11\/Javier-Llamas-161123.jpeg\",\"datePublished\":\"2024-02-27T10:03:26+00:00\",\"dateModified\":\"2024-03-01T10:05:55+00:00\",\"author\":{\"@id\":\"https:\/\/www.aridane.org\/city\/#\/schema\/person\/89ebd376b223dc94cc1dbcf200c8e6da\"},\"breadcrumb\":{\"@id\":\"https:\/\/www.aridane.org\/city\/2024\/02\/27\/javier-llamas-reivindica-la-obra-ceip-la-laguna-y-pide-al-cabildo-unir-fuerzas-en-esta-lucha\/#breadcrumb\"},\"inLanguage\":\"es\",\"potentialAction\":[{\"@type\":\"ReadAction\",\"target\":[\"https:\/\/www.aridane.org\/city\/2024\/02\/27\/javier-llamas-reivindica-la-obra-ceip-la-laguna-y-pide-al-cabildo-unir-fuerzas-en-esta-lucha\/\"]}]},{\"@type\":\"ImageObject\",\"inLanguage\":\"es\",\"@id\":\"https:\/\/www.aridane.org\/city\/2024\/02\/27\/javier-llamas-reivindica-la-obra-ceip-la-laguna-y-pide-al-cabildo-unir-fuerzas-en-esta-lucha\/#primaryimage\",\"url\":\"https:\/\/www.aridane.org\/city\/wp-content\/uploads\/2023\/11\/Javier-Llamas-161123.jpeg\",\"contentUrl\":\"https:\/\/www.aridane.org\/city\/wp-content\/uploads\/2023\/11\/Javier-Llamas-161123.jpeg\",\"width\":1024,\"height\":683},{\"@type\":\"BreadcrumbList\",\"@id\":\"https:\/\/www.aridane.org\/city\/2024\/02\/27\/javier-llamas-reivindica-la-obra-ceip-la-laguna-y-pide-al-cabildo-unir-fuerzas-en-esta-lucha\/#breadcrumb\",\"itemListElement\":[{\"@type\":\"ListItem\",\"position\":1,\"name\":\"Portada\",\"item\":\"https:\/\/www.aridane.org\/city\/\"},{\"@type\":\"ListItem\",\"position\":2,\"name\":\"Javier Llamas reivindica la obra CEIP La Laguna y pide al Cabildo \u201cunir fuerzas en esta lucha\u201d\"}]},{\"@type\":\"WebSite\",\"@id\":\"https:\/\/www.aridane.org\/city\/#website\",\"url\":\"https:\/\/www.aridane.org\/city\/\",\"name\":\"Ayuntamiento de Los Llanos de Aridane\",\"description\":\"\",\"potentialAction\":[{\"@type\":\"SearchAction\",\"target\":{\"@type\":\"EntryPoint\",\"urlTemplate\":\"https:\/\/www.aridane.org\/city\/?s={search_term_string}\"},\"query-input\":\"required name=search_term_string\"}],\"inLanguage\":\"es\"},{\"@type\":\"Person\",\"@id\":\"https:\/\/www.aridane.org\/city\/#\/schema\/person\/89ebd376b223dc94cc1dbcf200c8e6da\",\"name\":\"Corresponsal\",\"image\":{\"@type\":\"ImageObject\",\"inLanguage\":\"es\",\"@id\":\"https:\/\/www.aridane.org\/city\/#\/schema\/person\/image\/\",\"url\":\"https:\/\/secure.gravatar.com\/avatar\/1c476992411e4ccf153da63b2b2f5ea0bb4cb1c85f3ceab8512f04325ad5579c?s=96&d=mm&r=g\",\"contentUrl\":\"https:\/\/secure.gravatar.com\/avatar\/1c476992411e4ccf153da63b2b2f5ea0bb4cb1c85f3ceab8512f04325ad5579c?s=96&d=mm&r=g\",\"caption\":\"Corresponsal\"},\"url\":\"https:\/\/www.aridane.org\/city\/author\/corresponsal\/\"}]}<\/script>\n<!-- \/ Yoast SEO plugin. -->","yoast_head_json":{"title":"Javier Llamas reivindica la obra CEIP La Laguna y pide al Cabildo \u201cunir fuerzas en esta lucha\u201d - Ayuntamiento de Los Llanos de Aridane","robots":{"index":"index","follow":"follow","max-snippet":"max-snippet:-1","max-image-preview":"max-image-preview:large","max-video-preview":"max-video-preview:-1"},"canonical":"https:\/\/www.aridane.org\/city\/2024\/02\/27\/javier-llamas-reivindica-la-obra-ceip-la-laguna-y-pide-al-cabildo-unir-fuerzas-en-esta-lucha\/","og_locale":"es_ES","og_type":"article","og_title":"Javier Llamas reivindica la obra CEIP La Laguna y pide al Cabildo \u201cunir fuerzas en esta lucha\u201d - Ayuntamiento de Los Llanos de Aridane","og_description":"El alcalde pide al presidente Sergio Rodr\u00edguez que solicite una reuni\u00f3n al consejero de Educaci\u00f3n del Gobierno de Canarias para hablar de La Laguna y de otros centros","og_url":"https:\/\/www.aridane.org\/city\/2024\/02\/27\/javier-llamas-reivindica-la-obra-ceip-la-laguna-y-pide-al-cabildo-unir-fuerzas-en-esta-lucha\/","og_site_name":"Ayuntamiento de Los Llanos de Aridane","article_published_time":"2024-02-27T10:03:26+00:00","article_modified_time":"2024-03-01T10:05:55+00:00","og_image":[{"width":1024,"height":683,"url":"https:\/\/www.aridane.org\/city\/wp-content\/uploads\/2023\/11\/Javier-Llamas-161123.jpeg","type":"image\/jpeg"}],"author":"Corresponsal","twitter_card":"summary_large_image","twitter_misc":{"Escrito por":"Corresponsal","Tiempo de lectura":"2 minutos"},"schema":{"@context":"https:\/\/schema.org","@graph":[{"@type":"WebPage","@id":"https:\/\/www.aridane.org\/city\/2024\/02\/27\/javier-llamas-reivindica-la-obra-ceip-la-laguna-y-pide-al-cabildo-unir-fuerzas-en-esta-lucha\/","url":"https:\/\/www.aridane.org\/city\/2024\/02\/27\/javier-llamas-reivindica-la-obra-ceip-la-laguna-y-pide-al-cabildo-unir-fuerzas-en-esta-lucha\/","name":"Javier Llamas reivindica la obra CEIP La Laguna y pide al Cabildo \u201cunir fuerzas en esta lucha\u201d - Ayuntamiento de Los Llanos de Aridane","isPartOf":{"@id":"https:\/\/www.aridane.org\/city\/#website"},"primaryImageOfPage":{"@id":"https:\/\/www.aridane.org\/city\/2024\/02\/27\/javier-llamas-reivindica-la-obra-ceip-la-laguna-y-pide-al-cabildo-unir-fuerzas-en-esta-lucha\/#primaryimage"},"image":{"@id":"https:\/\/www.aridane.org\/city\/2024\/02\/27\/javier-llamas-reivindica-la-obra-ceip-la-laguna-y-pide-al-cabildo-unir-fuerzas-en-esta-lucha\/#primaryimage"},"thumbnailUrl":"https:\/\/www.aridane.org\/city\/wp-content\/uploads\/2023\/11\/Javier-Llamas-161123.jpeg","datePublished":"2024-02-27T10:03:26+00:00","dateModified":"2024-03-01T10:05:55+00:00","author":{"@id":"https:\/\/www.aridane.org\/city\/#\/schema\/person\/89ebd376b223dc94cc1dbcf200c8e6da"},"breadcrumb":{"@id":"https:\/\/www.aridane.org\/city\/2024\/02\/27\/javier-llamas-reivindica-la-obra-ceip-la-laguna-y-pide-al-cabildo-unir-fuerzas-en-esta-lucha\/#breadcrumb"},"inLanguage":"es","potentialAction":[{"@type":"ReadAction","target":["https:\/\/www.aridane.org\/city\/2024\/02\/27\/javier-llamas-reivindica-la-obra-ceip-la-laguna-y-pide-al-cabildo-unir-fuerzas-en-esta-lucha\/"]}]},{"@type":"ImageObject","inLanguage":"es","@id":"https:\/\/www.aridane.org\/city\/2024\/02\/27\/javier-llamas-reivindica-la-obra-ceip-la-laguna-y-pide-al-cabildo-unir-fuerzas-en-esta-lucha\/#primaryimage","url":"https:\/\/www.aridane.org\/city\/wp-content\/uploads\/2023\/11\/Javier-Llamas-161123.jpeg","contentUrl":"https:\/\/www.aridane.org\/city\/wp-content\/uploads\/2023\/11\/Javier-Llamas-161123.jpeg","width":1024,"height":683},{"@type":"BreadcrumbList","@id":"https:\/\/www.aridane.org\/city\/2024\/02\/27\/javier-llamas-reivindica-la-obra-ceip-la-laguna-y-pide-al-cabildo-unir-fuerzas-en-esta-lucha\/#breadcrumb","itemListElement":[{"@type":"ListItem","position":1,"name":"Portada","item":"https:\/\/www.aridane.org\/city\/"},{"@type":"ListItem","position":2,"name":"Javier Llamas reivindica la obra CEIP La Laguna y pide al Cabildo \u201cunir fuerzas en esta lucha\u201d"}]},{"@type":"WebSite","@id":"https:\/\/www.aridane.org\/city\/#website","url":"https:\/\/www.aridane.org\/city\/","name":"Ayuntamiento de Los Llanos de Aridane","description":"","potentialAction":[{"@type":"SearchAction","target":{"@type":"EntryPoint","urlTemplate":"https:\/\/www.aridane.org\/city\/?s={search_term_string}"},"query-input":"required name=search_term_string"}],"inLanguage":"es"},{"@type":"Person","@id":"https:\/\/www.aridane.org\/city\/#\/schema\/person\/89ebd376b223dc94cc1dbcf200c8e6da","name":"Corresponsal","image":{"@type":"ImageObject","inLanguage":"es","@id":"https:\/\/www.aridane.org\/city\/#\/schema\/person\/image\/","url":"https:\/\/secure.gravatar.com\/avatar\/1c476992411e4ccf153da63b2b2f5ea0bb4cb1c85f3ceab8512f04325ad5579c?s=96&d=mm&r=g","contentUrl":"https:\/\/secure.gravatar.com\/avatar\/1c476992411e4ccf153da63b2b2f5ea0bb4cb1c85f3ceab8512f04325ad5579c?s=96&d=mm&r=g","caption":"Corresponsal"},"url":"https:\/\/www.aridane.org\/city\/author\/corresponsal\/"}]}},"_links":{"self":[{"href":"https:\/\/www.aridane.org\/city\/wp-json\/wp\/v2\/posts\/3513","targetHints":{"allow":["GET"]}}],"collection":[{"href":"https:\/\/www.aridane.org\/city\/wp-json\/wp\/v2\/posts"}],"about":[{"href":"https:\/\/www.aridane.org\/city\/wp-json\/wp\/v2\/types\/post"}],"author":[{"embeddable":true,"href":"https:\/\/www.aridane.org\/city\/wp-json\/wp\/v2\/users\/4"}],"replies":[{"embeddable":true,"href":"https:\/\/www.aridane.org\/city\/wp-json\/wp\/v2\/comments?post=3513"}],"version-history":[{"count":1,"href":"https:\/\/www.aridane.org\/city\/wp-json\/wp\/v2\/posts\/3513\/revisions"}],"predecessor-version":[{"id":3514,"href":"https:\/\/www.aridane.org\/city\/wp-json\/wp\/v2\/posts\/3513\/revisions\/3514"}],"wp:featuredmedia":[{"embeddable":true,"href":"https:\/\/www.aridane.org\/city\/wp-json\/wp\/v2\/media\/2932"}],"wp:attachment":[{"href":"https:\/\/www.aridane.org\/city\/wp-json\/wp\/v2\/media?parent=3513"}],"wp:term":[{"taxonomy":"category","embeddable":true,"href":"https:\/\/www.aridane.org\/city\/wp-json\/wp\/v2\/categories?post=3513"},{"taxonomy":"post_tag","embeddable":true,"href":"https:\/\/www.aridane.org\/city\/wp-json\/wp\/v2\/tags?post=3513"}],"curies":[{"name":"wp","href":"https:\/\/api.w.org\/{rel}","templated":true}]}}