{"id":3515,"date":"2024-02-28T10:07:26","date_gmt":"2024-02-28T10:07:26","guid":{"rendered":"https:\/\/www.aridane.org\/city\/?p=3515"},"modified":"2024-03-01T10:08:17","modified_gmt":"2024-03-01T10:08:17","slug":"la-piscina-municipal-de-los-llanos-de-aridane-retoma-su-actividad-en-marzo","status":"publish","type":"post","link":"https:\/\/www.aridane.org\/city\/2024\/02\/28\/la-piscina-municipal-de-los-llanos-de-aridane-retoma-su-actividad-en-marzo\/","title":{"rendered":"La piscina municipal de Los Llanos de Aridane retoma su actividad en marzo"},"content":{"rendered":"<p style=\"color: #3d3d3d; background-color: #ffffff;\"><em>En marzo la piscina municipal abrir\u00e1 de 11:00 a 18:00 horas para nado libre de lunes a viernes<\/em><!--more--><\/p>\n<p style=\"color: #3d3d3d; background-color: #ffffff;\">El Ayuntamiento de Los Llanos de Aridane retoma la actividad de la piscina municipal en marzo desde este mismo viernes d\u00eda 1.<\/p>\n<p style=\"color: #3d3d3d; background-color: #ffffff;\">Estar\u00e1 abierta de 11:00 a 18:00 horas de lunes a viernes para nado libre. Adem\u00e1s, a partir del 11 de marzo, las personas interesadas pueden matricularse para los cursos de nataci\u00f3n que comenzar\u00e1n en abril.<\/p>\n<p style=\"color: #3d3d3d; background-color: #ffffff;\">Quienes deseen participar en los cursillos dispondr\u00e1n de toda la documentaci\u00f3n e informaci\u00f3n en la piscina municipal en horario de 11:00 a 18:00 horas de lunes a viernes.<\/p>\n<p style=\"color: #3d3d3d; background-color: #ffffff;\">El primer teniente de alcalde y concejal de Deportes, V\u00edctor Gonzalez, asegura que durante el par\u00f3n de invierno han aprovechado para acondicionar la piscina y mejorar la infraestructura. \u201cEst\u00e1 todo listo para retomar la actividad habitual. Seguimos apostando por el deporte y por fomentar un estilo de vida activo entre la ciudadan\u00eda\u201d, a\u00f1ade.<\/p>\n","protected":false},"excerpt":{"rendered":"<p>En marzo la piscina municipal abrir\u00e1 de 11:00 a 18:00 horas para nado libre de lunes a viernes<\/p>\n","protected":false},"author":4,"featured_media":2984,"comment_status":"open","ping_status":"open","sticky":false,"template":"","format":"standard","meta":{"footnotes":""},"categories":[1],"tags":[],"class_list":["post-3515","post","type-post","status-publish","format-standard","has-post-thumbnail","hentry","category-sin-categoria"],"yoast_head":"<!-- This site is optimized with the Yoast SEO plugin v22.7 - https:\/\/yoast.com\/wordpress\/plugins\/seo\/ -->\n<title>La piscina municipal de Los Llanos de Aridane retoma su actividad en marzo - Ayuntamiento de Los Llanos de Aridane<\/title>\n<meta name=\"robots\" content=\"index, follow, max-snippet:-1, max-image-preview:large, max-video-preview:-1\" \/>\n<link rel=\"canonical\" href=\"https:\/\/www.aridane.org\/city\/2024\/02\/28\/la-piscina-municipal-de-los-llanos-de-aridane-retoma-su-actividad-en-marzo\/\" \/>\n<meta property=\"og:locale\" content=\"es_ES\" \/>\n<meta property=\"og:type\" content=\"article\" \/>\n<meta property=\"og:title\" content=\"La piscina municipal de Los Llanos de Aridane retoma su actividad en marzo - Ayuntamiento de Los Llanos de Aridane\" \/>\n<meta property=\"og:description\" content=\"En marzo la piscina municipal abrir\u00e1 de 11:00 a 18:00 horas para nado libre de lunes a viernes\" \/>\n<meta property=\"og:url\" content=\"https:\/\/www.aridane.org\/city\/2024\/02\/28\/la-piscina-municipal-de-los-llanos-de-aridane-retoma-su-actividad-en-marzo\/\" \/>\n<meta property=\"og:site_name\" content=\"Ayuntamiento de Los Llanos de Aridane\" \/>\n<meta property=\"article:published_time\" content=\"2024-02-28T10:07:26+00:00\" \/>\n<meta property=\"article:modified_time\" content=\"2024-03-01T10:08:17+00:00\" \/>\n<meta property=\"og:image\" content=\"https:\/\/www.aridane.org\/city\/wp-content\/uploads\/2023\/12\/Piscina-Municipal-Victor-Gonzalez.jpeg\" \/>\n\t<meta property=\"og:image:width\" content=\"2048\" \/>\n\t<meta property=\"og:image:height\" content=\"1536\" \/>\n\t<meta property=\"og:image:type\" content=\"image\/jpeg\" \/>\n<meta name=\"author\" content=\"Corresponsal\" \/>\n<meta name=\"twitter:card\" content=\"summary_large_image\" \/>\n<meta name=\"twitter:label1\" content=\"Escrito por\" \/>\n\t<meta name=\"twitter:data1\" content=\"Corresponsal\" \/>\n\t<meta name=\"twitter:label2\" content=\"Tiempo de lectura\" \/>\n\t<meta name=\"twitter:data2\" content=\"1 minuto\" \/>\n<script type=\"application\/ld+json\" class=\"yoast-schema-graph\">{\"@context\":\"https:\/\/schema.org\",\"@graph\":[{\"@type\":\"WebPage\",\"@id\":\"https:\/\/www.aridane.org\/city\/2024\/02\/28\/la-piscina-municipal-de-los-llanos-de-aridane-retoma-su-actividad-en-marzo\/\",\"url\":\"https:\/\/www.aridane.org\/city\/2024\/02\/28\/la-piscina-municipal-de-los-llanos-de-aridane-retoma-su-actividad-en-marzo\/\",\"name\":\"La piscina municipal de Los Llanos de Aridane retoma su actividad en marzo - Ayuntamiento de Los Llanos de Aridane\",\"isPartOf\":{\"@id\":\"https:\/\/www.aridane.org\/city\/#website\"},\"primaryImageOfPage\":{\"@id\":\"https:\/\/www.aridane.org\/city\/2024\/02\/28\/la-piscina-municipal-de-los-llanos-de-aridane-retoma-su-actividad-en-marzo\/#primaryimage\"},\"image\":{\"@id\":\"https:\/\/www.aridane.org\/city\/2024\/02\/28\/la-piscina-municipal-de-los-llanos-de-aridane-retoma-su-actividad-en-marzo\/#primaryimage\"},\"thumbnailUrl\":\"https:\/\/www.aridane.org\/city\/wp-content\/uploads\/2023\/12\/Piscina-Municipal-Victor-Gonzalez.jpeg\",\"datePublished\":\"2024-02-28T10:07:26+00:00\",\"dateModified\":\"2024-03-01T10:08:17+00:00\",\"author\":{\"@id\":\"https:\/\/www.aridane.org\/city\/#\/schema\/person\/89ebd376b223dc94cc1dbcf200c8e6da\"},\"breadcrumb\":{\"@id\":\"https:\/\/www.aridane.org\/city\/2024\/02\/28\/la-piscina-municipal-de-los-llanos-de-aridane-retoma-su-actividad-en-marzo\/#breadcrumb\"},\"inLanguage\":\"es\",\"potentialAction\":[{\"@type\":\"ReadAction\",\"target\":[\"https:\/\/www.aridane.org\/city\/2024\/02\/28\/la-piscina-municipal-de-los-llanos-de-aridane-retoma-su-actividad-en-marzo\/\"]}]},{\"@type\":\"ImageObject\",\"inLanguage\":\"es\",\"@id\":\"https:\/\/www.aridane.org\/city\/2024\/02\/28\/la-piscina-municipal-de-los-llanos-de-aridane-retoma-su-actividad-en-marzo\/#primaryimage\",\"url\":\"https:\/\/www.aridane.org\/city\/wp-content\/uploads\/2023\/12\/Piscina-Municipal-Victor-Gonzalez.jpeg\",\"contentUrl\":\"https:\/\/www.aridane.org\/city\/wp-content\/uploads\/2023\/12\/Piscina-Municipal-Victor-Gonzalez.jpeg\",\"width\":2048,\"height\":1536},{\"@type\":\"BreadcrumbList\",\"@id\":\"https:\/\/www.aridane.org\/city\/2024\/02\/28\/la-piscina-municipal-de-los-llanos-de-aridane-retoma-su-actividad-en-marzo\/#breadcrumb\",\"itemListElement\":[{\"@type\":\"ListItem\",\"position\":1,\"name\":\"Portada\",\"item\":\"https:\/\/www.aridane.org\/city\/\"},{\"@type\":\"ListItem\",\"position\":2,\"name\":\"La piscina municipal de Los Llanos de Aridane retoma su actividad en marzo\"}]},{\"@type\":\"WebSite\",\"@id\":\"https:\/\/www.aridane.org\/city\/#website\",\"url\":\"https:\/\/www.aridane.org\/city\/\",\"name\":\"Ayuntamiento de Los Llanos de Aridane\",\"description\":\"\",\"potentialAction\":[{\"@type\":\"SearchAction\",\"target\":{\"@type\":\"EntryPoint\",\"urlTemplate\":\"https:\/\/www.aridane.org\/city\/?s={search_term_string}\"},\"query-input\":\"required name=search_term_string\"}],\"inLanguage\":\"es\"},{\"@type\":\"Person\",\"@id\":\"https:\/\/www.aridane.org\/city\/#\/schema\/person\/89ebd376b223dc94cc1dbcf200c8e6da\",\"name\":\"Corresponsal\",\"image\":{\"@type\":\"ImageObject\",\"inLanguage\":\"es\",\"@id\":\"https:\/\/www.aridane.org\/city\/#\/schema\/person\/image\/\",\"url\":\"https:\/\/secure.gravatar.com\/avatar\/1c476992411e4ccf153da63b2b2f5ea0bb4cb1c85f3ceab8512f04325ad5579c?s=96&d=mm&r=g\",\"contentUrl\":\"https:\/\/secure.gravatar.com\/avatar\/1c476992411e4ccf153da63b2b2f5ea0bb4cb1c85f3ceab8512f04325ad5579c?s=96&d=mm&r=g\",\"caption\":\"Corresponsal\"},\"url\":\"https:\/\/www.aridane.org\/city\/author\/corresponsal\/\"}]}<\/script>\n<!-- \/ Yoast SEO plugin. -->","yoast_head_json":{"title":"La piscina municipal de Los Llanos de Aridane retoma su actividad en marzo - Ayuntamiento de Los Llanos de Aridane","robots":{"index":"index","follow":"follow","max-snippet":"max-snippet:-1","max-image-preview":"max-image-preview:large","max-video-preview":"max-video-preview:-1"},"canonical":"https:\/\/www.aridane.org\/city\/2024\/02\/28\/la-piscina-municipal-de-los-llanos-de-aridane-retoma-su-actividad-en-marzo\/","og_locale":"es_ES","og_type":"article","og_title":"La piscina municipal de Los Llanos de Aridane retoma su actividad en marzo - Ayuntamiento de Los Llanos de Aridane","og_description":"En marzo la piscina municipal abrir\u00e1 de 11:00 a 18:00 horas para nado libre de lunes a viernes","og_url":"https:\/\/www.aridane.org\/city\/2024\/02\/28\/la-piscina-municipal-de-los-llanos-de-aridane-retoma-su-actividad-en-marzo\/","og_site_name":"Ayuntamiento de Los Llanos de Aridane","article_published_time":"2024-02-28T10:07:26+00:00","article_modified_time":"2024-03-01T10:08:17+00:00","og_image":[{"width":2048,"height":1536,"url":"https:\/\/www.aridane.org\/city\/wp-content\/uploads\/2023\/12\/Piscina-Municipal-Victor-Gonzalez.jpeg","type":"image\/jpeg"}],"author":"Corresponsal","twitter_card":"summary_large_image","twitter_misc":{"Escrito por":"Corresponsal","Tiempo de lectura":"1 minuto"},"schema":{"@context":"https:\/\/schema.org","@graph":[{"@type":"WebPage","@id":"https:\/\/www.aridane.org\/city\/2024\/02\/28\/la-piscina-municipal-de-los-llanos-de-aridane-retoma-su-actividad-en-marzo\/","url":"https:\/\/www.aridane.org\/city\/2024\/02\/28\/la-piscina-municipal-de-los-llanos-de-aridane-retoma-su-actividad-en-marzo\/","name":"La piscina municipal de Los Llanos de Aridane retoma su actividad en marzo - Ayuntamiento de Los Llanos de Aridane","isPartOf":{"@id":"https:\/\/www.aridane.org\/city\/#website"},"primaryImageOfPage":{"@id":"https:\/\/www.aridane.org\/city\/2024\/02\/28\/la-piscina-municipal-de-los-llanos-de-aridane-retoma-su-actividad-en-marzo\/#primaryimage"},"image":{"@id":"https:\/\/www.aridane.org\/city\/2024\/02\/28\/la-piscina-municipal-de-los-llanos-de-aridane-retoma-su-actividad-en-marzo\/#primaryimage"},"thumbnailUrl":"https:\/\/www.aridane.org\/city\/wp-content\/uploads\/2023\/12\/Piscina-Municipal-Victor-Gonzalez.jpeg","datePublished":"2024-02-28T10:07:26+00:00","dateModified":"2024-03-01T10:08:17+00:00","author":{"@id":"https:\/\/www.aridane.org\/city\/#\/schema\/person\/89ebd376b223dc94cc1dbcf200c8e6da"},"breadcrumb":{"@id":"https:\/\/www.aridane.org\/city\/2024\/02\/28\/la-piscina-municipal-de-los-llanos-de-aridane-retoma-su-actividad-en-marzo\/#breadcrumb"},"inLanguage":"es","potentialAction":[{"@type":"ReadAction","target":["https:\/\/www.aridane.org\/city\/2024\/02\/28\/la-piscina-municipal-de-los-llanos-de-aridane-retoma-su-actividad-en-marzo\/"]}]},{"@type":"ImageObject","inLanguage":"es","@id":"https:\/\/www.aridane.org\/city\/2024\/02\/28\/la-piscina-municipal-de-los-llanos-de-aridane-retoma-su-actividad-en-marzo\/#primaryimage","url":"https:\/\/www.aridane.org\/city\/wp-content\/uploads\/2023\/12\/Piscina-Municipal-Victor-Gonzalez.jpeg","contentUrl":"https:\/\/www.aridane.org\/city\/wp-content\/uploads\/2023\/12\/Piscina-Municipal-Victor-Gonzalez.jpeg","width":2048,"height":1536},{"@type":"BreadcrumbList","@id":"https:\/\/www.aridane.org\/city\/2024\/02\/28\/la-piscina-municipal-de-los-llanos-de-aridane-retoma-su-actividad-en-marzo\/#breadcrumb","itemListElement":[{"@type":"ListItem","position":1,"name":"Portada","item":"https:\/\/www.aridane.org\/city\/"},{"@type":"ListItem","position":2,"name":"La piscina municipal de Los Llanos de Aridane retoma su actividad en marzo"}]},{"@type":"WebSite","@id":"https:\/\/www.aridane.org\/city\/#website","url":"https:\/\/www.aridane.org\/city\/","name":"Ayuntamiento de Los Llanos de Aridane","description":"","potentialAction":[{"@type":"SearchAction","target":{"@type":"EntryPoint","urlTemplate":"https:\/\/www.aridane.org\/city\/?s={search_term_string}"},"query-input":"required name=search_term_string"}],"inLanguage":"es"},{"@type":"Person","@id":"https:\/\/www.aridane.org\/city\/#\/schema\/person\/89ebd376b223dc94cc1dbcf200c8e6da","name":"Corresponsal","image":{"@type":"ImageObject","inLanguage":"es","@id":"https:\/\/www.aridane.org\/city\/#\/schema\/person\/image\/","url":"https:\/\/secure.gravatar.com\/avatar\/1c476992411e4ccf153da63b2b2f5ea0bb4cb1c85f3ceab8512f04325ad5579c?s=96&d=mm&r=g","contentUrl":"https:\/\/secure.gravatar.com\/avatar\/1c476992411e4ccf153da63b2b2f5ea0bb4cb1c85f3ceab8512f04325ad5579c?s=96&d=mm&r=g","caption":"Corresponsal"},"url":"https:\/\/www.aridane.org\/city\/author\/corresponsal\/"}]}},"_links":{"self":[{"href":"https:\/\/www.aridane.org\/city\/wp-json\/wp\/v2\/posts\/3515","targetHints":{"allow":["GET"]}}],"collection":[{"href":"https:\/\/www.aridane.org\/city\/wp-json\/wp\/v2\/posts"}],"about":[{"href":"https:\/\/www.aridane.org\/city\/wp-json\/wp\/v2\/types\/post"}],"author":[{"embeddable":true,"href":"https:\/\/www.aridane.org\/city\/wp-json\/wp\/v2\/users\/4"}],"replies":[{"embeddable":true,"href":"https:\/\/www.aridane.org\/city\/wp-json\/wp\/v2\/comments?post=3515"}],"version-history":[{"count":1,"href":"https:\/\/www.aridane.org\/city\/wp-json\/wp\/v2\/posts\/3515\/revisions"}],"predecessor-version":[{"id":3516,"href":"https:\/\/www.aridane.org\/city\/wp-json\/wp\/v2\/posts\/3515\/revisions\/3516"}],"wp:featuredmedia":[{"embeddable":true,"href":"https:\/\/www.aridane.org\/city\/wp-json\/wp\/v2\/media\/2984"}],"wp:attachment":[{"href":"https:\/\/www.aridane.org\/city\/wp-json\/wp\/v2\/media?parent=3515"}],"wp:term":[{"taxonomy":"category","embeddable":true,"href":"https:\/\/www.aridane.org\/city\/wp-json\/wp\/v2\/categories?post=3515"},{"taxonomy":"post_tag","embeddable":true,"href":"https:\/\/www.aridane.org\/city\/wp-json\/wp\/v2\/tags?post=3515"}],"curies":[{"name":"wp","href":"https:\/\/api.w.org\/{rel}","templated":true}]}}