{"id":3517,"date":"2024-03-01T10:09:22","date_gmt":"2024-03-01T10:09:22","guid":{"rendered":"https:\/\/www.aridane.org\/city\/?p=3517"},"modified":"2024-03-01T10:09:22","modified_gmt":"2024-03-01T10:09:22","slug":"los-llanos-de-aridane-reconoce-el-trabajo-de-los-grupos-del-carnaval-con-53-000-euros","status":"publish","type":"post","link":"https:\/\/www.aridane.org\/city\/2024\/03\/01\/los-llanos-de-aridane-reconoce-el-trabajo-de-los-grupos-del-carnaval-con-53-000-euros\/","title":{"rendered":"Los Llanos de Aridane reconoce el trabajo de los grupos del Carnaval con 53.000 euros"},"content":{"rendered":"<p><em>El objetivo es seguir apoy\u00e1ndolos, pues su esfuerzo y trabajo es clave para que el Carnaval sea un referente insular y regional<\/em><!--more--><\/p>\n<p>El Ayuntamiento de Los Llanos de Aridane reconoce el trabajo de los grupos del Carnaval con m\u00e1s de 53.000 euros. El objetivo es poner en valor la creatividad, compromiso y entusiasmo de las 16 comparsas, los personajes carnavaleros, una batucada, as\u00ed como los nueve dise\u00f1adores que participaron en la elaboraci\u00f3n de fantas\u00edas.<\/p>\n<p>El concejal de Fiestas, \u00c1lvaro Pages, agradece a todos los grupos su compromiso, as\u00ed como el trabajo que realizan a lo largo del a\u00f1o para hacer del Carnaval de Los Llanos uno de los m\u00e1s importantes de Canarias.<\/p>\n<p>\u201cAgradecemos profundamente a todas las comparsas, la batucada y los dise\u00f1adores por su invaluable contribuci\u00f3n\u201d, apunta. \u201cSu creatividad, entusiasmo y compromiso son esenciales para mantener viva esta tradici\u00f3n tan querida por todos nuestros ciudadanos\u201d, a\u00f1ade el concejal.<\/p>\n<p>Explica que, como cada a\u00f1o, el Ayuntamiento apoya financieramente a estos grupos \u201ccomo testimonio de su buen hacer y de la importancia que le da el Ayuntamiento al Carnaval y a sus protagonistas\u201d. En este sentido, les emplaza \u201ca seguir trabajando juntos para hacer del Carnaval del pr\u00f3ximo a\u00f1o una celebraci\u00f3n a\u00fan m\u00e1s memorable y vibrante\u00bb.<\/p>\n<p>El Ayuntamiento ya trabaja para definir los Carnavales de 2025, mientras se adentra a los retoques finales de la Semana Santa y tambi\u00e9n de las fiesta patronales de Nuestra Se\u00f1ora de Los Remedios.<\/p>\n","protected":false},"excerpt":{"rendered":"<p>El objetivo es seguir apoy\u00e1ndolos, pues su esfuerzo y trabajo es clave para que el Carnaval sea un referente insular y regional<\/p>\n","protected":false},"author":4,"featured_media":3518,"comment_status":"open","ping_status":"open","sticky":false,"template":"","format":"standard","meta":{"footnotes":""},"categories":[1],"tags":[],"class_list":["post-3517","post","type-post","status-publish","format-standard","has-post-thumbnail","hentry","category-sin-categoria"],"yoast_head":"<!-- This site is optimized with the Yoast SEO plugin v22.7 - https:\/\/yoast.com\/wordpress\/plugins\/seo\/ -->\n<title>Los Llanos de Aridane reconoce el trabajo de los grupos del Carnaval con 53.000 euros - Ayuntamiento de Los Llanos de Aridane<\/title>\n<meta name=\"robots\" content=\"index, follow, max-snippet:-1, max-image-preview:large, max-video-preview:-1\" \/>\n<link rel=\"canonical\" href=\"https:\/\/www.aridane.org\/city\/2024\/03\/01\/los-llanos-de-aridane-reconoce-el-trabajo-de-los-grupos-del-carnaval-con-53-000-euros\/\" \/>\n<meta property=\"og:locale\" content=\"es_ES\" \/>\n<meta property=\"og:type\" content=\"article\" \/>\n<meta property=\"og:title\" content=\"Los Llanos de Aridane reconoce el trabajo de los grupos del Carnaval con 53.000 euros - Ayuntamiento de Los Llanos de Aridane\" \/>\n<meta property=\"og:description\" content=\"El objetivo es seguir apoy\u00e1ndolos, pues su esfuerzo y trabajo es clave para que el Carnaval sea un referente insular y regional\" \/>\n<meta property=\"og:url\" content=\"https:\/\/www.aridane.org\/city\/2024\/03\/01\/los-llanos-de-aridane-reconoce-el-trabajo-de-los-grupos-del-carnaval-con-53-000-euros\/\" \/>\n<meta property=\"og:site_name\" content=\"Ayuntamiento de Los Llanos de Aridane\" \/>\n<meta property=\"article:published_time\" content=\"2024-03-01T10:09:22+00:00\" \/>\n<meta property=\"og:image\" content=\"https:\/\/www.aridane.org\/city\/wp-content\/uploads\/2024\/03\/Alvaro-Pages-Carnaval.jpeg\" \/>\n\t<meta property=\"og:image:width\" content=\"1600\" \/>\n\t<meta property=\"og:image:height\" content=\"1066\" \/>\n\t<meta property=\"og:image:type\" content=\"image\/jpeg\" \/>\n<meta name=\"author\" content=\"Corresponsal\" \/>\n<meta name=\"twitter:card\" content=\"summary_large_image\" \/>\n<meta name=\"twitter:label1\" content=\"Escrito por\" \/>\n\t<meta name=\"twitter:data1\" content=\"Corresponsal\" \/>\n\t<meta name=\"twitter:label2\" content=\"Tiempo de lectura\" \/>\n\t<meta name=\"twitter:data2\" content=\"2 minutos\" \/>\n<script type=\"application\/ld+json\" class=\"yoast-schema-graph\">{\"@context\":\"https:\/\/schema.org\",\"@graph\":[{\"@type\":\"WebPage\",\"@id\":\"https:\/\/www.aridane.org\/city\/2024\/03\/01\/los-llanos-de-aridane-reconoce-el-trabajo-de-los-grupos-del-carnaval-con-53-000-euros\/\",\"url\":\"https:\/\/www.aridane.org\/city\/2024\/03\/01\/los-llanos-de-aridane-reconoce-el-trabajo-de-los-grupos-del-carnaval-con-53-000-euros\/\",\"name\":\"Los Llanos de Aridane reconoce el trabajo de los grupos del Carnaval con 53.000 euros - Ayuntamiento de Los Llanos de Aridane\",\"isPartOf\":{\"@id\":\"https:\/\/www.aridane.org\/city\/#website\"},\"primaryImageOfPage\":{\"@id\":\"https:\/\/www.aridane.org\/city\/2024\/03\/01\/los-llanos-de-aridane-reconoce-el-trabajo-de-los-grupos-del-carnaval-con-53-000-euros\/#primaryimage\"},\"image\":{\"@id\":\"https:\/\/www.aridane.org\/city\/2024\/03\/01\/los-llanos-de-aridane-reconoce-el-trabajo-de-los-grupos-del-carnaval-con-53-000-euros\/#primaryimage\"},\"thumbnailUrl\":\"https:\/\/www.aridane.org\/city\/wp-content\/uploads\/2024\/03\/Alvaro-Pages-Carnaval.jpeg\",\"datePublished\":\"2024-03-01T10:09:22+00:00\",\"dateModified\":\"2024-03-01T10:09:22+00:00\",\"author\":{\"@id\":\"https:\/\/www.aridane.org\/city\/#\/schema\/person\/89ebd376b223dc94cc1dbcf200c8e6da\"},\"breadcrumb\":{\"@id\":\"https:\/\/www.aridane.org\/city\/2024\/03\/01\/los-llanos-de-aridane-reconoce-el-trabajo-de-los-grupos-del-carnaval-con-53-000-euros\/#breadcrumb\"},\"inLanguage\":\"es\",\"potentialAction\":[{\"@type\":\"ReadAction\",\"target\":[\"https:\/\/www.aridane.org\/city\/2024\/03\/01\/los-llanos-de-aridane-reconoce-el-trabajo-de-los-grupos-del-carnaval-con-53-000-euros\/\"]}]},{\"@type\":\"ImageObject\",\"inLanguage\":\"es\",\"@id\":\"https:\/\/www.aridane.org\/city\/2024\/03\/01\/los-llanos-de-aridane-reconoce-el-trabajo-de-los-grupos-del-carnaval-con-53-000-euros\/#primaryimage\",\"url\":\"https:\/\/www.aridane.org\/city\/wp-content\/uploads\/2024\/03\/Alvaro-Pages-Carnaval.jpeg\",\"contentUrl\":\"https:\/\/www.aridane.org\/city\/wp-content\/uploads\/2024\/03\/Alvaro-Pages-Carnaval.jpeg\",\"width\":1600,\"height\":1066},{\"@type\":\"BreadcrumbList\",\"@id\":\"https:\/\/www.aridane.org\/city\/2024\/03\/01\/los-llanos-de-aridane-reconoce-el-trabajo-de-los-grupos-del-carnaval-con-53-000-euros\/#breadcrumb\",\"itemListElement\":[{\"@type\":\"ListItem\",\"position\":1,\"name\":\"Portada\",\"item\":\"https:\/\/www.aridane.org\/city\/\"},{\"@type\":\"ListItem\",\"position\":2,\"name\":\"Los Llanos de Aridane reconoce el trabajo de los grupos del Carnaval con 53.000 euros\"}]},{\"@type\":\"WebSite\",\"@id\":\"https:\/\/www.aridane.org\/city\/#website\",\"url\":\"https:\/\/www.aridane.org\/city\/\",\"name\":\"Ayuntamiento de Los Llanos de Aridane\",\"description\":\"\",\"potentialAction\":[{\"@type\":\"SearchAction\",\"target\":{\"@type\":\"EntryPoint\",\"urlTemplate\":\"https:\/\/www.aridane.org\/city\/?s={search_term_string}\"},\"query-input\":\"required name=search_term_string\"}],\"inLanguage\":\"es\"},{\"@type\":\"Person\",\"@id\":\"https:\/\/www.aridane.org\/city\/#\/schema\/person\/89ebd376b223dc94cc1dbcf200c8e6da\",\"name\":\"Corresponsal\",\"image\":{\"@type\":\"ImageObject\",\"inLanguage\":\"es\",\"@id\":\"https:\/\/www.aridane.org\/city\/#\/schema\/person\/image\/\",\"url\":\"https:\/\/secure.gravatar.com\/avatar\/1c476992411e4ccf153da63b2b2f5ea0bb4cb1c85f3ceab8512f04325ad5579c?s=96&d=mm&r=g\",\"contentUrl\":\"https:\/\/secure.gravatar.com\/avatar\/1c476992411e4ccf153da63b2b2f5ea0bb4cb1c85f3ceab8512f04325ad5579c?s=96&d=mm&r=g\",\"caption\":\"Corresponsal\"},\"url\":\"https:\/\/www.aridane.org\/city\/author\/corresponsal\/\"}]}<\/script>\n<!-- \/ Yoast SEO plugin. -->","yoast_head_json":{"title":"Los Llanos de Aridane reconoce el trabajo de los grupos del Carnaval con 53.000 euros - Ayuntamiento de Los Llanos de Aridane","robots":{"index":"index","follow":"follow","max-snippet":"max-snippet:-1","max-image-preview":"max-image-preview:large","max-video-preview":"max-video-preview:-1"},"canonical":"https:\/\/www.aridane.org\/city\/2024\/03\/01\/los-llanos-de-aridane-reconoce-el-trabajo-de-los-grupos-del-carnaval-con-53-000-euros\/","og_locale":"es_ES","og_type":"article","og_title":"Los Llanos de Aridane reconoce el trabajo de los grupos del Carnaval con 53.000 euros - Ayuntamiento de Los Llanos de Aridane","og_description":"El objetivo es seguir apoy\u00e1ndolos, pues su esfuerzo y trabajo es clave para que el Carnaval sea un referente insular y regional","og_url":"https:\/\/www.aridane.org\/city\/2024\/03\/01\/los-llanos-de-aridane-reconoce-el-trabajo-de-los-grupos-del-carnaval-con-53-000-euros\/","og_site_name":"Ayuntamiento de Los Llanos de Aridane","article_published_time":"2024-03-01T10:09:22+00:00","og_image":[{"width":1600,"height":1066,"url":"https:\/\/www.aridane.org\/city\/wp-content\/uploads\/2024\/03\/Alvaro-Pages-Carnaval.jpeg","type":"image\/jpeg"}],"author":"Corresponsal","twitter_card":"summary_large_image","twitter_misc":{"Escrito por":"Corresponsal","Tiempo de lectura":"2 minutos"},"schema":{"@context":"https:\/\/schema.org","@graph":[{"@type":"WebPage","@id":"https:\/\/www.aridane.org\/city\/2024\/03\/01\/los-llanos-de-aridane-reconoce-el-trabajo-de-los-grupos-del-carnaval-con-53-000-euros\/","url":"https:\/\/www.aridane.org\/city\/2024\/03\/01\/los-llanos-de-aridane-reconoce-el-trabajo-de-los-grupos-del-carnaval-con-53-000-euros\/","name":"Los Llanos de Aridane reconoce el trabajo de los grupos del Carnaval con 53.000 euros - Ayuntamiento de Los Llanos de Aridane","isPartOf":{"@id":"https:\/\/www.aridane.org\/city\/#website"},"primaryImageOfPage":{"@id":"https:\/\/www.aridane.org\/city\/2024\/03\/01\/los-llanos-de-aridane-reconoce-el-trabajo-de-los-grupos-del-carnaval-con-53-000-euros\/#primaryimage"},"image":{"@id":"https:\/\/www.aridane.org\/city\/2024\/03\/01\/los-llanos-de-aridane-reconoce-el-trabajo-de-los-grupos-del-carnaval-con-53-000-euros\/#primaryimage"},"thumbnailUrl":"https:\/\/www.aridane.org\/city\/wp-content\/uploads\/2024\/03\/Alvaro-Pages-Carnaval.jpeg","datePublished":"2024-03-01T10:09:22+00:00","dateModified":"2024-03-01T10:09:22+00:00","author":{"@id":"https:\/\/www.aridane.org\/city\/#\/schema\/person\/89ebd376b223dc94cc1dbcf200c8e6da"},"breadcrumb":{"@id":"https:\/\/www.aridane.org\/city\/2024\/03\/01\/los-llanos-de-aridane-reconoce-el-trabajo-de-los-grupos-del-carnaval-con-53-000-euros\/#breadcrumb"},"inLanguage":"es","potentialAction":[{"@type":"ReadAction","target":["https:\/\/www.aridane.org\/city\/2024\/03\/01\/los-llanos-de-aridane-reconoce-el-trabajo-de-los-grupos-del-carnaval-con-53-000-euros\/"]}]},{"@type":"ImageObject","inLanguage":"es","@id":"https:\/\/www.aridane.org\/city\/2024\/03\/01\/los-llanos-de-aridane-reconoce-el-trabajo-de-los-grupos-del-carnaval-con-53-000-euros\/#primaryimage","url":"https:\/\/www.aridane.org\/city\/wp-content\/uploads\/2024\/03\/Alvaro-Pages-Carnaval.jpeg","contentUrl":"https:\/\/www.aridane.org\/city\/wp-content\/uploads\/2024\/03\/Alvaro-Pages-Carnaval.jpeg","width":1600,"height":1066},{"@type":"BreadcrumbList","@id":"https:\/\/www.aridane.org\/city\/2024\/03\/01\/los-llanos-de-aridane-reconoce-el-trabajo-de-los-grupos-del-carnaval-con-53-000-euros\/#breadcrumb","itemListElement":[{"@type":"ListItem","position":1,"name":"Portada","item":"https:\/\/www.aridane.org\/city\/"},{"@type":"ListItem","position":2,"name":"Los Llanos de Aridane reconoce el trabajo de los grupos del Carnaval con 53.000 euros"}]},{"@type":"WebSite","@id":"https:\/\/www.aridane.org\/city\/#website","url":"https:\/\/www.aridane.org\/city\/","name":"Ayuntamiento de Los Llanos de Aridane","description":"","potentialAction":[{"@type":"SearchAction","target":{"@type":"EntryPoint","urlTemplate":"https:\/\/www.aridane.org\/city\/?s={search_term_string}"},"query-input":"required name=search_term_string"}],"inLanguage":"es"},{"@type":"Person","@id":"https:\/\/www.aridane.org\/city\/#\/schema\/person\/89ebd376b223dc94cc1dbcf200c8e6da","name":"Corresponsal","image":{"@type":"ImageObject","inLanguage":"es","@id":"https:\/\/www.aridane.org\/city\/#\/schema\/person\/image\/","url":"https:\/\/secure.gravatar.com\/avatar\/1c476992411e4ccf153da63b2b2f5ea0bb4cb1c85f3ceab8512f04325ad5579c?s=96&d=mm&r=g","contentUrl":"https:\/\/secure.gravatar.com\/avatar\/1c476992411e4ccf153da63b2b2f5ea0bb4cb1c85f3ceab8512f04325ad5579c?s=96&d=mm&r=g","caption":"Corresponsal"},"url":"https:\/\/www.aridane.org\/city\/author\/corresponsal\/"}]}},"_links":{"self":[{"href":"https:\/\/www.aridane.org\/city\/wp-json\/wp\/v2\/posts\/3517","targetHints":{"allow":["GET"]}}],"collection":[{"href":"https:\/\/www.aridane.org\/city\/wp-json\/wp\/v2\/posts"}],"about":[{"href":"https:\/\/www.aridane.org\/city\/wp-json\/wp\/v2\/types\/post"}],"author":[{"embeddable":true,"href":"https:\/\/www.aridane.org\/city\/wp-json\/wp\/v2\/users\/4"}],"replies":[{"embeddable":true,"href":"https:\/\/www.aridane.org\/city\/wp-json\/wp\/v2\/comments?post=3517"}],"version-history":[{"count":1,"href":"https:\/\/www.aridane.org\/city\/wp-json\/wp\/v2\/posts\/3517\/revisions"}],"predecessor-version":[{"id":3519,"href":"https:\/\/www.aridane.org\/city\/wp-json\/wp\/v2\/posts\/3517\/revisions\/3519"}],"wp:featuredmedia":[{"embeddable":true,"href":"https:\/\/www.aridane.org\/city\/wp-json\/wp\/v2\/media\/3518"}],"wp:attachment":[{"href":"https:\/\/www.aridane.org\/city\/wp-json\/wp\/v2\/media?parent=3517"}],"wp:term":[{"taxonomy":"category","embeddable":true,"href":"https:\/\/www.aridane.org\/city\/wp-json\/wp\/v2\/categories?post=3517"},{"taxonomy":"post_tag","embeddable":true,"href":"https:\/\/www.aridane.org\/city\/wp-json\/wp\/v2\/tags?post=3517"}],"curies":[{"name":"wp","href":"https:\/\/api.w.org\/{rel}","templated":true}]}}