{"id":3520,"date":"2024-03-04T13:49:51","date_gmt":"2024-03-04T13:49:51","guid":{"rendered":"https:\/\/www.aridane.org\/city\/?p=3520"},"modified":"2024-03-04T13:49:51","modified_gmt":"2024-03-04T13:49:51","slug":"rosa-maria-rodriguez-mujer-destacada-2024-de-los-llanos-de-aridane","status":"publish","type":"post","link":"https:\/\/www.aridane.org\/city\/2024\/03\/04\/rosa-maria-rodriguez-mujer-destacada-2024-de-los-llanos-de-aridane\/","title":{"rendered":"Rosa Mar\u00eda Rodr\u00edguez, \u2018Mujer Destacada 2024\u2019 de Los Llanos de Aridane"},"content":{"rendered":"<p><em>Rosa Mar\u00eda Rodr\u00edguez recibe esta distinci\u00f3n por su labor frente a la Junta Insular de la Asociaci\u00f3n Espa\u00f1ola contra el C\u00e1ncer en La Palma<\/em><br \/>\n<!--more--><\/p>\n<div id=\"v1forwardbody1\">\n<p>El Ayuntamiento de Los Llanos de Aridane nombra a Rosa Mar\u00eda Rodr\u00edguez \u2018Mujer Destacada 2024\u2019, un galard\u00f3n hacia las mujeres, centros escolares, empresas y entidades sociales que trabajan por la igualdad y el desarrollo del municipio.<\/p>\n<p>Rosa Mar\u00eda Rodr\u00edguez recibe este t\u00edtulo como reconocimiento a su labor frente a la Junta Insular de la Asociaci\u00f3n Espa\u00f1ola contra el C\u00e1ncer en La Palma. Adem\u00e1s, tambi\u00e9n se reconoce su esfuerzo encomiable en dotar de una mayor cobertura de servicios a los pacientes y familiares oncol\u00f3gicos de la Isla.<\/p>\n<p>El alcalde de Los Llanos de Aridane, Javier Llamas, se\u00f1ala que para el municipio es un honor contar con tantas mujeres l\u00edderes que centran parte de su labor en hacer crecer a Los Llanos al desarrollar o impulsar iniciativas fundamentales en campos como lo social, la pol\u00edtica, la cultura, la econom\u00eda, la ciencia o el deporte.<\/p>\n<p>Por su parte, la concejala de Igualdad del Ayuntamiento de Los Llanos de Aridane, Idaira P\u00e9rez, destaca la buena acogida que un a\u00f1o m\u00e1s ha tenido esta iniciativa. \u201cTodas las mujeres propuestas son grandes candidatas para recibir esta distinci\u00f3n ya que cada una, a su manera y en su campo, ha logrado destacar no solo dentro de nuestro municipio, sino tambi\u00e9n fuera de \u00e9l\u201d, afirma.<\/p>\n<p>Entre las personas propuestas como candidatas a obtener esta distinci\u00f3n se encuentran Esther Luisa Castilla, por su trayectoria de m\u00e1s de 58 a\u00f1os dedicada a la costura y dise\u00f1o de ropa; Carmen Mar\u00eda Acosta Lorenzo por su participaci\u00f3n comunitaria al frente de la AAVV Tirimara de Argual, y Mar\u00eda Elena P\u00e9rez Jer\u00f3nimo por su destacada labor en asociaciones y colectivos en la prevenci\u00f3n de la violencia y la promoci\u00f3n de la igualdad.<\/p>\n<h2><strong>Distinciones honor\u00edficas<\/strong><\/h2>\n<p>El Ayuntamiento de Los Llanos de Aridane tambi\u00e9n ha querido dedicar una distinci\u00f3n honor\u00edfica a un proyecto educativo y una entidad social.<\/p>\n<p>En el primer caso, el IES Eusebio Barreto Lorenzo y el IES Jos\u00e9 Mar\u00eda P\u00e9rez Pulido recibieron este reconocimiento por promover el trabajo en red unificando objetivos y rentabilizando recursos en su trabajo en igualdad.<\/p>\n<p>Como distinci\u00f3n honor\u00edfica a la entidad social, ha destacado la Asociaci\u00f3n de Familias y Personas con problemas de salud mental por su labor en romper el estigma asociado a los problemas derivados de esta patolog\u00eda.<\/p>\n<p>Por \u00faltimo, el consistorio reconoce a las tiendas de proximidad El Valle, Tu tienda de Todoque, Isla Bonita Multitienda y Tienda D\u00ba V\u00edctor su se\u00f1a de identidad y la importancia en la prosperidad de los barrios y de las personas que viven en \u00e9l.<\/p>\n<\/div>\n","protected":false},"excerpt":{"rendered":"<p>Rosa Mar\u00eda Rodr\u00edguez recibe esta distinci\u00f3n por su labor frente a la Junta Insular de la Asociaci\u00f3n Espa\u00f1ola contra el C\u00e1ncer en La Palma<\/p>\n","protected":false},"author":4,"featured_media":3522,"comment_status":"open","ping_status":"open","sticky":false,"template":"","format":"standard","meta":{"footnotes":""},"categories":[1],"tags":[],"class_list":["post-3520","post","type-post","status-publish","format-standard","has-post-thumbnail","hentry","category-sin-categoria"],"yoast_head":"<!-- This site is optimized with the Yoast SEO plugin v22.7 - https:\/\/yoast.com\/wordpress\/plugins\/seo\/ -->\n<title>Rosa Mar\u00eda Rodr\u00edguez, \u2018Mujer Destacada 2024\u2019 de Los Llanos de Aridane - Ayuntamiento de Los Llanos de Aridane<\/title>\n<meta name=\"robots\" content=\"index, follow, max-snippet:-1, max-image-preview:large, max-video-preview:-1\" \/>\n<link rel=\"canonical\" href=\"https:\/\/www.aridane.org\/city\/2024\/03\/04\/rosa-maria-rodriguez-mujer-destacada-2024-de-los-llanos-de-aridane\/\" \/>\n<meta property=\"og:locale\" content=\"es_ES\" \/>\n<meta property=\"og:type\" content=\"article\" \/>\n<meta property=\"og:title\" content=\"Rosa Mar\u00eda Rodr\u00edguez, \u2018Mujer Destacada 2024\u2019 de Los Llanos de Aridane - Ayuntamiento de Los Llanos de Aridane\" \/>\n<meta property=\"og:description\" content=\"Rosa Mar\u00eda Rodr\u00edguez recibe esta distinci\u00f3n por su labor frente a la Junta Insular de la Asociaci\u00f3n Espa\u00f1ola contra el C\u00e1ncer en La Palma\" \/>\n<meta property=\"og:url\" content=\"https:\/\/www.aridane.org\/city\/2024\/03\/04\/rosa-maria-rodriguez-mujer-destacada-2024-de-los-llanos-de-aridane\/\" \/>\n<meta property=\"og:site_name\" content=\"Ayuntamiento de Los Llanos de Aridane\" \/>\n<meta property=\"article:published_time\" content=\"2024-03-04T13:49:51+00:00\" \/>\n<meta property=\"og:image\" content=\"https:\/\/www.aridane.org\/city\/wp-content\/uploads\/2024\/03\/Mujer-Destacada-3.jpeg\" \/>\n\t<meta property=\"og:image:width\" content=\"1600\" \/>\n\t<meta property=\"og:image:height\" content=\"1067\" \/>\n\t<meta property=\"og:image:type\" content=\"image\/jpeg\" \/>\n<meta name=\"author\" content=\"Corresponsal\" \/>\n<meta name=\"twitter:card\" content=\"summary_large_image\" \/>\n<meta name=\"twitter:label1\" content=\"Escrito por\" \/>\n\t<meta name=\"twitter:data1\" content=\"Corresponsal\" \/>\n\t<meta name=\"twitter:label2\" content=\"Tiempo de lectura\" \/>\n\t<meta name=\"twitter:data2\" content=\"3 minutos\" \/>\n<script type=\"application\/ld+json\" class=\"yoast-schema-graph\">{\"@context\":\"https:\/\/schema.org\",\"@graph\":[{\"@type\":\"WebPage\",\"@id\":\"https:\/\/www.aridane.org\/city\/2024\/03\/04\/rosa-maria-rodriguez-mujer-destacada-2024-de-los-llanos-de-aridane\/\",\"url\":\"https:\/\/www.aridane.org\/city\/2024\/03\/04\/rosa-maria-rodriguez-mujer-destacada-2024-de-los-llanos-de-aridane\/\",\"name\":\"Rosa Mar\u00eda Rodr\u00edguez, \u2018Mujer Destacada 2024\u2019 de Los Llanos de Aridane - Ayuntamiento de Los Llanos de Aridane\",\"isPartOf\":{\"@id\":\"https:\/\/www.aridane.org\/city\/#website\"},\"primaryImageOfPage\":{\"@id\":\"https:\/\/www.aridane.org\/city\/2024\/03\/04\/rosa-maria-rodriguez-mujer-destacada-2024-de-los-llanos-de-aridane\/#primaryimage\"},\"image\":{\"@id\":\"https:\/\/www.aridane.org\/city\/2024\/03\/04\/rosa-maria-rodriguez-mujer-destacada-2024-de-los-llanos-de-aridane\/#primaryimage\"},\"thumbnailUrl\":\"https:\/\/www.aridane.org\/city\/wp-content\/uploads\/2024\/03\/Mujer-Destacada-3.jpeg\",\"datePublished\":\"2024-03-04T13:49:51+00:00\",\"dateModified\":\"2024-03-04T13:49:51+00:00\",\"author\":{\"@id\":\"https:\/\/www.aridane.org\/city\/#\/schema\/person\/89ebd376b223dc94cc1dbcf200c8e6da\"},\"breadcrumb\":{\"@id\":\"https:\/\/www.aridane.org\/city\/2024\/03\/04\/rosa-maria-rodriguez-mujer-destacada-2024-de-los-llanos-de-aridane\/#breadcrumb\"},\"inLanguage\":\"es\",\"potentialAction\":[{\"@type\":\"ReadAction\",\"target\":[\"https:\/\/www.aridane.org\/city\/2024\/03\/04\/rosa-maria-rodriguez-mujer-destacada-2024-de-los-llanos-de-aridane\/\"]}]},{\"@type\":\"ImageObject\",\"inLanguage\":\"es\",\"@id\":\"https:\/\/www.aridane.org\/city\/2024\/03\/04\/rosa-maria-rodriguez-mujer-destacada-2024-de-los-llanos-de-aridane\/#primaryimage\",\"url\":\"https:\/\/www.aridane.org\/city\/wp-content\/uploads\/2024\/03\/Mujer-Destacada-3.jpeg\",\"contentUrl\":\"https:\/\/www.aridane.org\/city\/wp-content\/uploads\/2024\/03\/Mujer-Destacada-3.jpeg\",\"width\":1600,\"height\":1067},{\"@type\":\"BreadcrumbList\",\"@id\":\"https:\/\/www.aridane.org\/city\/2024\/03\/04\/rosa-maria-rodriguez-mujer-destacada-2024-de-los-llanos-de-aridane\/#breadcrumb\",\"itemListElement\":[{\"@type\":\"ListItem\",\"position\":1,\"name\":\"Portada\",\"item\":\"https:\/\/www.aridane.org\/city\/\"},{\"@type\":\"ListItem\",\"position\":2,\"name\":\"Rosa Mar\u00eda Rodr\u00edguez, \u2018Mujer Destacada 2024\u2019 de Los Llanos de Aridane\"}]},{\"@type\":\"WebSite\",\"@id\":\"https:\/\/www.aridane.org\/city\/#website\",\"url\":\"https:\/\/www.aridane.org\/city\/\",\"name\":\"Ayuntamiento de Los Llanos de Aridane\",\"description\":\"\",\"potentialAction\":[{\"@type\":\"SearchAction\",\"target\":{\"@type\":\"EntryPoint\",\"urlTemplate\":\"https:\/\/www.aridane.org\/city\/?s={search_term_string}\"},\"query-input\":\"required name=search_term_string\"}],\"inLanguage\":\"es\"},{\"@type\":\"Person\",\"@id\":\"https:\/\/www.aridane.org\/city\/#\/schema\/person\/89ebd376b223dc94cc1dbcf200c8e6da\",\"name\":\"Corresponsal\",\"image\":{\"@type\":\"ImageObject\",\"inLanguage\":\"es\",\"@id\":\"https:\/\/www.aridane.org\/city\/#\/schema\/person\/image\/\",\"url\":\"https:\/\/secure.gravatar.com\/avatar\/1c476992411e4ccf153da63b2b2f5ea0bb4cb1c85f3ceab8512f04325ad5579c?s=96&d=mm&r=g\",\"contentUrl\":\"https:\/\/secure.gravatar.com\/avatar\/1c476992411e4ccf153da63b2b2f5ea0bb4cb1c85f3ceab8512f04325ad5579c?s=96&d=mm&r=g\",\"caption\":\"Corresponsal\"},\"url\":\"https:\/\/www.aridane.org\/city\/author\/corresponsal\/\"}]}<\/script>\n<!-- \/ Yoast SEO plugin. -->","yoast_head_json":{"title":"Rosa Mar\u00eda Rodr\u00edguez, \u2018Mujer Destacada 2024\u2019 de Los Llanos de Aridane - Ayuntamiento de Los Llanos de Aridane","robots":{"index":"index","follow":"follow","max-snippet":"max-snippet:-1","max-image-preview":"max-image-preview:large","max-video-preview":"max-video-preview:-1"},"canonical":"https:\/\/www.aridane.org\/city\/2024\/03\/04\/rosa-maria-rodriguez-mujer-destacada-2024-de-los-llanos-de-aridane\/","og_locale":"es_ES","og_type":"article","og_title":"Rosa Mar\u00eda Rodr\u00edguez, \u2018Mujer Destacada 2024\u2019 de Los Llanos de Aridane - Ayuntamiento de Los Llanos de Aridane","og_description":"Rosa Mar\u00eda Rodr\u00edguez recibe esta distinci\u00f3n por su labor frente a la Junta Insular de la Asociaci\u00f3n Espa\u00f1ola contra el C\u00e1ncer en La Palma","og_url":"https:\/\/www.aridane.org\/city\/2024\/03\/04\/rosa-maria-rodriguez-mujer-destacada-2024-de-los-llanos-de-aridane\/","og_site_name":"Ayuntamiento de Los Llanos de Aridane","article_published_time":"2024-03-04T13:49:51+00:00","og_image":[{"width":1600,"height":1067,"url":"https:\/\/www.aridane.org\/city\/wp-content\/uploads\/2024\/03\/Mujer-Destacada-3.jpeg","type":"image\/jpeg"}],"author":"Corresponsal","twitter_card":"summary_large_image","twitter_misc":{"Escrito por":"Corresponsal","Tiempo de lectura":"3 minutos"},"schema":{"@context":"https:\/\/schema.org","@graph":[{"@type":"WebPage","@id":"https:\/\/www.aridane.org\/city\/2024\/03\/04\/rosa-maria-rodriguez-mujer-destacada-2024-de-los-llanos-de-aridane\/","url":"https:\/\/www.aridane.org\/city\/2024\/03\/04\/rosa-maria-rodriguez-mujer-destacada-2024-de-los-llanos-de-aridane\/","name":"Rosa Mar\u00eda Rodr\u00edguez, \u2018Mujer Destacada 2024\u2019 de Los Llanos de Aridane - Ayuntamiento de Los Llanos de Aridane","isPartOf":{"@id":"https:\/\/www.aridane.org\/city\/#website"},"primaryImageOfPage":{"@id":"https:\/\/www.aridane.org\/city\/2024\/03\/04\/rosa-maria-rodriguez-mujer-destacada-2024-de-los-llanos-de-aridane\/#primaryimage"},"image":{"@id":"https:\/\/www.aridane.org\/city\/2024\/03\/04\/rosa-maria-rodriguez-mujer-destacada-2024-de-los-llanos-de-aridane\/#primaryimage"},"thumbnailUrl":"https:\/\/www.aridane.org\/city\/wp-content\/uploads\/2024\/03\/Mujer-Destacada-3.jpeg","datePublished":"2024-03-04T13:49:51+00:00","dateModified":"2024-03-04T13:49:51+00:00","author":{"@id":"https:\/\/www.aridane.org\/city\/#\/schema\/person\/89ebd376b223dc94cc1dbcf200c8e6da"},"breadcrumb":{"@id":"https:\/\/www.aridane.org\/city\/2024\/03\/04\/rosa-maria-rodriguez-mujer-destacada-2024-de-los-llanos-de-aridane\/#breadcrumb"},"inLanguage":"es","potentialAction":[{"@type":"ReadAction","target":["https:\/\/www.aridane.org\/city\/2024\/03\/04\/rosa-maria-rodriguez-mujer-destacada-2024-de-los-llanos-de-aridane\/"]}]},{"@type":"ImageObject","inLanguage":"es","@id":"https:\/\/www.aridane.org\/city\/2024\/03\/04\/rosa-maria-rodriguez-mujer-destacada-2024-de-los-llanos-de-aridane\/#primaryimage","url":"https:\/\/www.aridane.org\/city\/wp-content\/uploads\/2024\/03\/Mujer-Destacada-3.jpeg","contentUrl":"https:\/\/www.aridane.org\/city\/wp-content\/uploads\/2024\/03\/Mujer-Destacada-3.jpeg","width":1600,"height":1067},{"@type":"BreadcrumbList","@id":"https:\/\/www.aridane.org\/city\/2024\/03\/04\/rosa-maria-rodriguez-mujer-destacada-2024-de-los-llanos-de-aridane\/#breadcrumb","itemListElement":[{"@type":"ListItem","position":1,"name":"Portada","item":"https:\/\/www.aridane.org\/city\/"},{"@type":"ListItem","position":2,"name":"Rosa Mar\u00eda Rodr\u00edguez, \u2018Mujer Destacada 2024\u2019 de Los Llanos de Aridane"}]},{"@type":"WebSite","@id":"https:\/\/www.aridane.org\/city\/#website","url":"https:\/\/www.aridane.org\/city\/","name":"Ayuntamiento de Los Llanos de Aridane","description":"","potentialAction":[{"@type":"SearchAction","target":{"@type":"EntryPoint","urlTemplate":"https:\/\/www.aridane.org\/city\/?s={search_term_string}"},"query-input":"required name=search_term_string"}],"inLanguage":"es"},{"@type":"Person","@id":"https:\/\/www.aridane.org\/city\/#\/schema\/person\/89ebd376b223dc94cc1dbcf200c8e6da","name":"Corresponsal","image":{"@type":"ImageObject","inLanguage":"es","@id":"https:\/\/www.aridane.org\/city\/#\/schema\/person\/image\/","url":"https:\/\/secure.gravatar.com\/avatar\/1c476992411e4ccf153da63b2b2f5ea0bb4cb1c85f3ceab8512f04325ad5579c?s=96&d=mm&r=g","contentUrl":"https:\/\/secure.gravatar.com\/avatar\/1c476992411e4ccf153da63b2b2f5ea0bb4cb1c85f3ceab8512f04325ad5579c?s=96&d=mm&r=g","caption":"Corresponsal"},"url":"https:\/\/www.aridane.org\/city\/author\/corresponsal\/"}]}},"_links":{"self":[{"href":"https:\/\/www.aridane.org\/city\/wp-json\/wp\/v2\/posts\/3520","targetHints":{"allow":["GET"]}}],"collection":[{"href":"https:\/\/www.aridane.org\/city\/wp-json\/wp\/v2\/posts"}],"about":[{"href":"https:\/\/www.aridane.org\/city\/wp-json\/wp\/v2\/types\/post"}],"author":[{"embeddable":true,"href":"https:\/\/www.aridane.org\/city\/wp-json\/wp\/v2\/users\/4"}],"replies":[{"embeddable":true,"href":"https:\/\/www.aridane.org\/city\/wp-json\/wp\/v2\/comments?post=3520"}],"version-history":[{"count":1,"href":"https:\/\/www.aridane.org\/city\/wp-json\/wp\/v2\/posts\/3520\/revisions"}],"predecessor-version":[{"id":3523,"href":"https:\/\/www.aridane.org\/city\/wp-json\/wp\/v2\/posts\/3520\/revisions\/3523"}],"wp:featuredmedia":[{"embeddable":true,"href":"https:\/\/www.aridane.org\/city\/wp-json\/wp\/v2\/media\/3522"}],"wp:attachment":[{"href":"https:\/\/www.aridane.org\/city\/wp-json\/wp\/v2\/media?parent=3520"}],"wp:term":[{"taxonomy":"category","embeddable":true,"href":"https:\/\/www.aridane.org\/city\/wp-json\/wp\/v2\/categories?post=3520"},{"taxonomy":"post_tag","embeddable":true,"href":"https:\/\/www.aridane.org\/city\/wp-json\/wp\/v2\/tags?post=3520"}],"curies":[{"name":"wp","href":"https:\/\/api.w.org\/{rel}","templated":true}]}}