{"id":3526,"date":"2024-03-05T21:10:14","date_gmt":"2024-03-05T21:10:14","guid":{"rendered":"https:\/\/www.aridane.org\/city\/?p=3526"},"modified":"2024-03-07T21:12:03","modified_gmt":"2024-03-07T21:12:03","slug":"los-llanos-de-aridane-acoge-el-concierto-puentes-musicales-este-domingo","status":"publish","type":"post","link":"https:\/\/www.aridane.org\/city\/2024\/03\/05\/los-llanos-de-aridane-acoge-el-concierto-puentes-musicales-este-domingo\/","title":{"rendered":"Los Llanos de Aridane acoge el concierto \u2018Puentes Musicales\u2019 este domingo"},"content":{"rendered":"<p><em>El concierto ser\u00e1 a las 12:00 horas en Plaza de Espa\u00f1a<\/em><br \/>\n<!--more--><\/p>\n<div id=\"v1forwardbody1\">\n<p>La Banda Municipal de M\u00fasica de Los Llanos de Aridane y la Banda Sinf\u00f3nica del Conservatorio Profesional de M\u00fasica de Santa Cruz de Tenerife protagonizan el concierto\u00a0<em>Puentes Musicales<\/em>. Tendr\u00e1 lugar este domingo, 10 de marzo, a las 12:00 horas en la Plaza de Espa\u00f1a.<\/p>\n<p>Esta iniciativa -organizada por el Ayuntamiento de Los Llanos de Aridane junto a la Consejer\u00eda de Educaci\u00f3n del Gobierno de Canarias y el Conservatorio Profesional de M\u00fasica de Santa Cruz de Tenerife- busca promover la colaboraci\u00f3n y el intercambio cultural. En el concierto participar\u00e1n m\u00fasicos de ambas instituciones, adem\u00e1s de otros artistas de otras bandas de La Palma.<\/p>\n<p>La concejala de Cultura de Los Llanos de Aridane, Marlene Gonz\u00e1lez, afirma que\u00a0<em>Puentes Musicales<\/em>\u00a0\u201ccrea un lazo y una hermandad musical que llega m\u00e1s all\u00e1 del concierto\u201d. El objetivo, a\u00f1ade, \u201ces fomentar el compa\u00f1erismo y la colaboraci\u00f3n entre los m\u00fasicos\u201d.<\/p>\n<p>Por su parte, la directora insular de Educaci\u00f3n, Cristina Mart\u00edn, detalla que\u00a0<em>Puentes Musicales<\/em>\u00a0\u201ces el resultado de unas jornadas de ensayos conjuntos que contribuir\u00e1n a la fusi\u00f3n de talentos y estilos musicales para crear una experiencia \u00fanica e inolvidable\u201d.<\/p>\n<\/div>\n","protected":false},"excerpt":{"rendered":"<p>El concierto ser\u00e1 a las 12:00 horas en Plaza de Espa\u00f1a<\/p>\n","protected":false},"author":4,"featured_media":3527,"comment_status":"open","ping_status":"open","sticky":false,"template":"","format":"standard","meta":{"footnotes":""},"categories":[1],"tags":[],"class_list":["post-3526","post","type-post","status-publish","format-standard","has-post-thumbnail","hentry","category-sin-categoria"],"yoast_head":"<!-- This site is optimized with the Yoast SEO plugin v22.7 - https:\/\/yoast.com\/wordpress\/plugins\/seo\/ -->\n<title>Los Llanos de Aridane acoge el concierto \u2018Puentes Musicales\u2019 este domingo - Ayuntamiento de Los Llanos de Aridane<\/title>\n<meta name=\"robots\" content=\"index, follow, max-snippet:-1, max-image-preview:large, max-video-preview:-1\" \/>\n<link rel=\"canonical\" href=\"https:\/\/www.aridane.org\/city\/2024\/03\/05\/los-llanos-de-aridane-acoge-el-concierto-puentes-musicales-este-domingo\/\" \/>\n<meta property=\"og:locale\" content=\"es_ES\" \/>\n<meta property=\"og:type\" content=\"article\" \/>\n<meta property=\"og:title\" content=\"Los Llanos de Aridane acoge el concierto \u2018Puentes Musicales\u2019 este domingo - Ayuntamiento de Los Llanos de Aridane\" \/>\n<meta property=\"og:description\" content=\"El concierto ser\u00e1 a las 12:00 horas en Plaza de Espa\u00f1a\" \/>\n<meta property=\"og:url\" content=\"https:\/\/www.aridane.org\/city\/2024\/03\/05\/los-llanos-de-aridane-acoge-el-concierto-puentes-musicales-este-domingo\/\" \/>\n<meta property=\"og:site_name\" content=\"Ayuntamiento de Los Llanos de Aridane\" \/>\n<meta property=\"article:published_time\" content=\"2024-03-05T21:10:14+00:00\" \/>\n<meta property=\"article:modified_time\" content=\"2024-03-07T21:12:03+00:00\" \/>\n<meta property=\"og:image\" content=\"https:\/\/www.aridane.org\/city\/wp-content\/uploads\/2024\/03\/Puentes-Musicales-1.jpeg\" \/>\n\t<meta property=\"og:image:width\" content=\"1274\" \/>\n\t<meta property=\"og:image:height\" content=\"1600\" \/>\n\t<meta property=\"og:image:type\" content=\"image\/jpeg\" \/>\n<meta name=\"author\" content=\"Corresponsal\" \/>\n<meta name=\"twitter:card\" content=\"summary_large_image\" \/>\n<meta name=\"twitter:label1\" content=\"Escrito por\" \/>\n\t<meta name=\"twitter:data1\" content=\"Corresponsal\" \/>\n\t<meta name=\"twitter:label2\" content=\"Tiempo de lectura\" \/>\n\t<meta name=\"twitter:data2\" content=\"2 minutos\" \/>\n<script type=\"application\/ld+json\" class=\"yoast-schema-graph\">{\"@context\":\"https:\/\/schema.org\",\"@graph\":[{\"@type\":\"WebPage\",\"@id\":\"https:\/\/www.aridane.org\/city\/2024\/03\/05\/los-llanos-de-aridane-acoge-el-concierto-puentes-musicales-este-domingo\/\",\"url\":\"https:\/\/www.aridane.org\/city\/2024\/03\/05\/los-llanos-de-aridane-acoge-el-concierto-puentes-musicales-este-domingo\/\",\"name\":\"Los Llanos de Aridane acoge el concierto \u2018Puentes Musicales\u2019 este domingo - Ayuntamiento de Los Llanos de Aridane\",\"isPartOf\":{\"@id\":\"https:\/\/www.aridane.org\/city\/#website\"},\"primaryImageOfPage\":{\"@id\":\"https:\/\/www.aridane.org\/city\/2024\/03\/05\/los-llanos-de-aridane-acoge-el-concierto-puentes-musicales-este-domingo\/#primaryimage\"},\"image\":{\"@id\":\"https:\/\/www.aridane.org\/city\/2024\/03\/05\/los-llanos-de-aridane-acoge-el-concierto-puentes-musicales-este-domingo\/#primaryimage\"},\"thumbnailUrl\":\"https:\/\/www.aridane.org\/city\/wp-content\/uploads\/2024\/03\/Puentes-Musicales-1.jpeg\",\"datePublished\":\"2024-03-05T21:10:14+00:00\",\"dateModified\":\"2024-03-07T21:12:03+00:00\",\"author\":{\"@id\":\"https:\/\/www.aridane.org\/city\/#\/schema\/person\/89ebd376b223dc94cc1dbcf200c8e6da\"},\"breadcrumb\":{\"@id\":\"https:\/\/www.aridane.org\/city\/2024\/03\/05\/los-llanos-de-aridane-acoge-el-concierto-puentes-musicales-este-domingo\/#breadcrumb\"},\"inLanguage\":\"es\",\"potentialAction\":[{\"@type\":\"ReadAction\",\"target\":[\"https:\/\/www.aridane.org\/city\/2024\/03\/05\/los-llanos-de-aridane-acoge-el-concierto-puentes-musicales-este-domingo\/\"]}]},{\"@type\":\"ImageObject\",\"inLanguage\":\"es\",\"@id\":\"https:\/\/www.aridane.org\/city\/2024\/03\/05\/los-llanos-de-aridane-acoge-el-concierto-puentes-musicales-este-domingo\/#primaryimage\",\"url\":\"https:\/\/www.aridane.org\/city\/wp-content\/uploads\/2024\/03\/Puentes-Musicales-1.jpeg\",\"contentUrl\":\"https:\/\/www.aridane.org\/city\/wp-content\/uploads\/2024\/03\/Puentes-Musicales-1.jpeg\",\"width\":1274,\"height\":1600},{\"@type\":\"BreadcrumbList\",\"@id\":\"https:\/\/www.aridane.org\/city\/2024\/03\/05\/los-llanos-de-aridane-acoge-el-concierto-puentes-musicales-este-domingo\/#breadcrumb\",\"itemListElement\":[{\"@type\":\"ListItem\",\"position\":1,\"name\":\"Portada\",\"item\":\"https:\/\/www.aridane.org\/city\/\"},{\"@type\":\"ListItem\",\"position\":2,\"name\":\"Los Llanos de Aridane acoge el concierto \u2018Puentes Musicales\u2019 este domingo\"}]},{\"@type\":\"WebSite\",\"@id\":\"https:\/\/www.aridane.org\/city\/#website\",\"url\":\"https:\/\/www.aridane.org\/city\/\",\"name\":\"Ayuntamiento de Los Llanos de Aridane\",\"description\":\"\",\"potentialAction\":[{\"@type\":\"SearchAction\",\"target\":{\"@type\":\"EntryPoint\",\"urlTemplate\":\"https:\/\/www.aridane.org\/city\/?s={search_term_string}\"},\"query-input\":\"required name=search_term_string\"}],\"inLanguage\":\"es\"},{\"@type\":\"Person\",\"@id\":\"https:\/\/www.aridane.org\/city\/#\/schema\/person\/89ebd376b223dc94cc1dbcf200c8e6da\",\"name\":\"Corresponsal\",\"image\":{\"@type\":\"ImageObject\",\"inLanguage\":\"es\",\"@id\":\"https:\/\/www.aridane.org\/city\/#\/schema\/person\/image\/\",\"url\":\"https:\/\/secure.gravatar.com\/avatar\/1c476992411e4ccf153da63b2b2f5ea0bb4cb1c85f3ceab8512f04325ad5579c?s=96&d=mm&r=g\",\"contentUrl\":\"https:\/\/secure.gravatar.com\/avatar\/1c476992411e4ccf153da63b2b2f5ea0bb4cb1c85f3ceab8512f04325ad5579c?s=96&d=mm&r=g\",\"caption\":\"Corresponsal\"},\"url\":\"https:\/\/www.aridane.org\/city\/author\/corresponsal\/\"}]}<\/script>\n<!-- \/ Yoast SEO plugin. -->","yoast_head_json":{"title":"Los Llanos de Aridane acoge el concierto \u2018Puentes Musicales\u2019 este domingo - Ayuntamiento de Los Llanos de Aridane","robots":{"index":"index","follow":"follow","max-snippet":"max-snippet:-1","max-image-preview":"max-image-preview:large","max-video-preview":"max-video-preview:-1"},"canonical":"https:\/\/www.aridane.org\/city\/2024\/03\/05\/los-llanos-de-aridane-acoge-el-concierto-puentes-musicales-este-domingo\/","og_locale":"es_ES","og_type":"article","og_title":"Los Llanos de Aridane acoge el concierto \u2018Puentes Musicales\u2019 este domingo - Ayuntamiento de Los Llanos de Aridane","og_description":"El concierto ser\u00e1 a las 12:00 horas en Plaza de Espa\u00f1a","og_url":"https:\/\/www.aridane.org\/city\/2024\/03\/05\/los-llanos-de-aridane-acoge-el-concierto-puentes-musicales-este-domingo\/","og_site_name":"Ayuntamiento de Los Llanos de Aridane","article_published_time":"2024-03-05T21:10:14+00:00","article_modified_time":"2024-03-07T21:12:03+00:00","og_image":[{"width":1274,"height":1600,"url":"https:\/\/www.aridane.org\/city\/wp-content\/uploads\/2024\/03\/Puentes-Musicales-1.jpeg","type":"image\/jpeg"}],"author":"Corresponsal","twitter_card":"summary_large_image","twitter_misc":{"Escrito por":"Corresponsal","Tiempo de lectura":"2 minutos"},"schema":{"@context":"https:\/\/schema.org","@graph":[{"@type":"WebPage","@id":"https:\/\/www.aridane.org\/city\/2024\/03\/05\/los-llanos-de-aridane-acoge-el-concierto-puentes-musicales-este-domingo\/","url":"https:\/\/www.aridane.org\/city\/2024\/03\/05\/los-llanos-de-aridane-acoge-el-concierto-puentes-musicales-este-domingo\/","name":"Los Llanos de Aridane acoge el concierto \u2018Puentes Musicales\u2019 este domingo - Ayuntamiento de Los Llanos de Aridane","isPartOf":{"@id":"https:\/\/www.aridane.org\/city\/#website"},"primaryImageOfPage":{"@id":"https:\/\/www.aridane.org\/city\/2024\/03\/05\/los-llanos-de-aridane-acoge-el-concierto-puentes-musicales-este-domingo\/#primaryimage"},"image":{"@id":"https:\/\/www.aridane.org\/city\/2024\/03\/05\/los-llanos-de-aridane-acoge-el-concierto-puentes-musicales-este-domingo\/#primaryimage"},"thumbnailUrl":"https:\/\/www.aridane.org\/city\/wp-content\/uploads\/2024\/03\/Puentes-Musicales-1.jpeg","datePublished":"2024-03-05T21:10:14+00:00","dateModified":"2024-03-07T21:12:03+00:00","author":{"@id":"https:\/\/www.aridane.org\/city\/#\/schema\/person\/89ebd376b223dc94cc1dbcf200c8e6da"},"breadcrumb":{"@id":"https:\/\/www.aridane.org\/city\/2024\/03\/05\/los-llanos-de-aridane-acoge-el-concierto-puentes-musicales-este-domingo\/#breadcrumb"},"inLanguage":"es","potentialAction":[{"@type":"ReadAction","target":["https:\/\/www.aridane.org\/city\/2024\/03\/05\/los-llanos-de-aridane-acoge-el-concierto-puentes-musicales-este-domingo\/"]}]},{"@type":"ImageObject","inLanguage":"es","@id":"https:\/\/www.aridane.org\/city\/2024\/03\/05\/los-llanos-de-aridane-acoge-el-concierto-puentes-musicales-este-domingo\/#primaryimage","url":"https:\/\/www.aridane.org\/city\/wp-content\/uploads\/2024\/03\/Puentes-Musicales-1.jpeg","contentUrl":"https:\/\/www.aridane.org\/city\/wp-content\/uploads\/2024\/03\/Puentes-Musicales-1.jpeg","width":1274,"height":1600},{"@type":"BreadcrumbList","@id":"https:\/\/www.aridane.org\/city\/2024\/03\/05\/los-llanos-de-aridane-acoge-el-concierto-puentes-musicales-este-domingo\/#breadcrumb","itemListElement":[{"@type":"ListItem","position":1,"name":"Portada","item":"https:\/\/www.aridane.org\/city\/"},{"@type":"ListItem","position":2,"name":"Los Llanos de Aridane acoge el concierto \u2018Puentes Musicales\u2019 este domingo"}]},{"@type":"WebSite","@id":"https:\/\/www.aridane.org\/city\/#website","url":"https:\/\/www.aridane.org\/city\/","name":"Ayuntamiento de Los Llanos de Aridane","description":"","potentialAction":[{"@type":"SearchAction","target":{"@type":"EntryPoint","urlTemplate":"https:\/\/www.aridane.org\/city\/?s={search_term_string}"},"query-input":"required name=search_term_string"}],"inLanguage":"es"},{"@type":"Person","@id":"https:\/\/www.aridane.org\/city\/#\/schema\/person\/89ebd376b223dc94cc1dbcf200c8e6da","name":"Corresponsal","image":{"@type":"ImageObject","inLanguage":"es","@id":"https:\/\/www.aridane.org\/city\/#\/schema\/person\/image\/","url":"https:\/\/secure.gravatar.com\/avatar\/1c476992411e4ccf153da63b2b2f5ea0bb4cb1c85f3ceab8512f04325ad5579c?s=96&d=mm&r=g","contentUrl":"https:\/\/secure.gravatar.com\/avatar\/1c476992411e4ccf153da63b2b2f5ea0bb4cb1c85f3ceab8512f04325ad5579c?s=96&d=mm&r=g","caption":"Corresponsal"},"url":"https:\/\/www.aridane.org\/city\/author\/corresponsal\/"}]}},"_links":{"self":[{"href":"https:\/\/www.aridane.org\/city\/wp-json\/wp\/v2\/posts\/3526","targetHints":{"allow":["GET"]}}],"collection":[{"href":"https:\/\/www.aridane.org\/city\/wp-json\/wp\/v2\/posts"}],"about":[{"href":"https:\/\/www.aridane.org\/city\/wp-json\/wp\/v2\/types\/post"}],"author":[{"embeddable":true,"href":"https:\/\/www.aridane.org\/city\/wp-json\/wp\/v2\/users\/4"}],"replies":[{"embeddable":true,"href":"https:\/\/www.aridane.org\/city\/wp-json\/wp\/v2\/comments?post=3526"}],"version-history":[{"count":1,"href":"https:\/\/www.aridane.org\/city\/wp-json\/wp\/v2\/posts\/3526\/revisions"}],"predecessor-version":[{"id":3528,"href":"https:\/\/www.aridane.org\/city\/wp-json\/wp\/v2\/posts\/3526\/revisions\/3528"}],"wp:featuredmedia":[{"embeddable":true,"href":"https:\/\/www.aridane.org\/city\/wp-json\/wp\/v2\/media\/3527"}],"wp:attachment":[{"href":"https:\/\/www.aridane.org\/city\/wp-json\/wp\/v2\/media?parent=3526"}],"wp:term":[{"taxonomy":"category","embeddable":true,"href":"https:\/\/www.aridane.org\/city\/wp-json\/wp\/v2\/categories?post=3526"},{"taxonomy":"post_tag","embeddable":true,"href":"https:\/\/www.aridane.org\/city\/wp-json\/wp\/v2\/tags?post=3526"}],"curies":[{"name":"wp","href":"https:\/\/api.w.org\/{rel}","templated":true}]}}