{"id":3529,"date":"2024-03-07T21:13:07","date_gmt":"2024-03-07T21:13:07","guid":{"rendered":"https:\/\/www.aridane.org\/city\/?p=3529"},"modified":"2024-03-07T21:13:07","modified_gmt":"2024-03-07T21:13:07","slug":"los-llanos-de-aridane-promueve-la-igualdad-entre-el-alumnado-a-traves-de-un-concurso-de-carteles","status":"publish","type":"post","link":"https:\/\/www.aridane.org\/city\/2024\/03\/07\/los-llanos-de-aridane-promueve-la-igualdad-entre-el-alumnado-a-traves-de-un-concurso-de-carteles\/","title":{"rendered":"Los Llanos de Aridane promueve la igualdad entre el alumnado a trav\u00e9s de un concurso de carteles\u00a0"},"content":{"rendered":"<p><em>La iniciativa, desarrollada por el Ayuntamiento y los institutos del municipio, ha tenido una buena acogida entre la comunidad estudiantil, que ha presentado trabajos de gran calidad art\u00edstica<\/em><br \/>\n<!--more--><\/p>\n<div id=\"v1forwardbody1\">\n<p>La Concejal\u00eda de Igualdad de Los Llanos de Aridane, que dirige Idaira P\u00e9rez, promueve los valores relativos a una equidad entre hombres y mujeres a trav\u00e9s de un concurso de carteles que se ha desarrollando junto a los dos institutos del municipio con motivo del D\u00eda Internacional de la Mujer, que se celebra el pr\u00f3ximo 8 de marzo.<\/p>\n<p>Las personas\u00a0 que han ganado el certamen han sido la alumna de 1\u00ba de la ESO del IES Eusebio Barreto Alba P\u00e9rez Le\u00f3n; Miguel Castro G\u00f3mez, de 3\u00ba de la ESO del mismo centro, y Gabriela Ramos Carballo, de 1\u00ba de Bachillerato del mismo instituto.<\/p>\n<p>La responsable de Igualdad del Ayuntamiento, Idaira P\u00e9rez, explica que el objetivo que se ha perseguido con esta iniciativa es hacer reflexionar al alumnado de ESO y Bachillerato del municipio acerca de la importancia de trabajar para conseguir la igualdad real y efectiva entre hombres y mujeres.<\/p>\n<p>\u201cDebemos trabajar y concienciar a las personas de todas las edades en que esta lucha por la igualdad no es exclusiva de las mujeres sino un trabajo compartido, siendo esta una reivindicaci\u00f3n de justicia social donde es necesario que se implique toda la poblaci\u00f3n\u201d, recalca la concejala.<\/p>\n<p>Desde el Ayuntamiento se agradece la implicaci\u00f3n del profesorado y alumnado del IES Eusebio Barreto y del IES Jos\u00e9 Mar\u00eda P\u00e9rez Pulido para realizar las distintas propuestas que se han presentado, que han tenido una gran calidad art\u00edstica y han reflejado que el alumnado ha interiorizado los valores de la igualdad.<\/p>\n<\/div>\n","protected":false},"excerpt":{"rendered":"<p>La iniciativa, desarrollada por el Ayuntamiento y los institutos del municipio, ha tenido una buena acogida entre la comunidad estudiantil, que ha presentado trabajos de gran calidad art\u00edstica<\/p>\n","protected":false},"author":4,"featured_media":3530,"comment_status":"open","ping_status":"open","sticky":false,"template":"","format":"standard","meta":{"footnotes":""},"categories":[1],"tags":[],"class_list":["post-3529","post","type-post","status-publish","format-standard","has-post-thumbnail","hentry","category-sin-categoria"],"yoast_head":"<!-- This site is optimized with the Yoast SEO plugin v22.7 - https:\/\/yoast.com\/wordpress\/plugins\/seo\/ -->\n<title>Los Llanos de Aridane promueve la igualdad entre el alumnado a trav\u00e9s de un concurso de carteles\u00a0 - Ayuntamiento de Los Llanos de Aridane<\/title>\n<meta name=\"robots\" content=\"index, follow, max-snippet:-1, max-image-preview:large, max-video-preview:-1\" \/>\n<link rel=\"canonical\" href=\"https:\/\/www.aridane.org\/city\/2024\/03\/07\/los-llanos-de-aridane-promueve-la-igualdad-entre-el-alumnado-a-traves-de-un-concurso-de-carteles\/\" \/>\n<meta property=\"og:locale\" content=\"es_ES\" \/>\n<meta property=\"og:type\" content=\"article\" \/>\n<meta property=\"og:title\" content=\"Los Llanos de Aridane promueve la igualdad entre el alumnado a trav\u00e9s de un concurso de carteles\u00a0 - Ayuntamiento de Los Llanos de Aridane\" \/>\n<meta property=\"og:description\" content=\"La iniciativa, desarrollada por el Ayuntamiento y los institutos del municipio, ha tenido una buena acogida entre la comunidad estudiantil, que ha presentado trabajos de gran calidad art\u00edstica\" \/>\n<meta property=\"og:url\" content=\"https:\/\/www.aridane.org\/city\/2024\/03\/07\/los-llanos-de-aridane-promueve-la-igualdad-entre-el-alumnado-a-traves-de-un-concurso-de-carteles\/\" \/>\n<meta property=\"og:site_name\" content=\"Ayuntamiento de Los Llanos de Aridane\" \/>\n<meta property=\"article:published_time\" content=\"2024-03-07T21:13:07+00:00\" \/>\n<meta property=\"og:image\" content=\"https:\/\/www.aridane.org\/city\/wp-content\/uploads\/2024\/03\/Ganadores-carteles-1.jpeg\" \/>\n\t<meta property=\"og:image:width\" content=\"1467\" \/>\n\t<meta property=\"og:image:height\" content=\"1051\" \/>\n\t<meta property=\"og:image:type\" content=\"image\/jpeg\" \/>\n<meta name=\"author\" content=\"Corresponsal\" \/>\n<meta name=\"twitter:card\" content=\"summary_large_image\" \/>\n<meta name=\"twitter:label1\" content=\"Escrito por\" \/>\n\t<meta name=\"twitter:data1\" content=\"Corresponsal\" \/>\n\t<meta name=\"twitter:label2\" content=\"Tiempo de lectura\" \/>\n\t<meta name=\"twitter:data2\" content=\"2 minutos\" \/>\n<script type=\"application\/ld+json\" class=\"yoast-schema-graph\">{\"@context\":\"https:\/\/schema.org\",\"@graph\":[{\"@type\":\"WebPage\",\"@id\":\"https:\/\/www.aridane.org\/city\/2024\/03\/07\/los-llanos-de-aridane-promueve-la-igualdad-entre-el-alumnado-a-traves-de-un-concurso-de-carteles\/\",\"url\":\"https:\/\/www.aridane.org\/city\/2024\/03\/07\/los-llanos-de-aridane-promueve-la-igualdad-entre-el-alumnado-a-traves-de-un-concurso-de-carteles\/\",\"name\":\"Los Llanos de Aridane promueve la igualdad entre el alumnado a trav\u00e9s de un concurso de carteles\u00a0 - Ayuntamiento de Los Llanos de Aridane\",\"isPartOf\":{\"@id\":\"https:\/\/www.aridane.org\/city\/#website\"},\"primaryImageOfPage\":{\"@id\":\"https:\/\/www.aridane.org\/city\/2024\/03\/07\/los-llanos-de-aridane-promueve-la-igualdad-entre-el-alumnado-a-traves-de-un-concurso-de-carteles\/#primaryimage\"},\"image\":{\"@id\":\"https:\/\/www.aridane.org\/city\/2024\/03\/07\/los-llanos-de-aridane-promueve-la-igualdad-entre-el-alumnado-a-traves-de-un-concurso-de-carteles\/#primaryimage\"},\"thumbnailUrl\":\"https:\/\/www.aridane.org\/city\/wp-content\/uploads\/2024\/03\/Ganadores-carteles-1.jpeg\",\"datePublished\":\"2024-03-07T21:13:07+00:00\",\"dateModified\":\"2024-03-07T21:13:07+00:00\",\"author\":{\"@id\":\"https:\/\/www.aridane.org\/city\/#\/schema\/person\/89ebd376b223dc94cc1dbcf200c8e6da\"},\"breadcrumb\":{\"@id\":\"https:\/\/www.aridane.org\/city\/2024\/03\/07\/los-llanos-de-aridane-promueve-la-igualdad-entre-el-alumnado-a-traves-de-un-concurso-de-carteles\/#breadcrumb\"},\"inLanguage\":\"es\",\"potentialAction\":[{\"@type\":\"ReadAction\",\"target\":[\"https:\/\/www.aridane.org\/city\/2024\/03\/07\/los-llanos-de-aridane-promueve-la-igualdad-entre-el-alumnado-a-traves-de-un-concurso-de-carteles\/\"]}]},{\"@type\":\"ImageObject\",\"inLanguage\":\"es\",\"@id\":\"https:\/\/www.aridane.org\/city\/2024\/03\/07\/los-llanos-de-aridane-promueve-la-igualdad-entre-el-alumnado-a-traves-de-un-concurso-de-carteles\/#primaryimage\",\"url\":\"https:\/\/www.aridane.org\/city\/wp-content\/uploads\/2024\/03\/Ganadores-carteles-1.jpeg\",\"contentUrl\":\"https:\/\/www.aridane.org\/city\/wp-content\/uploads\/2024\/03\/Ganadores-carteles-1.jpeg\",\"width\":1467,\"height\":1051},{\"@type\":\"BreadcrumbList\",\"@id\":\"https:\/\/www.aridane.org\/city\/2024\/03\/07\/los-llanos-de-aridane-promueve-la-igualdad-entre-el-alumnado-a-traves-de-un-concurso-de-carteles\/#breadcrumb\",\"itemListElement\":[{\"@type\":\"ListItem\",\"position\":1,\"name\":\"Portada\",\"item\":\"https:\/\/www.aridane.org\/city\/\"},{\"@type\":\"ListItem\",\"position\":2,\"name\":\"Los Llanos de Aridane promueve la igualdad entre el alumnado a trav\u00e9s de un concurso de carteles\u00a0\"}]},{\"@type\":\"WebSite\",\"@id\":\"https:\/\/www.aridane.org\/city\/#website\",\"url\":\"https:\/\/www.aridane.org\/city\/\",\"name\":\"Ayuntamiento de Los Llanos de Aridane\",\"description\":\"\",\"potentialAction\":[{\"@type\":\"SearchAction\",\"target\":{\"@type\":\"EntryPoint\",\"urlTemplate\":\"https:\/\/www.aridane.org\/city\/?s={search_term_string}\"},\"query-input\":\"required name=search_term_string\"}],\"inLanguage\":\"es\"},{\"@type\":\"Person\",\"@id\":\"https:\/\/www.aridane.org\/city\/#\/schema\/person\/89ebd376b223dc94cc1dbcf200c8e6da\",\"name\":\"Corresponsal\",\"image\":{\"@type\":\"ImageObject\",\"inLanguage\":\"es\",\"@id\":\"https:\/\/www.aridane.org\/city\/#\/schema\/person\/image\/\",\"url\":\"https:\/\/secure.gravatar.com\/avatar\/1c476992411e4ccf153da63b2b2f5ea0bb4cb1c85f3ceab8512f04325ad5579c?s=96&d=mm&r=g\",\"contentUrl\":\"https:\/\/secure.gravatar.com\/avatar\/1c476992411e4ccf153da63b2b2f5ea0bb4cb1c85f3ceab8512f04325ad5579c?s=96&d=mm&r=g\",\"caption\":\"Corresponsal\"},\"url\":\"https:\/\/www.aridane.org\/city\/author\/corresponsal\/\"}]}<\/script>\n<!-- \/ Yoast SEO plugin. -->","yoast_head_json":{"title":"Los Llanos de Aridane promueve la igualdad entre el alumnado a trav\u00e9s de un concurso de carteles\u00a0 - Ayuntamiento de Los Llanos de Aridane","robots":{"index":"index","follow":"follow","max-snippet":"max-snippet:-1","max-image-preview":"max-image-preview:large","max-video-preview":"max-video-preview:-1"},"canonical":"https:\/\/www.aridane.org\/city\/2024\/03\/07\/los-llanos-de-aridane-promueve-la-igualdad-entre-el-alumnado-a-traves-de-un-concurso-de-carteles\/","og_locale":"es_ES","og_type":"article","og_title":"Los Llanos de Aridane promueve la igualdad entre el alumnado a trav\u00e9s de un concurso de carteles\u00a0 - Ayuntamiento de Los Llanos de Aridane","og_description":"La iniciativa, desarrollada por el Ayuntamiento y los institutos del municipio, ha tenido una buena acogida entre la comunidad estudiantil, que ha presentado trabajos de gran calidad art\u00edstica","og_url":"https:\/\/www.aridane.org\/city\/2024\/03\/07\/los-llanos-de-aridane-promueve-la-igualdad-entre-el-alumnado-a-traves-de-un-concurso-de-carteles\/","og_site_name":"Ayuntamiento de Los Llanos de Aridane","article_published_time":"2024-03-07T21:13:07+00:00","og_image":[{"width":1467,"height":1051,"url":"https:\/\/www.aridane.org\/city\/wp-content\/uploads\/2024\/03\/Ganadores-carteles-1.jpeg","type":"image\/jpeg"}],"author":"Corresponsal","twitter_card":"summary_large_image","twitter_misc":{"Escrito por":"Corresponsal","Tiempo de lectura":"2 minutos"},"schema":{"@context":"https:\/\/schema.org","@graph":[{"@type":"WebPage","@id":"https:\/\/www.aridane.org\/city\/2024\/03\/07\/los-llanos-de-aridane-promueve-la-igualdad-entre-el-alumnado-a-traves-de-un-concurso-de-carteles\/","url":"https:\/\/www.aridane.org\/city\/2024\/03\/07\/los-llanos-de-aridane-promueve-la-igualdad-entre-el-alumnado-a-traves-de-un-concurso-de-carteles\/","name":"Los Llanos de Aridane promueve la igualdad entre el alumnado a trav\u00e9s de un concurso de carteles\u00a0 - Ayuntamiento de Los Llanos de Aridane","isPartOf":{"@id":"https:\/\/www.aridane.org\/city\/#website"},"primaryImageOfPage":{"@id":"https:\/\/www.aridane.org\/city\/2024\/03\/07\/los-llanos-de-aridane-promueve-la-igualdad-entre-el-alumnado-a-traves-de-un-concurso-de-carteles\/#primaryimage"},"image":{"@id":"https:\/\/www.aridane.org\/city\/2024\/03\/07\/los-llanos-de-aridane-promueve-la-igualdad-entre-el-alumnado-a-traves-de-un-concurso-de-carteles\/#primaryimage"},"thumbnailUrl":"https:\/\/www.aridane.org\/city\/wp-content\/uploads\/2024\/03\/Ganadores-carteles-1.jpeg","datePublished":"2024-03-07T21:13:07+00:00","dateModified":"2024-03-07T21:13:07+00:00","author":{"@id":"https:\/\/www.aridane.org\/city\/#\/schema\/person\/89ebd376b223dc94cc1dbcf200c8e6da"},"breadcrumb":{"@id":"https:\/\/www.aridane.org\/city\/2024\/03\/07\/los-llanos-de-aridane-promueve-la-igualdad-entre-el-alumnado-a-traves-de-un-concurso-de-carteles\/#breadcrumb"},"inLanguage":"es","potentialAction":[{"@type":"ReadAction","target":["https:\/\/www.aridane.org\/city\/2024\/03\/07\/los-llanos-de-aridane-promueve-la-igualdad-entre-el-alumnado-a-traves-de-un-concurso-de-carteles\/"]}]},{"@type":"ImageObject","inLanguage":"es","@id":"https:\/\/www.aridane.org\/city\/2024\/03\/07\/los-llanos-de-aridane-promueve-la-igualdad-entre-el-alumnado-a-traves-de-un-concurso-de-carteles\/#primaryimage","url":"https:\/\/www.aridane.org\/city\/wp-content\/uploads\/2024\/03\/Ganadores-carteles-1.jpeg","contentUrl":"https:\/\/www.aridane.org\/city\/wp-content\/uploads\/2024\/03\/Ganadores-carteles-1.jpeg","width":1467,"height":1051},{"@type":"BreadcrumbList","@id":"https:\/\/www.aridane.org\/city\/2024\/03\/07\/los-llanos-de-aridane-promueve-la-igualdad-entre-el-alumnado-a-traves-de-un-concurso-de-carteles\/#breadcrumb","itemListElement":[{"@type":"ListItem","position":1,"name":"Portada","item":"https:\/\/www.aridane.org\/city\/"},{"@type":"ListItem","position":2,"name":"Los Llanos de Aridane promueve la igualdad entre el alumnado a trav\u00e9s de un concurso de carteles\u00a0"}]},{"@type":"WebSite","@id":"https:\/\/www.aridane.org\/city\/#website","url":"https:\/\/www.aridane.org\/city\/","name":"Ayuntamiento de Los Llanos de Aridane","description":"","potentialAction":[{"@type":"SearchAction","target":{"@type":"EntryPoint","urlTemplate":"https:\/\/www.aridane.org\/city\/?s={search_term_string}"},"query-input":"required name=search_term_string"}],"inLanguage":"es"},{"@type":"Person","@id":"https:\/\/www.aridane.org\/city\/#\/schema\/person\/89ebd376b223dc94cc1dbcf200c8e6da","name":"Corresponsal","image":{"@type":"ImageObject","inLanguage":"es","@id":"https:\/\/www.aridane.org\/city\/#\/schema\/person\/image\/","url":"https:\/\/secure.gravatar.com\/avatar\/1c476992411e4ccf153da63b2b2f5ea0bb4cb1c85f3ceab8512f04325ad5579c?s=96&d=mm&r=g","contentUrl":"https:\/\/secure.gravatar.com\/avatar\/1c476992411e4ccf153da63b2b2f5ea0bb4cb1c85f3ceab8512f04325ad5579c?s=96&d=mm&r=g","caption":"Corresponsal"},"url":"https:\/\/www.aridane.org\/city\/author\/corresponsal\/"}]}},"_links":{"self":[{"href":"https:\/\/www.aridane.org\/city\/wp-json\/wp\/v2\/posts\/3529","targetHints":{"allow":["GET"]}}],"collection":[{"href":"https:\/\/www.aridane.org\/city\/wp-json\/wp\/v2\/posts"}],"about":[{"href":"https:\/\/www.aridane.org\/city\/wp-json\/wp\/v2\/types\/post"}],"author":[{"embeddable":true,"href":"https:\/\/www.aridane.org\/city\/wp-json\/wp\/v2\/users\/4"}],"replies":[{"embeddable":true,"href":"https:\/\/www.aridane.org\/city\/wp-json\/wp\/v2\/comments?post=3529"}],"version-history":[{"count":1,"href":"https:\/\/www.aridane.org\/city\/wp-json\/wp\/v2\/posts\/3529\/revisions"}],"predecessor-version":[{"id":3531,"href":"https:\/\/www.aridane.org\/city\/wp-json\/wp\/v2\/posts\/3529\/revisions\/3531"}],"wp:featuredmedia":[{"embeddable":true,"href":"https:\/\/www.aridane.org\/city\/wp-json\/wp\/v2\/media\/3530"}],"wp:attachment":[{"href":"https:\/\/www.aridane.org\/city\/wp-json\/wp\/v2\/media?parent=3529"}],"wp:term":[{"taxonomy":"category","embeddable":true,"href":"https:\/\/www.aridane.org\/city\/wp-json\/wp\/v2\/categories?post=3529"},{"taxonomy":"post_tag","embeddable":true,"href":"https:\/\/www.aridane.org\/city\/wp-json\/wp\/v2\/tags?post=3529"}],"curies":[{"name":"wp","href":"https:\/\/api.w.org\/{rel}","templated":true}]}}